{"id":3398,"date":"2023-11-06T14:40:45","date_gmt":"2023-11-06T17:40:45","guid":{"rendered":"https:\/\/sulsc.com\/?p=3398"},"modified":"2023-11-06T14:41:35","modified_gmt":"2023-11-06T17:41:35","slug":"homem-sofre-queda-de-cerca-de-60-metros-em-cachoeira-e-e-encaminhado-para-o-hospital-em-tubarao","status":"publish","type":"post","link":"https:\/\/sulsc.com\/index.php\/2023\/11\/06\/homem-sofre-queda-de-cerca-de-60-metros-em-cachoeira-e-e-encaminhado-para-o-hospital-em-tubarao\/","title":{"rendered":"Homem sofre queda de cerca de 60 metros em cachoeira e \u00e9 encaminhado para o hospital, em Tubar\u00e3o"},"content":{"rendered":"<p>O resgate de um homem que sofreu uma queda em uma cachoeira foi realizada neste domingo (5), pelas equipes do Corpo de Bombeiros Militar Santa Catarina (CBMSC) de Tubar\u00e3o, por volta das 17h30. A ocorr\u00eancia foi registrada na localidade Rio Perdon\u00e1, bairro S\u00e3o Gabriel, em Treze de Maio.<\/p>\n<p>A \u00e1rea conhecida como &#8220;Cachoeira da Bunda&#8221;, \u00e9 de dif\u00edcil acesso, sendo poss\u00edvel apenas por meio de trilha \u00edngreme e escorregadia. A informa\u00e7\u00e3o \u00e9 de que o homem teria <span style=\"font-size: 16px;\">se aproximado da beirada da cachoeira e escorregou em uma pedra. Ele sofreu uma queda de aproximadamente 60 metros, em plano inclinado.<\/span><\/p>\n<p>A v\u00edtima estava consciente e apresentava fratura exposta nos membros inferiores, forte hemorragia em membro superior direito e les\u00e3o grave de coluna.\u00a0Ela foi imobilizada e preparada em uma maca e, atrav\u00e9s da utiliza\u00e7\u00e3o de t\u00e9cnicas de salvamento em altura, foi poss\u00edvel i\u00e7ar a v\u00edtima at\u00e9 o primeiro patamar (metade da trilha).<\/p>\n<p>Posteriormente foram utilizados cabos para conduzir a maca manualmente at\u00e9 a parte superior da cachoeira, onde a equipe m\u00e9dica do helic\u00f3ptero Arcanjo do CBMSC estava aguardando para realizar o suporte avan\u00e7ado.\u00a0Ap\u00f3s atendimento, a v\u00edtima foi conduzida pela ambul\u00e2ncia do CBMSC ao Hospital Nossa Senhora da Concei\u00e7\u00e3o (HNSC).<\/p>\n<p>Al\u00e9m das equipes do CBMSC de Tubar\u00e3o, auxiliaram na ocorr\u00eancia a equipe do Arcanjo e Bombeiros Volunt\u00e1rios de Jaguaruna.<\/p>\n<p><img fetchpriority=\"high\" decoding=\"async\" class=\"alignnone size-large wp-image-3399\" src=\"http:\/\/sulsc.com\/wp-content\/uploads\/2023\/11\/Queda-de-cchoeira-2-1024x576.jpeg\" alt=\"\" width=\"1024\" height=\"576\" srcset=\"https:\/\/sulsc.com\/wp-content\/uploads\/2023\/11\/Queda-de-cchoeira-2-1024x576.jpeg 1024w, https:\/\/sulsc.com\/wp-content\/uploads\/2023\/11\/Queda-de-cchoeira-2-300x169.jpeg 300w, https:\/\/sulsc.com\/wp-content\/uploads\/2023\/11\/Queda-de-cchoeira-2-768x432.jpeg 768w, https:\/\/sulsc.com\/wp-content\/uploads\/2023\/11\/Queda-de-cchoeira-2.jpeg 1280w\" sizes=\"(max-width: 1024px) 100vw, 1024px\" \/><\/p>\n","protected":false},"excerpt":{"rendered":"<p>O resgate de um homem que sofreu uma queda em uma cachoeira foi realizada neste domingo (5), pelas equipes do Corpo de Bombeiros Militar Santa Catarina (CBMSC) de Tubar\u00e3o, por volta das 17h30. A ocorr\u00eancia foi registrada na localidade Rio Perdon\u00e1, bairro S\u00e3o Gabriel, em Treze de Maio. A \u00e1rea conhecida como &#8220;Cachoeira da Bunda&#8221;, &hellip;<\/p>\n<p class=\"read-more\"> <a class=\"\" href=\"https:\/\/sulsc.com\/index.php\/2023\/11\/06\/homem-sofre-queda-de-cerca-de-60-metros-em-cachoeira-e-e-encaminhado-para-o-hospital-em-tubarao\/\"> <span class=\"screen-reader-text\">Homem sofre queda de cerca de 60 metros em cachoeira e \u00e9 encaminhado para o hospital, em Tubar\u00e3o<\/span> Read More &raquo;<\/a><\/p>\n","protected":false},"author":3,"featured_media":3400,"comment_status":"open","ping_status":"open","sticky":false,"template":"","format":"standard","meta":{"site-sidebar-layout":"default","site-content-layout":"","ast-site-content-layout":"default","site-content-style":"default","site-sidebar-style":"default","ast-global-header-display":"","ast-banner-title-visibility":"","ast-main-header-display":"","ast-hfb-above-header-display":"","ast-hfb-below-header-display":"","ast-hfb-mobile-header-display":"","site-post-title":"","ast-breadcrumbs-content":"","ast-featured-img":"","footer-sml-layout":"","theme-transparent-header-meta":"default","adv-header-id-meta":"","stick-header-meta":"","header-above-stick-meta":"","header-main-stick-meta":"","header-below-stick-meta":"","astra-migrate-meta-layouts":"set","footnotes":""},"categories":[8],"tags":[],"yoast_head":"<!-- This site is optimized with the Yoast SEO plugin v21.4 - https:\/\/yoast.com\/wordpress\/plugins\/seo\/ -->\n<title>Homem sofre queda de cerca de 60 metros em cachoeira e \u00e9 encaminhado para o hospital, em Tubar\u00e3o -<\/title>\n<meta name=\"robots\" content=\"index, follow, max-snippet:-1, max-image-preview:large, max-video-preview:-1\" \/>\n<link rel=\"canonical\" href=\"https:\/\/sulsc.com\/index.php\/2023\/11\/06\/homem-sofre-queda-de-cerca-de-60-metros-em-cachoeira-e-e-encaminhado-para-o-hospital-em-tubarao\/\" \/>\n<meta property=\"og:locale\" content=\"en_US\" \/>\n<meta property=\"og:type\" content=\"article\" \/>\n<meta property=\"og:title\" content=\"Homem sofre queda de cerca de 60 metros em cachoeira e \u00e9 encaminhado para o hospital, em Tubar\u00e3o -\" \/>\n<meta property=\"og:description\" content=\"O resgate de um homem que sofreu uma queda em uma cachoeira foi realizada neste domingo (5), pelas equipes do Corpo de Bombeiros Militar Santa Catarina (CBMSC) de Tubar\u00e3o, por volta das 17h30. A ocorr\u00eancia foi registrada na localidade Rio Perdon\u00e1, bairro S\u00e3o Gabriel, em Treze de Maio. A \u00e1rea conhecida como &#8220;Cachoeira da Bunda&#8221;, &hellip; Homem sofre queda de cerca de 60 metros em cachoeira e \u00e9 encaminhado para o hospital, em Tubar\u00e3o Read More &raquo;\" \/>\n<meta property=\"og:url\" content=\"https:\/\/sulsc.com\/index.php\/2023\/11\/06\/homem-sofre-queda-de-cerca-de-60-metros-em-cachoeira-e-e-encaminhado-para-o-hospital-em-tubarao\/\" \/>\n<meta property=\"article:author\" content=\"https:\/\/www.facebook.com\/profile.php?id=61559278119680\" \/>\n<meta property=\"article:published_time\" content=\"2023-11-06T17:40:45+00:00\" \/>\n<meta property=\"article:modified_time\" content=\"2023-11-06T17:41:35+00:00\" \/>\n<meta property=\"og:image\" content=\"http:\/\/sulsc.com\/wp-content\/uploads\/2023\/11\/Queda-de-cchoeira-1-e1699292440194.jpeg\" \/>\n\t<meta property=\"og:image:width\" content=\"900\" \/>\n\t<meta property=\"og:image:height\" content=\"1232\" \/>\n\t<meta property=\"og:image:type\" content=\"image\/jpeg\" \/>\n<meta name=\"author\" content=\"Reda\u00e7\u00e3o Sul SC\" \/>\n<meta name=\"twitter:card\" content=\"summary_large_image\" \/>\n<meta name=\"twitter:creator\" content=\"@https:\/\/twitter.com\/PortalSulSC\" \/>\n<meta name=\"twitter:label1\" content=\"Written by\" \/>\n\t<meta name=\"twitter:data1\" content=\"Reda\u00e7\u00e3o Sul SC\" \/>\n\t<meta name=\"twitter:label2\" content=\"Est. reading time\" \/>\n\t<meta name=\"twitter:data2\" content=\"2 minutes\" \/>\n<script type=\"application\/ld+json\" class=\"yoast-schema-graph\">{\"@context\":\"https:\/\/schema.org\",\"@graph\":[{\"@type\":\"WebPage\",\"@id\":\"https:\/\/sulsc.com\/index.php\/2023\/11\/06\/homem-sofre-queda-de-cerca-de-60-metros-em-cachoeira-e-e-encaminhado-para-o-hospital-em-tubarao\/\",\"url\":\"https:\/\/sulsc.com\/index.php\/2023\/11\/06\/homem-sofre-queda-de-cerca-de-60-metros-em-cachoeira-e-e-encaminhado-para-o-hospital-em-tubarao\/\",\"name\":\"Homem sofre queda de cerca de 60 metros em cachoeira e \u00e9 encaminhado para o hospital, em Tubar\u00e3o -\",\"isPartOf\":{\"@id\":\"https:\/\/sulsc.com\/#website\"},\"datePublished\":\"2023-11-06T17:40:45+00:00\",\"dateModified\":\"2023-11-06T17:41:35+00:00\",\"author\":{\"@id\":\"https:\/\/sulsc.com\/#\/schema\/person\/84d2fc571684f6248ba83092f07750a3\"},\"breadcrumb\":{\"@id\":\"https:\/\/sulsc.com\/index.php\/2023\/11\/06\/homem-sofre-queda-de-cerca-de-60-metros-em-cachoeira-e-e-encaminhado-para-o-hospital-em-tubarao\/#breadcrumb\"},\"inLanguage\":\"en-US\",\"potentialAction\":[{\"@type\":\"ReadAction\",\"target\":[\"https:\/\/sulsc.com\/index.php\/2023\/11\/06\/homem-sofre-queda-de-cerca-de-60-metros-em-cachoeira-e-e-encaminhado-para-o-hospital-em-tubarao\/\"]}]},{\"@type\":\"BreadcrumbList\",\"@id\":\"https:\/\/sulsc.com\/index.php\/2023\/11\/06\/homem-sofre-queda-de-cerca-de-60-metros-em-cachoeira-e-e-encaminhado-para-o-hospital-em-tubarao\/#breadcrumb\",\"itemListElement\":[{\"@type\":\"ListItem\",\"position\":1,\"name\":\"In\u00edcio\",\"item\":\"https:\/\/sulsc.com\/\"},{\"@type\":\"ListItem\",\"position\":2,\"name\":\"Homem sofre queda de cerca de 60 metros em cachoeira e \u00e9 encaminhado para o hospital, em Tubar\u00e3o\"}]},{\"@type\":\"WebSite\",\"@id\":\"https:\/\/sulsc.com\/#website\",\"url\":\"https:\/\/sulsc.com\/\",\"name\":\"\",\"description\":\"\",\"potentialAction\":[{\"@type\":\"SearchAction\",\"target\":{\"@type\":\"EntryPoint\",\"urlTemplate\":\"https:\/\/sulsc.com\/?s={search_term_string}\"},\"query-input\":\"required name=search_term_string\"}],\"inLanguage\":\"en-US\"},{\"@type\":\"Person\",\"@id\":\"https:\/\/sulsc.com\/#\/schema\/person\/84d2fc571684f6248ba83092f07750a3\",\"name\":\"Reda\u00e7\u00e3o Sul SC\",\"image\":{\"@type\":\"ImageObject\",\"inLanguage\":\"en-US\",\"@id\":\"https:\/\/sulsc.com\/#\/schema\/person\/image\/e08d7fe2cc4ed596372063bbe852b8d0\",\"url\":\"https:\/\/sulsc.com\/wp-content\/uploads\/2023\/09\/redacao.png\",\"contentUrl\":\"https:\/\/sulsc.com\/wp-content\/uploads\/2023\/09\/redacao.png\",\"caption\":\"Reda\u00e7\u00e3o Sul SC\"},\"description\":\"Foco em um jornalismo imparcial, voltado \u00e0 qualidade dos seus conte\u00fados e, assim, levar informa\u00e7\u00e3o de valor que agregue \u00e0 vida dos leitores. Esta \u00e9 grande miss\u00e3o do Portal de Not\u00edcias Sul SC. N\u00e3o \u00e9 quantidade que muda o mundo, sempre foi e seguir\u00e1 sendo qualidade!\",\"sameAs\":[\"https:\/\/sulsc.com\/\",\"https:\/\/www.facebook.com\/profile.php?id=61559278119680\",\"https:\/\/www.instagram.com\/sulscportal\/?hl=pt-br\",\"https:\/\/twitter.com\/https:\/\/twitter.com\/PortalSulSC\",\"https:\/\/www.youtube.com\/channel\/UCv_BE8GeySluDov2n8qhVmw\"],\"url\":\"https:\/\/sulsc.com\/index.php\/author\/redacao\/\"}]}<\/script>\n<!-- \/ Yoast SEO plugin. -->","yoast_head_json":{"title":"Homem sofre queda de cerca de 60 metros em cachoeira e \u00e9 encaminhado para o hospital, em Tubar\u00e3o -","robots":{"index":"index","follow":"follow","max-snippet":"max-snippet:-1","max-image-preview":"max-image-preview:large","max-video-preview":"max-video-preview:-1"},"canonical":"https:\/\/sulsc.com\/index.php\/2023\/11\/06\/homem-sofre-queda-de-cerca-de-60-metros-em-cachoeira-e-e-encaminhado-para-o-hospital-em-tubarao\/","og_locale":"en_US","og_type":"article","og_title":"Homem sofre queda de cerca de 60 metros em cachoeira e \u00e9 encaminhado para o hospital, em Tubar\u00e3o -","og_description":"O resgate de um homem que sofreu uma queda em uma cachoeira foi realizada neste domingo (5), pelas equipes do Corpo de Bombeiros Militar Santa Catarina (CBMSC) de Tubar\u00e3o, por volta das 17h30. A ocorr\u00eancia foi registrada na localidade Rio Perdon\u00e1, bairro S\u00e3o Gabriel, em Treze de Maio. A \u00e1rea conhecida como &#8220;Cachoeira da Bunda&#8221;, &hellip; Homem sofre queda de cerca de 60 metros em cachoeira e \u00e9 encaminhado para o hospital, em Tubar\u00e3o Read More &raquo;","og_url":"https:\/\/sulsc.com\/index.php\/2023\/11\/06\/homem-sofre-queda-de-cerca-de-60-metros-em-cachoeira-e-e-encaminhado-para-o-hospital-em-tubarao\/","article_author":"https:\/\/www.facebook.com\/profile.php?id=61559278119680","article_published_time":"2023-11-06T17:40:45+00:00","article_modified_time":"2023-11-06T17:41:35+00:00","og_image":[{"width":900,"height":1232,"url":"http:\/\/sulsc.com\/wp-content\/uploads\/2023\/11\/Queda-de-cchoeira-1-e1699292440194.jpeg","type":"image\/jpeg"}],"author":"Reda\u00e7\u00e3o Sul SC","twitter_card":"summary_large_image","twitter_creator":"@https:\/\/twitter.com\/PortalSulSC","twitter_misc":{"Written by":"Reda\u00e7\u00e3o Sul SC","Est. reading time":"2 minutes"},"schema":{"@context":"https:\/\/schema.org","@graph":[{"@type":"WebPage","@id":"https:\/\/sulsc.com\/index.php\/2023\/11\/06\/homem-sofre-queda-de-cerca-de-60-metros-em-cachoeira-e-e-encaminhado-para-o-hospital-em-tubarao\/","url":"https:\/\/sulsc.com\/index.php\/2023\/11\/06\/homem-sofre-queda-de-cerca-de-60-metros-em-cachoeira-e-e-encaminhado-para-o-hospital-em-tubarao\/","name":"Homem sofre queda de cerca de 60 metros em cachoeira e \u00e9 encaminhado para o hospital, em Tubar\u00e3o -","isPartOf":{"@id":"https:\/\/sulsc.com\/#website"},"datePublished":"2023-11-06T17:40:45+00:00","dateModified":"2023-11-06T17:41:35+00:00","author":{"@id":"https:\/\/sulsc.com\/#\/schema\/person\/84d2fc571684f6248ba83092f07750a3"},"breadcrumb":{"@id":"https:\/\/sulsc.com\/index.php\/2023\/11\/06\/homem-sofre-queda-de-cerca-de-60-metros-em-cachoeira-e-e-encaminhado-para-o-hospital-em-tubarao\/#breadcrumb"},"inLanguage":"en-US","potentialAction":[{"@type":"ReadAction","target":["https:\/\/sulsc.com\/index.php\/2023\/11\/06\/homem-sofre-queda-de-cerca-de-60-metros-em-cachoeira-e-e-encaminhado-para-o-hospital-em-tubarao\/"]}]},{"@type":"BreadcrumbList","@id":"https:\/\/sulsc.com\/index.php\/2023\/11\/06\/homem-sofre-queda-de-cerca-de-60-metros-em-cachoeira-e-e-encaminhado-para-o-hospital-em-tubarao\/#breadcrumb","itemListElement":[{"@type":"ListItem","position":1,"name":"In\u00edcio","item":"https:\/\/sulsc.com\/"},{"@type":"ListItem","position":2,"name":"Homem sofre queda de cerca de 60 metros em cachoeira e \u00e9 encaminhado para o hospital, em Tubar\u00e3o"}]},{"@type":"WebSite","@id":"https:\/\/sulsc.com\/#website","url":"https:\/\/sulsc.com\/","name":"","description":"","potentialAction":[{"@type":"SearchAction","target":{"@type":"EntryPoint","urlTemplate":"https:\/\/sulsc.com\/?s={search_term_string}"},"query-input":"required name=search_term_string"}],"inLanguage":"en-US"},{"@type":"Person","@id":"https:\/\/sulsc.com\/#\/schema\/person\/84d2fc571684f6248ba83092f07750a3","name":"Reda\u00e7\u00e3o Sul SC","image":{"@type":"ImageObject","inLanguage":"en-US","@id":"https:\/\/sulsc.com\/#\/schema\/person\/image\/e08d7fe2cc4ed596372063bbe852b8d0","url":"https:\/\/sulsc.com\/wp-content\/uploads\/2023\/09\/redacao.png","contentUrl":"https:\/\/sulsc.com\/wp-content\/uploads\/2023\/09\/redacao.png","caption":"Reda\u00e7\u00e3o Sul SC"},"description":"Foco em um jornalismo imparcial, voltado \u00e0 qualidade dos seus conte\u00fados e, assim, levar informa\u00e7\u00e3o de valor que agregue \u00e0 vida dos leitores. Esta \u00e9 grande miss\u00e3o do Portal de Not\u00edcias Sul SC. N\u00e3o \u00e9 quantidade que muda o mundo, sempre foi e seguir\u00e1 sendo qualidade!","sameAs":["https:\/\/sulsc.com\/","https:\/\/www.facebook.com\/profile.php?id=61559278119680","https:\/\/www.instagram.com\/sulscportal\/?hl=pt-br","https:\/\/twitter.com\/https:\/\/twitter.com\/PortalSulSC","https:\/\/www.youtube.com\/channel\/UCv_BE8GeySluDov2n8qhVmw"],"url":"https:\/\/sulsc.com\/index.php\/author\/redacao\/"}]}},"authors":[],"_links":{"self":[{"href":"https:\/\/sulsc.com\/index.php\/wp-json\/wp\/v2\/posts\/3398"}],"collection":[{"href":"https:\/\/sulsc.com\/index.php\/wp-json\/wp\/v2\/posts"}],"about":[{"href":"https:\/\/sulsc.com\/index.php\/wp-json\/wp\/v2\/types\/post"}],"author":[{"embeddable":true,"href":"https:\/\/sulsc.com\/index.php\/wp-json\/wp\/v2\/users\/3"}],"replies":[{"embeddable":true,"href":"https:\/\/sulsc.com\/index.php\/wp-json\/wp\/v2\/comments?post=3398"}],"version-history":[{"count":1,"href":"https:\/\/sulsc.com\/index.php\/wp-json\/wp\/v2\/posts\/3398\/revisions"}],"predecessor-version":[{"id":3401,"href":"https:\/\/sulsc.com\/index.php\/wp-json\/wp\/v2\/posts\/3398\/revisions\/3401"}],"wp:featuredmedia":[{"embeddable":true,"href":"https:\/\/sulsc.com\/index.php\/wp-json\/wp\/v2\/media\/3400"}],"wp:attachment":[{"href":"https:\/\/sulsc.com\/index.php\/wp-json\/wp\/v2\/media?parent=3398"}],"wp:term":[{"taxonomy":"category","embeddable":true,"href":"https:\/\/sulsc.com\/index.php\/wp-json\/wp\/v2\/categories?post=3398"},{"taxonomy":"post_tag","embeddable":true,"href":"https:\/\/sulsc.com\/index.php\/wp-json\/wp\/v2\/tags?post=3398"}],"curies":[{"name":"wp","href":"https:\/\/api.w.org\/{rel}","templated":true}]}}