{"id":3409,"date":"2023-11-06T16:40:30","date_gmt":"2023-11-06T19:40:30","guid":{"rendered":"https:\/\/sulsc.com\/?p=3409"},"modified":"2023-11-06T16:12:04","modified_gmt":"2023-11-06T19:12:04","slug":"defesa-civil-de-santa-catarina-confirma-tornado-em-cunha-pora","status":"publish","type":"post","link":"https:\/\/sulsc.com\/index.php\/2023\/11\/06\/defesa-civil-de-santa-catarina-confirma-tornado-em-cunha-pora\/","title":{"rendered":"Defesa Civil de Santa Catarina confirma tornado em Cunha Por\u00e3"},"content":{"rendered":"<p>A Defesa Civil de Santa Catarina confirmou a forma\u00e7\u00e3o de um tornado no munic\u00edpio de Cunha Por\u00e3, Oeste do estado. A regi\u00e3o foi atingida entre a noite de quinta-feira (2), e na madrugada de sexta-feira (3), o que ocasionou temporais, rajadas de vento e granizo no Oeste e Extremo Oeste catarinense.<\/p>\n<p>Houve ocorr\u00eancias de \u00e1rvores ca\u00eddas e danos a planta\u00e7\u00e3o local. Com os registros dos danos enviados para a Defesa Civil, foi poss\u00edvel confirmar a ocorr\u00eancia de tempestades severas no Oeste do estado e a ocorr\u00eancia do tornado no munic\u00edpio. As imagens demonstram os danos no interior de Cunha Por\u00e3.<\/p>\n<figure class=\"wp-block-image size-full\"><img fetchpriority=\"high\" decoding=\"async\" class=\"wp-image-266783\" src=\"https:\/\/estado.sc.gov.br\/noticias\/wp-content\/uploads\/sites\/3\/2023\/11\/c358e3a8-93ec-413b-99de-d7bc14cbdf33.png\" alt=\"\" width=\"830\" height=\"718\" \/><\/figure>\n<p>&nbsp;<\/p>\n<p>A Defesa Civil de Santa Catarina tamb\u00e9m emite cautelas e avisos para as situa\u00e7\u00f5es de tornados e chuvas intensas, onde podem haver riscos de deslizamentos.\u00a0A lista de sinais de deslizamentos divulgada pela defesa civil inclui os seguintes fatores:<\/p>\n<ul>\n<li>Se h\u00e1 inclina\u00e7\u00e3o de cercas, muros, postes e \u00e1rvores;<\/li>\n<li>Aparecimento de \u00e1gua e protuber\u00e2ncias na base da encosta;<\/li>\n<li>Sons incomuns, como \u00e1rvores quebrando e estalos na encosta<\/li>\n<li>Rachaduras ou fendas em encostas;<\/li>\n<li>Rachaduras novas nas paredes;<\/li>\n<li>Portas ou janelas empenarem ou emperrarem de repente;<\/li>\n<li>Muros e paredes estufadas;<\/li>\n<li>Estalos;<\/li>\n<li>\u00c1guas mais barrentas que o normal.<\/li>\n<\/ul>\n<p>&nbsp;<\/p>\n<p>Fonte: Gov. SC<\/p>\n","protected":false},"excerpt":{"rendered":"<p>A Defesa Civil de Santa Catarina confirmou a forma\u00e7\u00e3o de um tornado no munic\u00edpio de Cunha Por\u00e3, Oeste do estado. A regi\u00e3o foi atingida entre a noite de quinta-feira (2), e na madrugada de sexta-feira (3), o que ocasionou temporais, rajadas de vento e granizo no Oeste e Extremo Oeste catarinense. Houve ocorr\u00eancias de \u00e1rvores &hellip;<\/p>\n<p class=\"read-more\"> <a class=\"\" href=\"https:\/\/sulsc.com\/index.php\/2023\/11\/06\/defesa-civil-de-santa-catarina-confirma-tornado-em-cunha-pora\/\"> <span class=\"screen-reader-text\">Defesa Civil de Santa Catarina confirma tornado em Cunha Por\u00e3<\/span> Read More &raquo;<\/a><\/p>\n","protected":false},"author":3,"featured_media":3410,"comment_status":"open","ping_status":"open","sticky":false,"template":"","format":"standard","meta":{"site-sidebar-layout":"default","site-content-layout":"","ast-site-content-layout":"default","site-content-style":"default","site-sidebar-style":"default","ast-global-header-display":"","ast-banner-title-visibility":"","ast-main-header-display":"","ast-hfb-above-header-display":"","ast-hfb-below-header-display":"","ast-hfb-mobile-header-display":"","site-post-title":"","ast-breadcrumbs-content":"","ast-featured-img":"","footer-sml-layout":"","theme-transparent-header-meta":"default","adv-header-id-meta":"","stick-header-meta":"","header-above-stick-meta":"","header-main-stick-meta":"","header-below-stick-meta":"","astra-migrate-meta-layouts":"set","footnotes":""},"categories":[1,8,38],"tags":[],"yoast_head":"<!-- This site is optimized with the Yoast SEO plugin v21.4 - https:\/\/yoast.com\/wordpress\/plugins\/seo\/ -->\n<title>Defesa Civil de Santa Catarina confirma tornado em Cunha Por\u00e3 -<\/title>\n<meta name=\"robots\" content=\"index, follow, max-snippet:-1, max-image-preview:large, max-video-preview:-1\" \/>\n<link rel=\"canonical\" href=\"https:\/\/sulsc.com\/index.php\/2023\/11\/06\/defesa-civil-de-santa-catarina-confirma-tornado-em-cunha-pora\/\" \/>\n<meta property=\"og:locale\" content=\"en_US\" \/>\n<meta property=\"og:type\" content=\"article\" \/>\n<meta property=\"og:title\" content=\"Defesa Civil de Santa Catarina confirma tornado em Cunha Por\u00e3 -\" \/>\n<meta property=\"og:description\" content=\"A Defesa Civil de Santa Catarina confirmou a forma\u00e7\u00e3o de um tornado no munic\u00edpio de Cunha Por\u00e3, Oeste do estado. A regi\u00e3o foi atingida entre a noite de quinta-feira (2), e na madrugada de sexta-feira (3), o que ocasionou temporais, rajadas de vento e granizo no Oeste e Extremo Oeste catarinense. Houve ocorr\u00eancias de \u00e1rvores &hellip; Defesa Civil de Santa Catarina confirma tornado em Cunha Por\u00e3 Read More &raquo;\" \/>\n<meta property=\"og:url\" content=\"https:\/\/sulsc.com\/index.php\/2023\/11\/06\/defesa-civil-de-santa-catarina-confirma-tornado-em-cunha-pora\/\" \/>\n<meta property=\"article:author\" content=\"https:\/\/www.facebook.com\/profile.php?id=61559278119680\" \/>\n<meta property=\"article:published_time\" content=\"2023-11-06T19:40:30+00:00\" \/>\n<meta property=\"article:modified_time\" content=\"2023-11-06T19:12:04+00:00\" \/>\n<meta property=\"og:image\" content=\"https:\/\/sulsc.com\/wp-content\/uploads\/2023\/11\/Defesa-Civil-de-Santa-Catarina-confirma-tornado-em-Cunha-Pora.png\" \/>\n\t<meta property=\"og:image:width\" content=\"820\" \/>\n\t<meta property=\"og:image:height\" content=\"301\" \/>\n\t<meta property=\"og:image:type\" content=\"image\/png\" \/>\n<meta name=\"author\" content=\"Reda\u00e7\u00e3o Sul SC\" \/>\n<meta name=\"twitter:card\" content=\"summary_large_image\" \/>\n<meta name=\"twitter:creator\" content=\"@https:\/\/twitter.com\/PortalSulSC\" \/>\n<meta name=\"twitter:label1\" content=\"Written by\" \/>\n\t<meta name=\"twitter:data1\" content=\"Reda\u00e7\u00e3o Sul SC\" \/>\n\t<meta name=\"twitter:label2\" content=\"Est. reading time\" \/>\n\t<meta name=\"twitter:data2\" content=\"2 minutes\" \/>\n<script type=\"application\/ld+json\" class=\"yoast-schema-graph\">{\"@context\":\"https:\/\/schema.org\",\"@graph\":[{\"@type\":\"WebPage\",\"@id\":\"https:\/\/sulsc.com\/index.php\/2023\/11\/06\/defesa-civil-de-santa-catarina-confirma-tornado-em-cunha-pora\/\",\"url\":\"https:\/\/sulsc.com\/index.php\/2023\/11\/06\/defesa-civil-de-santa-catarina-confirma-tornado-em-cunha-pora\/\",\"name\":\"Defesa Civil de Santa Catarina confirma tornado em Cunha Por\u00e3 -\",\"isPartOf\":{\"@id\":\"https:\/\/sulsc.com\/#website\"},\"datePublished\":\"2023-11-06T19:40:30+00:00\",\"dateModified\":\"2023-11-06T19:12:04+00:00\",\"author\":{\"@id\":\"https:\/\/sulsc.com\/#\/schema\/person\/84d2fc571684f6248ba83092f07750a3\"},\"breadcrumb\":{\"@id\":\"https:\/\/sulsc.com\/index.php\/2023\/11\/06\/defesa-civil-de-santa-catarina-confirma-tornado-em-cunha-pora\/#breadcrumb\"},\"inLanguage\":\"en-US\",\"potentialAction\":[{\"@type\":\"ReadAction\",\"target\":[\"https:\/\/sulsc.com\/index.php\/2023\/11\/06\/defesa-civil-de-santa-catarina-confirma-tornado-em-cunha-pora\/\"]}]},{\"@type\":\"BreadcrumbList\",\"@id\":\"https:\/\/sulsc.com\/index.php\/2023\/11\/06\/defesa-civil-de-santa-catarina-confirma-tornado-em-cunha-pora\/#breadcrumb\",\"itemListElement\":[{\"@type\":\"ListItem\",\"position\":1,\"name\":\"In\u00edcio\",\"item\":\"https:\/\/sulsc.com\/\"},{\"@type\":\"ListItem\",\"position\":2,\"name\":\"Defesa Civil de Santa Catarina confirma tornado em Cunha Por\u00e3\"}]},{\"@type\":\"WebSite\",\"@id\":\"https:\/\/sulsc.com\/#website\",\"url\":\"https:\/\/sulsc.com\/\",\"name\":\"\",\"description\":\"\",\"potentialAction\":[{\"@type\":\"SearchAction\",\"target\":{\"@type\":\"EntryPoint\",\"urlTemplate\":\"https:\/\/sulsc.com\/?s={search_term_string}\"},\"query-input\":\"required name=search_term_string\"}],\"inLanguage\":\"en-US\"},{\"@type\":\"Person\",\"@id\":\"https:\/\/sulsc.com\/#\/schema\/person\/84d2fc571684f6248ba83092f07750a3\",\"name\":\"Reda\u00e7\u00e3o Sul SC\",\"image\":{\"@type\":\"ImageObject\",\"inLanguage\":\"en-US\",\"@id\":\"https:\/\/sulsc.com\/#\/schema\/person\/image\/e08d7fe2cc4ed596372063bbe852b8d0\",\"url\":\"https:\/\/sulsc.com\/wp-content\/uploads\/2023\/09\/redacao.png\",\"contentUrl\":\"https:\/\/sulsc.com\/wp-content\/uploads\/2023\/09\/redacao.png\",\"caption\":\"Reda\u00e7\u00e3o Sul SC\"},\"description\":\"Foco em um jornalismo imparcial, voltado \u00e0 qualidade dos seus conte\u00fados e, assim, levar informa\u00e7\u00e3o de valor que agregue \u00e0 vida dos leitores. Esta \u00e9 grande miss\u00e3o do Portal de Not\u00edcias Sul SC. N\u00e3o \u00e9 quantidade que muda o mundo, sempre foi e seguir\u00e1 sendo qualidade!\",\"sameAs\":[\"https:\/\/sulsc.com\/\",\"https:\/\/www.facebook.com\/profile.php?id=61559278119680\",\"https:\/\/www.instagram.com\/sulscportal\/?hl=pt-br\",\"https:\/\/twitter.com\/https:\/\/twitter.com\/PortalSulSC\",\"https:\/\/www.youtube.com\/channel\/UCv_BE8GeySluDov2n8qhVmw\"],\"url\":\"https:\/\/sulsc.com\/index.php\/author\/redacao\/\"}]}<\/script>\n<!-- \/ Yoast SEO plugin. -->","yoast_head_json":{"title":"Defesa Civil de Santa Catarina confirma tornado em Cunha Por\u00e3 -","robots":{"index":"index","follow":"follow","max-snippet":"max-snippet:-1","max-image-preview":"max-image-preview:large","max-video-preview":"max-video-preview:-1"},"canonical":"https:\/\/sulsc.com\/index.php\/2023\/11\/06\/defesa-civil-de-santa-catarina-confirma-tornado-em-cunha-pora\/","og_locale":"en_US","og_type":"article","og_title":"Defesa Civil de Santa Catarina confirma tornado em Cunha Por\u00e3 -","og_description":"A Defesa Civil de Santa Catarina confirmou a forma\u00e7\u00e3o de um tornado no munic\u00edpio de Cunha Por\u00e3, Oeste do estado. A regi\u00e3o foi atingida entre a noite de quinta-feira (2), e na madrugada de sexta-feira (3), o que ocasionou temporais, rajadas de vento e granizo no Oeste e Extremo Oeste catarinense. Houve ocorr\u00eancias de \u00e1rvores &hellip; Defesa Civil de Santa Catarina confirma tornado em Cunha Por\u00e3 Read More &raquo;","og_url":"https:\/\/sulsc.com\/index.php\/2023\/11\/06\/defesa-civil-de-santa-catarina-confirma-tornado-em-cunha-pora\/","article_author":"https:\/\/www.facebook.com\/profile.php?id=61559278119680","article_published_time":"2023-11-06T19:40:30+00:00","article_modified_time":"2023-11-06T19:12:04+00:00","og_image":[{"width":820,"height":301,"url":"https:\/\/sulsc.com\/wp-content\/uploads\/2023\/11\/Defesa-Civil-de-Santa-Catarina-confirma-tornado-em-Cunha-Pora.png","type":"image\/png"}],"author":"Reda\u00e7\u00e3o Sul SC","twitter_card":"summary_large_image","twitter_creator":"@https:\/\/twitter.com\/PortalSulSC","twitter_misc":{"Written by":"Reda\u00e7\u00e3o Sul SC","Est. reading time":"2 minutes"},"schema":{"@context":"https:\/\/schema.org","@graph":[{"@type":"WebPage","@id":"https:\/\/sulsc.com\/index.php\/2023\/11\/06\/defesa-civil-de-santa-catarina-confirma-tornado-em-cunha-pora\/","url":"https:\/\/sulsc.com\/index.php\/2023\/11\/06\/defesa-civil-de-santa-catarina-confirma-tornado-em-cunha-pora\/","name":"Defesa Civil de Santa Catarina confirma tornado em Cunha Por\u00e3 -","isPartOf":{"@id":"https:\/\/sulsc.com\/#website"},"datePublished":"2023-11-06T19:40:30+00:00","dateModified":"2023-11-06T19:12:04+00:00","author":{"@id":"https:\/\/sulsc.com\/#\/schema\/person\/84d2fc571684f6248ba83092f07750a3"},"breadcrumb":{"@id":"https:\/\/sulsc.com\/index.php\/2023\/11\/06\/defesa-civil-de-santa-catarina-confirma-tornado-em-cunha-pora\/#breadcrumb"},"inLanguage":"en-US","potentialAction":[{"@type":"ReadAction","target":["https:\/\/sulsc.com\/index.php\/2023\/11\/06\/defesa-civil-de-santa-catarina-confirma-tornado-em-cunha-pora\/"]}]},{"@type":"BreadcrumbList","@id":"https:\/\/sulsc.com\/index.php\/2023\/11\/06\/defesa-civil-de-santa-catarina-confirma-tornado-em-cunha-pora\/#breadcrumb","itemListElement":[{"@type":"ListItem","position":1,"name":"In\u00edcio","item":"https:\/\/sulsc.com\/"},{"@type":"ListItem","position":2,"name":"Defesa Civil de Santa Catarina confirma tornado em Cunha Por\u00e3"}]},{"@type":"WebSite","@id":"https:\/\/sulsc.com\/#website","url":"https:\/\/sulsc.com\/","name":"","description":"","potentialAction":[{"@type":"SearchAction","target":{"@type":"EntryPoint","urlTemplate":"https:\/\/sulsc.com\/?s={search_term_string}"},"query-input":"required name=search_term_string"}],"inLanguage":"en-US"},{"@type":"Person","@id":"https:\/\/sulsc.com\/#\/schema\/person\/84d2fc571684f6248ba83092f07750a3","name":"Reda\u00e7\u00e3o Sul SC","image":{"@type":"ImageObject","inLanguage":"en-US","@id":"https:\/\/sulsc.com\/#\/schema\/person\/image\/e08d7fe2cc4ed596372063bbe852b8d0","url":"https:\/\/sulsc.com\/wp-content\/uploads\/2023\/09\/redacao.png","contentUrl":"https:\/\/sulsc.com\/wp-content\/uploads\/2023\/09\/redacao.png","caption":"Reda\u00e7\u00e3o Sul SC"},"description":"Foco em um jornalismo imparcial, voltado \u00e0 qualidade dos seus conte\u00fados e, assim, levar informa\u00e7\u00e3o de valor que agregue \u00e0 vida dos leitores. Esta \u00e9 grande miss\u00e3o do Portal de Not\u00edcias Sul SC. N\u00e3o \u00e9 quantidade que muda o mundo, sempre foi e seguir\u00e1 sendo qualidade!","sameAs":["https:\/\/sulsc.com\/","https:\/\/www.facebook.com\/profile.php?id=61559278119680","https:\/\/www.instagram.com\/sulscportal\/?hl=pt-br","https:\/\/twitter.com\/https:\/\/twitter.com\/PortalSulSC","https:\/\/www.youtube.com\/channel\/UCv_BE8GeySluDov2n8qhVmw"],"url":"https:\/\/sulsc.com\/index.php\/author\/redacao\/"}]}},"authors":[],"_links":{"self":[{"href":"https:\/\/sulsc.com\/index.php\/wp-json\/wp\/v2\/posts\/3409"}],"collection":[{"href":"https:\/\/sulsc.com\/index.php\/wp-json\/wp\/v2\/posts"}],"about":[{"href":"https:\/\/sulsc.com\/index.php\/wp-json\/wp\/v2\/types\/post"}],"author":[{"embeddable":true,"href":"https:\/\/sulsc.com\/index.php\/wp-json\/wp\/v2\/users\/3"}],"replies":[{"embeddable":true,"href":"https:\/\/sulsc.com\/index.php\/wp-json\/wp\/v2\/comments?post=3409"}],"version-history":[{"count":1,"href":"https:\/\/sulsc.com\/index.php\/wp-json\/wp\/v2\/posts\/3409\/revisions"}],"predecessor-version":[{"id":3411,"href":"https:\/\/sulsc.com\/index.php\/wp-json\/wp\/v2\/posts\/3409\/revisions\/3411"}],"wp:featuredmedia":[{"embeddable":true,"href":"https:\/\/sulsc.com\/index.php\/wp-json\/wp\/v2\/media\/3410"}],"wp:attachment":[{"href":"https:\/\/sulsc.com\/index.php\/wp-json\/wp\/v2\/media?parent=3409"}],"wp:term":[{"taxonomy":"category","embeddable":true,"href":"https:\/\/sulsc.com\/index.php\/wp-json\/wp\/v2\/categories?post=3409"},{"taxonomy":"post_tag","embeddable":true,"href":"https:\/\/sulsc.com\/index.php\/wp-json\/wp\/v2\/tags?post=3409"}],"curies":[{"name":"wp","href":"https:\/\/api.w.org\/{rel}","templated":true}]}}