{"id":3430,"date":"2023-11-07T07:30:12","date_gmt":"2023-11-07T10:30:12","guid":{"rendered":"https:\/\/sulsc.com\/?p=3430"},"modified":"2023-11-07T08:08:28","modified_gmt":"2023-11-07T11:08:28","slug":"terca-feira-7-inicia-com-pequena-chance-de-geada-na-serra-catarinense","status":"publish","type":"post","link":"https:\/\/sulsc.com\/index.php\/2023\/11\/07\/terca-feira-7-inicia-com-pequena-chance-de-geada-na-serra-catarinense\/","title":{"rendered":"Ter\u00e7a-feira (7), inicia com pequena chance de geada na Serra catarinense"},"content":{"rendered":"<p>Na ter\u00e7a-feira (7), h\u00e1 uma pequena chance de ocorr\u00eancia de geada ao amanhecer nos pontos mais altos da serra e tamb\u00e9m espera-se a forma\u00e7\u00e3o de nevoeiros do Meio-Oeste ao litoral. O sol predomina desde o in\u00edcio do dia no Grande Oeste, nas outras regi\u00f5es o dia ser\u00e1 com sol e varia\u00e7\u00e3o de nuvens.<\/p>\n<p>N\u00e3o h\u00e1 riscos para ocorr\u00eancias meteorol\u00f3gicas. O vento sopra com intensidade fraca de dire\u00e7\u00e3o norte\/nordeste, com rajadas moderadas (entre 45 e 60 km\/h) na costa entre o Litoral Sul e a Grande Florian\u00f3polis a partir da tarde. No amanhecer, as m\u00ednimas oscilam entre 5 e 13\u00b0C nos planaltos e no Meio-Oeste e variam entre 12 e 20\u00b0C nas outras \u00e1reas.<\/p>\n<p>As temperaturas m\u00e1ximas marcam entre 23 e 35\u00b0C no Grande Oeste e no Litoral Sul e variam entre 19 e 26\u00b0C no restante do estado. Mar pouco agitado do Litoral Sul \u00e0 Grande Florian\u00f3polis, com ondas de dire\u00e7\u00e3o sudeste e alturas entre 1,0 e 1,5m e picos de at\u00e9 2,0m e calmo no Litoral Norte, com ondas entre 0,5 e 1,0m e picos de at\u00e9 1,5m.<\/p>\n<p><img fetchpriority=\"high\" decoding=\"async\" class=\"alignnone size-large wp-image-3451\" src=\"http:\/\/sulsc.com\/wp-content\/uploads\/2023\/11\/mapa-tempo-1-1024x695.png\" alt=\"\" width=\"1024\" height=\"695\" srcset=\"https:\/\/sulsc.com\/wp-content\/uploads\/2023\/11\/mapa-tempo-1-1024x695.png 1024w, https:\/\/sulsc.com\/wp-content\/uploads\/2023\/11\/mapa-tempo-1-300x204.png 300w, https:\/\/sulsc.com\/wp-content\/uploads\/2023\/11\/mapa-tempo-1-768x522.png 768w, https:\/\/sulsc.com\/wp-content\/uploads\/2023\/11\/mapa-tempo-1.png 1094w\" sizes=\"(max-width: 1024px) 100vw, 1024px\" \/><\/p>\n<p>Fonte: Defesa Civil<\/p>\n","protected":false},"excerpt":{"rendered":"<p>Na ter\u00e7a-feira (7), h\u00e1 uma pequena chance de ocorr\u00eancia de geada ao amanhecer nos pontos mais altos da serra e tamb\u00e9m espera-se a forma\u00e7\u00e3o de nevoeiros do Meio-Oeste ao litoral. O sol predomina desde o in\u00edcio do dia no Grande Oeste, nas outras regi\u00f5es o dia ser\u00e1 com sol e varia\u00e7\u00e3o de nuvens. N\u00e3o h\u00e1 &hellip;<\/p>\n<p class=\"read-more\"> <a class=\"\" href=\"https:\/\/sulsc.com\/index.php\/2023\/11\/07\/terca-feira-7-inicia-com-pequena-chance-de-geada-na-serra-catarinense\/\"> <span class=\"screen-reader-text\">Ter\u00e7a-feira (7), inicia com pequena chance de geada na Serra catarinense<\/span> Read More &raquo;<\/a><\/p>\n","protected":false},"author":3,"featured_media":3433,"comment_status":"open","ping_status":"open","sticky":false,"template":"","format":"standard","meta":{"site-sidebar-layout":"default","site-content-layout":"","ast-site-content-layout":"default","site-content-style":"default","site-sidebar-style":"default","ast-global-header-display":"","ast-banner-title-visibility":"","ast-main-header-display":"","ast-hfb-above-header-display":"","ast-hfb-below-header-display":"","ast-hfb-mobile-header-display":"","site-post-title":"","ast-breadcrumbs-content":"","ast-featured-img":"","footer-sml-layout":"","theme-transparent-header-meta":"default","adv-header-id-meta":"","stick-header-meta":"","header-above-stick-meta":"","header-main-stick-meta":"","header-below-stick-meta":"","astra-migrate-meta-layouts":"set","footnotes":""},"categories":[1,38],"tags":[],"yoast_head":"<!-- This site is optimized with the Yoast SEO plugin v21.4 - https:\/\/yoast.com\/wordpress\/plugins\/seo\/ -->\n<title>Ter\u00e7a-feira (7), inicia com pequena chance de geada na Serra catarinense -<\/title>\n<meta name=\"robots\" content=\"index, follow, max-snippet:-1, max-image-preview:large, max-video-preview:-1\" \/>\n<link rel=\"canonical\" href=\"https:\/\/sulsc.com\/index.php\/2023\/11\/07\/terca-feira-7-inicia-com-pequena-chance-de-geada-na-serra-catarinense\/\" \/>\n<meta property=\"og:locale\" content=\"en_US\" \/>\n<meta property=\"og:type\" content=\"article\" \/>\n<meta property=\"og:title\" content=\"Ter\u00e7a-feira (7), inicia com pequena chance de geada na Serra catarinense -\" \/>\n<meta property=\"og:description\" content=\"Na ter\u00e7a-feira (7), h\u00e1 uma pequena chance de ocorr\u00eancia de geada ao amanhecer nos pontos mais altos da serra e tamb\u00e9m espera-se a forma\u00e7\u00e3o de nevoeiros do Meio-Oeste ao litoral. O sol predomina desde o in\u00edcio do dia no Grande Oeste, nas outras regi\u00f5es o dia ser\u00e1 com sol e varia\u00e7\u00e3o de nuvens. N\u00e3o h\u00e1 &hellip; Ter\u00e7a-feira (7), inicia com pequena chance de geada na Serra catarinense Read More &raquo;\" \/>\n<meta property=\"og:url\" content=\"https:\/\/sulsc.com\/index.php\/2023\/11\/07\/terca-feira-7-inicia-com-pequena-chance-de-geada-na-serra-catarinense\/\" \/>\n<meta property=\"article:author\" content=\"https:\/\/www.facebook.com\/profile.php?id=61559278119680\" \/>\n<meta property=\"article:published_time\" content=\"2023-11-07T10:30:12+00:00\" \/>\n<meta property=\"article:modified_time\" content=\"2023-11-07T11:08:28+00:00\" \/>\n<meta property=\"og:image\" content=\"http:\/\/sulsc.com\/wp-content\/uploads\/2023\/11\/galhos-cobertos-de-geada-plantas-geladas-no-inicio-da-manha-na-estacao-fria-scaled.jpg\" \/>\n\t<meta property=\"og:image:width\" content=\"2560\" \/>\n\t<meta property=\"og:image:height\" content=\"1707\" \/>\n\t<meta property=\"og:image:type\" content=\"image\/jpeg\" \/>\n<meta name=\"author\" content=\"Reda\u00e7\u00e3o Sul SC\" \/>\n<meta name=\"twitter:card\" content=\"summary_large_image\" \/>\n<meta name=\"twitter:creator\" content=\"@https:\/\/twitter.com\/PortalSulSC\" \/>\n<meta name=\"twitter:label1\" content=\"Written by\" \/>\n\t<meta name=\"twitter:data1\" content=\"Reda\u00e7\u00e3o Sul SC\" \/>\n\t<meta name=\"twitter:label2\" content=\"Est. reading time\" \/>\n\t<meta name=\"twitter:data2\" content=\"2 minutes\" \/>\n<script type=\"application\/ld+json\" class=\"yoast-schema-graph\">{\"@context\":\"https:\/\/schema.org\",\"@graph\":[{\"@type\":\"WebPage\",\"@id\":\"https:\/\/sulsc.com\/index.php\/2023\/11\/07\/terca-feira-7-inicia-com-pequena-chance-de-geada-na-serra-catarinense\/\",\"url\":\"https:\/\/sulsc.com\/index.php\/2023\/11\/07\/terca-feira-7-inicia-com-pequena-chance-de-geada-na-serra-catarinense\/\",\"name\":\"Ter\u00e7a-feira (7), inicia com pequena chance de geada na Serra catarinense -\",\"isPartOf\":{\"@id\":\"https:\/\/sulsc.com\/#website\"},\"datePublished\":\"2023-11-07T10:30:12+00:00\",\"dateModified\":\"2023-11-07T11:08:28+00:00\",\"author\":{\"@id\":\"https:\/\/sulsc.com\/#\/schema\/person\/84d2fc571684f6248ba83092f07750a3\"},\"breadcrumb\":{\"@id\":\"https:\/\/sulsc.com\/index.php\/2023\/11\/07\/terca-feira-7-inicia-com-pequena-chance-de-geada-na-serra-catarinense\/#breadcrumb\"},\"inLanguage\":\"en-US\",\"potentialAction\":[{\"@type\":\"ReadAction\",\"target\":[\"https:\/\/sulsc.com\/index.php\/2023\/11\/07\/terca-feira-7-inicia-com-pequena-chance-de-geada-na-serra-catarinense\/\"]}]},{\"@type\":\"BreadcrumbList\",\"@id\":\"https:\/\/sulsc.com\/index.php\/2023\/11\/07\/terca-feira-7-inicia-com-pequena-chance-de-geada-na-serra-catarinense\/#breadcrumb\",\"itemListElement\":[{\"@type\":\"ListItem\",\"position\":1,\"name\":\"In\u00edcio\",\"item\":\"https:\/\/sulsc.com\/\"},{\"@type\":\"ListItem\",\"position\":2,\"name\":\"Ter\u00e7a-feira (7), inicia com pequena chance de geada na Serra catarinense\"}]},{\"@type\":\"WebSite\",\"@id\":\"https:\/\/sulsc.com\/#website\",\"url\":\"https:\/\/sulsc.com\/\",\"name\":\"\",\"description\":\"\",\"potentialAction\":[{\"@type\":\"SearchAction\",\"target\":{\"@type\":\"EntryPoint\",\"urlTemplate\":\"https:\/\/sulsc.com\/?s={search_term_string}\"},\"query-input\":\"required name=search_term_string\"}],\"inLanguage\":\"en-US\"},{\"@type\":\"Person\",\"@id\":\"https:\/\/sulsc.com\/#\/schema\/person\/84d2fc571684f6248ba83092f07750a3\",\"name\":\"Reda\u00e7\u00e3o Sul SC\",\"image\":{\"@type\":\"ImageObject\",\"inLanguage\":\"en-US\",\"@id\":\"https:\/\/sulsc.com\/#\/schema\/person\/image\/e08d7fe2cc4ed596372063bbe852b8d0\",\"url\":\"https:\/\/sulsc.com\/wp-content\/uploads\/2023\/09\/redacao.png\",\"contentUrl\":\"https:\/\/sulsc.com\/wp-content\/uploads\/2023\/09\/redacao.png\",\"caption\":\"Reda\u00e7\u00e3o Sul SC\"},\"description\":\"Foco em um jornalismo imparcial, voltado \u00e0 qualidade dos seus conte\u00fados e, assim, levar informa\u00e7\u00e3o de valor que agregue \u00e0 vida dos leitores. Esta \u00e9 grande miss\u00e3o do Portal de Not\u00edcias Sul SC. N\u00e3o \u00e9 quantidade que muda o mundo, sempre foi e seguir\u00e1 sendo qualidade!\",\"sameAs\":[\"https:\/\/sulsc.com\/\",\"https:\/\/www.facebook.com\/profile.php?id=61559278119680\",\"https:\/\/www.instagram.com\/sulscportal\/?hl=pt-br\",\"https:\/\/twitter.com\/https:\/\/twitter.com\/PortalSulSC\",\"https:\/\/www.youtube.com\/channel\/UCv_BE8GeySluDov2n8qhVmw\"],\"url\":\"https:\/\/sulsc.com\/index.php\/author\/redacao\/\"}]}<\/script>\n<!-- \/ Yoast SEO plugin. -->","yoast_head_json":{"title":"Ter\u00e7a-feira (7), inicia com pequena chance de geada na Serra catarinense -","robots":{"index":"index","follow":"follow","max-snippet":"max-snippet:-1","max-image-preview":"max-image-preview:large","max-video-preview":"max-video-preview:-1"},"canonical":"https:\/\/sulsc.com\/index.php\/2023\/11\/07\/terca-feira-7-inicia-com-pequena-chance-de-geada-na-serra-catarinense\/","og_locale":"en_US","og_type":"article","og_title":"Ter\u00e7a-feira (7), inicia com pequena chance de geada na Serra catarinense -","og_description":"Na ter\u00e7a-feira (7), h\u00e1 uma pequena chance de ocorr\u00eancia de geada ao amanhecer nos pontos mais altos da serra e tamb\u00e9m espera-se a forma\u00e7\u00e3o de nevoeiros do Meio-Oeste ao litoral. O sol predomina desde o in\u00edcio do dia no Grande Oeste, nas outras regi\u00f5es o dia ser\u00e1 com sol e varia\u00e7\u00e3o de nuvens. N\u00e3o h\u00e1 &hellip; Ter\u00e7a-feira (7), inicia com pequena chance de geada na Serra catarinense Read More &raquo;","og_url":"https:\/\/sulsc.com\/index.php\/2023\/11\/07\/terca-feira-7-inicia-com-pequena-chance-de-geada-na-serra-catarinense\/","article_author":"https:\/\/www.facebook.com\/profile.php?id=61559278119680","article_published_time":"2023-11-07T10:30:12+00:00","article_modified_time":"2023-11-07T11:08:28+00:00","og_image":[{"width":2560,"height":1707,"url":"http:\/\/sulsc.com\/wp-content\/uploads\/2023\/11\/galhos-cobertos-de-geada-plantas-geladas-no-inicio-da-manha-na-estacao-fria-scaled.jpg","type":"image\/jpeg"}],"author":"Reda\u00e7\u00e3o Sul SC","twitter_card":"summary_large_image","twitter_creator":"@https:\/\/twitter.com\/PortalSulSC","twitter_misc":{"Written by":"Reda\u00e7\u00e3o Sul SC","Est. reading time":"2 minutes"},"schema":{"@context":"https:\/\/schema.org","@graph":[{"@type":"WebPage","@id":"https:\/\/sulsc.com\/index.php\/2023\/11\/07\/terca-feira-7-inicia-com-pequena-chance-de-geada-na-serra-catarinense\/","url":"https:\/\/sulsc.com\/index.php\/2023\/11\/07\/terca-feira-7-inicia-com-pequena-chance-de-geada-na-serra-catarinense\/","name":"Ter\u00e7a-feira (7), inicia com pequena chance de geada na Serra catarinense -","isPartOf":{"@id":"https:\/\/sulsc.com\/#website"},"datePublished":"2023-11-07T10:30:12+00:00","dateModified":"2023-11-07T11:08:28+00:00","author":{"@id":"https:\/\/sulsc.com\/#\/schema\/person\/84d2fc571684f6248ba83092f07750a3"},"breadcrumb":{"@id":"https:\/\/sulsc.com\/index.php\/2023\/11\/07\/terca-feira-7-inicia-com-pequena-chance-de-geada-na-serra-catarinense\/#breadcrumb"},"inLanguage":"en-US","potentialAction":[{"@type":"ReadAction","target":["https:\/\/sulsc.com\/index.php\/2023\/11\/07\/terca-feira-7-inicia-com-pequena-chance-de-geada-na-serra-catarinense\/"]}]},{"@type":"BreadcrumbList","@id":"https:\/\/sulsc.com\/index.php\/2023\/11\/07\/terca-feira-7-inicia-com-pequena-chance-de-geada-na-serra-catarinense\/#breadcrumb","itemListElement":[{"@type":"ListItem","position":1,"name":"In\u00edcio","item":"https:\/\/sulsc.com\/"},{"@type":"ListItem","position":2,"name":"Ter\u00e7a-feira (7), inicia com pequena chance de geada na Serra catarinense"}]},{"@type":"WebSite","@id":"https:\/\/sulsc.com\/#website","url":"https:\/\/sulsc.com\/","name":"","description":"","potentialAction":[{"@type":"SearchAction","target":{"@type":"EntryPoint","urlTemplate":"https:\/\/sulsc.com\/?s={search_term_string}"},"query-input":"required name=search_term_string"}],"inLanguage":"en-US"},{"@type":"Person","@id":"https:\/\/sulsc.com\/#\/schema\/person\/84d2fc571684f6248ba83092f07750a3","name":"Reda\u00e7\u00e3o Sul SC","image":{"@type":"ImageObject","inLanguage":"en-US","@id":"https:\/\/sulsc.com\/#\/schema\/person\/image\/e08d7fe2cc4ed596372063bbe852b8d0","url":"https:\/\/sulsc.com\/wp-content\/uploads\/2023\/09\/redacao.png","contentUrl":"https:\/\/sulsc.com\/wp-content\/uploads\/2023\/09\/redacao.png","caption":"Reda\u00e7\u00e3o Sul SC"},"description":"Foco em um jornalismo imparcial, voltado \u00e0 qualidade dos seus conte\u00fados e, assim, levar informa\u00e7\u00e3o de valor que agregue \u00e0 vida dos leitores. Esta \u00e9 grande miss\u00e3o do Portal de Not\u00edcias Sul SC. N\u00e3o \u00e9 quantidade que muda o mundo, sempre foi e seguir\u00e1 sendo qualidade!","sameAs":["https:\/\/sulsc.com\/","https:\/\/www.facebook.com\/profile.php?id=61559278119680","https:\/\/www.instagram.com\/sulscportal\/?hl=pt-br","https:\/\/twitter.com\/https:\/\/twitter.com\/PortalSulSC","https:\/\/www.youtube.com\/channel\/UCv_BE8GeySluDov2n8qhVmw"],"url":"https:\/\/sulsc.com\/index.php\/author\/redacao\/"}]}},"authors":[],"_links":{"self":[{"href":"https:\/\/sulsc.com\/index.php\/wp-json\/wp\/v2\/posts\/3430"}],"collection":[{"href":"https:\/\/sulsc.com\/index.php\/wp-json\/wp\/v2\/posts"}],"about":[{"href":"https:\/\/sulsc.com\/index.php\/wp-json\/wp\/v2\/types\/post"}],"author":[{"embeddable":true,"href":"https:\/\/sulsc.com\/index.php\/wp-json\/wp\/v2\/users\/3"}],"replies":[{"embeddable":true,"href":"https:\/\/sulsc.com\/index.php\/wp-json\/wp\/v2\/comments?post=3430"}],"version-history":[{"count":3,"href":"https:\/\/sulsc.com\/index.php\/wp-json\/wp\/v2\/posts\/3430\/revisions"}],"predecessor-version":[{"id":3452,"href":"https:\/\/sulsc.com\/index.php\/wp-json\/wp\/v2\/posts\/3430\/revisions\/3452"}],"wp:featuredmedia":[{"embeddable":true,"href":"https:\/\/sulsc.com\/index.php\/wp-json\/wp\/v2\/media\/3433"}],"wp:attachment":[{"href":"https:\/\/sulsc.com\/index.php\/wp-json\/wp\/v2\/media?parent=3430"}],"wp:term":[{"taxonomy":"category","embeddable":true,"href":"https:\/\/sulsc.com\/index.php\/wp-json\/wp\/v2\/categories?post=3430"},{"taxonomy":"post_tag","embeddable":true,"href":"https:\/\/sulsc.com\/index.php\/wp-json\/wp\/v2\/tags?post=3430"}],"curies":[{"name":"wp","href":"https:\/\/api.w.org\/{rel}","templated":true}]}}