{"id":3438,"date":"2023-11-07T08:00:04","date_gmt":"2023-11-07T11:00:04","guid":{"rendered":"https:\/\/sulsc.com\/?p=3438"},"modified":"2023-11-07T07:56:45","modified_gmt":"2023-11-07T10:56:45","slug":"nova-lei-impede-guarda-compartilhada-em-caso-de-violencia-domestica","status":"publish","type":"post","link":"https:\/\/sulsc.com\/index.php\/2023\/11\/07\/nova-lei-impede-guarda-compartilhada-em-caso-de-violencia-domestica\/","title":{"rendered":"Nova lei impede guarda compartilhada em caso de viol\u00eancia dom\u00e9stica"},"content":{"rendered":"<p>A Lei 14.713\/2023 que impede a concess\u00e3o de guarda compartilhada em caso de viol\u00eancia dom\u00e9stica j\u00e1 est\u00e1 em vig\u00eancia. O autor do projeto que deu origem \u00e0 norma \u00e9 o senador Rodrigo Cunha (Podemos-AL). Ao comemorar a transforma\u00e7\u00e3o do projeto em lei, proposto no senado em 2019, o senador Rodrigo Cunha lembrou que, no Brasil, ocorre um caso de feminic\u00eddio a cada seis horas e que \u00e9 imprescind\u00edvel que o Congresso aprove leis que protejam as brasileiras e os seus filhos de lares violentos.<\/p>\n<p>Sancionada no \u00faltimo dia 31 de outubro, a lei que impede a concess\u00e3o de guarda compartilhada de crian\u00e7as e adolescentes quando h\u00e1 risco de viol\u00eancia dom\u00e9stica foi aprovada no Senado em mar\u00e7o e, na C\u00e2mara dos Deputados, em agosto. O projeto que deu origem \u00e0 nova regra teve como relatora na Comiss\u00e3o de Constitui\u00e7\u00e3o e Justi\u00e7a, a senadora Eliziane Gama, do PSD do Maranh\u00e3o. Em seu parecer, a senadora defendeu o afastamento imediato do pai agressor do conv\u00edvio e das decis\u00f5es relativas aos filhos como forma de prevenir novos epis\u00f3dios de viol\u00eancia.<\/p>\n<p>Os ju\u00edzes, ao se depararem com riscos de exposi\u00e7\u00e3o do filho \u00e0 viol\u00eancia dom\u00e9stica, t\u00eam de agir preventivamente, repelindo o genitor agressor da esfera de conv\u00edvio do filho. N\u00e3o \u00e9 s\u00f3 suprimir o per\u00edodo de sua conviv\u00eancia com o filho, mas tamb\u00e9m exclu\u00ed-lo da tomada de decis\u00f5es do quotidiano do mirim. A guarda, pois, n\u00e3o pode ser compartilhada em hip\u00f3teses como essa.<\/p>\n<p>A nova lei obriga o juiz a questionar os pais e o Minist\u00e9rio P\u00fablico sobre eventuais riscos ou casos agress\u00e3o dom\u00e9stica antes de decidir sobre a guarda. Para autor do projeto, senador Rodrigo Cunha, isso permitir\u00e1 que muitas mulheres se sintam incentivadas a reportar casos de agress\u00e3o.<\/p>\n<p>&#8220;N\u00f3s sabemos que muitas mulheres e fam\u00edlias que s\u00e3o v\u00edtimas de viol\u00eancia hesitam em registrar suas queixas por medo, por press\u00e3o do agressor ou por receio de prejudicar sua fam\u00edlia. No entanto, as mulheres est\u00e3o cada vez mais conscientes de seus direitos. E a simples pergunta sobre a presen\u00e7a de viol\u00eancia dom\u00e9stica durante uma audi\u00eancia, na presen\u00e7a de um juiz, pode incentivar as v\u00edtimas a tomarem coragem e buscarem ajudar, reduzindo, assim, a sua subnotifica\u00e7\u00e3o&#8221;, detalha.<\/p>\n<p><img fetchpriority=\"high\" decoding=\"async\" class=\"alignnone size-large wp-image-3440\" src=\"http:\/\/sulsc.com\/wp-content\/uploads\/2023\/11\/violencia-domestica-1024x683.jpg\" alt=\"\" width=\"1024\" height=\"683\" srcset=\"https:\/\/sulsc.com\/wp-content\/uploads\/2023\/11\/violencia-domestica-1024x683.jpg 1024w, https:\/\/sulsc.com\/wp-content\/uploads\/2023\/11\/violencia-domestica-300x200.jpg 300w, https:\/\/sulsc.com\/wp-content\/uploads\/2023\/11\/violencia-domestica-768x512.jpg 768w, https:\/\/sulsc.com\/wp-content\/uploads\/2023\/11\/violencia-domestica-1536x1024.jpg 1536w, https:\/\/sulsc.com\/wp-content\/uploads\/2023\/11\/violencia-domestica-2048x1365.jpg 2048w\" sizes=\"(max-width: 1024px) 100vw, 1024px\" \/><\/p>\n<p>Fonte: Senado Federal<\/p>\n","protected":false},"excerpt":{"rendered":"<p>A Lei 14.713\/2023 que impede a concess\u00e3o de guarda compartilhada em caso de viol\u00eancia dom\u00e9stica j\u00e1 est\u00e1 em vig\u00eancia. O autor do projeto que deu origem \u00e0 norma \u00e9 o senador Rodrigo Cunha (Podemos-AL). Ao comemorar a transforma\u00e7\u00e3o do projeto em lei, proposto no senado em 2019, o senador Rodrigo Cunha lembrou que, no Brasil, &hellip;<\/p>\n<p class=\"read-more\"> <a class=\"\" href=\"https:\/\/sulsc.com\/index.php\/2023\/11\/07\/nova-lei-impede-guarda-compartilhada-em-caso-de-violencia-domestica\/\"> <span class=\"screen-reader-text\">Nova lei impede guarda compartilhada em caso de viol\u00eancia dom\u00e9stica<\/span> Read More &raquo;<\/a><\/p>\n","protected":false},"author":3,"featured_media":3439,"comment_status":"open","ping_status":"open","sticky":false,"template":"","format":"standard","meta":{"site-sidebar-layout":"default","site-content-layout":"","ast-site-content-layout":"default","site-content-style":"default","site-sidebar-style":"default","ast-global-header-display":"","ast-banner-title-visibility":"","ast-main-header-display":"","ast-hfb-above-header-display":"","ast-hfb-below-header-display":"","ast-hfb-mobile-header-display":"","site-post-title":"","ast-breadcrumbs-content":"","ast-featured-img":"","footer-sml-layout":"","theme-transparent-header-meta":"default","adv-header-id-meta":"","stick-header-meta":"","header-above-stick-meta":"","header-main-stick-meta":"","header-below-stick-meta":"","astra-migrate-meta-layouts":"set","footnotes":""},"categories":[1,15,8],"tags":[],"yoast_head":"<!-- This site is optimized with the Yoast SEO plugin v21.4 - https:\/\/yoast.com\/wordpress\/plugins\/seo\/ -->\n<title>Nova lei impede guarda compartilhada em caso de viol\u00eancia dom\u00e9stica -<\/title>\n<meta name=\"robots\" content=\"index, follow, max-snippet:-1, max-image-preview:large, max-video-preview:-1\" \/>\n<link rel=\"canonical\" href=\"https:\/\/sulsc.com\/index.php\/2023\/11\/07\/nova-lei-impede-guarda-compartilhada-em-caso-de-violencia-domestica\/\" \/>\n<meta property=\"og:locale\" content=\"en_US\" \/>\n<meta property=\"og:type\" content=\"article\" \/>\n<meta property=\"og:title\" content=\"Nova lei impede guarda compartilhada em caso de viol\u00eancia dom\u00e9stica -\" \/>\n<meta property=\"og:description\" content=\"A Lei 14.713\/2023 que impede a concess\u00e3o de guarda compartilhada em caso de viol\u00eancia dom\u00e9stica j\u00e1 est\u00e1 em vig\u00eancia. O autor do projeto que deu origem \u00e0 norma \u00e9 o senador Rodrigo Cunha (Podemos-AL). Ao comemorar a transforma\u00e7\u00e3o do projeto em lei, proposto no senado em 2019, o senador Rodrigo Cunha lembrou que, no Brasil, &hellip; Nova lei impede guarda compartilhada em caso de viol\u00eancia dom\u00e9stica Read More &raquo;\" \/>\n<meta property=\"og:url\" content=\"https:\/\/sulsc.com\/index.php\/2023\/11\/07\/nova-lei-impede-guarda-compartilhada-em-caso-de-violencia-domestica\/\" \/>\n<meta property=\"article:author\" content=\"https:\/\/www.facebook.com\/profile.php?id=61559278119680\" \/>\n<meta property=\"article:published_time\" content=\"2023-11-07T11:00:04+00:00\" \/>\n<meta property=\"article:modified_time\" content=\"2023-11-07T10:56:45+00:00\" \/>\n<meta property=\"og:image\" content=\"https:\/\/sulsc.com\/wp-content\/uploads\/2023\/11\/Nova-lei-impede-guarda-compartilhada-em-caso-de-violencia-domestica.jpeg\" \/>\n\t<meta property=\"og:image:width\" content=\"712\" \/>\n\t<meta property=\"og:image:height\" content=\"450\" \/>\n\t<meta property=\"og:image:type\" content=\"image\/jpeg\" \/>\n<meta name=\"author\" content=\"Reda\u00e7\u00e3o Sul SC\" \/>\n<meta name=\"twitter:card\" content=\"summary_large_image\" \/>\n<meta name=\"twitter:creator\" content=\"@https:\/\/twitter.com\/PortalSulSC\" \/>\n<meta name=\"twitter:label1\" content=\"Written by\" \/>\n\t<meta name=\"twitter:data1\" content=\"Reda\u00e7\u00e3o Sul SC\" \/>\n\t<meta name=\"twitter:label2\" content=\"Est. reading time\" \/>\n\t<meta name=\"twitter:data2\" content=\"3 minutes\" \/>\n<script type=\"application\/ld+json\" class=\"yoast-schema-graph\">{\"@context\":\"https:\/\/schema.org\",\"@graph\":[{\"@type\":\"WebPage\",\"@id\":\"https:\/\/sulsc.com\/index.php\/2023\/11\/07\/nova-lei-impede-guarda-compartilhada-em-caso-de-violencia-domestica\/\",\"url\":\"https:\/\/sulsc.com\/index.php\/2023\/11\/07\/nova-lei-impede-guarda-compartilhada-em-caso-de-violencia-domestica\/\",\"name\":\"Nova lei impede guarda compartilhada em caso de viol\u00eancia dom\u00e9stica -\",\"isPartOf\":{\"@id\":\"https:\/\/sulsc.com\/#website\"},\"datePublished\":\"2023-11-07T11:00:04+00:00\",\"dateModified\":\"2023-11-07T10:56:45+00:00\",\"author\":{\"@id\":\"https:\/\/sulsc.com\/#\/schema\/person\/84d2fc571684f6248ba83092f07750a3\"},\"breadcrumb\":{\"@id\":\"https:\/\/sulsc.com\/index.php\/2023\/11\/07\/nova-lei-impede-guarda-compartilhada-em-caso-de-violencia-domestica\/#breadcrumb\"},\"inLanguage\":\"en-US\",\"potentialAction\":[{\"@type\":\"ReadAction\",\"target\":[\"https:\/\/sulsc.com\/index.php\/2023\/11\/07\/nova-lei-impede-guarda-compartilhada-em-caso-de-violencia-domestica\/\"]}]},{\"@type\":\"BreadcrumbList\",\"@id\":\"https:\/\/sulsc.com\/index.php\/2023\/11\/07\/nova-lei-impede-guarda-compartilhada-em-caso-de-violencia-domestica\/#breadcrumb\",\"itemListElement\":[{\"@type\":\"ListItem\",\"position\":1,\"name\":\"In\u00edcio\",\"item\":\"https:\/\/sulsc.com\/\"},{\"@type\":\"ListItem\",\"position\":2,\"name\":\"Nova lei impede guarda compartilhada em caso de viol\u00eancia dom\u00e9stica\"}]},{\"@type\":\"WebSite\",\"@id\":\"https:\/\/sulsc.com\/#website\",\"url\":\"https:\/\/sulsc.com\/\",\"name\":\"\",\"description\":\"\",\"potentialAction\":[{\"@type\":\"SearchAction\",\"target\":{\"@type\":\"EntryPoint\",\"urlTemplate\":\"https:\/\/sulsc.com\/?s={search_term_string}\"},\"query-input\":\"required name=search_term_string\"}],\"inLanguage\":\"en-US\"},{\"@type\":\"Person\",\"@id\":\"https:\/\/sulsc.com\/#\/schema\/person\/84d2fc571684f6248ba83092f07750a3\",\"name\":\"Reda\u00e7\u00e3o Sul SC\",\"image\":{\"@type\":\"ImageObject\",\"inLanguage\":\"en-US\",\"@id\":\"https:\/\/sulsc.com\/#\/schema\/person\/image\/e08d7fe2cc4ed596372063bbe852b8d0\",\"url\":\"https:\/\/sulsc.com\/wp-content\/uploads\/2023\/09\/redacao.png\",\"contentUrl\":\"https:\/\/sulsc.com\/wp-content\/uploads\/2023\/09\/redacao.png\",\"caption\":\"Reda\u00e7\u00e3o Sul SC\"},\"description\":\"Foco em um jornalismo imparcial, voltado \u00e0 qualidade dos seus conte\u00fados e, assim, levar informa\u00e7\u00e3o de valor que agregue \u00e0 vida dos leitores. Esta \u00e9 grande miss\u00e3o do Portal de Not\u00edcias Sul SC. N\u00e3o \u00e9 quantidade que muda o mundo, sempre foi e seguir\u00e1 sendo qualidade!\",\"sameAs\":[\"https:\/\/sulsc.com\/\",\"https:\/\/www.facebook.com\/profile.php?id=61559278119680\",\"https:\/\/www.instagram.com\/sulscportal\/?hl=pt-br\",\"https:\/\/twitter.com\/https:\/\/twitter.com\/PortalSulSC\",\"https:\/\/www.youtube.com\/channel\/UCv_BE8GeySluDov2n8qhVmw\"],\"url\":\"https:\/\/sulsc.com\/index.php\/author\/redacao\/\"}]}<\/script>\n<!-- \/ Yoast SEO plugin. -->","yoast_head_json":{"title":"Nova lei impede guarda compartilhada em caso de viol\u00eancia dom\u00e9stica -","robots":{"index":"index","follow":"follow","max-snippet":"max-snippet:-1","max-image-preview":"max-image-preview:large","max-video-preview":"max-video-preview:-1"},"canonical":"https:\/\/sulsc.com\/index.php\/2023\/11\/07\/nova-lei-impede-guarda-compartilhada-em-caso-de-violencia-domestica\/","og_locale":"en_US","og_type":"article","og_title":"Nova lei impede guarda compartilhada em caso de viol\u00eancia dom\u00e9stica -","og_description":"A Lei 14.713\/2023 que impede a concess\u00e3o de guarda compartilhada em caso de viol\u00eancia dom\u00e9stica j\u00e1 est\u00e1 em vig\u00eancia. O autor do projeto que deu origem \u00e0 norma \u00e9 o senador Rodrigo Cunha (Podemos-AL). Ao comemorar a transforma\u00e7\u00e3o do projeto em lei, proposto no senado em 2019, o senador Rodrigo Cunha lembrou que, no Brasil, &hellip; Nova lei impede guarda compartilhada em caso de viol\u00eancia dom\u00e9stica Read More &raquo;","og_url":"https:\/\/sulsc.com\/index.php\/2023\/11\/07\/nova-lei-impede-guarda-compartilhada-em-caso-de-violencia-domestica\/","article_author":"https:\/\/www.facebook.com\/profile.php?id=61559278119680","article_published_time":"2023-11-07T11:00:04+00:00","article_modified_time":"2023-11-07T10:56:45+00:00","og_image":[{"width":712,"height":450,"url":"https:\/\/sulsc.com\/wp-content\/uploads\/2023\/11\/Nova-lei-impede-guarda-compartilhada-em-caso-de-violencia-domestica.jpeg","type":"image\/jpeg"}],"author":"Reda\u00e7\u00e3o Sul SC","twitter_card":"summary_large_image","twitter_creator":"@https:\/\/twitter.com\/PortalSulSC","twitter_misc":{"Written by":"Reda\u00e7\u00e3o Sul SC","Est. reading time":"3 minutes"},"schema":{"@context":"https:\/\/schema.org","@graph":[{"@type":"WebPage","@id":"https:\/\/sulsc.com\/index.php\/2023\/11\/07\/nova-lei-impede-guarda-compartilhada-em-caso-de-violencia-domestica\/","url":"https:\/\/sulsc.com\/index.php\/2023\/11\/07\/nova-lei-impede-guarda-compartilhada-em-caso-de-violencia-domestica\/","name":"Nova lei impede guarda compartilhada em caso de viol\u00eancia dom\u00e9stica -","isPartOf":{"@id":"https:\/\/sulsc.com\/#website"},"datePublished":"2023-11-07T11:00:04+00:00","dateModified":"2023-11-07T10:56:45+00:00","author":{"@id":"https:\/\/sulsc.com\/#\/schema\/person\/84d2fc571684f6248ba83092f07750a3"},"breadcrumb":{"@id":"https:\/\/sulsc.com\/index.php\/2023\/11\/07\/nova-lei-impede-guarda-compartilhada-em-caso-de-violencia-domestica\/#breadcrumb"},"inLanguage":"en-US","potentialAction":[{"@type":"ReadAction","target":["https:\/\/sulsc.com\/index.php\/2023\/11\/07\/nova-lei-impede-guarda-compartilhada-em-caso-de-violencia-domestica\/"]}]},{"@type":"BreadcrumbList","@id":"https:\/\/sulsc.com\/index.php\/2023\/11\/07\/nova-lei-impede-guarda-compartilhada-em-caso-de-violencia-domestica\/#breadcrumb","itemListElement":[{"@type":"ListItem","position":1,"name":"In\u00edcio","item":"https:\/\/sulsc.com\/"},{"@type":"ListItem","position":2,"name":"Nova lei impede guarda compartilhada em caso de viol\u00eancia dom\u00e9stica"}]},{"@type":"WebSite","@id":"https:\/\/sulsc.com\/#website","url":"https:\/\/sulsc.com\/","name":"","description":"","potentialAction":[{"@type":"SearchAction","target":{"@type":"EntryPoint","urlTemplate":"https:\/\/sulsc.com\/?s={search_term_string}"},"query-input":"required name=search_term_string"}],"inLanguage":"en-US"},{"@type":"Person","@id":"https:\/\/sulsc.com\/#\/schema\/person\/84d2fc571684f6248ba83092f07750a3","name":"Reda\u00e7\u00e3o Sul SC","image":{"@type":"ImageObject","inLanguage":"en-US","@id":"https:\/\/sulsc.com\/#\/schema\/person\/image\/e08d7fe2cc4ed596372063bbe852b8d0","url":"https:\/\/sulsc.com\/wp-content\/uploads\/2023\/09\/redacao.png","contentUrl":"https:\/\/sulsc.com\/wp-content\/uploads\/2023\/09\/redacao.png","caption":"Reda\u00e7\u00e3o Sul SC"},"description":"Foco em um jornalismo imparcial, voltado \u00e0 qualidade dos seus conte\u00fados e, assim, levar informa\u00e7\u00e3o de valor que agregue \u00e0 vida dos leitores. Esta \u00e9 grande miss\u00e3o do Portal de Not\u00edcias Sul SC. N\u00e3o \u00e9 quantidade que muda o mundo, sempre foi e seguir\u00e1 sendo qualidade!","sameAs":["https:\/\/sulsc.com\/","https:\/\/www.facebook.com\/profile.php?id=61559278119680","https:\/\/www.instagram.com\/sulscportal\/?hl=pt-br","https:\/\/twitter.com\/https:\/\/twitter.com\/PortalSulSC","https:\/\/www.youtube.com\/channel\/UCv_BE8GeySluDov2n8qhVmw"],"url":"https:\/\/sulsc.com\/index.php\/author\/redacao\/"}]}},"authors":[],"_links":{"self":[{"href":"https:\/\/sulsc.com\/index.php\/wp-json\/wp\/v2\/posts\/3438"}],"collection":[{"href":"https:\/\/sulsc.com\/index.php\/wp-json\/wp\/v2\/posts"}],"about":[{"href":"https:\/\/sulsc.com\/index.php\/wp-json\/wp\/v2\/types\/post"}],"author":[{"embeddable":true,"href":"https:\/\/sulsc.com\/index.php\/wp-json\/wp\/v2\/users\/3"}],"replies":[{"embeddable":true,"href":"https:\/\/sulsc.com\/index.php\/wp-json\/wp\/v2\/comments?post=3438"}],"version-history":[{"count":1,"href":"https:\/\/sulsc.com\/index.php\/wp-json\/wp\/v2\/posts\/3438\/revisions"}],"predecessor-version":[{"id":3441,"href":"https:\/\/sulsc.com\/index.php\/wp-json\/wp\/v2\/posts\/3438\/revisions\/3441"}],"wp:featuredmedia":[{"embeddable":true,"href":"https:\/\/sulsc.com\/index.php\/wp-json\/wp\/v2\/media\/3439"}],"wp:attachment":[{"href":"https:\/\/sulsc.com\/index.php\/wp-json\/wp\/v2\/media?parent=3438"}],"wp:term":[{"taxonomy":"category","embeddable":true,"href":"https:\/\/sulsc.com\/index.php\/wp-json\/wp\/v2\/categories?post=3438"},{"taxonomy":"post_tag","embeddable":true,"href":"https:\/\/sulsc.com\/index.php\/wp-json\/wp\/v2\/tags?post=3438"}],"curies":[{"name":"wp","href":"https:\/\/api.w.org\/{rel}","templated":true}]}}