{"id":3462,"date":"2023-11-07T14:30:23","date_gmt":"2023-11-07T17:30:23","guid":{"rendered":"https:\/\/sulsc.com\/?p=3462"},"modified":"2023-11-07T11:58:37","modified_gmt":"2023-11-07T14:58:37","slug":"sobrevoo-registra-14-baleias-francas-na-costa-catarinense-no-ultimo-domingo","status":"publish","type":"post","link":"https:\/\/sulsc.com\/index.php\/2023\/11\/07\/sobrevoo-registra-14-baleias-francas-na-costa-catarinense-no-ultimo-domingo\/","title":{"rendered":"Sobrevoo registra 14 baleias-francas na costa catarinense no \u00faltimo domingo"},"content":{"rendered":"<p>O \u00faltimo sobrevoo da temporada 2023 de avistagem de baleias-francas em Santa Catarina constatou a presen\u00e7a de 14 gigantes da esp\u00e9cie (sete f\u00eameas acompanhadas de filhote \u2013 Fefis) no Litoral Sul do estado. O monitoramento de helic\u00f3ptero foi realizado neste domingo (5), ao longo de toda a \u00c1rea de Prote\u00e7\u00e3o Ambiental da Baleia Franca, que compreende a costa desde Florian\u00f3polis at\u00e9 Balne\u00e1rio Rinc\u00e3o (SC), estendendo-se at\u00e9 Torres (RS).<\/p>\n<p>A iniciativa \u00e9 parte das atividades do Programa de Monitoramento das Baleias-francas da SCPAR Porto de Imbituba e contou com a participa\u00e7\u00e3o de profissionais do ProFRANCA\/Instituto Australis e da Acquaplan Tecnologia e Consultoria Ambiental.\u00a0A varredura de novembro encontrou cinco Fefis entre as praias D\u2019\u00e1gua e do Porto, em Imbituba, al\u00e9m de dois Fefis na praia do Sol, em Laguna, o que indica a proximidade do fim do per\u00edodo anual de avistagens.<\/p>\n<p>O cen\u00e1rio j\u00e1 era esperado pela equipe t\u00e9cnica que participou do sobrevoo. Conforme explica Karina Groch, diretora de Pesquisa do ProFRANCA, \u201cnesta temporada, em fun\u00e7\u00e3o do grande n\u00famero de baleias, t\u00ednhamos a expectativa de que fosse mais longa que ano passado, e agora no sobrevoo isso se confirmou, com as baleias que ainda est\u00e3o na regi\u00e3o\u201d. Em setembro, no pico da temporada, foram registradas 225 baleias-francas. \u201cFoi uma temporada com muitos nascimentos, o que \u00e9 fundamental para a recupera\u00e7\u00e3o populacional da esp\u00e9cie\u201d, destacou Groch.<\/p>\n<p>&nbsp;<\/p>\n<p><strong>O programa<\/strong><\/p>\n<p>O Programa de Monitoramento do Porto de Imbituba est\u00e1 ocorrendo desde o dia 1\u00ba de julho e vai at\u00e9 o dia 30 deste m\u00eas. Al\u00e9m dos sobrevoos, h\u00e1 diariamente equipes de campo realizando a observa\u00e7\u00e3o terrestre a partir de pontos fixos nas praias do Porto e Ribanceira.<\/p>\n<p>\u201cA presen\u00e7a de baleias na nossa costa \u00e9 um indicador extremamente positivo, principalmente por se tratar de uma esp\u00e9cie que ainda est\u00e1 amea\u00e7ada de extin\u00e7\u00e3o no Brasil. Ao mesmo tempo, o fato de Imbituba ser o principal ponto de concentra\u00e7\u00e3o dos indiv\u00edduos ressalta a import\u00e2ncia da manuten\u00e7\u00e3o do monitoramento para garantir a seguran\u00e7a e a conserva\u00e7\u00e3o dessas gigantes, em harmonia com a continuidade das opera\u00e7\u00f5es portu\u00e1rias\u201d, apontou Paulo M\u00e1rcio de Souza, gerente de Meio Ambiente da SCPAR Porto de Imbituba.<\/p>\n<p>A baleia-franca conta com uma popula\u00e7\u00e3o estimada em cerca de 500 indiv\u00edduos e uma taxa de crescimento de 4,8% ao ano. Os n\u00fameros s\u00e3o resultado da tese de doutorado de Eduardo Renault Braga, contemplando uma an\u00e1lise de 15 anos de dados dos sobrevoos de monitoramento da esp\u00e9cie.\u00a0Um t\u00e9cnico do Instituto do Meio Ambiente de Santa Catarina, \u00f3rg\u00e3o licenciador, tamb\u00e9m acompanhou parte deste sobrevoo de novembro<\/p>\n<p>&nbsp;<\/p>\n<p>Fonte: Gov. SC<\/p>\n","protected":false},"excerpt":{"rendered":"<p>O \u00faltimo sobrevoo da temporada 2023 de avistagem de baleias-francas em Santa Catarina constatou a presen\u00e7a de 14 gigantes da esp\u00e9cie (sete f\u00eameas acompanhadas de filhote \u2013 Fefis) no Litoral Sul do estado. O monitoramento de helic\u00f3ptero foi realizado neste domingo (5), ao longo de toda a \u00c1rea de Prote\u00e7\u00e3o Ambiental da Baleia Franca, que &hellip;<\/p>\n<p class=\"read-more\"> <a class=\"\" href=\"https:\/\/sulsc.com\/index.php\/2023\/11\/07\/sobrevoo-registra-14-baleias-francas-na-costa-catarinense-no-ultimo-domingo\/\"> <span class=\"screen-reader-text\">Sobrevoo registra 14 baleias-francas na costa catarinense no \u00faltimo domingo<\/span> Read More &raquo;<\/a><\/p>\n","protected":false},"author":3,"featured_media":3463,"comment_status":"open","ping_status":"open","sticky":false,"template":"","format":"standard","meta":{"site-sidebar-layout":"default","site-content-layout":"","ast-site-content-layout":"default","site-content-style":"default","site-sidebar-style":"default","ast-global-header-display":"","ast-banner-title-visibility":"","ast-main-header-display":"","ast-hfb-above-header-display":"","ast-hfb-below-header-display":"","ast-hfb-mobile-header-display":"","site-post-title":"","ast-breadcrumbs-content":"","ast-featured-img":"","footer-sml-layout":"","theme-transparent-header-meta":"default","adv-header-id-meta":"","stick-header-meta":"","header-above-stick-meta":"","header-main-stick-meta":"","header-below-stick-meta":"","astra-migrate-meta-layouts":"set","footnotes":""},"categories":[1,41],"tags":[],"yoast_head":"<!-- This site is optimized with the Yoast SEO plugin v21.4 - https:\/\/yoast.com\/wordpress\/plugins\/seo\/ -->\n<title>Sobrevoo registra 14 baleias-francas na costa catarinense no \u00faltimo domingo -<\/title>\n<meta name=\"robots\" content=\"index, follow, max-snippet:-1, max-image-preview:large, max-video-preview:-1\" \/>\n<link rel=\"canonical\" href=\"https:\/\/sulsc.com\/index.php\/2023\/11\/07\/sobrevoo-registra-14-baleias-francas-na-costa-catarinense-no-ultimo-domingo\/\" \/>\n<meta property=\"og:locale\" content=\"en_US\" \/>\n<meta property=\"og:type\" content=\"article\" \/>\n<meta property=\"og:title\" content=\"Sobrevoo registra 14 baleias-francas na costa catarinense no \u00faltimo domingo -\" \/>\n<meta property=\"og:description\" content=\"O \u00faltimo sobrevoo da temporada 2023 de avistagem de baleias-francas em Santa Catarina constatou a presen\u00e7a de 14 gigantes da esp\u00e9cie (sete f\u00eameas acompanhadas de filhote \u2013 Fefis) no Litoral Sul do estado. O monitoramento de helic\u00f3ptero foi realizado neste domingo (5), ao longo de toda a \u00c1rea de Prote\u00e7\u00e3o Ambiental da Baleia Franca, que &hellip; Sobrevoo registra 14 baleias-francas na costa catarinense no \u00faltimo domingo Read More &raquo;\" \/>\n<meta property=\"og:url\" content=\"https:\/\/sulsc.com\/index.php\/2023\/11\/07\/sobrevoo-registra-14-baleias-francas-na-costa-catarinense-no-ultimo-domingo\/\" \/>\n<meta property=\"article:author\" content=\"https:\/\/www.facebook.com\/profile.php?id=61559278119680\" \/>\n<meta property=\"article:published_time\" content=\"2023-11-07T17:30:23+00:00\" \/>\n<meta property=\"article:modified_time\" content=\"2023-11-07T14:58:37+00:00\" \/>\n<meta property=\"og:image\" content=\"https:\/\/sulsc.com\/wp-content\/uploads\/2023\/11\/Baleia-Franca.jpg\" \/>\n\t<meta property=\"og:image:width\" content=\"1024\" \/>\n\t<meta property=\"og:image:height\" content=\"683\" \/>\n\t<meta property=\"og:image:type\" content=\"image\/jpeg\" \/>\n<meta name=\"author\" content=\"Reda\u00e7\u00e3o Sul SC\" \/>\n<meta name=\"twitter:card\" content=\"summary_large_image\" \/>\n<meta name=\"twitter:creator\" content=\"@https:\/\/twitter.com\/PortalSulSC\" \/>\n<meta name=\"twitter:label1\" content=\"Written by\" \/>\n\t<meta name=\"twitter:data1\" content=\"Reda\u00e7\u00e3o Sul SC\" \/>\n\t<meta name=\"twitter:label2\" content=\"Est. reading time\" \/>\n\t<meta name=\"twitter:data2\" content=\"3 minutes\" \/>\n<script type=\"application\/ld+json\" class=\"yoast-schema-graph\">{\"@context\":\"https:\/\/schema.org\",\"@graph\":[{\"@type\":\"WebPage\",\"@id\":\"https:\/\/sulsc.com\/index.php\/2023\/11\/07\/sobrevoo-registra-14-baleias-francas-na-costa-catarinense-no-ultimo-domingo\/\",\"url\":\"https:\/\/sulsc.com\/index.php\/2023\/11\/07\/sobrevoo-registra-14-baleias-francas-na-costa-catarinense-no-ultimo-domingo\/\",\"name\":\"Sobrevoo registra 14 baleias-francas na costa catarinense no \u00faltimo domingo -\",\"isPartOf\":{\"@id\":\"https:\/\/sulsc.com\/#website\"},\"datePublished\":\"2023-11-07T17:30:23+00:00\",\"dateModified\":\"2023-11-07T14:58:37+00:00\",\"author\":{\"@id\":\"https:\/\/sulsc.com\/#\/schema\/person\/84d2fc571684f6248ba83092f07750a3\"},\"breadcrumb\":{\"@id\":\"https:\/\/sulsc.com\/index.php\/2023\/11\/07\/sobrevoo-registra-14-baleias-francas-na-costa-catarinense-no-ultimo-domingo\/#breadcrumb\"},\"inLanguage\":\"en-US\",\"potentialAction\":[{\"@type\":\"ReadAction\",\"target\":[\"https:\/\/sulsc.com\/index.php\/2023\/11\/07\/sobrevoo-registra-14-baleias-francas-na-costa-catarinense-no-ultimo-domingo\/\"]}]},{\"@type\":\"BreadcrumbList\",\"@id\":\"https:\/\/sulsc.com\/index.php\/2023\/11\/07\/sobrevoo-registra-14-baleias-francas-na-costa-catarinense-no-ultimo-domingo\/#breadcrumb\",\"itemListElement\":[{\"@type\":\"ListItem\",\"position\":1,\"name\":\"In\u00edcio\",\"item\":\"https:\/\/sulsc.com\/\"},{\"@type\":\"ListItem\",\"position\":2,\"name\":\"Sobrevoo registra 14 baleias-francas na costa catarinense no \u00faltimo domingo\"}]},{\"@type\":\"WebSite\",\"@id\":\"https:\/\/sulsc.com\/#website\",\"url\":\"https:\/\/sulsc.com\/\",\"name\":\"\",\"description\":\"\",\"potentialAction\":[{\"@type\":\"SearchAction\",\"target\":{\"@type\":\"EntryPoint\",\"urlTemplate\":\"https:\/\/sulsc.com\/?s={search_term_string}\"},\"query-input\":\"required name=search_term_string\"}],\"inLanguage\":\"en-US\"},{\"@type\":\"Person\",\"@id\":\"https:\/\/sulsc.com\/#\/schema\/person\/84d2fc571684f6248ba83092f07750a3\",\"name\":\"Reda\u00e7\u00e3o Sul SC\",\"image\":{\"@type\":\"ImageObject\",\"inLanguage\":\"en-US\",\"@id\":\"https:\/\/sulsc.com\/#\/schema\/person\/image\/e08d7fe2cc4ed596372063bbe852b8d0\",\"url\":\"https:\/\/sulsc.com\/wp-content\/uploads\/2023\/09\/redacao.png\",\"contentUrl\":\"https:\/\/sulsc.com\/wp-content\/uploads\/2023\/09\/redacao.png\",\"caption\":\"Reda\u00e7\u00e3o Sul SC\"},\"description\":\"Foco em um jornalismo imparcial, voltado \u00e0 qualidade dos seus conte\u00fados e, assim, levar informa\u00e7\u00e3o de valor que agregue \u00e0 vida dos leitores. Esta \u00e9 grande miss\u00e3o do Portal de Not\u00edcias Sul SC. N\u00e3o \u00e9 quantidade que muda o mundo, sempre foi e seguir\u00e1 sendo qualidade!\",\"sameAs\":[\"https:\/\/sulsc.com\/\",\"https:\/\/www.facebook.com\/profile.php?id=61559278119680\",\"https:\/\/www.instagram.com\/sulscportal\/?hl=pt-br\",\"https:\/\/twitter.com\/https:\/\/twitter.com\/PortalSulSC\",\"https:\/\/www.youtube.com\/channel\/UCv_BE8GeySluDov2n8qhVmw\"],\"url\":\"https:\/\/sulsc.com\/index.php\/author\/redacao\/\"}]}<\/script>\n<!-- \/ Yoast SEO plugin. -->","yoast_head_json":{"title":"Sobrevoo registra 14 baleias-francas na costa catarinense no \u00faltimo domingo -","robots":{"index":"index","follow":"follow","max-snippet":"max-snippet:-1","max-image-preview":"max-image-preview:large","max-video-preview":"max-video-preview:-1"},"canonical":"https:\/\/sulsc.com\/index.php\/2023\/11\/07\/sobrevoo-registra-14-baleias-francas-na-costa-catarinense-no-ultimo-domingo\/","og_locale":"en_US","og_type":"article","og_title":"Sobrevoo registra 14 baleias-francas na costa catarinense no \u00faltimo domingo -","og_description":"O \u00faltimo sobrevoo da temporada 2023 de avistagem de baleias-francas em Santa Catarina constatou a presen\u00e7a de 14 gigantes da esp\u00e9cie (sete f\u00eameas acompanhadas de filhote \u2013 Fefis) no Litoral Sul do estado. O monitoramento de helic\u00f3ptero foi realizado neste domingo (5), ao longo de toda a \u00c1rea de Prote\u00e7\u00e3o Ambiental da Baleia Franca, que &hellip; Sobrevoo registra 14 baleias-francas na costa catarinense no \u00faltimo domingo Read More &raquo;","og_url":"https:\/\/sulsc.com\/index.php\/2023\/11\/07\/sobrevoo-registra-14-baleias-francas-na-costa-catarinense-no-ultimo-domingo\/","article_author":"https:\/\/www.facebook.com\/profile.php?id=61559278119680","article_published_time":"2023-11-07T17:30:23+00:00","article_modified_time":"2023-11-07T14:58:37+00:00","og_image":[{"width":1024,"height":683,"url":"https:\/\/sulsc.com\/wp-content\/uploads\/2023\/11\/Baleia-Franca.jpg","type":"image\/jpeg"}],"author":"Reda\u00e7\u00e3o Sul SC","twitter_card":"summary_large_image","twitter_creator":"@https:\/\/twitter.com\/PortalSulSC","twitter_misc":{"Written by":"Reda\u00e7\u00e3o Sul SC","Est. reading time":"3 minutes"},"schema":{"@context":"https:\/\/schema.org","@graph":[{"@type":"WebPage","@id":"https:\/\/sulsc.com\/index.php\/2023\/11\/07\/sobrevoo-registra-14-baleias-francas-na-costa-catarinense-no-ultimo-domingo\/","url":"https:\/\/sulsc.com\/index.php\/2023\/11\/07\/sobrevoo-registra-14-baleias-francas-na-costa-catarinense-no-ultimo-domingo\/","name":"Sobrevoo registra 14 baleias-francas na costa catarinense no \u00faltimo domingo -","isPartOf":{"@id":"https:\/\/sulsc.com\/#website"},"datePublished":"2023-11-07T17:30:23+00:00","dateModified":"2023-11-07T14:58:37+00:00","author":{"@id":"https:\/\/sulsc.com\/#\/schema\/person\/84d2fc571684f6248ba83092f07750a3"},"breadcrumb":{"@id":"https:\/\/sulsc.com\/index.php\/2023\/11\/07\/sobrevoo-registra-14-baleias-francas-na-costa-catarinense-no-ultimo-domingo\/#breadcrumb"},"inLanguage":"en-US","potentialAction":[{"@type":"ReadAction","target":["https:\/\/sulsc.com\/index.php\/2023\/11\/07\/sobrevoo-registra-14-baleias-francas-na-costa-catarinense-no-ultimo-domingo\/"]}]},{"@type":"BreadcrumbList","@id":"https:\/\/sulsc.com\/index.php\/2023\/11\/07\/sobrevoo-registra-14-baleias-francas-na-costa-catarinense-no-ultimo-domingo\/#breadcrumb","itemListElement":[{"@type":"ListItem","position":1,"name":"In\u00edcio","item":"https:\/\/sulsc.com\/"},{"@type":"ListItem","position":2,"name":"Sobrevoo registra 14 baleias-francas na costa catarinense no \u00faltimo domingo"}]},{"@type":"WebSite","@id":"https:\/\/sulsc.com\/#website","url":"https:\/\/sulsc.com\/","name":"","description":"","potentialAction":[{"@type":"SearchAction","target":{"@type":"EntryPoint","urlTemplate":"https:\/\/sulsc.com\/?s={search_term_string}"},"query-input":"required name=search_term_string"}],"inLanguage":"en-US"},{"@type":"Person","@id":"https:\/\/sulsc.com\/#\/schema\/person\/84d2fc571684f6248ba83092f07750a3","name":"Reda\u00e7\u00e3o Sul SC","image":{"@type":"ImageObject","inLanguage":"en-US","@id":"https:\/\/sulsc.com\/#\/schema\/person\/image\/e08d7fe2cc4ed596372063bbe852b8d0","url":"https:\/\/sulsc.com\/wp-content\/uploads\/2023\/09\/redacao.png","contentUrl":"https:\/\/sulsc.com\/wp-content\/uploads\/2023\/09\/redacao.png","caption":"Reda\u00e7\u00e3o Sul SC"},"description":"Foco em um jornalismo imparcial, voltado \u00e0 qualidade dos seus conte\u00fados e, assim, levar informa\u00e7\u00e3o de valor que agregue \u00e0 vida dos leitores. Esta \u00e9 grande miss\u00e3o do Portal de Not\u00edcias Sul SC. N\u00e3o \u00e9 quantidade que muda o mundo, sempre foi e seguir\u00e1 sendo qualidade!","sameAs":["https:\/\/sulsc.com\/","https:\/\/www.facebook.com\/profile.php?id=61559278119680","https:\/\/www.instagram.com\/sulscportal\/?hl=pt-br","https:\/\/twitter.com\/https:\/\/twitter.com\/PortalSulSC","https:\/\/www.youtube.com\/channel\/UCv_BE8GeySluDov2n8qhVmw"],"url":"https:\/\/sulsc.com\/index.php\/author\/redacao\/"}]}},"authors":[],"_links":{"self":[{"href":"https:\/\/sulsc.com\/index.php\/wp-json\/wp\/v2\/posts\/3462"}],"collection":[{"href":"https:\/\/sulsc.com\/index.php\/wp-json\/wp\/v2\/posts"}],"about":[{"href":"https:\/\/sulsc.com\/index.php\/wp-json\/wp\/v2\/types\/post"}],"author":[{"embeddable":true,"href":"https:\/\/sulsc.com\/index.php\/wp-json\/wp\/v2\/users\/3"}],"replies":[{"embeddable":true,"href":"https:\/\/sulsc.com\/index.php\/wp-json\/wp\/v2\/comments?post=3462"}],"version-history":[{"count":1,"href":"https:\/\/sulsc.com\/index.php\/wp-json\/wp\/v2\/posts\/3462\/revisions"}],"predecessor-version":[{"id":3464,"href":"https:\/\/sulsc.com\/index.php\/wp-json\/wp\/v2\/posts\/3462\/revisions\/3464"}],"wp:featuredmedia":[{"embeddable":true,"href":"https:\/\/sulsc.com\/index.php\/wp-json\/wp\/v2\/media\/3463"}],"wp:attachment":[{"href":"https:\/\/sulsc.com\/index.php\/wp-json\/wp\/v2\/media?parent=3462"}],"wp:term":[{"taxonomy":"category","embeddable":true,"href":"https:\/\/sulsc.com\/index.php\/wp-json\/wp\/v2\/categories?post=3462"},{"taxonomy":"post_tag","embeddable":true,"href":"https:\/\/sulsc.com\/index.php\/wp-json\/wp\/v2\/tags?post=3462"}],"curies":[{"name":"wp","href":"https:\/\/api.w.org\/{rel}","templated":true}]}}