{"id":35068,"date":"2026-08-31T09:16:16","date_gmt":"2026-08-31T12:16:16","guid":{"rendered":"https:\/\/sulsc.com\/?p=35068"},"modified":"2026-08-31T09:23:29","modified_gmt":"2026-08-31T12:23:29","slug":"ultimo-dia-do-mes-de-agosto-com-marcado-por-temporais-e-possibilidade-de-queda-de-granizo-em-sc","status":"publish","type":"post","link":"https:\/\/sulsc.com\/index.php\/2026\/08\/31\/ultimo-dia-do-mes-de-agosto-com-marcado-por-temporais-e-possibilidade-de-queda-de-granizo-em-sc\/","title":{"rendered":"\u00daltimo dia do m\u00eas de agosto marcado por temporais e possibilidade de queda de granizo em SC"},"content":{"rendered":"<p>Segunda-feira (31), durante todo dia condi\u00e7\u00e3o para chuva intensa e volumosa em todas as regi\u00f5es de SC, elevando o risco (alto a muito alto) para alagamentos, enxurradas e deslizamentos em todas as regi\u00f5es. Al\u00e9m dos volumes de chuva mais expressivos, as condi\u00e7\u00f5es para tempestades severas com raios, granizo e intensas rajadas de vento permanecem ao longo do dia, sobretudo nas \u00e1reas pr\u00f3ximas ao Paran\u00e1, com risco moderado a alto para ocorr\u00eancias associadas.<\/p>\n<div id=\"metaslider-id-25573\" style=\"width: 100%;\" class=\"ml-slider-3-99-0 metaslider metaslider-flex metaslider-25573 ml-slider has-onhover-arrows ms-theme-default-base has-dots-nav\" role=\"region\" aria-label=\"Meio\" data-width=\"1200\">\n    <div id=\"metaslider_container_25573\">\n        <div id=\"metaslider_25573\">\n            <ul class='slides'>\n                <li style=\"display: block; width: 100%;\" class=\"slide-25684 ms-image \" aria-roledescription=\"slide\" data-date=\"2025-07-24 07:55:40\"><img src=\"https:\/\/sulsc.com\/wp-content\/uploads\/2025\/07\/Marr-2-1000x166.jpg\" height=\"200\" width=\"1200\" alt=\"\" class=\"slider-25573 slide-25684 msDefaultImage\" title=\"Marr 2\" \/><\/li>\n                <li style=\"display: none; width: 100%;\" class=\"slide-32412 ms-image \" aria-roledescription=\"slide\" data-date=\"2026-02-18 13:59:46\"><img src=\"https:\/\/sulsc.com\/wp-content\/uploads\/2026\/02\/40dc1580-cad5-4867-bc58-c4243821ad38-1000x166.jpeg\" height=\"200\" width=\"1200\" alt=\"\" class=\"slider-25573 slide-32412 msDefaultImage\" title=\"40dc1580-cad5-4867-bc58-c4243821ad38\" \/><\/li>\n            <\/ul>\n        <\/div>\n        \n    <\/div>\n<\/div>\n<p><strong>Temperaturas<\/strong><\/p>\n<p>Pela manh\u00e3, as temperaturas variam entre 11\u00b0C e 18\u00b0C pelo estado. \u00c0 tarde, as temperaturas ficam mais amenas, com m\u00e1ximas entre 14\u00b0C e 18\u00b0C entre o Meio-Oeste e os Planaltos e de 18\u00b0C a 22\u00b0C no Litoral.<\/p>\n<p><img fetchpriority=\"high\" decoding=\"async\" class=\"aligncenter size-full wp-image-35069\" src=\"http:\/\/sulsc.com\/wp-content\/uploads\/2026\/08\/image-331.png\" alt=\"\" width=\"556\" height=\"377\" srcset=\"https:\/\/sulsc.com\/wp-content\/uploads\/2026\/08\/image-331.png 556w, https:\/\/sulsc.com\/wp-content\/uploads\/2026\/08\/image-331-300x203.png 300w\" sizes=\"(max-width: 556px) 100vw, 556px\" \/><\/p>\n<p><img decoding=\"async\" class=\"aligncenter size-full wp-image-35047\" src=\"http:\/\/sulsc.com\/wp-content\/uploads\/2026\/08\/image-245-1.png\" alt=\"\" width=\"2048\" height=\"441\" srcset=\"https:\/\/sulsc.com\/wp-content\/uploads\/2026\/08\/image-245-1.png 2048w, https:\/\/sulsc.com\/wp-content\/uploads\/2026\/08\/image-245-1-300x65.png 300w, https:\/\/sulsc.com\/wp-content\/uploads\/2026\/08\/image-245-1-1024x221.png 1024w, https:\/\/sulsc.com\/wp-content\/uploads\/2026\/08\/image-245-1-768x165.png 768w, https:\/\/sulsc.com\/wp-content\/uploads\/2026\/08\/image-245-1-1536x331.png 1536w\" sizes=\"(max-width: 2048px) 100vw, 2048px\" \/><\/p>\n<p><strong>Ventos:<\/strong> vari\u00e1vel, de sudeste a nordeste\/noroeste, fraco a moderado com rajadas fortes.<\/p>\n<p><strong>Sistema predominante:<\/strong> forma\u00e7\u00e3o de nova frente fria em SC e ciclone extratropical no leste do RS.<\/p>\n<p><strong>Amanh\u00e3 ter\u00e7a-feira (01\/09),<\/strong> maior parte do dia com muitas nuvens e chuva ocasional, em SC. Na parte da tarde chance de aberturas de sol no oeste e norte do estado, devido ao afastamento da frente fria e ao avan\u00e7o de uma massa de ar frio e seco pelo RS. As temperaturas continuam em decl\u00ednio, com m\u00ednimas de 5\u00b0C e 8\u00b0C nas \u00e1reas altas do estado e de 10\u00b0C nas demais regi\u00f5es, \u00e0 tarde as m\u00e1ximas variam de 20\u00b0C a 24\u00b0C.<\/p>\n<p>Fontes: Defesa Civil-SC\/Epagri-Ciram<\/p>\n","protected":false},"excerpt":{"rendered":"<p>Segunda-feira (31), durante todo dia condi\u00e7\u00e3o para chuva intensa e volumosa em todas as regi\u00f5es de SC, elevando o risco (alto a muito alto) para alagamentos, enxurradas e deslizamentos em todas as regi\u00f5es. Al\u00e9m dos volumes de chuva mais expressivos, as condi\u00e7\u00f5es para tempestades severas com raios, granizo e intensas rajadas de vento permanecem ao &hellip;<\/p>\n<p class=\"read-more\"> <a class=\"\" href=\"https:\/\/sulsc.com\/index.php\/2026\/08\/31\/ultimo-dia-do-mes-de-agosto-com-marcado-por-temporais-e-possibilidade-de-queda-de-granizo-em-sc\/\"> <span class=\"screen-reader-text\">\u00daltimo dia do m\u00eas de agosto marcado por temporais e possibilidade de queda de granizo em SC<\/span> Read More &raquo;<\/a><\/p>\n","protected":false},"author":3,"featured_media":1471,"comment_status":"open","ping_status":"open","sticky":false,"template":"","format":"standard","meta":{"site-sidebar-layout":"default","site-content-layout":"","ast-site-content-layout":"default","site-content-style":"default","site-sidebar-style":"default","ast-global-header-display":"","ast-banner-title-visibility":"","ast-main-header-display":"","ast-hfb-above-header-display":"","ast-hfb-below-header-display":"","ast-hfb-mobile-header-display":"","site-post-title":"","ast-breadcrumbs-content":"","ast-featured-img":"","footer-sml-layout":"","theme-transparent-header-meta":"default","adv-header-id-meta":"","stick-header-meta":"","header-above-stick-meta":"","header-main-stick-meta":"","header-below-stick-meta":"","astra-migrate-meta-layouts":"set","footnotes":""},"categories":[2354,2231,1,14,38,12],"tags":[90],"yoast_head":"<!-- This site is optimized with the Yoast SEO plugin v21.4 - https:\/\/yoast.com\/wordpress\/plugins\/seo\/ -->\n<title>\u00daltimo dia do m\u00eas de agosto marcado por temporais e possibilidade de queda de granizo em SC -<\/title>\n<meta name=\"robots\" content=\"index, follow, max-snippet:-1, max-image-preview:large, max-video-preview:-1\" \/>\n<link rel=\"canonical\" href=\"https:\/\/sulsc.com\/index.php\/2026\/08\/31\/ultimo-dia-do-mes-de-agosto-com-marcado-por-temporais-e-possibilidade-de-queda-de-granizo-em-sc\/\" \/>\n<meta property=\"og:locale\" content=\"en_US\" \/>\n<meta property=\"og:type\" content=\"article\" \/>\n<meta property=\"og:title\" content=\"\u00daltimo dia do m\u00eas de agosto marcado por temporais e possibilidade de queda de granizo em SC -\" \/>\n<meta property=\"og:description\" content=\"Segunda-feira (31), durante todo dia condi\u00e7\u00e3o para chuva intensa e volumosa em todas as regi\u00f5es de SC, elevando o risco (alto a muito alto) para alagamentos, enxurradas e deslizamentos em todas as regi\u00f5es. Al\u00e9m dos volumes de chuva mais expressivos, as condi\u00e7\u00f5es para tempestades severas com raios, granizo e intensas rajadas de vento permanecem ao &hellip; \u00daltimo dia do m\u00eas de agosto marcado por temporais e possibilidade de queda de granizo em SC Read More &raquo;\" \/>\n<meta property=\"og:url\" content=\"https:\/\/sulsc.com\/index.php\/2026\/08\/31\/ultimo-dia-do-mes-de-agosto-com-marcado-por-temporais-e-possibilidade-de-queda-de-granizo-em-sc\/\" \/>\n<meta property=\"article:author\" content=\"https:\/\/www.facebook.com\/profile.php?id=61559278119680\" \/>\n<meta property=\"article:published_time\" content=\"2026-08-31T12:16:16+00:00\" \/>\n<meta property=\"article:modified_time\" content=\"2026-08-31T12:23:29+00:00\" \/>\n<meta property=\"og:image\" content=\"http:\/\/sulsc.com\/wp-content\/uploads\/2023\/09\/temporal-scaled.jpg\" \/>\n\t<meta property=\"og:image:width\" content=\"2560\" \/>\n\t<meta property=\"og:image:height\" content=\"2106\" \/>\n\t<meta property=\"og:image:type\" content=\"image\/jpeg\" \/>\n<meta name=\"author\" content=\"Reda\u00e7\u00e3o Sul SC\" \/>\n<meta name=\"twitter:card\" content=\"summary_large_image\" \/>\n<meta name=\"twitter:creator\" content=\"@https:\/\/twitter.com\/PortalSulSC\" \/>\n<meta name=\"twitter:label1\" content=\"Written by\" \/>\n\t<meta name=\"twitter:data1\" content=\"Reda\u00e7\u00e3o Sul SC\" \/>\n\t<meta name=\"twitter:label2\" content=\"Est. reading time\" \/>\n\t<meta name=\"twitter:data2\" content=\"2 minutes\" \/>\n<script type=\"application\/ld+json\" class=\"yoast-schema-graph\">{\"@context\":\"https:\/\/schema.org\",\"@graph\":[{\"@type\":\"WebPage\",\"@id\":\"https:\/\/sulsc.com\/index.php\/2026\/08\/31\/ultimo-dia-do-mes-de-agosto-com-marcado-por-temporais-e-possibilidade-de-queda-de-granizo-em-sc\/\",\"url\":\"https:\/\/sulsc.com\/index.php\/2026\/08\/31\/ultimo-dia-do-mes-de-agosto-com-marcado-por-temporais-e-possibilidade-de-queda-de-granizo-em-sc\/\",\"name\":\"\u00daltimo dia do m\u00eas de agosto marcado por temporais e possibilidade de queda de granizo em SC -\",\"isPartOf\":{\"@id\":\"https:\/\/sulsc.com\/#website\"},\"datePublished\":\"2026-08-31T12:16:16+00:00\",\"dateModified\":\"2026-08-31T12:23:29+00:00\",\"author\":{\"@id\":\"https:\/\/sulsc.com\/#\/schema\/person\/84d2fc571684f6248ba83092f07750a3\"},\"breadcrumb\":{\"@id\":\"https:\/\/sulsc.com\/index.php\/2026\/08\/31\/ultimo-dia-do-mes-de-agosto-com-marcado-por-temporais-e-possibilidade-de-queda-de-granizo-em-sc\/#breadcrumb\"},\"inLanguage\":\"en-US\",\"potentialAction\":[{\"@type\":\"ReadAction\",\"target\":[\"https:\/\/sulsc.com\/index.php\/2026\/08\/31\/ultimo-dia-do-mes-de-agosto-com-marcado-por-temporais-e-possibilidade-de-queda-de-granizo-em-sc\/\"]}]},{\"@type\":\"BreadcrumbList\",\"@id\":\"https:\/\/sulsc.com\/index.php\/2026\/08\/31\/ultimo-dia-do-mes-de-agosto-com-marcado-por-temporais-e-possibilidade-de-queda-de-granizo-em-sc\/#breadcrumb\",\"itemListElement\":[{\"@type\":\"ListItem\",\"position\":1,\"name\":\"In\u00edcio\",\"item\":\"https:\/\/sulsc.com\/\"},{\"@type\":\"ListItem\",\"position\":2,\"name\":\"\u00daltimo dia do m\u00eas de agosto marcado por temporais e possibilidade de queda de granizo em SC\"}]},{\"@type\":\"WebSite\",\"@id\":\"https:\/\/sulsc.com\/#website\",\"url\":\"https:\/\/sulsc.com\/\",\"name\":\"\",\"description\":\"\",\"potentialAction\":[{\"@type\":\"SearchAction\",\"target\":{\"@type\":\"EntryPoint\",\"urlTemplate\":\"https:\/\/sulsc.com\/?s={search_term_string}\"},\"query-input\":\"required name=search_term_string\"}],\"inLanguage\":\"en-US\"},{\"@type\":\"Person\",\"@id\":\"https:\/\/sulsc.com\/#\/schema\/person\/84d2fc571684f6248ba83092f07750a3\",\"name\":\"Reda\u00e7\u00e3o Sul SC\",\"image\":{\"@type\":\"ImageObject\",\"inLanguage\":\"en-US\",\"@id\":\"https:\/\/sulsc.com\/#\/schema\/person\/image\/e08d7fe2cc4ed596372063bbe852b8d0\",\"url\":\"https:\/\/sulsc.com\/wp-content\/uploads\/2023\/09\/redacao.png\",\"contentUrl\":\"https:\/\/sulsc.com\/wp-content\/uploads\/2023\/09\/redacao.png\",\"caption\":\"Reda\u00e7\u00e3o Sul SC\"},\"description\":\"Foco em um jornalismo imparcial, voltado \u00e0 qualidade dos seus conte\u00fados e, assim, levar informa\u00e7\u00e3o de valor que agregue \u00e0 vida dos leitores. Esta \u00e9 grande miss\u00e3o do Portal de Not\u00edcias Sul SC. N\u00e3o \u00e9 quantidade que muda o mundo, sempre foi e seguir\u00e1 sendo qualidade!\",\"sameAs\":[\"https:\/\/sulsc.com\/\",\"https:\/\/www.facebook.com\/profile.php?id=61559278119680\",\"https:\/\/www.instagram.com\/sulscportal\/?hl=pt-br\",\"https:\/\/twitter.com\/https:\/\/twitter.com\/PortalSulSC\",\"https:\/\/www.youtube.com\/channel\/UCv_BE8GeySluDov2n8qhVmw\"],\"url\":\"https:\/\/sulsc.com\/index.php\/author\/redacao\/\"}]}<\/script>\n<!-- \/ Yoast SEO plugin. -->","yoast_head_json":{"title":"\u00daltimo dia do m\u00eas de agosto marcado por temporais e possibilidade de queda de granizo em SC -","robots":{"index":"index","follow":"follow","max-snippet":"max-snippet:-1","max-image-preview":"max-image-preview:large","max-video-preview":"max-video-preview:-1"},"canonical":"https:\/\/sulsc.com\/index.php\/2026\/08\/31\/ultimo-dia-do-mes-de-agosto-com-marcado-por-temporais-e-possibilidade-de-queda-de-granizo-em-sc\/","og_locale":"en_US","og_type":"article","og_title":"\u00daltimo dia do m\u00eas de agosto marcado por temporais e possibilidade de queda de granizo em SC -","og_description":"Segunda-feira (31), durante todo dia condi\u00e7\u00e3o para chuva intensa e volumosa em todas as regi\u00f5es de SC, elevando o risco (alto a muito alto) para alagamentos, enxurradas e deslizamentos em todas as regi\u00f5es. Al\u00e9m dos volumes de chuva mais expressivos, as condi\u00e7\u00f5es para tempestades severas com raios, granizo e intensas rajadas de vento permanecem ao &hellip; \u00daltimo dia do m\u00eas de agosto marcado por temporais e possibilidade de queda de granizo em SC Read More &raquo;","og_url":"https:\/\/sulsc.com\/index.php\/2026\/08\/31\/ultimo-dia-do-mes-de-agosto-com-marcado-por-temporais-e-possibilidade-de-queda-de-granizo-em-sc\/","article_author":"https:\/\/www.facebook.com\/profile.php?id=61559278119680","article_published_time":"2026-08-31T12:16:16+00:00","article_modified_time":"2026-08-31T12:23:29+00:00","og_image":[{"width":2560,"height":2106,"url":"http:\/\/sulsc.com\/wp-content\/uploads\/2023\/09\/temporal-scaled.jpg","type":"image\/jpeg"}],"author":"Reda\u00e7\u00e3o Sul SC","twitter_card":"summary_large_image","twitter_creator":"@https:\/\/twitter.com\/PortalSulSC","twitter_misc":{"Written by":"Reda\u00e7\u00e3o Sul SC","Est. reading time":"2 minutes"},"schema":{"@context":"https:\/\/schema.org","@graph":[{"@type":"WebPage","@id":"https:\/\/sulsc.com\/index.php\/2026\/08\/31\/ultimo-dia-do-mes-de-agosto-com-marcado-por-temporais-e-possibilidade-de-queda-de-granizo-em-sc\/","url":"https:\/\/sulsc.com\/index.php\/2026\/08\/31\/ultimo-dia-do-mes-de-agosto-com-marcado-por-temporais-e-possibilidade-de-queda-de-granizo-em-sc\/","name":"\u00daltimo dia do m\u00eas de agosto marcado por temporais e possibilidade de queda de granizo em SC -","isPartOf":{"@id":"https:\/\/sulsc.com\/#website"},"datePublished":"2026-08-31T12:16:16+00:00","dateModified":"2026-08-31T12:23:29+00:00","author":{"@id":"https:\/\/sulsc.com\/#\/schema\/person\/84d2fc571684f6248ba83092f07750a3"},"breadcrumb":{"@id":"https:\/\/sulsc.com\/index.php\/2026\/08\/31\/ultimo-dia-do-mes-de-agosto-com-marcado-por-temporais-e-possibilidade-de-queda-de-granizo-em-sc\/#breadcrumb"},"inLanguage":"en-US","potentialAction":[{"@type":"ReadAction","target":["https:\/\/sulsc.com\/index.php\/2026\/08\/31\/ultimo-dia-do-mes-de-agosto-com-marcado-por-temporais-e-possibilidade-de-queda-de-granizo-em-sc\/"]}]},{"@type":"BreadcrumbList","@id":"https:\/\/sulsc.com\/index.php\/2026\/08\/31\/ultimo-dia-do-mes-de-agosto-com-marcado-por-temporais-e-possibilidade-de-queda-de-granizo-em-sc\/#breadcrumb","itemListElement":[{"@type":"ListItem","position":1,"name":"In\u00edcio","item":"https:\/\/sulsc.com\/"},{"@type":"ListItem","position":2,"name":"\u00daltimo dia do m\u00eas de agosto marcado por temporais e possibilidade de queda de granizo em SC"}]},{"@type":"WebSite","@id":"https:\/\/sulsc.com\/#website","url":"https:\/\/sulsc.com\/","name":"","description":"","potentialAction":[{"@type":"SearchAction","target":{"@type":"EntryPoint","urlTemplate":"https:\/\/sulsc.com\/?s={search_term_string}"},"query-input":"required name=search_term_string"}],"inLanguage":"en-US"},{"@type":"Person","@id":"https:\/\/sulsc.com\/#\/schema\/person\/84d2fc571684f6248ba83092f07750a3","name":"Reda\u00e7\u00e3o Sul SC","image":{"@type":"ImageObject","inLanguage":"en-US","@id":"https:\/\/sulsc.com\/#\/schema\/person\/image\/e08d7fe2cc4ed596372063bbe852b8d0","url":"https:\/\/sulsc.com\/wp-content\/uploads\/2023\/09\/redacao.png","contentUrl":"https:\/\/sulsc.com\/wp-content\/uploads\/2023\/09\/redacao.png","caption":"Reda\u00e7\u00e3o Sul SC"},"description":"Foco em um jornalismo imparcial, voltado \u00e0 qualidade dos seus conte\u00fados e, assim, levar informa\u00e7\u00e3o de valor que agregue \u00e0 vida dos leitores. Esta \u00e9 grande miss\u00e3o do Portal de Not\u00edcias Sul SC. N\u00e3o \u00e9 quantidade que muda o mundo, sempre foi e seguir\u00e1 sendo qualidade!","sameAs":["https:\/\/sulsc.com\/","https:\/\/www.facebook.com\/profile.php?id=61559278119680","https:\/\/www.instagram.com\/sulscportal\/?hl=pt-br","https:\/\/twitter.com\/https:\/\/twitter.com\/PortalSulSC","https:\/\/www.youtube.com\/channel\/UCv_BE8GeySluDov2n8qhVmw"],"url":"https:\/\/sulsc.com\/index.php\/author\/redacao\/"}]}},"authors":[],"_links":{"self":[{"href":"https:\/\/sulsc.com\/index.php\/wp-json\/wp\/v2\/posts\/35068"}],"collection":[{"href":"https:\/\/sulsc.com\/index.php\/wp-json\/wp\/v2\/posts"}],"about":[{"href":"https:\/\/sulsc.com\/index.php\/wp-json\/wp\/v2\/types\/post"}],"author":[{"embeddable":true,"href":"https:\/\/sulsc.com\/index.php\/wp-json\/wp\/v2\/users\/3"}],"replies":[{"embeddable":true,"href":"https:\/\/sulsc.com\/index.php\/wp-json\/wp\/v2\/comments?post=35068"}],"version-history":[{"count":3,"href":"https:\/\/sulsc.com\/index.php\/wp-json\/wp\/v2\/posts\/35068\/revisions"}],"predecessor-version":[{"id":35072,"href":"https:\/\/sulsc.com\/index.php\/wp-json\/wp\/v2\/posts\/35068\/revisions\/35072"}],"wp:featuredmedia":[{"embeddable":true,"href":"https:\/\/sulsc.com\/index.php\/wp-json\/wp\/v2\/media\/1471"}],"wp:attachment":[{"href":"https:\/\/sulsc.com\/index.php\/wp-json\/wp\/v2\/media?parent=35068"}],"wp:term":[{"taxonomy":"category","embeddable":true,"href":"https:\/\/sulsc.com\/index.php\/wp-json\/wp\/v2\/categories?post=35068"},{"taxonomy":"post_tag","embeddable":true,"href":"https:\/\/sulsc.com\/index.php\/wp-json\/wp\/v2\/tags?post=35068"}],"curies":[{"name":"wp","href":"https:\/\/api.w.org\/{rel}","templated":true}]}}