{"id":35073,"date":"2026-08-31T10:00:32","date_gmt":"2026-08-31T13:00:32","guid":{"rendered":"https:\/\/sulsc.com\/?p=35073"},"modified":"2026-08-31T10:00:32","modified_gmt":"2026-08-31T13:00:32","slug":"mulher-de-23-anos-e-presa-por-divida-de-pensao-alimenticia-em-tubarao","status":"publish","type":"post","link":"https:\/\/sulsc.com\/index.php\/2026\/08\/31\/mulher-de-23-anos-e-presa-por-divida-de-pensao-alimenticia-em-tubarao\/","title":{"rendered":"Mulher de 23 anos \u00e9 presa por d\u00edvida de pens\u00e3o aliment\u00edcia em Tubar\u00e3o"},"content":{"rendered":"<p>No inicio da noite deste domingo 30, uma mulher de 23 anos foi presa pela Pol\u00edcia Militar\u00a0 no bairro Oficinas, em Tubar\u00e3o. Contra ela havia um mandado de pris\u00e3o relacionado ao n\u00e3o pagamento de pens\u00e3o aliment\u00edcia.<\/p>\n<div id=\"metaslider-id-25573\" style=\"width: 100%;\" class=\"ml-slider-3-99-0 metaslider metaslider-flex metaslider-25573 ml-slider has-onhover-arrows ms-theme-default-base has-dots-nav\" role=\"region\" aria-label=\"Meio\" data-width=\"1200\">\n    <div id=\"metaslider_container_25573\">\n        <div id=\"metaslider_25573\">\n            <ul class='slides'>\n                <li style=\"display: block; width: 100%;\" class=\"slide-25684 ms-image \" aria-roledescription=\"slide\" data-date=\"2025-07-24 07:55:40\"><img src=\"https:\/\/sulsc.com\/wp-content\/uploads\/2025\/07\/Marr-2-1000x166.jpg\" height=\"200\" width=\"1200\" alt=\"\" class=\"slider-25573 slide-25684 msDefaultImage\" title=\"Marr 2\" \/><\/li>\n                <li style=\"display: none; width: 100%;\" class=\"slide-32412 ms-image \" aria-roledescription=\"slide\" data-date=\"2026-02-18 13:59:46\"><img src=\"https:\/\/sulsc.com\/wp-content\/uploads\/2026\/02\/40dc1580-cad5-4867-bc58-c4243821ad38-1000x166.jpeg\" height=\"200\" width=\"1200\" alt=\"\" class=\"slider-25573 slide-32412 msDefaultImage\" title=\"40dc1580-cad5-4867-bc58-c4243821ad38\" \/><\/li>\n            <\/ul>\n        <\/div>\n        \n    <\/div>\n<\/div>\n<p>A pris\u00e3o foi registrada por volta das 18h32, Conforme as informa\u00e7\u00f5es repassadas pela pol\u00edcia, a equipe j\u00e1 tinha conhecimento da ordem judicial e encontrou a mulher nas proximidades de sua resid\u00eancia.<\/p>\n<p>Durante a abordagem, os policiais comunicaram a exist\u00eancia do mandado e deram voz de pris\u00e3o. Na sequ\u00eancia, a mulher foi encaminhada ao Pres\u00eddio Feminino, onde permaneceu \u00e0 disposi\u00e7\u00e3o do Poder Judici\u00e1rio para os procedimentos previstos em lei.<\/p>\n<p><img fetchpriority=\"high\" decoding=\"async\" class=\"aligncenter size-full wp-image-16614\" src=\"http:\/\/sulsc.com\/wp-content\/uploads\/2024\/10\/Policia-Militar.png\" alt=\"\" width=\"1080\" height=\"614\" srcset=\"https:\/\/sulsc.com\/wp-content\/uploads\/2024\/10\/Policia-Militar.png 1080w, https:\/\/sulsc.com\/wp-content\/uploads\/2024\/10\/Policia-Militar-300x171.png 300w, https:\/\/sulsc.com\/wp-content\/uploads\/2024\/10\/Policia-Militar-1024x582.png 1024w, https:\/\/sulsc.com\/wp-content\/uploads\/2024\/10\/Policia-Militar-768x437.png 768w\" sizes=\"(max-width: 1080px) 100vw, 1080px\" \/><\/p>\n<p>PMSC\/Divulga\u00e7\u00e3o\/SulSC<\/p>\n<p>Foto Capa\/Ilustrativa<\/p>\n","protected":false},"excerpt":{"rendered":"<p>No inicio da noite deste domingo 30, uma mulher de 23 anos foi presa pela Pol\u00edcia Militar\u00a0 no bairro Oficinas, em Tubar\u00e3o. Contra ela havia um mandado de pris\u00e3o relacionado ao n\u00e3o pagamento de pens\u00e3o aliment\u00edcia. A pris\u00e3o foi registrada por volta das 18h32, Conforme as informa\u00e7\u00f5es repassadas pela pol\u00edcia, a equipe j\u00e1 tinha conhecimento &hellip;<\/p>\n<p class=\"read-more\"> <a class=\"\" href=\"https:\/\/sulsc.com\/index.php\/2026\/08\/31\/mulher-de-23-anos-e-presa-por-divida-de-pensao-alimenticia-em-tubarao\/\"> <span class=\"screen-reader-text\">Mulher de 23 anos \u00e9 presa por d\u00edvida de pens\u00e3o aliment\u00edcia em Tubar\u00e3o<\/span> Read More &raquo;<\/a><\/p>\n","protected":false},"author":3,"featured_media":35074,"comment_status":"open","ping_status":"open","sticky":false,"template":"","format":"standard","meta":{"site-sidebar-layout":"default","site-content-layout":"","ast-site-content-layout":"default","site-content-style":"default","site-sidebar-style":"default","ast-global-header-display":"","ast-banner-title-visibility":"","ast-main-header-display":"","ast-hfb-above-header-display":"","ast-hfb-below-header-display":"","ast-hfb-mobile-header-display":"","site-post-title":"","ast-breadcrumbs-content":"","ast-featured-img":"","footer-sml-layout":"","theme-transparent-header-meta":"default","adv-header-id-meta":"","stick-header-meta":"","header-above-stick-meta":"","header-main-stick-meta":"","header-below-stick-meta":"","astra-migrate-meta-layouts":"set","footnotes":""},"categories":[2231,1,14,8,21,12],"tags":[2840],"yoast_head":"<!-- This site is optimized with the Yoast SEO plugin v21.4 - https:\/\/yoast.com\/wordpress\/plugins\/seo\/ -->\n<title>Mulher de 23 anos \u00e9 presa por d\u00edvida de pens\u00e3o aliment\u00edcia em Tubar\u00e3o -<\/title>\n<meta name=\"robots\" content=\"index, follow, max-snippet:-1, max-image-preview:large, max-video-preview:-1\" \/>\n<link rel=\"canonical\" href=\"https:\/\/sulsc.com\/index.php\/2026\/08\/31\/mulher-de-23-anos-e-presa-por-divida-de-pensao-alimenticia-em-tubarao\/\" \/>\n<meta property=\"og:locale\" content=\"en_US\" \/>\n<meta property=\"og:type\" content=\"article\" \/>\n<meta property=\"og:title\" content=\"Mulher de 23 anos \u00e9 presa por d\u00edvida de pens\u00e3o aliment\u00edcia em Tubar\u00e3o -\" \/>\n<meta property=\"og:description\" content=\"No inicio da noite deste domingo 30, uma mulher de 23 anos foi presa pela Pol\u00edcia Militar\u00a0 no bairro Oficinas, em Tubar\u00e3o. Contra ela havia um mandado de pris\u00e3o relacionado ao n\u00e3o pagamento de pens\u00e3o aliment\u00edcia. A pris\u00e3o foi registrada por volta das 18h32, Conforme as informa\u00e7\u00f5es repassadas pela pol\u00edcia, a equipe j\u00e1 tinha conhecimento &hellip; Mulher de 23 anos \u00e9 presa por d\u00edvida de pens\u00e3o aliment\u00edcia em Tubar\u00e3o Read More &raquo;\" \/>\n<meta property=\"og:url\" content=\"https:\/\/sulsc.com\/index.php\/2026\/08\/31\/mulher-de-23-anos-e-presa-por-divida-de-pensao-alimenticia-em-tubarao\/\" \/>\n<meta property=\"article:author\" content=\"https:\/\/www.facebook.com\/profile.php?id=61559278119680\" \/>\n<meta property=\"article:published_time\" content=\"2026-08-31T13:00:32+00:00\" \/>\n<meta property=\"og:image\" content=\"http:\/\/sulsc.com\/wp-content\/uploads\/2026\/08\/205710d7-38b3-4d9a-8625-b51361f88dfb.jpg\" \/>\n\t<meta property=\"og:image:width\" content=\"563\" \/>\n\t<meta property=\"og:image:height\" content=\"375\" \/>\n\t<meta property=\"og:image:type\" content=\"image\/jpeg\" \/>\n<meta name=\"author\" content=\"Reda\u00e7\u00e3o Sul SC\" \/>\n<meta name=\"twitter:card\" content=\"summary_large_image\" \/>\n<meta name=\"twitter:creator\" content=\"@https:\/\/twitter.com\/PortalSulSC\" \/>\n<meta name=\"twitter:label1\" content=\"Written by\" \/>\n\t<meta name=\"twitter:data1\" content=\"Reda\u00e7\u00e3o Sul SC\" \/>\n\t<meta name=\"twitter:label2\" content=\"Est. reading time\" \/>\n\t<meta name=\"twitter:data2\" content=\"1 minute\" \/>\n<script type=\"application\/ld+json\" class=\"yoast-schema-graph\">{\"@context\":\"https:\/\/schema.org\",\"@graph\":[{\"@type\":\"WebPage\",\"@id\":\"https:\/\/sulsc.com\/index.php\/2026\/08\/31\/mulher-de-23-anos-e-presa-por-divida-de-pensao-alimenticia-em-tubarao\/\",\"url\":\"https:\/\/sulsc.com\/index.php\/2026\/08\/31\/mulher-de-23-anos-e-presa-por-divida-de-pensao-alimenticia-em-tubarao\/\",\"name\":\"Mulher de 23 anos \u00e9 presa por d\u00edvida de pens\u00e3o aliment\u00edcia em Tubar\u00e3o -\",\"isPartOf\":{\"@id\":\"https:\/\/sulsc.com\/#website\"},\"datePublished\":\"2026-08-31T13:00:32+00:00\",\"dateModified\":\"2026-08-31T13:00:32+00:00\",\"author\":{\"@id\":\"https:\/\/sulsc.com\/#\/schema\/person\/84d2fc571684f6248ba83092f07750a3\"},\"breadcrumb\":{\"@id\":\"https:\/\/sulsc.com\/index.php\/2026\/08\/31\/mulher-de-23-anos-e-presa-por-divida-de-pensao-alimenticia-em-tubarao\/#breadcrumb\"},\"inLanguage\":\"en-US\",\"potentialAction\":[{\"@type\":\"ReadAction\",\"target\":[\"https:\/\/sulsc.com\/index.php\/2026\/08\/31\/mulher-de-23-anos-e-presa-por-divida-de-pensao-alimenticia-em-tubarao\/\"]}]},{\"@type\":\"BreadcrumbList\",\"@id\":\"https:\/\/sulsc.com\/index.php\/2026\/08\/31\/mulher-de-23-anos-e-presa-por-divida-de-pensao-alimenticia-em-tubarao\/#breadcrumb\",\"itemListElement\":[{\"@type\":\"ListItem\",\"position\":1,\"name\":\"In\u00edcio\",\"item\":\"https:\/\/sulsc.com\/\"},{\"@type\":\"ListItem\",\"position\":2,\"name\":\"Mulher de 23 anos \u00e9 presa por d\u00edvida de pens\u00e3o aliment\u00edcia em Tubar\u00e3o\"}]},{\"@type\":\"WebSite\",\"@id\":\"https:\/\/sulsc.com\/#website\",\"url\":\"https:\/\/sulsc.com\/\",\"name\":\"\",\"description\":\"\",\"potentialAction\":[{\"@type\":\"SearchAction\",\"target\":{\"@type\":\"EntryPoint\",\"urlTemplate\":\"https:\/\/sulsc.com\/?s={search_term_string}\"},\"query-input\":\"required name=search_term_string\"}],\"inLanguage\":\"en-US\"},{\"@type\":\"Person\",\"@id\":\"https:\/\/sulsc.com\/#\/schema\/person\/84d2fc571684f6248ba83092f07750a3\",\"name\":\"Reda\u00e7\u00e3o Sul SC\",\"image\":{\"@type\":\"ImageObject\",\"inLanguage\":\"en-US\",\"@id\":\"https:\/\/sulsc.com\/#\/schema\/person\/image\/e08d7fe2cc4ed596372063bbe852b8d0\",\"url\":\"https:\/\/sulsc.com\/wp-content\/uploads\/2023\/09\/redacao.png\",\"contentUrl\":\"https:\/\/sulsc.com\/wp-content\/uploads\/2023\/09\/redacao.png\",\"caption\":\"Reda\u00e7\u00e3o Sul SC\"},\"description\":\"Foco em um jornalismo imparcial, voltado \u00e0 qualidade dos seus conte\u00fados e, assim, levar informa\u00e7\u00e3o de valor que agregue \u00e0 vida dos leitores. Esta \u00e9 grande miss\u00e3o do Portal de Not\u00edcias Sul SC. N\u00e3o \u00e9 quantidade que muda o mundo, sempre foi e seguir\u00e1 sendo qualidade!\",\"sameAs\":[\"https:\/\/sulsc.com\/\",\"https:\/\/www.facebook.com\/profile.php?id=61559278119680\",\"https:\/\/www.instagram.com\/sulscportal\/?hl=pt-br\",\"https:\/\/twitter.com\/https:\/\/twitter.com\/PortalSulSC\",\"https:\/\/www.youtube.com\/channel\/UCv_BE8GeySluDov2n8qhVmw\"],\"url\":\"https:\/\/sulsc.com\/index.php\/author\/redacao\/\"}]}<\/script>\n<!-- \/ Yoast SEO plugin. -->","yoast_head_json":{"title":"Mulher de 23 anos \u00e9 presa por d\u00edvida de pens\u00e3o aliment\u00edcia em Tubar\u00e3o -","robots":{"index":"index","follow":"follow","max-snippet":"max-snippet:-1","max-image-preview":"max-image-preview:large","max-video-preview":"max-video-preview:-1"},"canonical":"https:\/\/sulsc.com\/index.php\/2026\/08\/31\/mulher-de-23-anos-e-presa-por-divida-de-pensao-alimenticia-em-tubarao\/","og_locale":"en_US","og_type":"article","og_title":"Mulher de 23 anos \u00e9 presa por d\u00edvida de pens\u00e3o aliment\u00edcia em Tubar\u00e3o -","og_description":"No inicio da noite deste domingo 30, uma mulher de 23 anos foi presa pela Pol\u00edcia Militar\u00a0 no bairro Oficinas, em Tubar\u00e3o. Contra ela havia um mandado de pris\u00e3o relacionado ao n\u00e3o pagamento de pens\u00e3o aliment\u00edcia. A pris\u00e3o foi registrada por volta das 18h32, Conforme as informa\u00e7\u00f5es repassadas pela pol\u00edcia, a equipe j\u00e1 tinha conhecimento &hellip; Mulher de 23 anos \u00e9 presa por d\u00edvida de pens\u00e3o aliment\u00edcia em Tubar\u00e3o Read More &raquo;","og_url":"https:\/\/sulsc.com\/index.php\/2026\/08\/31\/mulher-de-23-anos-e-presa-por-divida-de-pensao-alimenticia-em-tubarao\/","article_author":"https:\/\/www.facebook.com\/profile.php?id=61559278119680","article_published_time":"2026-08-31T13:00:32+00:00","og_image":[{"width":563,"height":375,"url":"http:\/\/sulsc.com\/wp-content\/uploads\/2026\/08\/205710d7-38b3-4d9a-8625-b51361f88dfb.jpg","type":"image\/jpeg"}],"author":"Reda\u00e7\u00e3o Sul SC","twitter_card":"summary_large_image","twitter_creator":"@https:\/\/twitter.com\/PortalSulSC","twitter_misc":{"Written by":"Reda\u00e7\u00e3o Sul SC","Est. reading time":"1 minute"},"schema":{"@context":"https:\/\/schema.org","@graph":[{"@type":"WebPage","@id":"https:\/\/sulsc.com\/index.php\/2026\/08\/31\/mulher-de-23-anos-e-presa-por-divida-de-pensao-alimenticia-em-tubarao\/","url":"https:\/\/sulsc.com\/index.php\/2026\/08\/31\/mulher-de-23-anos-e-presa-por-divida-de-pensao-alimenticia-em-tubarao\/","name":"Mulher de 23 anos \u00e9 presa por d\u00edvida de pens\u00e3o aliment\u00edcia em Tubar\u00e3o -","isPartOf":{"@id":"https:\/\/sulsc.com\/#website"},"datePublished":"2026-08-31T13:00:32+00:00","dateModified":"2026-08-31T13:00:32+00:00","author":{"@id":"https:\/\/sulsc.com\/#\/schema\/person\/84d2fc571684f6248ba83092f07750a3"},"breadcrumb":{"@id":"https:\/\/sulsc.com\/index.php\/2026\/08\/31\/mulher-de-23-anos-e-presa-por-divida-de-pensao-alimenticia-em-tubarao\/#breadcrumb"},"inLanguage":"en-US","potentialAction":[{"@type":"ReadAction","target":["https:\/\/sulsc.com\/index.php\/2026\/08\/31\/mulher-de-23-anos-e-presa-por-divida-de-pensao-alimenticia-em-tubarao\/"]}]},{"@type":"BreadcrumbList","@id":"https:\/\/sulsc.com\/index.php\/2026\/08\/31\/mulher-de-23-anos-e-presa-por-divida-de-pensao-alimenticia-em-tubarao\/#breadcrumb","itemListElement":[{"@type":"ListItem","position":1,"name":"In\u00edcio","item":"https:\/\/sulsc.com\/"},{"@type":"ListItem","position":2,"name":"Mulher de 23 anos \u00e9 presa por d\u00edvida de pens\u00e3o aliment\u00edcia em Tubar\u00e3o"}]},{"@type":"WebSite","@id":"https:\/\/sulsc.com\/#website","url":"https:\/\/sulsc.com\/","name":"","description":"","potentialAction":[{"@type":"SearchAction","target":{"@type":"EntryPoint","urlTemplate":"https:\/\/sulsc.com\/?s={search_term_string}"},"query-input":"required name=search_term_string"}],"inLanguage":"en-US"},{"@type":"Person","@id":"https:\/\/sulsc.com\/#\/schema\/person\/84d2fc571684f6248ba83092f07750a3","name":"Reda\u00e7\u00e3o Sul SC","image":{"@type":"ImageObject","inLanguage":"en-US","@id":"https:\/\/sulsc.com\/#\/schema\/person\/image\/e08d7fe2cc4ed596372063bbe852b8d0","url":"https:\/\/sulsc.com\/wp-content\/uploads\/2023\/09\/redacao.png","contentUrl":"https:\/\/sulsc.com\/wp-content\/uploads\/2023\/09\/redacao.png","caption":"Reda\u00e7\u00e3o Sul SC"},"description":"Foco em um jornalismo imparcial, voltado \u00e0 qualidade dos seus conte\u00fados e, assim, levar informa\u00e7\u00e3o de valor que agregue \u00e0 vida dos leitores. Esta \u00e9 grande miss\u00e3o do Portal de Not\u00edcias Sul SC. N\u00e3o \u00e9 quantidade que muda o mundo, sempre foi e seguir\u00e1 sendo qualidade!","sameAs":["https:\/\/sulsc.com\/","https:\/\/www.facebook.com\/profile.php?id=61559278119680","https:\/\/www.instagram.com\/sulscportal\/?hl=pt-br","https:\/\/twitter.com\/https:\/\/twitter.com\/PortalSulSC","https:\/\/www.youtube.com\/channel\/UCv_BE8GeySluDov2n8qhVmw"],"url":"https:\/\/sulsc.com\/index.php\/author\/redacao\/"}]}},"authors":[],"_links":{"self":[{"href":"https:\/\/sulsc.com\/index.php\/wp-json\/wp\/v2\/posts\/35073"}],"collection":[{"href":"https:\/\/sulsc.com\/index.php\/wp-json\/wp\/v2\/posts"}],"about":[{"href":"https:\/\/sulsc.com\/index.php\/wp-json\/wp\/v2\/types\/post"}],"author":[{"embeddable":true,"href":"https:\/\/sulsc.com\/index.php\/wp-json\/wp\/v2\/users\/3"}],"replies":[{"embeddable":true,"href":"https:\/\/sulsc.com\/index.php\/wp-json\/wp\/v2\/comments?post=35073"}],"version-history":[{"count":1,"href":"https:\/\/sulsc.com\/index.php\/wp-json\/wp\/v2\/posts\/35073\/revisions"}],"predecessor-version":[{"id":35075,"href":"https:\/\/sulsc.com\/index.php\/wp-json\/wp\/v2\/posts\/35073\/revisions\/35075"}],"wp:featuredmedia":[{"embeddable":true,"href":"https:\/\/sulsc.com\/index.php\/wp-json\/wp\/v2\/media\/35074"}],"wp:attachment":[{"href":"https:\/\/sulsc.com\/index.php\/wp-json\/wp\/v2\/media?parent=35073"}],"wp:term":[{"taxonomy":"category","embeddable":true,"href":"https:\/\/sulsc.com\/index.php\/wp-json\/wp\/v2\/categories?post=35073"},{"taxonomy":"post_tag","embeddable":true,"href":"https:\/\/sulsc.com\/index.php\/wp-json\/wp\/v2\/tags?post=35073"}],"curies":[{"name":"wp","href":"https:\/\/api.w.org\/{rel}","templated":true}]}}