{"id":35076,"date":"2026-08-31T10:14:03","date_gmt":"2026-08-31T13:14:03","guid":{"rendered":"https:\/\/sulsc.com\/?p=35076"},"modified":"2026-08-31T10:14:03","modified_gmt":"2026-08-31T13:14:03","slug":"ultimo-lote-de-restituicao-do-ir-2026-e-pago-pela-receita-federal-nesta-segunda-feira-31","status":"publish","type":"post","link":"https:\/\/sulsc.com\/index.php\/2026\/08\/31\/ultimo-lote-de-restituicao-do-ir-2026-e-pago-pela-receita-federal-nesta-segunda-feira-31\/","title":{"rendered":"\u00daltimo lote de restitui\u00e7\u00e3o do IR 2026 \u00e9 pago pela Receita Federal nesta segunda-feira 31"},"content":{"rendered":"<p>Nesta segunda-feira (31), cerca de 500 mil contribuintes recebem, o quarto e \u00faltimo lote de restitui\u00e7\u00e3o do Imposto de Renda 2026. Ao longo do dia, a Receita Federal liberar\u00e1 R$ 1,24 bilh\u00e3o a 521.935 pessoas.<\/p>\n<p>O pagamento tamb\u00e9m contempla restitui\u00e7\u00f5es residuais de anos anteriores. Do R$ 1,24 bilh\u00e3o desse lote, R$ 704,12 milh\u00f5es ir\u00e3o para contribuintes com prioridade legal no reembolso.<\/p>\n<div id=\"metaslider-id-25573\" style=\"width: 100%;\" class=\"ml-slider-3-99-0 metaslider metaslider-flex metaslider-25573 ml-slider has-onhover-arrows ms-theme-default-base has-dots-nav\" role=\"region\" aria-label=\"Meio\" data-width=\"1200\">\n    <div id=\"metaslider_container_25573\">\n        <div id=\"metaslider_25573\">\n            <ul class='slides'>\n                <li style=\"display: block; width: 100%;\" class=\"slide-25684 ms-image \" aria-roledescription=\"slide\" data-date=\"2025-07-24 07:55:40\"><img src=\"https:\/\/sulsc.com\/wp-content\/uploads\/2025\/07\/Marr-2-1000x166.jpg\" height=\"200\" width=\"1200\" alt=\"\" class=\"slider-25573 slide-25684 msDefaultImage\" title=\"Marr 2\" \/><\/li>\n                <li style=\"display: none; width: 100%;\" class=\"slide-32412 ms-image \" aria-roledescription=\"slide\" data-date=\"2026-02-18 13:59:46\"><img src=\"https:\/\/sulsc.com\/wp-content\/uploads\/2026\/02\/40dc1580-cad5-4867-bc58-c4243821ad38-1000x166.jpeg\" height=\"200\" width=\"1200\" alt=\"\" class=\"slider-25573 slide-32412 msDefaultImage\" title=\"40dc1580-cad5-4867-bc58-c4243821ad38\" \/><\/li>\n            <\/ul>\n        <\/div>\n        \n    <\/div>\n<\/div>\n<p>A consulta est\u00e1 dispon\u00edvel desde o \u00faltimo dia 24, na p\u00e1gina da Receita Federal na internet. Basta o contribuinte clicar em \u201cMeu Imposto de Renda\u201d e, em seguida, no bot\u00e3o \u201cConsultar a Restitui\u00e7\u00e3o\u201d. Tamb\u00e9m \u00e9 poss\u00edvel fazer a consulta no aplicativo da Receita Federal para tablets e smartphones.<\/p>\n<p><strong>As restitui\u00e7\u00f5es est\u00e3o distribu\u00eddas da seguinte forma:<\/strong><\/p>\n<p>338.912 contribuintes que usaram a declara\u00e7\u00e3o pr\u00e9-preenchida e\/ou optaram simultaneamente por receber a restitui\u00e7\u00e3o via Pix (prioridade n\u00e3o determinada por lei);<br \/>\n86.873 contribuintes de 60 a 79 anos (prioridade legal);<br \/>\n43.502 contribuintes n\u00e3o priorit\u00e1rios;<br \/>\n26.769 contribuintes cuja maior fonte de renda seja o magist\u00e9rio (prioridade legal);<br \/>\n16.850 contribuintes acima de 80 anos (prioridade legal);<br \/>\n9.029 contribuintes com defici\u00eancia f\u00edsica ou mental ou doen\u00e7a grave (prioridade legal).<\/p>\n<p>O pagamento ser\u00e1 feito na conta ou na chave Pix do tipo CPF informada na declara\u00e7\u00e3o do Imposto de Renda. Caso o contribuinte n\u00e3o esteja na lista, dever\u00e1 entrar no\u00a0<strong><a href=\"https:\/\/cav.receita.fazenda.gov.br\/\" target=\"_blank\" rel=\"noopener\">Centro Virtual de Atendimento ao Contribuinte (e-CAC)<\/a><\/strong>\u00a0e tirar o extrato da declara\u00e7\u00e3o. Se verificar uma pend\u00eancia, pode enviar uma declara\u00e7\u00e3o retificadora e esperar os pr\u00f3ximos lotes.<\/p>\n<p>Se, por algum motivo, a restitui\u00e7\u00e3o n\u00e3o for depositada na conta informada na declara\u00e7\u00e3o, como no caso de conta desativada, os valores ficar\u00e3o dispon\u00edveis para resgate por at\u00e9 um ano no Banco do Brasil.<\/p>\n<p>Nesse caso, o cidad\u00e3o poder\u00e1 agendar o cr\u00e9dito em qualquer conta banc\u00e1ria em seu nome, por meio do\u00a0<strong><a href=\"https:\/\/www.bb.com.br\/irpf\" target=\"_blank\" rel=\"noopener\">Portal BB<\/a>\u00a0<\/strong>ou ligando para a Central de Relacionamento do banco, <strong>nos telefones 4004-0001 (capitais), 0800-729-0001 (demais localidades) e 0800-729-0088 (telefone especial exclusivo para deficientes auditivos)<\/strong>.<\/p>\n<p>Caso o contribuinte n\u00e3o resgate o valor de sua restitui\u00e7\u00e3o depois de um ano, dever\u00e1 requerer o valor no Portal e-CAC. Ao entrar na p\u00e1gina, o cidad\u00e3o deve acessando o menu <strong>\u201cDeclara\u00e7\u00f5es e Demonstrativos\u201d, clicar em \u201cMeu Imposto de Renda\u201d<\/strong> e, em seguida, no campo <strong>&#8220;Solicitar restitui\u00e7\u00e3o n\u00e3o resgatada na rede banc\u00e1ria&#8221;<\/strong>.<\/p>\n<p>&nbsp;<\/p>\n<p><img fetchpriority=\"high\" decoding=\"async\" class=\"size-full wp-image-3161\" style=\"font-style: inherit; font-weight: bold; text-align: center;\" src=\"http:\/\/sulsc.com\/wp-content\/uploads\/2023\/10\/imposto-de-renda.jpg\" alt=\"\" width=\"1170\" height=\"700\" srcset=\"https:\/\/sulsc.com\/wp-content\/uploads\/2023\/10\/imposto-de-renda.jpg 1170w, https:\/\/sulsc.com\/wp-content\/uploads\/2023\/10\/imposto-de-renda-300x179.jpg 300w, https:\/\/sulsc.com\/wp-content\/uploads\/2023\/10\/imposto-de-renda-1024x613.jpg 1024w, https:\/\/sulsc.com\/wp-content\/uploads\/2023\/10\/imposto-de-renda-768x459.jpg 768w\" sizes=\"(max-width: 1170px) 100vw, 1170px\" \/><\/p>\n<p>Imagem\/Divulga\u00e7\u00e3o<\/p>\n","protected":false},"excerpt":{"rendered":"<p>Nesta segunda-feira (31), cerca de 500 mil contribuintes recebem, o quarto e \u00faltimo lote de restitui\u00e7\u00e3o do Imposto de Renda 2026. Ao longo do dia, a Receita Federal liberar\u00e1 R$ 1,24 bilh\u00e3o a 521.935 pessoas. O pagamento tamb\u00e9m contempla restitui\u00e7\u00f5es residuais de anos anteriores. Do R$ 1,24 bilh\u00e3o desse lote, R$ 704,12 milh\u00f5es ir\u00e3o para &hellip;<\/p>\n<p class=\"read-more\"> <a class=\"\" href=\"https:\/\/sulsc.com\/index.php\/2026\/08\/31\/ultimo-lote-de-restituicao-do-ir-2026-e-pago-pela-receita-federal-nesta-segunda-feira-31\/\"> <span class=\"screen-reader-text\">\u00daltimo lote de restitui\u00e7\u00e3o do IR 2026 \u00e9 pago pela Receita Federal nesta segunda-feira 31<\/span> Read More &raquo;<\/a><\/p>\n","protected":false},"author":3,"featured_media":35077,"comment_status":"open","ping_status":"open","sticky":false,"template":"","format":"standard","meta":{"site-sidebar-layout":"default","site-content-layout":"","ast-site-content-layout":"default","site-content-style":"default","site-sidebar-style":"default","ast-global-header-display":"","ast-banner-title-visibility":"","ast-main-header-display":"","ast-hfb-above-header-display":"","ast-hfb-below-header-display":"","ast-hfb-mobile-header-display":"","site-post-title":"","ast-breadcrumbs-content":"","ast-featured-img":"","footer-sml-layout":"","theme-transparent-header-meta":"default","adv-header-id-meta":"","stick-header-meta":"","header-above-stick-meta":"","header-main-stick-meta":"","header-below-stick-meta":"","astra-migrate-meta-layouts":"set","footnotes":""},"categories":[11,1,15,12],"tags":[79,1457],"yoast_head":"<!-- This site is optimized with the Yoast SEO plugin v21.4 - https:\/\/yoast.com\/wordpress\/plugins\/seo\/ -->\n<title>\u00daltimo lote de restitui\u00e7\u00e3o do IR 2026 \u00e9 pago pela Receita Federal nesta segunda-feira 31 -<\/title>\n<meta name=\"robots\" content=\"index, follow, max-snippet:-1, max-image-preview:large, max-video-preview:-1\" \/>\n<link rel=\"canonical\" href=\"https:\/\/sulsc.com\/index.php\/2026\/08\/31\/ultimo-lote-de-restituicao-do-ir-2026-e-pago-pela-receita-federal-nesta-segunda-feira-31\/\" \/>\n<meta property=\"og:locale\" content=\"en_US\" \/>\n<meta property=\"og:type\" content=\"article\" \/>\n<meta property=\"og:title\" content=\"\u00daltimo lote de restitui\u00e7\u00e3o do IR 2026 \u00e9 pago pela Receita Federal nesta segunda-feira 31 -\" \/>\n<meta property=\"og:description\" content=\"Nesta segunda-feira (31), cerca de 500 mil contribuintes recebem, o quarto e \u00faltimo lote de restitui\u00e7\u00e3o do Imposto de Renda 2026. Ao longo do dia, a Receita Federal liberar\u00e1 R$ 1,24 bilh\u00e3o a 521.935 pessoas. O pagamento tamb\u00e9m contempla restitui\u00e7\u00f5es residuais de anos anteriores. Do R$ 1,24 bilh\u00e3o desse lote, R$ 704,12 milh\u00f5es ir\u00e3o para &hellip; \u00daltimo lote de restitui\u00e7\u00e3o do IR 2026 \u00e9 pago pela Receita Federal nesta segunda-feira 31 Read More &raquo;\" \/>\n<meta property=\"og:url\" content=\"https:\/\/sulsc.com\/index.php\/2026\/08\/31\/ultimo-lote-de-restituicao-do-ir-2026-e-pago-pela-receita-federal-nesta-segunda-feira-31\/\" \/>\n<meta property=\"article:author\" content=\"https:\/\/www.facebook.com\/profile.php?id=61559278119680\" \/>\n<meta property=\"article:published_time\" content=\"2026-08-31T13:14:03+00:00\" \/>\n<meta property=\"og:image\" content=\"http:\/\/sulsc.com\/wp-content\/uploads\/2026\/08\/2ce3be3c-1b0d-4cb5-bac0-6122430e61be.jpg\" \/>\n\t<meta property=\"og:image:width\" content=\"1600\" \/>\n\t<meta property=\"og:image:height\" content=\"987\" \/>\n\t<meta property=\"og:image:type\" content=\"image\/jpeg\" \/>\n<meta name=\"author\" content=\"Reda\u00e7\u00e3o Sul SC\" \/>\n<meta name=\"twitter:card\" content=\"summary_large_image\" \/>\n<meta name=\"twitter:creator\" content=\"@https:\/\/twitter.com\/PortalSulSC\" \/>\n<meta name=\"twitter:label1\" content=\"Written by\" \/>\n\t<meta name=\"twitter:data1\" content=\"Reda\u00e7\u00e3o Sul SC\" \/>\n\t<meta name=\"twitter:label2\" content=\"Est. reading time\" \/>\n\t<meta name=\"twitter:data2\" content=\"2 minutes\" \/>\n<script type=\"application\/ld+json\" class=\"yoast-schema-graph\">{\"@context\":\"https:\/\/schema.org\",\"@graph\":[{\"@type\":\"WebPage\",\"@id\":\"https:\/\/sulsc.com\/index.php\/2026\/08\/31\/ultimo-lote-de-restituicao-do-ir-2026-e-pago-pela-receita-federal-nesta-segunda-feira-31\/\",\"url\":\"https:\/\/sulsc.com\/index.php\/2026\/08\/31\/ultimo-lote-de-restituicao-do-ir-2026-e-pago-pela-receita-federal-nesta-segunda-feira-31\/\",\"name\":\"\u00daltimo lote de restitui\u00e7\u00e3o do IR 2026 \u00e9 pago pela Receita Federal nesta segunda-feira 31 -\",\"isPartOf\":{\"@id\":\"https:\/\/sulsc.com\/#website\"},\"datePublished\":\"2026-08-31T13:14:03+00:00\",\"dateModified\":\"2026-08-31T13:14:03+00:00\",\"author\":{\"@id\":\"https:\/\/sulsc.com\/#\/schema\/person\/84d2fc571684f6248ba83092f07750a3\"},\"breadcrumb\":{\"@id\":\"https:\/\/sulsc.com\/index.php\/2026\/08\/31\/ultimo-lote-de-restituicao-do-ir-2026-e-pago-pela-receita-federal-nesta-segunda-feira-31\/#breadcrumb\"},\"inLanguage\":\"en-US\",\"potentialAction\":[{\"@type\":\"ReadAction\",\"target\":[\"https:\/\/sulsc.com\/index.php\/2026\/08\/31\/ultimo-lote-de-restituicao-do-ir-2026-e-pago-pela-receita-federal-nesta-segunda-feira-31\/\"]}]},{\"@type\":\"BreadcrumbList\",\"@id\":\"https:\/\/sulsc.com\/index.php\/2026\/08\/31\/ultimo-lote-de-restituicao-do-ir-2026-e-pago-pela-receita-federal-nesta-segunda-feira-31\/#breadcrumb\",\"itemListElement\":[{\"@type\":\"ListItem\",\"position\":1,\"name\":\"In\u00edcio\",\"item\":\"https:\/\/sulsc.com\/\"},{\"@type\":\"ListItem\",\"position\":2,\"name\":\"\u00daltimo lote de restitui\u00e7\u00e3o do IR 2026 \u00e9 pago pela Receita Federal nesta segunda-feira 31\"}]},{\"@type\":\"WebSite\",\"@id\":\"https:\/\/sulsc.com\/#website\",\"url\":\"https:\/\/sulsc.com\/\",\"name\":\"\",\"description\":\"\",\"potentialAction\":[{\"@type\":\"SearchAction\",\"target\":{\"@type\":\"EntryPoint\",\"urlTemplate\":\"https:\/\/sulsc.com\/?s={search_term_string}\"},\"query-input\":\"required name=search_term_string\"}],\"inLanguage\":\"en-US\"},{\"@type\":\"Person\",\"@id\":\"https:\/\/sulsc.com\/#\/schema\/person\/84d2fc571684f6248ba83092f07750a3\",\"name\":\"Reda\u00e7\u00e3o Sul SC\",\"image\":{\"@type\":\"ImageObject\",\"inLanguage\":\"en-US\",\"@id\":\"https:\/\/sulsc.com\/#\/schema\/person\/image\/e08d7fe2cc4ed596372063bbe852b8d0\",\"url\":\"https:\/\/sulsc.com\/wp-content\/uploads\/2023\/09\/redacao.png\",\"contentUrl\":\"https:\/\/sulsc.com\/wp-content\/uploads\/2023\/09\/redacao.png\",\"caption\":\"Reda\u00e7\u00e3o Sul SC\"},\"description\":\"Foco em um jornalismo imparcial, voltado \u00e0 qualidade dos seus conte\u00fados e, assim, levar informa\u00e7\u00e3o de valor que agregue \u00e0 vida dos leitores. Esta \u00e9 grande miss\u00e3o do Portal de Not\u00edcias Sul SC. N\u00e3o \u00e9 quantidade que muda o mundo, sempre foi e seguir\u00e1 sendo qualidade!\",\"sameAs\":[\"https:\/\/sulsc.com\/\",\"https:\/\/www.facebook.com\/profile.php?id=61559278119680\",\"https:\/\/www.instagram.com\/sulscportal\/?hl=pt-br\",\"https:\/\/twitter.com\/https:\/\/twitter.com\/PortalSulSC\",\"https:\/\/www.youtube.com\/channel\/UCv_BE8GeySluDov2n8qhVmw\"],\"url\":\"https:\/\/sulsc.com\/index.php\/author\/redacao\/\"}]}<\/script>\n<!-- \/ Yoast SEO plugin. -->","yoast_head_json":{"title":"\u00daltimo lote de restitui\u00e7\u00e3o do IR 2026 \u00e9 pago pela Receita Federal nesta segunda-feira 31 -","robots":{"index":"index","follow":"follow","max-snippet":"max-snippet:-1","max-image-preview":"max-image-preview:large","max-video-preview":"max-video-preview:-1"},"canonical":"https:\/\/sulsc.com\/index.php\/2026\/08\/31\/ultimo-lote-de-restituicao-do-ir-2026-e-pago-pela-receita-federal-nesta-segunda-feira-31\/","og_locale":"en_US","og_type":"article","og_title":"\u00daltimo lote de restitui\u00e7\u00e3o do IR 2026 \u00e9 pago pela Receita Federal nesta segunda-feira 31 -","og_description":"Nesta segunda-feira (31), cerca de 500 mil contribuintes recebem, o quarto e \u00faltimo lote de restitui\u00e7\u00e3o do Imposto de Renda 2026. Ao longo do dia, a Receita Federal liberar\u00e1 R$ 1,24 bilh\u00e3o a 521.935 pessoas. O pagamento tamb\u00e9m contempla restitui\u00e7\u00f5es residuais de anos anteriores. Do R$ 1,24 bilh\u00e3o desse lote, R$ 704,12 milh\u00f5es ir\u00e3o para &hellip; \u00daltimo lote de restitui\u00e7\u00e3o do IR 2026 \u00e9 pago pela Receita Federal nesta segunda-feira 31 Read More &raquo;","og_url":"https:\/\/sulsc.com\/index.php\/2026\/08\/31\/ultimo-lote-de-restituicao-do-ir-2026-e-pago-pela-receita-federal-nesta-segunda-feira-31\/","article_author":"https:\/\/www.facebook.com\/profile.php?id=61559278119680","article_published_time":"2026-08-31T13:14:03+00:00","og_image":[{"width":1600,"height":987,"url":"http:\/\/sulsc.com\/wp-content\/uploads\/2026\/08\/2ce3be3c-1b0d-4cb5-bac0-6122430e61be.jpg","type":"image\/jpeg"}],"author":"Reda\u00e7\u00e3o Sul SC","twitter_card":"summary_large_image","twitter_creator":"@https:\/\/twitter.com\/PortalSulSC","twitter_misc":{"Written by":"Reda\u00e7\u00e3o Sul SC","Est. reading time":"2 minutes"},"schema":{"@context":"https:\/\/schema.org","@graph":[{"@type":"WebPage","@id":"https:\/\/sulsc.com\/index.php\/2026\/08\/31\/ultimo-lote-de-restituicao-do-ir-2026-e-pago-pela-receita-federal-nesta-segunda-feira-31\/","url":"https:\/\/sulsc.com\/index.php\/2026\/08\/31\/ultimo-lote-de-restituicao-do-ir-2026-e-pago-pela-receita-federal-nesta-segunda-feira-31\/","name":"\u00daltimo lote de restitui\u00e7\u00e3o do IR 2026 \u00e9 pago pela Receita Federal nesta segunda-feira 31 -","isPartOf":{"@id":"https:\/\/sulsc.com\/#website"},"datePublished":"2026-08-31T13:14:03+00:00","dateModified":"2026-08-31T13:14:03+00:00","author":{"@id":"https:\/\/sulsc.com\/#\/schema\/person\/84d2fc571684f6248ba83092f07750a3"},"breadcrumb":{"@id":"https:\/\/sulsc.com\/index.php\/2026\/08\/31\/ultimo-lote-de-restituicao-do-ir-2026-e-pago-pela-receita-federal-nesta-segunda-feira-31\/#breadcrumb"},"inLanguage":"en-US","potentialAction":[{"@type":"ReadAction","target":["https:\/\/sulsc.com\/index.php\/2026\/08\/31\/ultimo-lote-de-restituicao-do-ir-2026-e-pago-pela-receita-federal-nesta-segunda-feira-31\/"]}]},{"@type":"BreadcrumbList","@id":"https:\/\/sulsc.com\/index.php\/2026\/08\/31\/ultimo-lote-de-restituicao-do-ir-2026-e-pago-pela-receita-federal-nesta-segunda-feira-31\/#breadcrumb","itemListElement":[{"@type":"ListItem","position":1,"name":"In\u00edcio","item":"https:\/\/sulsc.com\/"},{"@type":"ListItem","position":2,"name":"\u00daltimo lote de restitui\u00e7\u00e3o do IR 2026 \u00e9 pago pela Receita Federal nesta segunda-feira 31"}]},{"@type":"WebSite","@id":"https:\/\/sulsc.com\/#website","url":"https:\/\/sulsc.com\/","name":"","description":"","potentialAction":[{"@type":"SearchAction","target":{"@type":"EntryPoint","urlTemplate":"https:\/\/sulsc.com\/?s={search_term_string}"},"query-input":"required name=search_term_string"}],"inLanguage":"en-US"},{"@type":"Person","@id":"https:\/\/sulsc.com\/#\/schema\/person\/84d2fc571684f6248ba83092f07750a3","name":"Reda\u00e7\u00e3o Sul SC","image":{"@type":"ImageObject","inLanguage":"en-US","@id":"https:\/\/sulsc.com\/#\/schema\/person\/image\/e08d7fe2cc4ed596372063bbe852b8d0","url":"https:\/\/sulsc.com\/wp-content\/uploads\/2023\/09\/redacao.png","contentUrl":"https:\/\/sulsc.com\/wp-content\/uploads\/2023\/09\/redacao.png","caption":"Reda\u00e7\u00e3o Sul SC"},"description":"Foco em um jornalismo imparcial, voltado \u00e0 qualidade dos seus conte\u00fados e, assim, levar informa\u00e7\u00e3o de valor que agregue \u00e0 vida dos leitores. Esta \u00e9 grande miss\u00e3o do Portal de Not\u00edcias Sul SC. N\u00e3o \u00e9 quantidade que muda o mundo, sempre foi e seguir\u00e1 sendo qualidade!","sameAs":["https:\/\/sulsc.com\/","https:\/\/www.facebook.com\/profile.php?id=61559278119680","https:\/\/www.instagram.com\/sulscportal\/?hl=pt-br","https:\/\/twitter.com\/https:\/\/twitter.com\/PortalSulSC","https:\/\/www.youtube.com\/channel\/UCv_BE8GeySluDov2n8qhVmw"],"url":"https:\/\/sulsc.com\/index.php\/author\/redacao\/"}]}},"authors":[],"_links":{"self":[{"href":"https:\/\/sulsc.com\/index.php\/wp-json\/wp\/v2\/posts\/35076"}],"collection":[{"href":"https:\/\/sulsc.com\/index.php\/wp-json\/wp\/v2\/posts"}],"about":[{"href":"https:\/\/sulsc.com\/index.php\/wp-json\/wp\/v2\/types\/post"}],"author":[{"embeddable":true,"href":"https:\/\/sulsc.com\/index.php\/wp-json\/wp\/v2\/users\/3"}],"replies":[{"embeddable":true,"href":"https:\/\/sulsc.com\/index.php\/wp-json\/wp\/v2\/comments?post=35076"}],"version-history":[{"count":1,"href":"https:\/\/sulsc.com\/index.php\/wp-json\/wp\/v2\/posts\/35076\/revisions"}],"predecessor-version":[{"id":35078,"href":"https:\/\/sulsc.com\/index.php\/wp-json\/wp\/v2\/posts\/35076\/revisions\/35078"}],"wp:featuredmedia":[{"embeddable":true,"href":"https:\/\/sulsc.com\/index.php\/wp-json\/wp\/v2\/media\/35077"}],"wp:attachment":[{"href":"https:\/\/sulsc.com\/index.php\/wp-json\/wp\/v2\/media?parent=35076"}],"wp:term":[{"taxonomy":"category","embeddable":true,"href":"https:\/\/sulsc.com\/index.php\/wp-json\/wp\/v2\/categories?post=35076"},{"taxonomy":"post_tag","embeddable":true,"href":"https:\/\/sulsc.com\/index.php\/wp-json\/wp\/v2\/tags?post=35076"}],"curies":[{"name":"wp","href":"https:\/\/api.w.org\/{rel}","templated":true}]}}