{"id":35079,"date":"2026-08-31T10:35:33","date_gmt":"2026-08-31T13:35:33","guid":{"rendered":"https:\/\/sulsc.com\/?p=35079"},"modified":"2026-08-31T10:35:33","modified_gmt":"2026-08-31T13:35:33","slug":"hercilio-luz-vence-o-metropolitano-e-comeca-copa-santa-catarina-com-o-pe-direito","status":"publish","type":"post","link":"https:\/\/sulsc.com\/index.php\/2026\/08\/31\/hercilio-luz-vence-o-metropolitano-e-comeca-copa-santa-catarina-com-o-pe-direito\/","title":{"rendered":"Herc\u00edlio Luz vence o Metropolitano e come\u00e7a Copa Santa Catarina com o p\u00e9 direito"},"content":{"rendered":"<p>O Herc\u00edlio Luz iniciou sua campanha na Copa Santa Catarina 2026 com uma vit\u00f3ria diante do Metropolitano. Jogando em casa, no Est\u00e1dio An\u00edbal Torres Costa, em Tubar\u00e3o, o Le\u00e3o do Sul venceu por 4 a 2 neste domingo (30).<\/p>\n<div id=\"metaslider-id-25573\" style=\"width: 100%;\" class=\"ml-slider-3-99-0 metaslider metaslider-flex metaslider-25573 ml-slider has-onhover-arrows ms-theme-default-base has-dots-nav\" role=\"region\" aria-label=\"Meio\" data-width=\"1200\">\n    <div id=\"metaslider_container_25573\">\n        <div id=\"metaslider_25573\">\n            <ul class='slides'>\n                <li style=\"display: block; width: 100%;\" class=\"slide-25684 ms-image \" aria-roledescription=\"slide\" data-date=\"2025-07-24 07:55:40\"><img src=\"https:\/\/sulsc.com\/wp-content\/uploads\/2025\/07\/Marr-2-1000x166.jpg\" height=\"200\" width=\"1200\" alt=\"\" class=\"slider-25573 slide-25684 msDefaultImage\" title=\"Marr 2\" \/><\/li>\n                <li style=\"display: none; width: 100%;\" class=\"slide-32412 ms-image \" aria-roledescription=\"slide\" data-date=\"2026-02-18 13:59:46\"><img src=\"https:\/\/sulsc.com\/wp-content\/uploads\/2026\/02\/40dc1580-cad5-4867-bc58-c4243821ad38-1000x166.jpeg\" height=\"200\" width=\"1200\" alt=\"\" class=\"slider-25573 slide-32412 msDefaultImage\" title=\"40dc1580-cad5-4867-bc58-c4243821ad38\" \/><\/li>\n            <\/ul>\n        <\/div>\n        \n    <\/div>\n<\/div>\n<p>Nando foi o destaque da partida ao balan\u00e7ar as redes duas vezes. Miguel e Daniel tamb\u00e9m marcaram para a equipe tubaronense e ajudaram a confirmar o triunfo na primeira rodada do torneio.<\/p>\n<p>Pelo lado do Metropolitano, Rodrigo Gaia anotou os dois gols da equipe visitante.<\/p>\n<p>Com o resultado, o Herc\u00edlio Luz somou tr\u00eas pontos e aparece na parte de cima da tabela, dividindo a lideran\u00e7a com o Marc\u00edlio Dias. O time tamb\u00e9m venceu na estreia pelo placar de 4 a 2.<\/p>\n<p><img fetchpriority=\"high\" decoding=\"async\" class=\"aligncenter size-full wp-image-35080\" src=\"http:\/\/sulsc.com\/wp-content\/uploads\/2026\/08\/a0b03512-c201-4127-8f9d-6d28d2aeabdf.jpg\" alt=\"\" width=\"720\" height=\"480\" srcset=\"https:\/\/sulsc.com\/wp-content\/uploads\/2026\/08\/a0b03512-c201-4127-8f9d-6d28d2aeabdf.jpg 720w, https:\/\/sulsc.com\/wp-content\/uploads\/2026\/08\/a0b03512-c201-4127-8f9d-6d28d2aeabdf-300x200.jpg 300w\" sizes=\"(max-width: 720px) 100vw, 720px\" \/><\/p>\n<p>Fotos\/Divulga\u00e7\u00e3o\/Redes Sociais<\/p>\n","protected":false},"excerpt":{"rendered":"<p>O Herc\u00edlio Luz iniciou sua campanha na Copa Santa Catarina 2026 com uma vit\u00f3ria diante do Metropolitano. Jogando em casa, no Est\u00e1dio An\u00edbal Torres Costa, em Tubar\u00e3o, o Le\u00e3o do Sul venceu por 4 a 2 neste domingo (30). Nando foi o destaque da partida ao balan\u00e7ar as redes duas vezes. Miguel e Daniel tamb\u00e9m &hellip;<\/p>\n<p class=\"read-more\"> <a class=\"\" href=\"https:\/\/sulsc.com\/index.php\/2026\/08\/31\/hercilio-luz-vence-o-metropolitano-e-comeca-copa-santa-catarina-com-o-pe-direito\/\"> <span class=\"screen-reader-text\">Herc\u00edlio Luz vence o Metropolitano e come\u00e7a Copa Santa Catarina com o p\u00e9 direito<\/span> Read More &raquo;<\/a><\/p>\n","protected":false},"author":3,"featured_media":35081,"comment_status":"open","ping_status":"open","sticky":false,"template":"","format":"standard","meta":{"site-sidebar-layout":"default","site-content-layout":"","ast-site-content-layout":"default","site-content-style":"default","site-sidebar-style":"default","ast-global-header-display":"","ast-banner-title-visibility":"","ast-main-header-display":"","ast-hfb-above-header-display":"","ast-hfb-below-header-display":"","ast-hfb-mobile-header-display":"","site-post-title":"","ast-breadcrumbs-content":"","ast-featured-img":"","footer-sml-layout":"","theme-transparent-header-meta":"default","adv-header-id-meta":"","stick-header-meta":"","header-above-stick-meta":"","header-main-stick-meta":"","header-below-stick-meta":"","astra-migrate-meta-layouts":"set","footnotes":""},"categories":[2231,10,14,21,12],"tags":[375,339,340],"yoast_head":"<!-- This site is optimized with the Yoast SEO plugin v21.4 - https:\/\/yoast.com\/wordpress\/plugins\/seo\/ -->\n<title>Herc\u00edlio Luz vence o Metropolitano e come\u00e7a Copa Santa Catarina com o p\u00e9 direito -<\/title>\n<meta name=\"robots\" content=\"index, follow, max-snippet:-1, max-image-preview:large, max-video-preview:-1\" \/>\n<link rel=\"canonical\" href=\"https:\/\/sulsc.com\/index.php\/2026\/08\/31\/hercilio-luz-vence-o-metropolitano-e-comeca-copa-santa-catarina-com-o-pe-direito\/\" \/>\n<meta property=\"og:locale\" content=\"en_US\" \/>\n<meta property=\"og:type\" content=\"article\" \/>\n<meta property=\"og:title\" content=\"Herc\u00edlio Luz vence o Metropolitano e come\u00e7a Copa Santa Catarina com o p\u00e9 direito -\" \/>\n<meta property=\"og:description\" content=\"O Herc\u00edlio Luz iniciou sua campanha na Copa Santa Catarina 2026 com uma vit\u00f3ria diante do Metropolitano. Jogando em casa, no Est\u00e1dio An\u00edbal Torres Costa, em Tubar\u00e3o, o Le\u00e3o do Sul venceu por 4 a 2 neste domingo (30). Nando foi o destaque da partida ao balan\u00e7ar as redes duas vezes. Miguel e Daniel tamb\u00e9m &hellip; Herc\u00edlio Luz vence o Metropolitano e come\u00e7a Copa Santa Catarina com o p\u00e9 direito Read More &raquo;\" \/>\n<meta property=\"og:url\" content=\"https:\/\/sulsc.com\/index.php\/2026\/08\/31\/hercilio-luz-vence-o-metropolitano-e-comeca-copa-santa-catarina-com-o-pe-direito\/\" \/>\n<meta property=\"article:author\" content=\"https:\/\/www.facebook.com\/profile.php?id=61559278119680\" \/>\n<meta property=\"article:published_time\" content=\"2026-08-31T13:35:33+00:00\" \/>\n<meta property=\"og:image\" content=\"http:\/\/sulsc.com\/wp-content\/uploads\/2026\/08\/61409047-5072-4421-b803-57c54c6e5beb.jpg\" \/>\n\t<meta property=\"og:image:width\" content=\"1080\" \/>\n\t<meta property=\"og:image:height\" content=\"694\" \/>\n\t<meta property=\"og:image:type\" content=\"image\/jpeg\" \/>\n<meta name=\"author\" content=\"Reda\u00e7\u00e3o Sul SC\" \/>\n<meta name=\"twitter:card\" content=\"summary_large_image\" \/>\n<meta name=\"twitter:creator\" content=\"@https:\/\/twitter.com\/PortalSulSC\" \/>\n<meta name=\"twitter:label1\" content=\"Written by\" \/>\n\t<meta name=\"twitter:data1\" content=\"Reda\u00e7\u00e3o Sul SC\" \/>\n\t<meta name=\"twitter:label2\" content=\"Est. reading time\" \/>\n\t<meta name=\"twitter:data2\" content=\"1 minute\" \/>\n<script type=\"application\/ld+json\" class=\"yoast-schema-graph\">{\"@context\":\"https:\/\/schema.org\",\"@graph\":[{\"@type\":\"WebPage\",\"@id\":\"https:\/\/sulsc.com\/index.php\/2026\/08\/31\/hercilio-luz-vence-o-metropolitano-e-comeca-copa-santa-catarina-com-o-pe-direito\/\",\"url\":\"https:\/\/sulsc.com\/index.php\/2026\/08\/31\/hercilio-luz-vence-o-metropolitano-e-comeca-copa-santa-catarina-com-o-pe-direito\/\",\"name\":\"Herc\u00edlio Luz vence o Metropolitano e come\u00e7a Copa Santa Catarina com o p\u00e9 direito -\",\"isPartOf\":{\"@id\":\"https:\/\/sulsc.com\/#website\"},\"datePublished\":\"2026-08-31T13:35:33+00:00\",\"dateModified\":\"2026-08-31T13:35:33+00:00\",\"author\":{\"@id\":\"https:\/\/sulsc.com\/#\/schema\/person\/84d2fc571684f6248ba83092f07750a3\"},\"breadcrumb\":{\"@id\":\"https:\/\/sulsc.com\/index.php\/2026\/08\/31\/hercilio-luz-vence-o-metropolitano-e-comeca-copa-santa-catarina-com-o-pe-direito\/#breadcrumb\"},\"inLanguage\":\"en-US\",\"potentialAction\":[{\"@type\":\"ReadAction\",\"target\":[\"https:\/\/sulsc.com\/index.php\/2026\/08\/31\/hercilio-luz-vence-o-metropolitano-e-comeca-copa-santa-catarina-com-o-pe-direito\/\"]}]},{\"@type\":\"BreadcrumbList\",\"@id\":\"https:\/\/sulsc.com\/index.php\/2026\/08\/31\/hercilio-luz-vence-o-metropolitano-e-comeca-copa-santa-catarina-com-o-pe-direito\/#breadcrumb\",\"itemListElement\":[{\"@type\":\"ListItem\",\"position\":1,\"name\":\"In\u00edcio\",\"item\":\"https:\/\/sulsc.com\/\"},{\"@type\":\"ListItem\",\"position\":2,\"name\":\"Herc\u00edlio Luz vence o Metropolitano e come\u00e7a Copa Santa Catarina com o p\u00e9 direito\"}]},{\"@type\":\"WebSite\",\"@id\":\"https:\/\/sulsc.com\/#website\",\"url\":\"https:\/\/sulsc.com\/\",\"name\":\"\",\"description\":\"\",\"potentialAction\":[{\"@type\":\"SearchAction\",\"target\":{\"@type\":\"EntryPoint\",\"urlTemplate\":\"https:\/\/sulsc.com\/?s={search_term_string}\"},\"query-input\":\"required name=search_term_string\"}],\"inLanguage\":\"en-US\"},{\"@type\":\"Person\",\"@id\":\"https:\/\/sulsc.com\/#\/schema\/person\/84d2fc571684f6248ba83092f07750a3\",\"name\":\"Reda\u00e7\u00e3o Sul SC\",\"image\":{\"@type\":\"ImageObject\",\"inLanguage\":\"en-US\",\"@id\":\"https:\/\/sulsc.com\/#\/schema\/person\/image\/e08d7fe2cc4ed596372063bbe852b8d0\",\"url\":\"https:\/\/sulsc.com\/wp-content\/uploads\/2023\/09\/redacao.png\",\"contentUrl\":\"https:\/\/sulsc.com\/wp-content\/uploads\/2023\/09\/redacao.png\",\"caption\":\"Reda\u00e7\u00e3o Sul SC\"},\"description\":\"Foco em um jornalismo imparcial, voltado \u00e0 qualidade dos seus conte\u00fados e, assim, levar informa\u00e7\u00e3o de valor que agregue \u00e0 vida dos leitores. Esta \u00e9 grande miss\u00e3o do Portal de Not\u00edcias Sul SC. N\u00e3o \u00e9 quantidade que muda o mundo, sempre foi e seguir\u00e1 sendo qualidade!\",\"sameAs\":[\"https:\/\/sulsc.com\/\",\"https:\/\/www.facebook.com\/profile.php?id=61559278119680\",\"https:\/\/www.instagram.com\/sulscportal\/?hl=pt-br\",\"https:\/\/twitter.com\/https:\/\/twitter.com\/PortalSulSC\",\"https:\/\/www.youtube.com\/channel\/UCv_BE8GeySluDov2n8qhVmw\"],\"url\":\"https:\/\/sulsc.com\/index.php\/author\/redacao\/\"}]}<\/script>\n<!-- \/ Yoast SEO plugin. -->","yoast_head_json":{"title":"Herc\u00edlio Luz vence o Metropolitano e come\u00e7a Copa Santa Catarina com o p\u00e9 direito -","robots":{"index":"index","follow":"follow","max-snippet":"max-snippet:-1","max-image-preview":"max-image-preview:large","max-video-preview":"max-video-preview:-1"},"canonical":"https:\/\/sulsc.com\/index.php\/2026\/08\/31\/hercilio-luz-vence-o-metropolitano-e-comeca-copa-santa-catarina-com-o-pe-direito\/","og_locale":"en_US","og_type":"article","og_title":"Herc\u00edlio Luz vence o Metropolitano e come\u00e7a Copa Santa Catarina com o p\u00e9 direito -","og_description":"O Herc\u00edlio Luz iniciou sua campanha na Copa Santa Catarina 2026 com uma vit\u00f3ria diante do Metropolitano. Jogando em casa, no Est\u00e1dio An\u00edbal Torres Costa, em Tubar\u00e3o, o Le\u00e3o do Sul venceu por 4 a 2 neste domingo (30). Nando foi o destaque da partida ao balan\u00e7ar as redes duas vezes. Miguel e Daniel tamb\u00e9m &hellip; Herc\u00edlio Luz vence o Metropolitano e come\u00e7a Copa Santa Catarina com o p\u00e9 direito Read More &raquo;","og_url":"https:\/\/sulsc.com\/index.php\/2026\/08\/31\/hercilio-luz-vence-o-metropolitano-e-comeca-copa-santa-catarina-com-o-pe-direito\/","article_author":"https:\/\/www.facebook.com\/profile.php?id=61559278119680","article_published_time":"2026-08-31T13:35:33+00:00","og_image":[{"width":1080,"height":694,"url":"http:\/\/sulsc.com\/wp-content\/uploads\/2026\/08\/61409047-5072-4421-b803-57c54c6e5beb.jpg","type":"image\/jpeg"}],"author":"Reda\u00e7\u00e3o Sul SC","twitter_card":"summary_large_image","twitter_creator":"@https:\/\/twitter.com\/PortalSulSC","twitter_misc":{"Written by":"Reda\u00e7\u00e3o Sul SC","Est. reading time":"1 minute"},"schema":{"@context":"https:\/\/schema.org","@graph":[{"@type":"WebPage","@id":"https:\/\/sulsc.com\/index.php\/2026\/08\/31\/hercilio-luz-vence-o-metropolitano-e-comeca-copa-santa-catarina-com-o-pe-direito\/","url":"https:\/\/sulsc.com\/index.php\/2026\/08\/31\/hercilio-luz-vence-o-metropolitano-e-comeca-copa-santa-catarina-com-o-pe-direito\/","name":"Herc\u00edlio Luz vence o Metropolitano e come\u00e7a Copa Santa Catarina com o p\u00e9 direito -","isPartOf":{"@id":"https:\/\/sulsc.com\/#website"},"datePublished":"2026-08-31T13:35:33+00:00","dateModified":"2026-08-31T13:35:33+00:00","author":{"@id":"https:\/\/sulsc.com\/#\/schema\/person\/84d2fc571684f6248ba83092f07750a3"},"breadcrumb":{"@id":"https:\/\/sulsc.com\/index.php\/2026\/08\/31\/hercilio-luz-vence-o-metropolitano-e-comeca-copa-santa-catarina-com-o-pe-direito\/#breadcrumb"},"inLanguage":"en-US","potentialAction":[{"@type":"ReadAction","target":["https:\/\/sulsc.com\/index.php\/2026\/08\/31\/hercilio-luz-vence-o-metropolitano-e-comeca-copa-santa-catarina-com-o-pe-direito\/"]}]},{"@type":"BreadcrumbList","@id":"https:\/\/sulsc.com\/index.php\/2026\/08\/31\/hercilio-luz-vence-o-metropolitano-e-comeca-copa-santa-catarina-com-o-pe-direito\/#breadcrumb","itemListElement":[{"@type":"ListItem","position":1,"name":"In\u00edcio","item":"https:\/\/sulsc.com\/"},{"@type":"ListItem","position":2,"name":"Herc\u00edlio Luz vence o Metropolitano e come\u00e7a Copa Santa Catarina com o p\u00e9 direito"}]},{"@type":"WebSite","@id":"https:\/\/sulsc.com\/#website","url":"https:\/\/sulsc.com\/","name":"","description":"","potentialAction":[{"@type":"SearchAction","target":{"@type":"EntryPoint","urlTemplate":"https:\/\/sulsc.com\/?s={search_term_string}"},"query-input":"required name=search_term_string"}],"inLanguage":"en-US"},{"@type":"Person","@id":"https:\/\/sulsc.com\/#\/schema\/person\/84d2fc571684f6248ba83092f07750a3","name":"Reda\u00e7\u00e3o Sul SC","image":{"@type":"ImageObject","inLanguage":"en-US","@id":"https:\/\/sulsc.com\/#\/schema\/person\/image\/e08d7fe2cc4ed596372063bbe852b8d0","url":"https:\/\/sulsc.com\/wp-content\/uploads\/2023\/09\/redacao.png","contentUrl":"https:\/\/sulsc.com\/wp-content\/uploads\/2023\/09\/redacao.png","caption":"Reda\u00e7\u00e3o Sul SC"},"description":"Foco em um jornalismo imparcial, voltado \u00e0 qualidade dos seus conte\u00fados e, assim, levar informa\u00e7\u00e3o de valor que agregue \u00e0 vida dos leitores. Esta \u00e9 grande miss\u00e3o do Portal de Not\u00edcias Sul SC. N\u00e3o \u00e9 quantidade que muda o mundo, sempre foi e seguir\u00e1 sendo qualidade!","sameAs":["https:\/\/sulsc.com\/","https:\/\/www.facebook.com\/profile.php?id=61559278119680","https:\/\/www.instagram.com\/sulscportal\/?hl=pt-br","https:\/\/twitter.com\/https:\/\/twitter.com\/PortalSulSC","https:\/\/www.youtube.com\/channel\/UCv_BE8GeySluDov2n8qhVmw"],"url":"https:\/\/sulsc.com\/index.php\/author\/redacao\/"}]}},"authors":[],"_links":{"self":[{"href":"https:\/\/sulsc.com\/index.php\/wp-json\/wp\/v2\/posts\/35079"}],"collection":[{"href":"https:\/\/sulsc.com\/index.php\/wp-json\/wp\/v2\/posts"}],"about":[{"href":"https:\/\/sulsc.com\/index.php\/wp-json\/wp\/v2\/types\/post"}],"author":[{"embeddable":true,"href":"https:\/\/sulsc.com\/index.php\/wp-json\/wp\/v2\/users\/3"}],"replies":[{"embeddable":true,"href":"https:\/\/sulsc.com\/index.php\/wp-json\/wp\/v2\/comments?post=35079"}],"version-history":[{"count":1,"href":"https:\/\/sulsc.com\/index.php\/wp-json\/wp\/v2\/posts\/35079\/revisions"}],"predecessor-version":[{"id":35082,"href":"https:\/\/sulsc.com\/index.php\/wp-json\/wp\/v2\/posts\/35079\/revisions\/35082"}],"wp:featuredmedia":[{"embeddable":true,"href":"https:\/\/sulsc.com\/index.php\/wp-json\/wp\/v2\/media\/35081"}],"wp:attachment":[{"href":"https:\/\/sulsc.com\/index.php\/wp-json\/wp\/v2\/media?parent=35079"}],"wp:term":[{"taxonomy":"category","embeddable":true,"href":"https:\/\/sulsc.com\/index.php\/wp-json\/wp\/v2\/categories?post=35079"},{"taxonomy":"post_tag","embeddable":true,"href":"https:\/\/sulsc.com\/index.php\/wp-json\/wp\/v2\/tags?post=35079"}],"curies":[{"name":"wp","href":"https:\/\/api.w.org\/{rel}","templated":true}]}}