{"id":35083,"date":"2026-08-31T17:15:01","date_gmt":"2026-08-31T20:15:01","guid":{"rendered":"https:\/\/sulsc.com\/?p=35083"},"modified":"2026-08-31T17:15:01","modified_gmt":"2026-08-31T20:15:01","slug":"viacosteira-preve-aumento-de-102-no-movimento-da-br-101-entre-os-dias-4-e-7-de-setembro","status":"publish","type":"post","link":"https:\/\/sulsc.com\/index.php\/2026\/08\/31\/viacosteira-preve-aumento-de-102-no-movimento-da-br-101-entre-os-dias-4-e-7-de-setembro\/","title":{"rendered":"ViaCosteira prev\u00ea aumento de 102% no movimento da BR-101 entre os dias 4 e 7 de setembro"},"content":{"rendered":"<p>A BR-101, no trecho Sul de Santa Catarina, deve registrar movimento intenso durante o feriado da Independ\u00eancia. Segundo estimativa da ViaCosteira, cerca de &#8220;<strong>715 mil ve\u00edculos<\/strong>&#8221; devem trafegar pela rodovia entre sexta-feira, dia 4, e segunda-feira, dia 7 de setembro.<\/p>\n<p>A proje\u00e7\u00e3o indica um aumento de aproximadamente 102% em rela\u00e7\u00e3o ao fluxo registrado em um per\u00edodo regular. O maior movimento deve ocorrer na segunda-feira, quando \u00e9 celebrado o feriado nacional e muitos motoristas devem retornar para suas cidades.<\/p>\n<div id=\"metaslider-id-25573\" style=\"width: 100%;\" class=\"ml-slider-3-99-0 metaslider metaslider-flex metaslider-25573 ml-slider has-onhover-arrows ms-theme-default-base has-dots-nav\" role=\"region\" aria-label=\"Meio\" data-width=\"1200\">\n    <div id=\"metaslider_container_25573\">\n        <div id=\"metaslider_25573\">\n            <ul class='slides'>\n                <li style=\"display: block; width: 100%;\" class=\"slide-25684 ms-image \" aria-roledescription=\"slide\" data-date=\"2025-07-24 07:55:40\"><img src=\"https:\/\/sulsc.com\/wp-content\/uploads\/2025\/07\/Marr-2-1000x166.jpg\" height=\"200\" width=\"1200\" alt=\"\" class=\"slider-25573 slide-25684 msDefaultImage\" title=\"Marr 2\" \/><\/li>\n                <li style=\"display: none; width: 100%;\" class=\"slide-32412 ms-image \" aria-roledescription=\"slide\" data-date=\"2026-02-18 13:59:46\"><img src=\"https:\/\/sulsc.com\/wp-content\/uploads\/2026\/02\/40dc1580-cad5-4867-bc58-c4243821ad38-1000x166.jpeg\" height=\"200\" width=\"1200\" alt=\"\" class=\"slider-25573 slide-32412 msDefaultImage\" title=\"40dc1580-cad5-4867-bc58-c4243821ad38\" \/><\/li>\n            <\/ul>\n        <\/div>\n        \n    <\/div>\n<\/div>\n<p>Para o dia 7, a concession\u00e1ria estima a passagem de &#8220;<strong>241.178 ve\u00edculos<\/strong>&#8221; pelo trecho administrado. O volume representa mais de *121 mil ve\u00edculos adicionais* em compara\u00e7\u00e3o com um dia considerado neutro.<\/p>\n<p>Na sexta-feira, dia 4, in\u00edcio do deslocamento dos viajantes, a previs\u00e3o \u00e9 de que &#8220;<strong>211.539 ve\u00edculos<\/strong>&#8221; utilizem a BR-101 Sul. O n\u00famero corresponde a um crescimento de 51% em rela\u00e7\u00e3o ao movimento habitual.<\/p>\n<p>Com base no hist\u00f3rico de tr\u00e1fego da concession\u00e1ria, os per\u00edodos de menor circula\u00e7\u00e3o devem ocorrer durante a madrugada e nas primeiras horas da manh\u00e3, entre meia-noite e 6h. Nesses hor\u00e1rios, a quantidade de ve\u00edculos tende a ser significativamente menor.<\/p>\n<p>J\u00e1 os intervalos de maior movimento devem se concentrar entre 9h e 19h, com picos mais acentuados das 10h \u00e0s 17h. A expectativa \u00e9 de que o tr\u00e2nsito fique especialmente carregado na sexta-feira, durante a sa\u00edda para o feriado, e na segunda-feira, no retorno.<\/p>\n<p>A orienta\u00e7\u00e3o aos motoristas \u00e9 planejar a viagem com anteced\u00eancia, evitar os hor\u00e1rios de pico, respeitar a sinaliza\u00e7\u00e3o e manter dist\u00e2ncia segura do ve\u00edculo da frente.<\/p>\n<p><strong>Em caso de emerg\u00eancia:<\/strong><\/p>\n<p><strong>H\u00e1 ViaCosteira disponibiliza atendimento 24 horas pelo telefone 0800 255 5550 e pelo WhatsApp (48) 3211-3130.<\/strong><\/p>\n<p>A concession\u00e1ria tamb\u00e9m recomenda aten\u00e7\u00e3o redobrada em trechos com neblina, comuns durante os per\u00edodos de temperaturas mais baixas. Nessas situa\u00e7\u00f5es, o condutor deve reduzir gradualmente a velocidade, utilizar o farol baixo e evitar paradas na pista ou no acostamento.<\/p>\n<p><img fetchpriority=\"high\" decoding=\"async\" class=\"aligncenter size-full wp-image-18858\" src=\"http:\/\/sulsc.com\/wp-content\/uploads\/2025\/01\/CCR.jpg\" alt=\"\" width=\"1279\" height=\"853\" srcset=\"https:\/\/sulsc.com\/wp-content\/uploads\/2025\/01\/CCR.jpg 1279w, https:\/\/sulsc.com\/wp-content\/uploads\/2025\/01\/CCR-300x200.jpg 300w, https:\/\/sulsc.com\/wp-content\/uploads\/2025\/01\/CCR-1024x683.jpg 1024w, https:\/\/sulsc.com\/wp-content\/uploads\/2025\/01\/CCR-768x512.jpg 768w\" sizes=\"(max-width: 1279px) 100vw, 1279px\" \/><\/p>\n<p>Foto\/Divulga\u00e7\u00e3o\/Via Costeira<\/p>\n","protected":false},"excerpt":{"rendered":"<p>A BR-101, no trecho Sul de Santa Catarina, deve registrar movimento intenso durante o feriado da Independ\u00eancia. Segundo estimativa da ViaCosteira, cerca de &#8220;715 mil ve\u00edculos&#8221; devem trafegar pela rodovia entre sexta-feira, dia 4, e segunda-feira, dia 7 de setembro. A proje\u00e7\u00e3o indica um aumento de aproximadamente 102% em rela\u00e7\u00e3o ao fluxo registrado em um &hellip;<\/p>\n<p class=\"read-more\"> <a class=\"\" href=\"https:\/\/sulsc.com\/index.php\/2026\/08\/31\/viacosteira-preve-aumento-de-102-no-movimento-da-br-101-entre-os-dias-4-e-7-de-setembro\/\"> <span class=\"screen-reader-text\">ViaCosteira prev\u00ea aumento de 102% no movimento da BR-101 entre os dias 4 e 7 de setembro<\/span> Read More &raquo;<\/a><\/p>\n","protected":false},"author":3,"featured_media":35084,"comment_status":"open","ping_status":"open","sticky":false,"template":"","format":"standard","meta":{"site-sidebar-layout":"default","site-content-layout":"","ast-site-content-layout":"default","site-content-style":"default","site-sidebar-style":"default","ast-global-header-display":"","ast-banner-title-visibility":"","ast-main-header-display":"","ast-hfb-above-header-display":"","ast-hfb-below-header-display":"","ast-hfb-mobile-header-display":"","site-post-title":"","ast-breadcrumbs-content":"","ast-featured-img":"","footer-sml-layout":"","theme-transparent-header-meta":"default","adv-header-id-meta":"","stick-header-meta":"","header-above-stick-meta":"","header-main-stick-meta":"","header-below-stick-meta":"","astra-migrate-meta-layouts":"set","footnotes":""},"categories":[2354,2231,1,14,8,12],"tags":[1148],"yoast_head":"<!-- This site is optimized with the Yoast SEO plugin v21.4 - https:\/\/yoast.com\/wordpress\/plugins\/seo\/ -->\n<title>ViaCosteira prev\u00ea aumento de 102% no movimento da BR-101 entre os dias 4 e 7 de setembro -<\/title>\n<meta name=\"robots\" content=\"index, follow, max-snippet:-1, max-image-preview:large, max-video-preview:-1\" \/>\n<link rel=\"canonical\" href=\"https:\/\/sulsc.com\/index.php\/2026\/08\/31\/viacosteira-preve-aumento-de-102-no-movimento-da-br-101-entre-os-dias-4-e-7-de-setembro\/\" \/>\n<meta property=\"og:locale\" content=\"en_US\" \/>\n<meta property=\"og:type\" content=\"article\" \/>\n<meta property=\"og:title\" content=\"ViaCosteira prev\u00ea aumento de 102% no movimento da BR-101 entre os dias 4 e 7 de setembro -\" \/>\n<meta property=\"og:description\" content=\"A BR-101, no trecho Sul de Santa Catarina, deve registrar movimento intenso durante o feriado da Independ\u00eancia. Segundo estimativa da ViaCosteira, cerca de &#8220;715 mil ve\u00edculos&#8221; devem trafegar pela rodovia entre sexta-feira, dia 4, e segunda-feira, dia 7 de setembro. A proje\u00e7\u00e3o indica um aumento de aproximadamente 102% em rela\u00e7\u00e3o ao fluxo registrado em um &hellip; ViaCosteira prev\u00ea aumento de 102% no movimento da BR-101 entre os dias 4 e 7 de setembro Read More &raquo;\" \/>\n<meta property=\"og:url\" content=\"https:\/\/sulsc.com\/index.php\/2026\/08\/31\/viacosteira-preve-aumento-de-102-no-movimento-da-br-101-entre-os-dias-4-e-7-de-setembro\/\" \/>\n<meta property=\"article:author\" content=\"https:\/\/www.facebook.com\/profile.php?id=61559278119680\" \/>\n<meta property=\"article:published_time\" content=\"2026-08-31T20:15:01+00:00\" \/>\n<meta property=\"og:image\" content=\"http:\/\/sulsc.com\/wp-content\/uploads\/2026\/08\/76083a9b-25b4-4cad-aa80-09ea19c0ae93.jpg\" \/>\n\t<meta property=\"og:image:width\" content=\"681\" \/>\n\t<meta property=\"og:image:height\" content=\"450\" \/>\n\t<meta property=\"og:image:type\" content=\"image\/jpeg\" \/>\n<meta name=\"author\" content=\"Reda\u00e7\u00e3o Sul SC\" \/>\n<meta name=\"twitter:card\" content=\"summary_large_image\" \/>\n<meta name=\"twitter:creator\" content=\"@https:\/\/twitter.com\/PortalSulSC\" \/>\n<meta name=\"twitter:label1\" content=\"Written by\" \/>\n\t<meta name=\"twitter:data1\" content=\"Reda\u00e7\u00e3o Sul SC\" \/>\n\t<meta name=\"twitter:label2\" content=\"Est. reading time\" \/>\n\t<meta name=\"twitter:data2\" content=\"2 minutes\" \/>\n<script type=\"application\/ld+json\" class=\"yoast-schema-graph\">{\"@context\":\"https:\/\/schema.org\",\"@graph\":[{\"@type\":\"WebPage\",\"@id\":\"https:\/\/sulsc.com\/index.php\/2026\/08\/31\/viacosteira-preve-aumento-de-102-no-movimento-da-br-101-entre-os-dias-4-e-7-de-setembro\/\",\"url\":\"https:\/\/sulsc.com\/index.php\/2026\/08\/31\/viacosteira-preve-aumento-de-102-no-movimento-da-br-101-entre-os-dias-4-e-7-de-setembro\/\",\"name\":\"ViaCosteira prev\u00ea aumento de 102% no movimento da BR-101 entre os dias 4 e 7 de setembro -\",\"isPartOf\":{\"@id\":\"https:\/\/sulsc.com\/#website\"},\"datePublished\":\"2026-08-31T20:15:01+00:00\",\"dateModified\":\"2026-08-31T20:15:01+00:00\",\"author\":{\"@id\":\"https:\/\/sulsc.com\/#\/schema\/person\/84d2fc571684f6248ba83092f07750a3\"},\"breadcrumb\":{\"@id\":\"https:\/\/sulsc.com\/index.php\/2026\/08\/31\/viacosteira-preve-aumento-de-102-no-movimento-da-br-101-entre-os-dias-4-e-7-de-setembro\/#breadcrumb\"},\"inLanguage\":\"en-US\",\"potentialAction\":[{\"@type\":\"ReadAction\",\"target\":[\"https:\/\/sulsc.com\/index.php\/2026\/08\/31\/viacosteira-preve-aumento-de-102-no-movimento-da-br-101-entre-os-dias-4-e-7-de-setembro\/\"]}]},{\"@type\":\"BreadcrumbList\",\"@id\":\"https:\/\/sulsc.com\/index.php\/2026\/08\/31\/viacosteira-preve-aumento-de-102-no-movimento-da-br-101-entre-os-dias-4-e-7-de-setembro\/#breadcrumb\",\"itemListElement\":[{\"@type\":\"ListItem\",\"position\":1,\"name\":\"In\u00edcio\",\"item\":\"https:\/\/sulsc.com\/\"},{\"@type\":\"ListItem\",\"position\":2,\"name\":\"ViaCosteira prev\u00ea aumento de 102% no movimento da BR-101 entre os dias 4 e 7 de setembro\"}]},{\"@type\":\"WebSite\",\"@id\":\"https:\/\/sulsc.com\/#website\",\"url\":\"https:\/\/sulsc.com\/\",\"name\":\"\",\"description\":\"\",\"potentialAction\":[{\"@type\":\"SearchAction\",\"target\":{\"@type\":\"EntryPoint\",\"urlTemplate\":\"https:\/\/sulsc.com\/?s={search_term_string}\"},\"query-input\":\"required name=search_term_string\"}],\"inLanguage\":\"en-US\"},{\"@type\":\"Person\",\"@id\":\"https:\/\/sulsc.com\/#\/schema\/person\/84d2fc571684f6248ba83092f07750a3\",\"name\":\"Reda\u00e7\u00e3o Sul SC\",\"image\":{\"@type\":\"ImageObject\",\"inLanguage\":\"en-US\",\"@id\":\"https:\/\/sulsc.com\/#\/schema\/person\/image\/e08d7fe2cc4ed596372063bbe852b8d0\",\"url\":\"https:\/\/sulsc.com\/wp-content\/uploads\/2023\/09\/redacao.png\",\"contentUrl\":\"https:\/\/sulsc.com\/wp-content\/uploads\/2023\/09\/redacao.png\",\"caption\":\"Reda\u00e7\u00e3o Sul SC\"},\"description\":\"Foco em um jornalismo imparcial, voltado \u00e0 qualidade dos seus conte\u00fados e, assim, levar informa\u00e7\u00e3o de valor que agregue \u00e0 vida dos leitores. Esta \u00e9 grande miss\u00e3o do Portal de Not\u00edcias Sul SC. N\u00e3o \u00e9 quantidade que muda o mundo, sempre foi e seguir\u00e1 sendo qualidade!\",\"sameAs\":[\"https:\/\/sulsc.com\/\",\"https:\/\/www.facebook.com\/profile.php?id=61559278119680\",\"https:\/\/www.instagram.com\/sulscportal\/?hl=pt-br\",\"https:\/\/twitter.com\/https:\/\/twitter.com\/PortalSulSC\",\"https:\/\/www.youtube.com\/channel\/UCv_BE8GeySluDov2n8qhVmw\"],\"url\":\"https:\/\/sulsc.com\/index.php\/author\/redacao\/\"}]}<\/script>\n<!-- \/ Yoast SEO plugin. -->","yoast_head_json":{"title":"ViaCosteira prev\u00ea aumento de 102% no movimento da BR-101 entre os dias 4 e 7 de setembro -","robots":{"index":"index","follow":"follow","max-snippet":"max-snippet:-1","max-image-preview":"max-image-preview:large","max-video-preview":"max-video-preview:-1"},"canonical":"https:\/\/sulsc.com\/index.php\/2026\/08\/31\/viacosteira-preve-aumento-de-102-no-movimento-da-br-101-entre-os-dias-4-e-7-de-setembro\/","og_locale":"en_US","og_type":"article","og_title":"ViaCosteira prev\u00ea aumento de 102% no movimento da BR-101 entre os dias 4 e 7 de setembro -","og_description":"A BR-101, no trecho Sul de Santa Catarina, deve registrar movimento intenso durante o feriado da Independ\u00eancia. Segundo estimativa da ViaCosteira, cerca de &#8220;715 mil ve\u00edculos&#8221; devem trafegar pela rodovia entre sexta-feira, dia 4, e segunda-feira, dia 7 de setembro. A proje\u00e7\u00e3o indica um aumento de aproximadamente 102% em rela\u00e7\u00e3o ao fluxo registrado em um &hellip; ViaCosteira prev\u00ea aumento de 102% no movimento da BR-101 entre os dias 4 e 7 de setembro Read More &raquo;","og_url":"https:\/\/sulsc.com\/index.php\/2026\/08\/31\/viacosteira-preve-aumento-de-102-no-movimento-da-br-101-entre-os-dias-4-e-7-de-setembro\/","article_author":"https:\/\/www.facebook.com\/profile.php?id=61559278119680","article_published_time":"2026-08-31T20:15:01+00:00","og_image":[{"width":681,"height":450,"url":"http:\/\/sulsc.com\/wp-content\/uploads\/2026\/08\/76083a9b-25b4-4cad-aa80-09ea19c0ae93.jpg","type":"image\/jpeg"}],"author":"Reda\u00e7\u00e3o Sul SC","twitter_card":"summary_large_image","twitter_creator":"@https:\/\/twitter.com\/PortalSulSC","twitter_misc":{"Written by":"Reda\u00e7\u00e3o Sul SC","Est. reading time":"2 minutes"},"schema":{"@context":"https:\/\/schema.org","@graph":[{"@type":"WebPage","@id":"https:\/\/sulsc.com\/index.php\/2026\/08\/31\/viacosteira-preve-aumento-de-102-no-movimento-da-br-101-entre-os-dias-4-e-7-de-setembro\/","url":"https:\/\/sulsc.com\/index.php\/2026\/08\/31\/viacosteira-preve-aumento-de-102-no-movimento-da-br-101-entre-os-dias-4-e-7-de-setembro\/","name":"ViaCosteira prev\u00ea aumento de 102% no movimento da BR-101 entre os dias 4 e 7 de setembro -","isPartOf":{"@id":"https:\/\/sulsc.com\/#website"},"datePublished":"2026-08-31T20:15:01+00:00","dateModified":"2026-08-31T20:15:01+00:00","author":{"@id":"https:\/\/sulsc.com\/#\/schema\/person\/84d2fc571684f6248ba83092f07750a3"},"breadcrumb":{"@id":"https:\/\/sulsc.com\/index.php\/2026\/08\/31\/viacosteira-preve-aumento-de-102-no-movimento-da-br-101-entre-os-dias-4-e-7-de-setembro\/#breadcrumb"},"inLanguage":"en-US","potentialAction":[{"@type":"ReadAction","target":["https:\/\/sulsc.com\/index.php\/2026\/08\/31\/viacosteira-preve-aumento-de-102-no-movimento-da-br-101-entre-os-dias-4-e-7-de-setembro\/"]}]},{"@type":"BreadcrumbList","@id":"https:\/\/sulsc.com\/index.php\/2026\/08\/31\/viacosteira-preve-aumento-de-102-no-movimento-da-br-101-entre-os-dias-4-e-7-de-setembro\/#breadcrumb","itemListElement":[{"@type":"ListItem","position":1,"name":"In\u00edcio","item":"https:\/\/sulsc.com\/"},{"@type":"ListItem","position":2,"name":"ViaCosteira prev\u00ea aumento de 102% no movimento da BR-101 entre os dias 4 e 7 de setembro"}]},{"@type":"WebSite","@id":"https:\/\/sulsc.com\/#website","url":"https:\/\/sulsc.com\/","name":"","description":"","potentialAction":[{"@type":"SearchAction","target":{"@type":"EntryPoint","urlTemplate":"https:\/\/sulsc.com\/?s={search_term_string}"},"query-input":"required name=search_term_string"}],"inLanguage":"en-US"},{"@type":"Person","@id":"https:\/\/sulsc.com\/#\/schema\/person\/84d2fc571684f6248ba83092f07750a3","name":"Reda\u00e7\u00e3o Sul SC","image":{"@type":"ImageObject","inLanguage":"en-US","@id":"https:\/\/sulsc.com\/#\/schema\/person\/image\/e08d7fe2cc4ed596372063bbe852b8d0","url":"https:\/\/sulsc.com\/wp-content\/uploads\/2023\/09\/redacao.png","contentUrl":"https:\/\/sulsc.com\/wp-content\/uploads\/2023\/09\/redacao.png","caption":"Reda\u00e7\u00e3o Sul SC"},"description":"Foco em um jornalismo imparcial, voltado \u00e0 qualidade dos seus conte\u00fados e, assim, levar informa\u00e7\u00e3o de valor que agregue \u00e0 vida dos leitores. Esta \u00e9 grande miss\u00e3o do Portal de Not\u00edcias Sul SC. N\u00e3o \u00e9 quantidade que muda o mundo, sempre foi e seguir\u00e1 sendo qualidade!","sameAs":["https:\/\/sulsc.com\/","https:\/\/www.facebook.com\/profile.php?id=61559278119680","https:\/\/www.instagram.com\/sulscportal\/?hl=pt-br","https:\/\/twitter.com\/https:\/\/twitter.com\/PortalSulSC","https:\/\/www.youtube.com\/channel\/UCv_BE8GeySluDov2n8qhVmw"],"url":"https:\/\/sulsc.com\/index.php\/author\/redacao\/"}]}},"authors":[],"_links":{"self":[{"href":"https:\/\/sulsc.com\/index.php\/wp-json\/wp\/v2\/posts\/35083"}],"collection":[{"href":"https:\/\/sulsc.com\/index.php\/wp-json\/wp\/v2\/posts"}],"about":[{"href":"https:\/\/sulsc.com\/index.php\/wp-json\/wp\/v2\/types\/post"}],"author":[{"embeddable":true,"href":"https:\/\/sulsc.com\/index.php\/wp-json\/wp\/v2\/users\/3"}],"replies":[{"embeddable":true,"href":"https:\/\/sulsc.com\/index.php\/wp-json\/wp\/v2\/comments?post=35083"}],"version-history":[{"count":1,"href":"https:\/\/sulsc.com\/index.php\/wp-json\/wp\/v2\/posts\/35083\/revisions"}],"predecessor-version":[{"id":35085,"href":"https:\/\/sulsc.com\/index.php\/wp-json\/wp\/v2\/posts\/35083\/revisions\/35085"}],"wp:featuredmedia":[{"embeddable":true,"href":"https:\/\/sulsc.com\/index.php\/wp-json\/wp\/v2\/media\/35084"}],"wp:attachment":[{"href":"https:\/\/sulsc.com\/index.php\/wp-json\/wp\/v2\/media?parent=35083"}],"wp:term":[{"taxonomy":"category","embeddable":true,"href":"https:\/\/sulsc.com\/index.php\/wp-json\/wp\/v2\/categories?post=35083"},{"taxonomy":"post_tag","embeddable":true,"href":"https:\/\/sulsc.com\/index.php\/wp-json\/wp\/v2\/tags?post=35083"}],"curies":[{"name":"wp","href":"https:\/\/api.w.org\/{rel}","templated":true}]}}