{"id":35086,"date":"2026-09-01T07:04:50","date_gmt":"2026-09-01T10:04:50","guid":{"rendered":"https:\/\/sulsc.com\/?p=35086"},"modified":"2026-09-01T07:04:50","modified_gmt":"2026-09-01T10:04:50","slug":"idosa-fica-ferida-apos-colisao-entre-dois-carros-em-tubarao","status":"publish","type":"post","link":"https:\/\/sulsc.com\/index.php\/2026\/09\/01\/idosa-fica-ferida-apos-colisao-entre-dois-carros-em-tubarao\/","title":{"rendered":"Idosa fica ferida ap\u00f3s colis\u00e3o entre dois carros em Tubar\u00e3o"},"content":{"rendered":"<p>Um acidente envolvendo dois ve\u00edculos na noite de segunda-feira (31), na Rua Princesa Isabel, no bairro Oficinas, em Tubar\u00e3o, deixou uma Uma mulher idosa ferida.<\/p>\n<p>Segundo o Corpo de Bombeiros que atendeu a ocorr\u00eancia com as viaturas ABTR-252 e ASU-606, eles receberam o chamado por volta das 18h24, a colis\u00e3o envolveu um Fiat Idea e um Ford EcoSport. Com a for\u00e7a do impacto, o Ford EcoSport foi projetado contra um poste da rede el\u00e9trica.<\/p>\n<div id=\"metaslider-id-25573\" style=\"width: 100%;\" class=\"ml-slider-3-99-0 metaslider metaslider-flex metaslider-25573 ml-slider has-onhover-arrows ms-theme-default-base has-dots-nav\" role=\"region\" aria-label=\"Meio\" data-width=\"1200\">\n    <div id=\"metaslider_container_25573\">\n        <div id=\"metaslider_25573\">\n            <ul class='slides'>\n                <li style=\"display: block; width: 100%;\" class=\"slide-25684 ms-image \" aria-roledescription=\"slide\" data-date=\"2025-07-24 07:55:40\"><img src=\"https:\/\/sulsc.com\/wp-content\/uploads\/2025\/07\/Marr-2-1000x166.jpg\" height=\"200\" width=\"1200\" alt=\"\" class=\"slider-25573 slide-25684 msDefaultImage\" title=\"Marr 2\" \/><\/li>\n                <li style=\"display: none; width: 100%;\" class=\"slide-32412 ms-image \" aria-roledescription=\"slide\" data-date=\"2026-02-18 13:59:46\"><img src=\"https:\/\/sulsc.com\/wp-content\/uploads\/2026\/02\/40dc1580-cad5-4867-bc58-c4243821ad38-1000x166.jpeg\" height=\"200\" width=\"1200\" alt=\"\" class=\"slider-25573 slide-32412 msDefaultImage\" title=\"40dc1580-cad5-4867-bc58-c4243821ad38\" \/><\/li>\n            <\/ul>\n        <\/div>\n        \n    <\/div>\n<\/div>\n<p>A idosa estava no banco do passageiro, ela foi encontrada pelos socorristas consciente, orientada e com os sinais vitais est\u00e1veis, mas relatou dores na regi\u00e3o da clav\u00edcula.<\/p>\n<p>Ap\u00f3s receber os primeiros atendimentos, a mulher foi retirada do autom\u00f3vel e imobilizada pelos bombeiros. Em seguida, foi encaminhada ao Hospital Nossa Senhora da Concei\u00e7\u00e3o (HNSC).<\/p>\n<p>Devido ao impacto contra o poste e aos danos provocados na estrutura, as guarni\u00e7\u00f5es realizaram o gerenciamento dos riscos no local. N\u00e3o houve necessidade de isolamento da \u00e1rea.\u00a0A Pol\u00edcia Militar foi acionada e assumiu a responsabilidade pela ocorr\u00eancia, realizando os procedimentos necess\u00e1rios.<\/p>\n<p><img fetchpriority=\"high\" decoding=\"async\" class=\"aligncenter size-full wp-image-35087\" src=\"http:\/\/sulsc.com\/wp-content\/uploads\/2026\/09\/fb0a629d-6c2e-4068-811a-f43f027f84f5.jpg\" alt=\"\" width=\"960\" height=\"1280\" srcset=\"https:\/\/sulsc.com\/wp-content\/uploads\/2026\/09\/fb0a629d-6c2e-4068-811a-f43f027f84f5.jpg 960w, https:\/\/sulsc.com\/wp-content\/uploads\/2026\/09\/fb0a629d-6c2e-4068-811a-f43f027f84f5-225x300.jpg 225w, https:\/\/sulsc.com\/wp-content\/uploads\/2026\/09\/fb0a629d-6c2e-4068-811a-f43f027f84f5-768x1024.jpg 768w\" sizes=\"(max-width: 960px) 100vw, 960px\" \/><\/p>\n<p>Foto\/Divulga\u00e7\u00e3o\/8\u00b0BBM<\/p>\n","protected":false},"excerpt":{"rendered":"<p>Um acidente envolvendo dois ve\u00edculos na noite de segunda-feira (31), na Rua Princesa Isabel, no bairro Oficinas, em Tubar\u00e3o, deixou uma Uma mulher idosa ferida. Segundo o Corpo de Bombeiros que atendeu a ocorr\u00eancia com as viaturas ABTR-252 e ASU-606, eles receberam o chamado por volta das 18h24, a colis\u00e3o envolveu um Fiat Idea e &hellip;<\/p>\n<p class=\"read-more\"> <a class=\"\" href=\"https:\/\/sulsc.com\/index.php\/2026\/09\/01\/idosa-fica-ferida-apos-colisao-entre-dois-carros-em-tubarao\/\"> <span class=\"screen-reader-text\">Idosa fica ferida ap\u00f3s colis\u00e3o entre dois carros em Tubar\u00e3o<\/span> Read More &raquo;<\/a><\/p>\n","protected":false},"author":3,"featured_media":35087,"comment_status":"open","ping_status":"open","sticky":false,"template":"","format":"standard","meta":{"site-sidebar-layout":"default","site-content-layout":"","ast-site-content-layout":"default","site-content-style":"default","site-sidebar-style":"default","ast-global-header-display":"","ast-banner-title-visibility":"","ast-main-header-display":"","ast-hfb-above-header-display":"","ast-hfb-below-header-display":"","ast-hfb-mobile-header-display":"","site-post-title":"","ast-breadcrumbs-content":"","ast-featured-img":"","footer-sml-layout":"","theme-transparent-header-meta":"default","adv-header-id-meta":"","stick-header-meta":"","header-above-stick-meta":"","header-main-stick-meta":"","header-below-stick-meta":"","astra-migrate-meta-layouts":"set","footnotes":""},"categories":[2231,1,14,8,21,12],"tags":[224],"yoast_head":"<!-- This site is optimized with the Yoast SEO plugin v21.4 - https:\/\/yoast.com\/wordpress\/plugins\/seo\/ -->\n<title>Idosa fica ferida ap\u00f3s colis\u00e3o entre dois carros em Tubar\u00e3o -<\/title>\n<meta name=\"robots\" content=\"index, follow, max-snippet:-1, max-image-preview:large, max-video-preview:-1\" \/>\n<link rel=\"canonical\" href=\"https:\/\/sulsc.com\/index.php\/2026\/09\/01\/idosa-fica-ferida-apos-colisao-entre-dois-carros-em-tubarao\/\" \/>\n<meta property=\"og:locale\" content=\"en_US\" \/>\n<meta property=\"og:type\" content=\"article\" \/>\n<meta property=\"og:title\" content=\"Idosa fica ferida ap\u00f3s colis\u00e3o entre dois carros em Tubar\u00e3o -\" \/>\n<meta property=\"og:description\" content=\"Um acidente envolvendo dois ve\u00edculos na noite de segunda-feira (31), na Rua Princesa Isabel, no bairro Oficinas, em Tubar\u00e3o, deixou uma Uma mulher idosa ferida. Segundo o Corpo de Bombeiros que atendeu a ocorr\u00eancia com as viaturas ABTR-252 e ASU-606, eles receberam o chamado por volta das 18h24, a colis\u00e3o envolveu um Fiat Idea e &hellip; Idosa fica ferida ap\u00f3s colis\u00e3o entre dois carros em Tubar\u00e3o Read More &raquo;\" \/>\n<meta property=\"og:url\" content=\"https:\/\/sulsc.com\/index.php\/2026\/09\/01\/idosa-fica-ferida-apos-colisao-entre-dois-carros-em-tubarao\/\" \/>\n<meta property=\"article:author\" content=\"https:\/\/www.facebook.com\/profile.php?id=61559278119680\" \/>\n<meta property=\"article:published_time\" content=\"2026-09-01T10:04:50+00:00\" \/>\n<meta property=\"og:image\" content=\"http:\/\/sulsc.com\/wp-content\/uploads\/2026\/09\/fb0a629d-6c2e-4068-811a-f43f027f84f5.jpg\" \/>\n\t<meta property=\"og:image:width\" content=\"960\" \/>\n\t<meta property=\"og:image:height\" content=\"1280\" \/>\n\t<meta property=\"og:image:type\" content=\"image\/jpeg\" \/>\n<meta name=\"author\" content=\"Reda\u00e7\u00e3o Sul SC\" \/>\n<meta name=\"twitter:card\" content=\"summary_large_image\" \/>\n<meta name=\"twitter:creator\" content=\"@https:\/\/twitter.com\/PortalSulSC\" \/>\n<meta name=\"twitter:label1\" content=\"Written by\" \/>\n\t<meta name=\"twitter:data1\" content=\"Reda\u00e7\u00e3o Sul SC\" \/>\n\t<meta name=\"twitter:label2\" content=\"Est. reading time\" \/>\n\t<meta name=\"twitter:data2\" content=\"1 minute\" \/>\n<script type=\"application\/ld+json\" class=\"yoast-schema-graph\">{\"@context\":\"https:\/\/schema.org\",\"@graph\":[{\"@type\":\"WebPage\",\"@id\":\"https:\/\/sulsc.com\/index.php\/2026\/09\/01\/idosa-fica-ferida-apos-colisao-entre-dois-carros-em-tubarao\/\",\"url\":\"https:\/\/sulsc.com\/index.php\/2026\/09\/01\/idosa-fica-ferida-apos-colisao-entre-dois-carros-em-tubarao\/\",\"name\":\"Idosa fica ferida ap\u00f3s colis\u00e3o entre dois carros em Tubar\u00e3o -\",\"isPartOf\":{\"@id\":\"https:\/\/sulsc.com\/#website\"},\"datePublished\":\"2026-09-01T10:04:50+00:00\",\"dateModified\":\"2026-09-01T10:04:50+00:00\",\"author\":{\"@id\":\"https:\/\/sulsc.com\/#\/schema\/person\/84d2fc571684f6248ba83092f07750a3\"},\"breadcrumb\":{\"@id\":\"https:\/\/sulsc.com\/index.php\/2026\/09\/01\/idosa-fica-ferida-apos-colisao-entre-dois-carros-em-tubarao\/#breadcrumb\"},\"inLanguage\":\"en-US\",\"potentialAction\":[{\"@type\":\"ReadAction\",\"target\":[\"https:\/\/sulsc.com\/index.php\/2026\/09\/01\/idosa-fica-ferida-apos-colisao-entre-dois-carros-em-tubarao\/\"]}]},{\"@type\":\"BreadcrumbList\",\"@id\":\"https:\/\/sulsc.com\/index.php\/2026\/09\/01\/idosa-fica-ferida-apos-colisao-entre-dois-carros-em-tubarao\/#breadcrumb\",\"itemListElement\":[{\"@type\":\"ListItem\",\"position\":1,\"name\":\"In\u00edcio\",\"item\":\"https:\/\/sulsc.com\/\"},{\"@type\":\"ListItem\",\"position\":2,\"name\":\"Idosa fica ferida ap\u00f3s colis\u00e3o entre dois carros em Tubar\u00e3o\"}]},{\"@type\":\"WebSite\",\"@id\":\"https:\/\/sulsc.com\/#website\",\"url\":\"https:\/\/sulsc.com\/\",\"name\":\"\",\"description\":\"\",\"potentialAction\":[{\"@type\":\"SearchAction\",\"target\":{\"@type\":\"EntryPoint\",\"urlTemplate\":\"https:\/\/sulsc.com\/?s={search_term_string}\"},\"query-input\":\"required name=search_term_string\"}],\"inLanguage\":\"en-US\"},{\"@type\":\"Person\",\"@id\":\"https:\/\/sulsc.com\/#\/schema\/person\/84d2fc571684f6248ba83092f07750a3\",\"name\":\"Reda\u00e7\u00e3o Sul SC\",\"image\":{\"@type\":\"ImageObject\",\"inLanguage\":\"en-US\",\"@id\":\"https:\/\/sulsc.com\/#\/schema\/person\/image\/e08d7fe2cc4ed596372063bbe852b8d0\",\"url\":\"https:\/\/sulsc.com\/wp-content\/uploads\/2023\/09\/redacao.png\",\"contentUrl\":\"https:\/\/sulsc.com\/wp-content\/uploads\/2023\/09\/redacao.png\",\"caption\":\"Reda\u00e7\u00e3o Sul SC\"},\"description\":\"Foco em um jornalismo imparcial, voltado \u00e0 qualidade dos seus conte\u00fados e, assim, levar informa\u00e7\u00e3o de valor que agregue \u00e0 vida dos leitores. Esta \u00e9 grande miss\u00e3o do Portal de Not\u00edcias Sul SC. N\u00e3o \u00e9 quantidade que muda o mundo, sempre foi e seguir\u00e1 sendo qualidade!\",\"sameAs\":[\"https:\/\/sulsc.com\/\",\"https:\/\/www.facebook.com\/profile.php?id=61559278119680\",\"https:\/\/www.instagram.com\/sulscportal\/?hl=pt-br\",\"https:\/\/twitter.com\/https:\/\/twitter.com\/PortalSulSC\",\"https:\/\/www.youtube.com\/channel\/UCv_BE8GeySluDov2n8qhVmw\"],\"url\":\"https:\/\/sulsc.com\/index.php\/author\/redacao\/\"}]}<\/script>\n<!-- \/ Yoast SEO plugin. -->","yoast_head_json":{"title":"Idosa fica ferida ap\u00f3s colis\u00e3o entre dois carros em Tubar\u00e3o -","robots":{"index":"index","follow":"follow","max-snippet":"max-snippet:-1","max-image-preview":"max-image-preview:large","max-video-preview":"max-video-preview:-1"},"canonical":"https:\/\/sulsc.com\/index.php\/2026\/09\/01\/idosa-fica-ferida-apos-colisao-entre-dois-carros-em-tubarao\/","og_locale":"en_US","og_type":"article","og_title":"Idosa fica ferida ap\u00f3s colis\u00e3o entre dois carros em Tubar\u00e3o -","og_description":"Um acidente envolvendo dois ve\u00edculos na noite de segunda-feira (31), na Rua Princesa Isabel, no bairro Oficinas, em Tubar\u00e3o, deixou uma Uma mulher idosa ferida. Segundo o Corpo de Bombeiros que atendeu a ocorr\u00eancia com as viaturas ABTR-252 e ASU-606, eles receberam o chamado por volta das 18h24, a colis\u00e3o envolveu um Fiat Idea e &hellip; Idosa fica ferida ap\u00f3s colis\u00e3o entre dois carros em Tubar\u00e3o Read More &raquo;","og_url":"https:\/\/sulsc.com\/index.php\/2026\/09\/01\/idosa-fica-ferida-apos-colisao-entre-dois-carros-em-tubarao\/","article_author":"https:\/\/www.facebook.com\/profile.php?id=61559278119680","article_published_time":"2026-09-01T10:04:50+00:00","og_image":[{"width":960,"height":1280,"url":"http:\/\/sulsc.com\/wp-content\/uploads\/2026\/09\/fb0a629d-6c2e-4068-811a-f43f027f84f5.jpg","type":"image\/jpeg"}],"author":"Reda\u00e7\u00e3o Sul SC","twitter_card":"summary_large_image","twitter_creator":"@https:\/\/twitter.com\/PortalSulSC","twitter_misc":{"Written by":"Reda\u00e7\u00e3o Sul SC","Est. reading time":"1 minute"},"schema":{"@context":"https:\/\/schema.org","@graph":[{"@type":"WebPage","@id":"https:\/\/sulsc.com\/index.php\/2026\/09\/01\/idosa-fica-ferida-apos-colisao-entre-dois-carros-em-tubarao\/","url":"https:\/\/sulsc.com\/index.php\/2026\/09\/01\/idosa-fica-ferida-apos-colisao-entre-dois-carros-em-tubarao\/","name":"Idosa fica ferida ap\u00f3s colis\u00e3o entre dois carros em Tubar\u00e3o -","isPartOf":{"@id":"https:\/\/sulsc.com\/#website"},"datePublished":"2026-09-01T10:04:50+00:00","dateModified":"2026-09-01T10:04:50+00:00","author":{"@id":"https:\/\/sulsc.com\/#\/schema\/person\/84d2fc571684f6248ba83092f07750a3"},"breadcrumb":{"@id":"https:\/\/sulsc.com\/index.php\/2026\/09\/01\/idosa-fica-ferida-apos-colisao-entre-dois-carros-em-tubarao\/#breadcrumb"},"inLanguage":"en-US","potentialAction":[{"@type":"ReadAction","target":["https:\/\/sulsc.com\/index.php\/2026\/09\/01\/idosa-fica-ferida-apos-colisao-entre-dois-carros-em-tubarao\/"]}]},{"@type":"BreadcrumbList","@id":"https:\/\/sulsc.com\/index.php\/2026\/09\/01\/idosa-fica-ferida-apos-colisao-entre-dois-carros-em-tubarao\/#breadcrumb","itemListElement":[{"@type":"ListItem","position":1,"name":"In\u00edcio","item":"https:\/\/sulsc.com\/"},{"@type":"ListItem","position":2,"name":"Idosa fica ferida ap\u00f3s colis\u00e3o entre dois carros em Tubar\u00e3o"}]},{"@type":"WebSite","@id":"https:\/\/sulsc.com\/#website","url":"https:\/\/sulsc.com\/","name":"","description":"","potentialAction":[{"@type":"SearchAction","target":{"@type":"EntryPoint","urlTemplate":"https:\/\/sulsc.com\/?s={search_term_string}"},"query-input":"required name=search_term_string"}],"inLanguage":"en-US"},{"@type":"Person","@id":"https:\/\/sulsc.com\/#\/schema\/person\/84d2fc571684f6248ba83092f07750a3","name":"Reda\u00e7\u00e3o Sul SC","image":{"@type":"ImageObject","inLanguage":"en-US","@id":"https:\/\/sulsc.com\/#\/schema\/person\/image\/e08d7fe2cc4ed596372063bbe852b8d0","url":"https:\/\/sulsc.com\/wp-content\/uploads\/2023\/09\/redacao.png","contentUrl":"https:\/\/sulsc.com\/wp-content\/uploads\/2023\/09\/redacao.png","caption":"Reda\u00e7\u00e3o Sul SC"},"description":"Foco em um jornalismo imparcial, voltado \u00e0 qualidade dos seus conte\u00fados e, assim, levar informa\u00e7\u00e3o de valor que agregue \u00e0 vida dos leitores. Esta \u00e9 grande miss\u00e3o do Portal de Not\u00edcias Sul SC. N\u00e3o \u00e9 quantidade que muda o mundo, sempre foi e seguir\u00e1 sendo qualidade!","sameAs":["https:\/\/sulsc.com\/","https:\/\/www.facebook.com\/profile.php?id=61559278119680","https:\/\/www.instagram.com\/sulscportal\/?hl=pt-br","https:\/\/twitter.com\/https:\/\/twitter.com\/PortalSulSC","https:\/\/www.youtube.com\/channel\/UCv_BE8GeySluDov2n8qhVmw"],"url":"https:\/\/sulsc.com\/index.php\/author\/redacao\/"}]}},"authors":[],"_links":{"self":[{"href":"https:\/\/sulsc.com\/index.php\/wp-json\/wp\/v2\/posts\/35086"}],"collection":[{"href":"https:\/\/sulsc.com\/index.php\/wp-json\/wp\/v2\/posts"}],"about":[{"href":"https:\/\/sulsc.com\/index.php\/wp-json\/wp\/v2\/types\/post"}],"author":[{"embeddable":true,"href":"https:\/\/sulsc.com\/index.php\/wp-json\/wp\/v2\/users\/3"}],"replies":[{"embeddable":true,"href":"https:\/\/sulsc.com\/index.php\/wp-json\/wp\/v2\/comments?post=35086"}],"version-history":[{"count":1,"href":"https:\/\/sulsc.com\/index.php\/wp-json\/wp\/v2\/posts\/35086\/revisions"}],"predecessor-version":[{"id":35088,"href":"https:\/\/sulsc.com\/index.php\/wp-json\/wp\/v2\/posts\/35086\/revisions\/35088"}],"wp:featuredmedia":[{"embeddable":true,"href":"https:\/\/sulsc.com\/index.php\/wp-json\/wp\/v2\/media\/35087"}],"wp:attachment":[{"href":"https:\/\/sulsc.com\/index.php\/wp-json\/wp\/v2\/media?parent=35086"}],"wp:term":[{"taxonomy":"category","embeddable":true,"href":"https:\/\/sulsc.com\/index.php\/wp-json\/wp\/v2\/categories?post=35086"},{"taxonomy":"post_tag","embeddable":true,"href":"https:\/\/sulsc.com\/index.php\/wp-json\/wp\/v2\/tags?post=35086"}],"curies":[{"name":"wp","href":"https:\/\/api.w.org\/{rel}","templated":true}]}}