{"id":35089,"date":"2026-09-01T15:52:15","date_gmt":"2026-09-01T18:52:15","guid":{"rendered":"https:\/\/sulsc.com\/?p=35089"},"modified":"2026-09-01T15:52:15","modified_gmt":"2026-09-01T18:52:15","slug":"mendonca-envia-ao-plenario-do-stf-dados-sobre-suposta-rede-de-influencia-ligada-ao-banco-master","status":"publish","type":"post","link":"https:\/\/sulsc.com\/index.php\/2026\/09\/01\/mendonca-envia-ao-plenario-do-stf-dados-sobre-suposta-rede-de-influencia-ligada-ao-banco-master\/","title":{"rendered":"Mendon\u00e7a envia ao plen\u00e1rio do STF dados sobre suposta rede de influ\u00eancia ligada ao Banco Master"},"content":{"rendered":"<p>O ministro Andr\u00e9 Mendon\u00e7a, do Supremo Tribunal Federal (STF), determinou nesta ter\u00e7a-feira (1\u00ba) o fim do sigilo de uma apura\u00e7\u00e3o que re\u00fane novos elementos apresentados pela Pol\u00edcia Federal sobre uma suposta rede de monitoramento e influ\u00eancia relacionada ao banqueiro Daniel Vorcaro.<\/p>\n<p>O material ser\u00e1 encaminhado para an\u00e1lise do plen\u00e1rio da Corte em uma sess\u00e3o presencial e aberta ao p\u00fablico. A data do julgamento ainda ser\u00e1 definida pela presid\u00eancia do Supremo.<\/p>\n<div id=\"metaslider-id-25573\" style=\"width: 100%;\" class=\"ml-slider-3-99-0 metaslider metaslider-flex metaslider-25573 ml-slider has-onhover-arrows ms-theme-default-base has-dots-nav\" role=\"region\" aria-label=\"Meio\" data-width=\"1200\">\n    <div id=\"metaslider_container_25573\">\n        <div id=\"metaslider_25573\">\n            <ul class='slides'>\n                <li style=\"display: block; width: 100%;\" class=\"slide-25684 ms-image \" aria-roledescription=\"slide\" data-date=\"2025-07-24 07:55:40\"><img src=\"https:\/\/sulsc.com\/wp-content\/uploads\/2025\/07\/Marr-2-1000x166.jpg\" height=\"200\" width=\"1200\" alt=\"\" class=\"slider-25573 slide-25684 msDefaultImage\" title=\"Marr 2\" \/><\/li>\n                <li style=\"display: none; width: 100%;\" class=\"slide-32412 ms-image \" aria-roledescription=\"slide\" data-date=\"2026-02-18 13:59:46\"><img src=\"https:\/\/sulsc.com\/wp-content\/uploads\/2026\/02\/40dc1580-cad5-4867-bc58-c4243821ad38-1000x166.jpeg\" height=\"200\" width=\"1200\" alt=\"\" class=\"slider-25573 slide-32412 msDefaultImage\" title=\"40dc1580-cad5-4867-bc58-c4243821ad38\" \/><\/li>\n            <\/ul>\n        <\/div>\n        \n    <\/div>\n<\/div>\n<p>A apura\u00e7\u00e3o est\u00e1 vinculada \u00e0 Opera\u00e7\u00e3o Compliance Zero, que investiga a poss\u00edvel atua\u00e7\u00e3o de pessoas na obten\u00e7\u00e3o de informa\u00e7\u00f5es protegidas por sigilo e em tentativas de interferir ou dificultar investiga\u00e7\u00f5es criminais e procedimentos de fiscaliza\u00e7\u00e3o que poderiam afetar o grupo investigado.<\/p>\n<p>De acordo com a Pol\u00edcia Federal, mensagens localizadas no celular de Vorcaro indicariam que o banqueiro teria recebido, antes da divulga\u00e7\u00e3o oficial, informa\u00e7\u00f5es sobre investiga\u00e7\u00f5es criminais e processos em andamento no Banco Central.<\/p>\n<p>Mensagens citam autoridades<\/p>\n<p>Reportagens sobre o caso apontam que mensagens atribu\u00eddas a Vorcaro mencionariam pedidos de interven\u00e7\u00e3o junto ao diretor-geral da Pol\u00edcia Federal, Andrei Rodrigues, e ao procurador-geral da Rep\u00fablica, Paulo Gonet.<\/p>\n<p>No entanto, o despacho de Mendon\u00e7a n\u00e3o aponta Alexandre de Moraes como interlocutor. No documento, a pessoa que teria mantido os di\u00e1logos com o banqueiro \u00e9 descrita como \u201cat\u00e9 ent\u00e3o, n\u00e3o identificada\u201d.<\/p>\n<p>Antes de decidir pelo levantamento do sigilo, Mendon\u00e7a solicitou \u00e0 Pol\u00edcia Federal informa\u00e7\u00f5es atualizadas sobre os poss\u00edveis integrantes da suposta estrutura. Em resposta, recebeu uma nova Informa\u00e7\u00e3o de Pol\u00edcia Judici\u00e1ria acompanhada de quatro documentos.<\/p>\n<p>O conte\u00fado foi separado do processo original e passou a tramitar na Peti\u00e7\u00e3o 16.662, que tamb\u00e9m foi encaminhada \u00e0 Procuradoria-Geral da Rep\u00fablica para manifesta\u00e7\u00e3o. O despacho n\u00e3o detalha o teor dos documentos apresentados pela PF.<\/p>\n<p>Mendon\u00e7a afirmou que os novos elementos dever\u00e3o ser examinados pelos ministros do Supremo de maneira \u201ct\u00e9cnica e estritamente jur\u00eddica\u201d, independentemente da posi\u00e7\u00e3o que venha a ser apresentada pela PGR.<\/p>\n<p>A decis\u00e3o ocorre no contexto das investiga\u00e7\u00f5es sobre o Banco Master e sobre as rela\u00e7\u00f5es mantidas por Vorcaro com autoridades e pessoas ligadas a institui\u00e7\u00f5es p\u00fablicas. A apura\u00e7\u00e3o busca esclarecer a origem das informa\u00e7\u00f5es obtidas pelo banqueiro, a identidade dos interlocutores e a eventual exist\u00eancia de tentativas de influ\u00eancia sobre \u00f3rg\u00e3os respons\u00e1veis por investiga\u00e7\u00f5es e fiscaliza\u00e7\u00e3o.<\/p>\n<p>At\u00e9 o momento, a decis\u00e3o n\u00e3o estabelece responsabilidade criminal dos envolvidos. A confirma\u00e7\u00e3o das suspeitas depender\u00e1 da an\u00e1lise dos documentos, da realiza\u00e7\u00e3o de dilig\u00eancias e de eventual manifesta\u00e7\u00e3o das autoridades citadas.<\/p>\n<p><img fetchpriority=\"high\" decoding=\"async\" class=\"aligncenter size-full wp-image-35090\" src=\"http:\/\/sulsc.com\/wp-content\/uploads\/2026\/09\/a4a1ec5f-4933-418d-a38d-ca26ffc9e851.jpg\" alt=\"\" width=\"768\" height=\"512\" srcset=\"https:\/\/sulsc.com\/wp-content\/uploads\/2026\/09\/a4a1ec5f-4933-418d-a38d-ca26ffc9e851.jpg 768w, https:\/\/sulsc.com\/wp-content\/uploads\/2026\/09\/a4a1ec5f-4933-418d-a38d-ca26ffc9e851-300x200.jpg 300w\" sizes=\"(max-width: 768px) 100vw, 768px\" \/><\/p>\n<p>Plen\u00e1rio STF\/Divulga\u00e7\u00e3o<\/p>\n","protected":false},"excerpt":{"rendered":"<p>O ministro Andr\u00e9 Mendon\u00e7a, do Supremo Tribunal Federal (STF), determinou nesta ter\u00e7a-feira (1\u00ba) o fim do sigilo de uma apura\u00e7\u00e3o que re\u00fane novos elementos apresentados pela Pol\u00edcia Federal sobre uma suposta rede de monitoramento e influ\u00eancia relacionada ao banqueiro Daniel Vorcaro. O material ser\u00e1 encaminhado para an\u00e1lise do plen\u00e1rio da Corte em uma sess\u00e3o presencial &hellip;<\/p>\n<p class=\"read-more\"> <a class=\"\" href=\"https:\/\/sulsc.com\/index.php\/2026\/09\/01\/mendonca-envia-ao-plenario-do-stf-dados-sobre-suposta-rede-de-influencia-ligada-ao-banco-master\/\"> <span class=\"screen-reader-text\">Mendon\u00e7a envia ao plen\u00e1rio do STF dados sobre suposta rede de influ\u00eancia ligada ao Banco Master<\/span> Read More &raquo;<\/a><\/p>\n","protected":false},"author":3,"featured_media":35091,"comment_status":"open","ping_status":"open","sticky":false,"template":"","format":"standard","meta":{"site-sidebar-layout":"default","site-content-layout":"","ast-site-content-layout":"default","site-content-style":"default","site-sidebar-style":"default","ast-global-header-display":"","ast-banner-title-visibility":"","ast-main-header-display":"","ast-hfb-above-header-display":"","ast-hfb-below-header-display":"","ast-hfb-mobile-header-display":"","site-post-title":"","ast-breadcrumbs-content":"","ast-featured-img":"","footer-sml-layout":"","theme-transparent-header-meta":"default","adv-header-id-meta":"","stick-header-meta":"","header-above-stick-meta":"","header-main-stick-meta":"","header-below-stick-meta":"","astra-migrate-meta-layouts":"set","footnotes":""},"categories":[1,15,2417,12],"tags":[146,2753],"yoast_head":"<!-- This site is optimized with the Yoast SEO plugin v21.4 - https:\/\/yoast.com\/wordpress\/plugins\/seo\/ -->\n<title>Mendon\u00e7a envia ao plen\u00e1rio do STF dados sobre suposta rede de influ\u00eancia ligada ao Banco Master -<\/title>\n<meta name=\"robots\" content=\"index, follow, max-snippet:-1, max-image-preview:large, max-video-preview:-1\" \/>\n<link rel=\"canonical\" href=\"https:\/\/sulsc.com\/index.php\/2026\/09\/01\/mendonca-envia-ao-plenario-do-stf-dados-sobre-suposta-rede-de-influencia-ligada-ao-banco-master\/\" \/>\n<meta property=\"og:locale\" content=\"en_US\" \/>\n<meta property=\"og:type\" content=\"article\" \/>\n<meta property=\"og:title\" content=\"Mendon\u00e7a envia ao plen\u00e1rio do STF dados sobre suposta rede de influ\u00eancia ligada ao Banco Master -\" \/>\n<meta property=\"og:description\" content=\"O ministro Andr\u00e9 Mendon\u00e7a, do Supremo Tribunal Federal (STF), determinou nesta ter\u00e7a-feira (1\u00ba) o fim do sigilo de uma apura\u00e7\u00e3o que re\u00fane novos elementos apresentados pela Pol\u00edcia Federal sobre uma suposta rede de monitoramento e influ\u00eancia relacionada ao banqueiro Daniel Vorcaro. O material ser\u00e1 encaminhado para an\u00e1lise do plen\u00e1rio da Corte em uma sess\u00e3o presencial &hellip; Mendon\u00e7a envia ao plen\u00e1rio do STF dados sobre suposta rede de influ\u00eancia ligada ao Banco Master Read More &raquo;\" \/>\n<meta property=\"og:url\" content=\"https:\/\/sulsc.com\/index.php\/2026\/09\/01\/mendonca-envia-ao-plenario-do-stf-dados-sobre-suposta-rede-de-influencia-ligada-ao-banco-master\/\" \/>\n<meta property=\"article:author\" content=\"https:\/\/www.facebook.com\/profile.php?id=61559278119680\" \/>\n<meta property=\"article:published_time\" content=\"2026-09-01T18:52:15+00:00\" \/>\n<meta property=\"og:image\" content=\"http:\/\/sulsc.com\/wp-content\/uploads\/2026\/09\/175ed2bb-7c92-4182-9e5a-50beedd2f12d.jpg\" \/>\n\t<meta property=\"og:image:width\" content=\"1000\" \/>\n\t<meta property=\"og:image:height\" content=\"600\" \/>\n\t<meta property=\"og:image:type\" content=\"image\/jpeg\" \/>\n<meta name=\"author\" content=\"Reda\u00e7\u00e3o Sul SC\" \/>\n<meta name=\"twitter:card\" content=\"summary_large_image\" \/>\n<meta name=\"twitter:creator\" content=\"@https:\/\/twitter.com\/PortalSulSC\" \/>\n<meta name=\"twitter:label1\" content=\"Written by\" \/>\n\t<meta name=\"twitter:data1\" content=\"Reda\u00e7\u00e3o Sul SC\" \/>\n\t<meta name=\"twitter:label2\" content=\"Est. reading time\" \/>\n\t<meta name=\"twitter:data2\" content=\"2 minutes\" \/>\n<script type=\"application\/ld+json\" class=\"yoast-schema-graph\">{\"@context\":\"https:\/\/schema.org\",\"@graph\":[{\"@type\":\"WebPage\",\"@id\":\"https:\/\/sulsc.com\/index.php\/2026\/09\/01\/mendonca-envia-ao-plenario-do-stf-dados-sobre-suposta-rede-de-influencia-ligada-ao-banco-master\/\",\"url\":\"https:\/\/sulsc.com\/index.php\/2026\/09\/01\/mendonca-envia-ao-plenario-do-stf-dados-sobre-suposta-rede-de-influencia-ligada-ao-banco-master\/\",\"name\":\"Mendon\u00e7a envia ao plen\u00e1rio do STF dados sobre suposta rede de influ\u00eancia ligada ao Banco Master -\",\"isPartOf\":{\"@id\":\"https:\/\/sulsc.com\/#website\"},\"datePublished\":\"2026-09-01T18:52:15+00:00\",\"dateModified\":\"2026-09-01T18:52:15+00:00\",\"author\":{\"@id\":\"https:\/\/sulsc.com\/#\/schema\/person\/84d2fc571684f6248ba83092f07750a3\"},\"breadcrumb\":{\"@id\":\"https:\/\/sulsc.com\/index.php\/2026\/09\/01\/mendonca-envia-ao-plenario-do-stf-dados-sobre-suposta-rede-de-influencia-ligada-ao-banco-master\/#breadcrumb\"},\"inLanguage\":\"en-US\",\"potentialAction\":[{\"@type\":\"ReadAction\",\"target\":[\"https:\/\/sulsc.com\/index.php\/2026\/09\/01\/mendonca-envia-ao-plenario-do-stf-dados-sobre-suposta-rede-de-influencia-ligada-ao-banco-master\/\"]}]},{\"@type\":\"BreadcrumbList\",\"@id\":\"https:\/\/sulsc.com\/index.php\/2026\/09\/01\/mendonca-envia-ao-plenario-do-stf-dados-sobre-suposta-rede-de-influencia-ligada-ao-banco-master\/#breadcrumb\",\"itemListElement\":[{\"@type\":\"ListItem\",\"position\":1,\"name\":\"In\u00edcio\",\"item\":\"https:\/\/sulsc.com\/\"},{\"@type\":\"ListItem\",\"position\":2,\"name\":\"Mendon\u00e7a envia ao plen\u00e1rio do STF dados sobre suposta rede de influ\u00eancia ligada ao Banco Master\"}]},{\"@type\":\"WebSite\",\"@id\":\"https:\/\/sulsc.com\/#website\",\"url\":\"https:\/\/sulsc.com\/\",\"name\":\"\",\"description\":\"\",\"potentialAction\":[{\"@type\":\"SearchAction\",\"target\":{\"@type\":\"EntryPoint\",\"urlTemplate\":\"https:\/\/sulsc.com\/?s={search_term_string}\"},\"query-input\":\"required name=search_term_string\"}],\"inLanguage\":\"en-US\"},{\"@type\":\"Person\",\"@id\":\"https:\/\/sulsc.com\/#\/schema\/person\/84d2fc571684f6248ba83092f07750a3\",\"name\":\"Reda\u00e7\u00e3o Sul SC\",\"image\":{\"@type\":\"ImageObject\",\"inLanguage\":\"en-US\",\"@id\":\"https:\/\/sulsc.com\/#\/schema\/person\/image\/e08d7fe2cc4ed596372063bbe852b8d0\",\"url\":\"https:\/\/sulsc.com\/wp-content\/uploads\/2023\/09\/redacao.png\",\"contentUrl\":\"https:\/\/sulsc.com\/wp-content\/uploads\/2023\/09\/redacao.png\",\"caption\":\"Reda\u00e7\u00e3o Sul SC\"},\"description\":\"Foco em um jornalismo imparcial, voltado \u00e0 qualidade dos seus conte\u00fados e, assim, levar informa\u00e7\u00e3o de valor que agregue \u00e0 vida dos leitores. Esta \u00e9 grande miss\u00e3o do Portal de Not\u00edcias Sul SC. N\u00e3o \u00e9 quantidade que muda o mundo, sempre foi e seguir\u00e1 sendo qualidade!\",\"sameAs\":[\"https:\/\/sulsc.com\/\",\"https:\/\/www.facebook.com\/profile.php?id=61559278119680\",\"https:\/\/www.instagram.com\/sulscportal\/?hl=pt-br\",\"https:\/\/twitter.com\/https:\/\/twitter.com\/PortalSulSC\",\"https:\/\/www.youtube.com\/channel\/UCv_BE8GeySluDov2n8qhVmw\"],\"url\":\"https:\/\/sulsc.com\/index.php\/author\/redacao\/\"}]}<\/script>\n<!-- \/ Yoast SEO plugin. -->","yoast_head_json":{"title":"Mendon\u00e7a envia ao plen\u00e1rio do STF dados sobre suposta rede de influ\u00eancia ligada ao Banco Master -","robots":{"index":"index","follow":"follow","max-snippet":"max-snippet:-1","max-image-preview":"max-image-preview:large","max-video-preview":"max-video-preview:-1"},"canonical":"https:\/\/sulsc.com\/index.php\/2026\/09\/01\/mendonca-envia-ao-plenario-do-stf-dados-sobre-suposta-rede-de-influencia-ligada-ao-banco-master\/","og_locale":"en_US","og_type":"article","og_title":"Mendon\u00e7a envia ao plen\u00e1rio do STF dados sobre suposta rede de influ\u00eancia ligada ao Banco Master -","og_description":"O ministro Andr\u00e9 Mendon\u00e7a, do Supremo Tribunal Federal (STF), determinou nesta ter\u00e7a-feira (1\u00ba) o fim do sigilo de uma apura\u00e7\u00e3o que re\u00fane novos elementos apresentados pela Pol\u00edcia Federal sobre uma suposta rede de monitoramento e influ\u00eancia relacionada ao banqueiro Daniel Vorcaro. O material ser\u00e1 encaminhado para an\u00e1lise do plen\u00e1rio da Corte em uma sess\u00e3o presencial &hellip; Mendon\u00e7a envia ao plen\u00e1rio do STF dados sobre suposta rede de influ\u00eancia ligada ao Banco Master Read More &raquo;","og_url":"https:\/\/sulsc.com\/index.php\/2026\/09\/01\/mendonca-envia-ao-plenario-do-stf-dados-sobre-suposta-rede-de-influencia-ligada-ao-banco-master\/","article_author":"https:\/\/www.facebook.com\/profile.php?id=61559278119680","article_published_time":"2026-09-01T18:52:15+00:00","og_image":[{"width":1000,"height":600,"url":"http:\/\/sulsc.com\/wp-content\/uploads\/2026\/09\/175ed2bb-7c92-4182-9e5a-50beedd2f12d.jpg","type":"image\/jpeg"}],"author":"Reda\u00e7\u00e3o Sul SC","twitter_card":"summary_large_image","twitter_creator":"@https:\/\/twitter.com\/PortalSulSC","twitter_misc":{"Written by":"Reda\u00e7\u00e3o Sul SC","Est. reading time":"2 minutes"},"schema":{"@context":"https:\/\/schema.org","@graph":[{"@type":"WebPage","@id":"https:\/\/sulsc.com\/index.php\/2026\/09\/01\/mendonca-envia-ao-plenario-do-stf-dados-sobre-suposta-rede-de-influencia-ligada-ao-banco-master\/","url":"https:\/\/sulsc.com\/index.php\/2026\/09\/01\/mendonca-envia-ao-plenario-do-stf-dados-sobre-suposta-rede-de-influencia-ligada-ao-banco-master\/","name":"Mendon\u00e7a envia ao plen\u00e1rio do STF dados sobre suposta rede de influ\u00eancia ligada ao Banco Master -","isPartOf":{"@id":"https:\/\/sulsc.com\/#website"},"datePublished":"2026-09-01T18:52:15+00:00","dateModified":"2026-09-01T18:52:15+00:00","author":{"@id":"https:\/\/sulsc.com\/#\/schema\/person\/84d2fc571684f6248ba83092f07750a3"},"breadcrumb":{"@id":"https:\/\/sulsc.com\/index.php\/2026\/09\/01\/mendonca-envia-ao-plenario-do-stf-dados-sobre-suposta-rede-de-influencia-ligada-ao-banco-master\/#breadcrumb"},"inLanguage":"en-US","potentialAction":[{"@type":"ReadAction","target":["https:\/\/sulsc.com\/index.php\/2026\/09\/01\/mendonca-envia-ao-plenario-do-stf-dados-sobre-suposta-rede-de-influencia-ligada-ao-banco-master\/"]}]},{"@type":"BreadcrumbList","@id":"https:\/\/sulsc.com\/index.php\/2026\/09\/01\/mendonca-envia-ao-plenario-do-stf-dados-sobre-suposta-rede-de-influencia-ligada-ao-banco-master\/#breadcrumb","itemListElement":[{"@type":"ListItem","position":1,"name":"In\u00edcio","item":"https:\/\/sulsc.com\/"},{"@type":"ListItem","position":2,"name":"Mendon\u00e7a envia ao plen\u00e1rio do STF dados sobre suposta rede de influ\u00eancia ligada ao Banco Master"}]},{"@type":"WebSite","@id":"https:\/\/sulsc.com\/#website","url":"https:\/\/sulsc.com\/","name":"","description":"","potentialAction":[{"@type":"SearchAction","target":{"@type":"EntryPoint","urlTemplate":"https:\/\/sulsc.com\/?s={search_term_string}"},"query-input":"required name=search_term_string"}],"inLanguage":"en-US"},{"@type":"Person","@id":"https:\/\/sulsc.com\/#\/schema\/person\/84d2fc571684f6248ba83092f07750a3","name":"Reda\u00e7\u00e3o Sul SC","image":{"@type":"ImageObject","inLanguage":"en-US","@id":"https:\/\/sulsc.com\/#\/schema\/person\/image\/e08d7fe2cc4ed596372063bbe852b8d0","url":"https:\/\/sulsc.com\/wp-content\/uploads\/2023\/09\/redacao.png","contentUrl":"https:\/\/sulsc.com\/wp-content\/uploads\/2023\/09\/redacao.png","caption":"Reda\u00e7\u00e3o Sul SC"},"description":"Foco em um jornalismo imparcial, voltado \u00e0 qualidade dos seus conte\u00fados e, assim, levar informa\u00e7\u00e3o de valor que agregue \u00e0 vida dos leitores. Esta \u00e9 grande miss\u00e3o do Portal de Not\u00edcias Sul SC. N\u00e3o \u00e9 quantidade que muda o mundo, sempre foi e seguir\u00e1 sendo qualidade!","sameAs":["https:\/\/sulsc.com\/","https:\/\/www.facebook.com\/profile.php?id=61559278119680","https:\/\/www.instagram.com\/sulscportal\/?hl=pt-br","https:\/\/twitter.com\/https:\/\/twitter.com\/PortalSulSC","https:\/\/www.youtube.com\/channel\/UCv_BE8GeySluDov2n8qhVmw"],"url":"https:\/\/sulsc.com\/index.php\/author\/redacao\/"}]}},"authors":[],"_links":{"self":[{"href":"https:\/\/sulsc.com\/index.php\/wp-json\/wp\/v2\/posts\/35089"}],"collection":[{"href":"https:\/\/sulsc.com\/index.php\/wp-json\/wp\/v2\/posts"}],"about":[{"href":"https:\/\/sulsc.com\/index.php\/wp-json\/wp\/v2\/types\/post"}],"author":[{"embeddable":true,"href":"https:\/\/sulsc.com\/index.php\/wp-json\/wp\/v2\/users\/3"}],"replies":[{"embeddable":true,"href":"https:\/\/sulsc.com\/index.php\/wp-json\/wp\/v2\/comments?post=35089"}],"version-history":[{"count":1,"href":"https:\/\/sulsc.com\/index.php\/wp-json\/wp\/v2\/posts\/35089\/revisions"}],"predecessor-version":[{"id":35092,"href":"https:\/\/sulsc.com\/index.php\/wp-json\/wp\/v2\/posts\/35089\/revisions\/35092"}],"wp:featuredmedia":[{"embeddable":true,"href":"https:\/\/sulsc.com\/index.php\/wp-json\/wp\/v2\/media\/35091"}],"wp:attachment":[{"href":"https:\/\/sulsc.com\/index.php\/wp-json\/wp\/v2\/media?parent=35089"}],"wp:term":[{"taxonomy":"category","embeddable":true,"href":"https:\/\/sulsc.com\/index.php\/wp-json\/wp\/v2\/categories?post=35089"},{"taxonomy":"post_tag","embeddable":true,"href":"https:\/\/sulsc.com\/index.php\/wp-json\/wp\/v2\/tags?post=35089"}],"curies":[{"name":"wp","href":"https:\/\/api.w.org\/{rel}","templated":true}]}}