{"id":35098,"date":"2026-09-01T16:22:01","date_gmt":"2026-09-01T19:22:01","guid":{"rendered":"https:\/\/sulsc.com\/?p=35098"},"modified":"2026-09-01T16:22:01","modified_gmt":"2026-09-01T19:22:01","slug":"acao-conjunta-remove-60-toneladas-de-residuos-descartados-irregularmente-em-tubarao","status":"publish","type":"post","link":"https:\/\/sulsc.com\/index.php\/2026\/09\/01\/acao-conjunta-remove-60-toneladas-de-residuos-descartados-irregularmente-em-tubarao\/","title":{"rendered":"A\u00e7\u00e3o conjunta remove 60 toneladas de res\u00edduos descartados irregularmente em Tubar\u00e3o"},"content":{"rendered":"<p>Uma opera\u00e7\u00e3o realizada em conjunto pela Prefeitura de Tubar\u00e3o e pela Ferrovia Tereza Cristina retirou aproximadamente 60 toneladas de res\u00edduos descartados de forma irregular no bairro Passagem. A limpeza ocorreu nas proximidades da Rua Visconde de Barbacena, em um trecho localizado \u00e0s margens da linha f\u00e9rrea e da via p\u00fablica.<\/p>\n<p>Durante o trabalho, foram recolhidos m\u00f3veis, entulhos e outros materiais abandonados no local. A \u00e1rea pertence ao dom\u00ednio federal e est\u00e1 sob concess\u00e3o da Ferrovia Tereza Cristina.<\/p>\n<div id=\"metaslider-id-25573\" style=\"width: 100%;\" class=\"ml-slider-3-99-0 metaslider metaslider-flex metaslider-25573 ml-slider has-onhover-arrows ms-theme-default-base has-dots-nav\" role=\"region\" aria-label=\"Meio\" data-width=\"1200\">\n    <div id=\"metaslider_container_25573\">\n        <div id=\"metaslider_25573\">\n            <ul class='slides'>\n                <li style=\"display: block; width: 100%;\" class=\"slide-25684 ms-image \" aria-roledescription=\"slide\" data-date=\"2025-07-24 07:55:40\"><img src=\"https:\/\/sulsc.com\/wp-content\/uploads\/2025\/07\/Marr-2-1000x166.jpg\" height=\"200\" width=\"1200\" alt=\"\" class=\"slider-25573 slide-25684 msDefaultImage\" title=\"Marr 2\" \/><\/li>\n                <li style=\"display: none; width: 100%;\" class=\"slide-32412 ms-image \" aria-roledescription=\"slide\" data-date=\"2026-02-18 13:59:46\"><img src=\"https:\/\/sulsc.com\/wp-content\/uploads\/2026\/02\/40dc1580-cad5-4867-bc58-c4243821ad38-1000x166.jpeg\" height=\"200\" width=\"1200\" alt=\"\" class=\"slider-25573 slide-32412 msDefaultImage\" title=\"40dc1580-cad5-4867-bc58-c4243821ad38\" \/><\/li>\n            <\/ul>\n        <\/div>\n        \n    <\/div>\n<\/div>\n<p>Segundo as informa\u00e7\u00f5es divulgadas, o ponto j\u00e1 havia passado por servi\u00e7os de limpeza. Mesmo assim, novos descartes voltaram a ser registrados no local, o que levou \u00e0 realiza\u00e7\u00e3o de uma nova a\u00e7\u00e3o.<\/p>\n<p>Segundo o <strong>secret\u00e1rio de Servi\u00e7os P\u00fablicos e Zeladoria, Felippe Tessmann<\/strong>, a a\u00e7\u00e3o deve continuar em outro ponto pr\u00f3ximo ao Centro Social Urbano da Passagem, onde tamb\u00e9m foram identificados materiais acumulados.<\/p>\n<p><strong>\u201c<\/strong>Essa \u00e9 uma regi\u00e3o onde os descartes irregulares acabam ocorrendo com frequ\u00eancia. Em parceria com a Ferrovia Tereza Cristina, realizamos a limpeza, mas precisamos da conscientiza\u00e7\u00e3o de todos para que os res\u00edduos sejam destinados aos locais apropriados<strong>\u201d, destaca o secret\u00e1rio.<\/strong><\/p>\n<p>O descarte de res\u00edduos em vias p\u00fablicas ou \u00e1reas n\u00e3o autorizadas \u00e9 ilegal e pode provocar impactos ambientais, obstruir espa\u00e7os de circula\u00e7\u00e3o e comprometer a seguran\u00e7a e a limpeza urbana. Materiais de constru\u00e7\u00e3o e grandes volumes de entulho devem ser destinados corretamente, com a contrata\u00e7\u00e3o de ca\u00e7ambas ou de empresas autorizadas para o recolhimento.<\/p>\n<p><strong>A Prefeitura refor\u00e7a<\/strong> que m\u00f3veis, sof\u00e1s, restos de obras e outros materiais n\u00e3o devem ser abandonados em ruas, terrenos ou nas margens da ferrovia. A colabora\u00e7\u00e3o da popula\u00e7\u00e3o \u00e9 fundamental para preservar os espa\u00e7os p\u00fablicos e evitar que \u00e1reas j\u00e1 limpas voltem a receber res\u00edduos.<\/p>\n<p><img fetchpriority=\"high\" decoding=\"async\" class=\"aligncenter size-full wp-image-35099\" src=\"http:\/\/sulsc.com\/wp-content\/uploads\/2026\/09\/WhatsApp-Image-2026-08-28-at-16.38.18-1-1024x576-1.jpeg\" alt=\"\" width=\"1024\" height=\"576\" srcset=\"https:\/\/sulsc.com\/wp-content\/uploads\/2026\/09\/WhatsApp-Image-2026-08-28-at-16.38.18-1-1024x576-1.jpeg 1024w, https:\/\/sulsc.com\/wp-content\/uploads\/2026\/09\/WhatsApp-Image-2026-08-28-at-16.38.18-1-1024x576-1-300x169.jpeg 300w, https:\/\/sulsc.com\/wp-content\/uploads\/2026\/09\/WhatsApp-Image-2026-08-28-at-16.38.18-1-1024x576-1-768x432.jpeg 768w\" sizes=\"(max-width: 1024px) 100vw, 1024px\" \/><\/p>\n<p>PMT\/Divulga\u00e7\u00e3o<\/p>\n","protected":false},"excerpt":{"rendered":"<p>Uma opera\u00e7\u00e3o realizada em conjunto pela Prefeitura de Tubar\u00e3o e pela Ferrovia Tereza Cristina retirou aproximadamente 60 toneladas de res\u00edduos descartados de forma irregular no bairro Passagem. A limpeza ocorreu nas proximidades da Rua Visconde de Barbacena, em um trecho localizado \u00e0s margens da linha f\u00e9rrea e da via p\u00fablica. Durante o trabalho, foram recolhidos &hellip;<\/p>\n<p class=\"read-more\"> <a class=\"\" href=\"https:\/\/sulsc.com\/index.php\/2026\/09\/01\/acao-conjunta-remove-60-toneladas-de-residuos-descartados-irregularmente-em-tubarao\/\"> <span class=\"screen-reader-text\">A\u00e7\u00e3o conjunta remove 60 toneladas de res\u00edduos descartados irregularmente em Tubar\u00e3o<\/span> Read More &raquo;<\/a><\/p>\n","protected":false},"author":3,"featured_media":35100,"comment_status":"open","ping_status":"open","sticky":false,"template":"","format":"standard","meta":{"site-sidebar-layout":"default","site-content-layout":"","ast-site-content-layout":"default","site-content-style":"default","site-sidebar-style":"default","ast-global-header-display":"","ast-banner-title-visibility":"","ast-main-header-display":"","ast-hfb-above-header-display":"","ast-hfb-below-header-display":"","ast-hfb-mobile-header-display":"","site-post-title":"","ast-breadcrumbs-content":"","ast-featured-img":"","footer-sml-layout":"","theme-transparent-header-meta":"default","adv-header-id-meta":"","stick-header-meta":"","header-above-stick-meta":"","header-main-stick-meta":"","header-below-stick-meta":"","astra-migrate-meta-layouts":"set","footnotes":""},"categories":[2231,1,14,21,12],"tags":[1193],"yoast_head":"<!-- This site is optimized with the Yoast SEO plugin v21.4 - https:\/\/yoast.com\/wordpress\/plugins\/seo\/ -->\n<title>A\u00e7\u00e3o conjunta remove 60 toneladas de res\u00edduos descartados irregularmente em Tubar\u00e3o -<\/title>\n<meta name=\"robots\" content=\"index, follow, max-snippet:-1, max-image-preview:large, max-video-preview:-1\" \/>\n<link rel=\"canonical\" href=\"https:\/\/sulsc.com\/index.php\/2026\/09\/01\/acao-conjunta-remove-60-toneladas-de-residuos-descartados-irregularmente-em-tubarao\/\" \/>\n<meta property=\"og:locale\" content=\"en_US\" \/>\n<meta property=\"og:type\" content=\"article\" \/>\n<meta property=\"og:title\" content=\"A\u00e7\u00e3o conjunta remove 60 toneladas de res\u00edduos descartados irregularmente em Tubar\u00e3o -\" \/>\n<meta property=\"og:description\" content=\"Uma opera\u00e7\u00e3o realizada em conjunto pela Prefeitura de Tubar\u00e3o e pela Ferrovia Tereza Cristina retirou aproximadamente 60 toneladas de res\u00edduos descartados de forma irregular no bairro Passagem. A limpeza ocorreu nas proximidades da Rua Visconde de Barbacena, em um trecho localizado \u00e0s margens da linha f\u00e9rrea e da via p\u00fablica. Durante o trabalho, foram recolhidos &hellip; A\u00e7\u00e3o conjunta remove 60 toneladas de res\u00edduos descartados irregularmente em Tubar\u00e3o Read More &raquo;\" \/>\n<meta property=\"og:url\" content=\"https:\/\/sulsc.com\/index.php\/2026\/09\/01\/acao-conjunta-remove-60-toneladas-de-residuos-descartados-irregularmente-em-tubarao\/\" \/>\n<meta property=\"article:author\" content=\"https:\/\/www.facebook.com\/profile.php?id=61559278119680\" \/>\n<meta property=\"article:published_time\" content=\"2026-09-01T19:22:01+00:00\" \/>\n<meta property=\"og:image\" content=\"http:\/\/sulsc.com\/wp-content\/uploads\/2026\/09\/WhatsApp-Image-2026-08-28-at-16.37.50-576x1024-1-e1788290509928.jpeg\" \/>\n\t<meta property=\"og:image:width\" content=\"571\" \/>\n\t<meta property=\"og:image:height\" content=\"592\" \/>\n\t<meta property=\"og:image:type\" content=\"image\/jpeg\" \/>\n<meta name=\"author\" content=\"Reda\u00e7\u00e3o Sul SC\" \/>\n<meta name=\"twitter:card\" content=\"summary_large_image\" \/>\n<meta name=\"twitter:creator\" content=\"@https:\/\/twitter.com\/PortalSulSC\" \/>\n<meta name=\"twitter:label1\" content=\"Written by\" \/>\n\t<meta name=\"twitter:data1\" content=\"Reda\u00e7\u00e3o Sul SC\" \/>\n\t<meta name=\"twitter:label2\" content=\"Est. reading time\" \/>\n\t<meta name=\"twitter:data2\" content=\"2 minutes\" \/>\n<script type=\"application\/ld+json\" class=\"yoast-schema-graph\">{\"@context\":\"https:\/\/schema.org\",\"@graph\":[{\"@type\":\"WebPage\",\"@id\":\"https:\/\/sulsc.com\/index.php\/2026\/09\/01\/acao-conjunta-remove-60-toneladas-de-residuos-descartados-irregularmente-em-tubarao\/\",\"url\":\"https:\/\/sulsc.com\/index.php\/2026\/09\/01\/acao-conjunta-remove-60-toneladas-de-residuos-descartados-irregularmente-em-tubarao\/\",\"name\":\"A\u00e7\u00e3o conjunta remove 60 toneladas de res\u00edduos descartados irregularmente em Tubar\u00e3o -\",\"isPartOf\":{\"@id\":\"https:\/\/sulsc.com\/#website\"},\"datePublished\":\"2026-09-01T19:22:01+00:00\",\"dateModified\":\"2026-09-01T19:22:01+00:00\",\"author\":{\"@id\":\"https:\/\/sulsc.com\/#\/schema\/person\/84d2fc571684f6248ba83092f07750a3\"},\"breadcrumb\":{\"@id\":\"https:\/\/sulsc.com\/index.php\/2026\/09\/01\/acao-conjunta-remove-60-toneladas-de-residuos-descartados-irregularmente-em-tubarao\/#breadcrumb\"},\"inLanguage\":\"en-US\",\"potentialAction\":[{\"@type\":\"ReadAction\",\"target\":[\"https:\/\/sulsc.com\/index.php\/2026\/09\/01\/acao-conjunta-remove-60-toneladas-de-residuos-descartados-irregularmente-em-tubarao\/\"]}]},{\"@type\":\"BreadcrumbList\",\"@id\":\"https:\/\/sulsc.com\/index.php\/2026\/09\/01\/acao-conjunta-remove-60-toneladas-de-residuos-descartados-irregularmente-em-tubarao\/#breadcrumb\",\"itemListElement\":[{\"@type\":\"ListItem\",\"position\":1,\"name\":\"In\u00edcio\",\"item\":\"https:\/\/sulsc.com\/\"},{\"@type\":\"ListItem\",\"position\":2,\"name\":\"A\u00e7\u00e3o conjunta remove 60 toneladas de res\u00edduos descartados irregularmente em Tubar\u00e3o\"}]},{\"@type\":\"WebSite\",\"@id\":\"https:\/\/sulsc.com\/#website\",\"url\":\"https:\/\/sulsc.com\/\",\"name\":\"\",\"description\":\"\",\"potentialAction\":[{\"@type\":\"SearchAction\",\"target\":{\"@type\":\"EntryPoint\",\"urlTemplate\":\"https:\/\/sulsc.com\/?s={search_term_string}\"},\"query-input\":\"required name=search_term_string\"}],\"inLanguage\":\"en-US\"},{\"@type\":\"Person\",\"@id\":\"https:\/\/sulsc.com\/#\/schema\/person\/84d2fc571684f6248ba83092f07750a3\",\"name\":\"Reda\u00e7\u00e3o Sul SC\",\"image\":{\"@type\":\"ImageObject\",\"inLanguage\":\"en-US\",\"@id\":\"https:\/\/sulsc.com\/#\/schema\/person\/image\/e08d7fe2cc4ed596372063bbe852b8d0\",\"url\":\"https:\/\/sulsc.com\/wp-content\/uploads\/2023\/09\/redacao.png\",\"contentUrl\":\"https:\/\/sulsc.com\/wp-content\/uploads\/2023\/09\/redacao.png\",\"caption\":\"Reda\u00e7\u00e3o Sul SC\"},\"description\":\"Foco em um jornalismo imparcial, voltado \u00e0 qualidade dos seus conte\u00fados e, assim, levar informa\u00e7\u00e3o de valor que agregue \u00e0 vida dos leitores. Esta \u00e9 grande miss\u00e3o do Portal de Not\u00edcias Sul SC. N\u00e3o \u00e9 quantidade que muda o mundo, sempre foi e seguir\u00e1 sendo qualidade!\",\"sameAs\":[\"https:\/\/sulsc.com\/\",\"https:\/\/www.facebook.com\/profile.php?id=61559278119680\",\"https:\/\/www.instagram.com\/sulscportal\/?hl=pt-br\",\"https:\/\/twitter.com\/https:\/\/twitter.com\/PortalSulSC\",\"https:\/\/www.youtube.com\/channel\/UCv_BE8GeySluDov2n8qhVmw\"],\"url\":\"https:\/\/sulsc.com\/index.php\/author\/redacao\/\"}]}<\/script>\n<!-- \/ Yoast SEO plugin. -->","yoast_head_json":{"title":"A\u00e7\u00e3o conjunta remove 60 toneladas de res\u00edduos descartados irregularmente em Tubar\u00e3o -","robots":{"index":"index","follow":"follow","max-snippet":"max-snippet:-1","max-image-preview":"max-image-preview:large","max-video-preview":"max-video-preview:-1"},"canonical":"https:\/\/sulsc.com\/index.php\/2026\/09\/01\/acao-conjunta-remove-60-toneladas-de-residuos-descartados-irregularmente-em-tubarao\/","og_locale":"en_US","og_type":"article","og_title":"A\u00e7\u00e3o conjunta remove 60 toneladas de res\u00edduos descartados irregularmente em Tubar\u00e3o -","og_description":"Uma opera\u00e7\u00e3o realizada em conjunto pela Prefeitura de Tubar\u00e3o e pela Ferrovia Tereza Cristina retirou aproximadamente 60 toneladas de res\u00edduos descartados de forma irregular no bairro Passagem. A limpeza ocorreu nas proximidades da Rua Visconde de Barbacena, em um trecho localizado \u00e0s margens da linha f\u00e9rrea e da via p\u00fablica. Durante o trabalho, foram recolhidos &hellip; A\u00e7\u00e3o conjunta remove 60 toneladas de res\u00edduos descartados irregularmente em Tubar\u00e3o Read More &raquo;","og_url":"https:\/\/sulsc.com\/index.php\/2026\/09\/01\/acao-conjunta-remove-60-toneladas-de-residuos-descartados-irregularmente-em-tubarao\/","article_author":"https:\/\/www.facebook.com\/profile.php?id=61559278119680","article_published_time":"2026-09-01T19:22:01+00:00","og_image":[{"width":571,"height":592,"url":"http:\/\/sulsc.com\/wp-content\/uploads\/2026\/09\/WhatsApp-Image-2026-08-28-at-16.37.50-576x1024-1-e1788290509928.jpeg","type":"image\/jpeg"}],"author":"Reda\u00e7\u00e3o Sul SC","twitter_card":"summary_large_image","twitter_creator":"@https:\/\/twitter.com\/PortalSulSC","twitter_misc":{"Written by":"Reda\u00e7\u00e3o Sul SC","Est. reading time":"2 minutes"},"schema":{"@context":"https:\/\/schema.org","@graph":[{"@type":"WebPage","@id":"https:\/\/sulsc.com\/index.php\/2026\/09\/01\/acao-conjunta-remove-60-toneladas-de-residuos-descartados-irregularmente-em-tubarao\/","url":"https:\/\/sulsc.com\/index.php\/2026\/09\/01\/acao-conjunta-remove-60-toneladas-de-residuos-descartados-irregularmente-em-tubarao\/","name":"A\u00e7\u00e3o conjunta remove 60 toneladas de res\u00edduos descartados irregularmente em Tubar\u00e3o -","isPartOf":{"@id":"https:\/\/sulsc.com\/#website"},"datePublished":"2026-09-01T19:22:01+00:00","dateModified":"2026-09-01T19:22:01+00:00","author":{"@id":"https:\/\/sulsc.com\/#\/schema\/person\/84d2fc571684f6248ba83092f07750a3"},"breadcrumb":{"@id":"https:\/\/sulsc.com\/index.php\/2026\/09\/01\/acao-conjunta-remove-60-toneladas-de-residuos-descartados-irregularmente-em-tubarao\/#breadcrumb"},"inLanguage":"en-US","potentialAction":[{"@type":"ReadAction","target":["https:\/\/sulsc.com\/index.php\/2026\/09\/01\/acao-conjunta-remove-60-toneladas-de-residuos-descartados-irregularmente-em-tubarao\/"]}]},{"@type":"BreadcrumbList","@id":"https:\/\/sulsc.com\/index.php\/2026\/09\/01\/acao-conjunta-remove-60-toneladas-de-residuos-descartados-irregularmente-em-tubarao\/#breadcrumb","itemListElement":[{"@type":"ListItem","position":1,"name":"In\u00edcio","item":"https:\/\/sulsc.com\/"},{"@type":"ListItem","position":2,"name":"A\u00e7\u00e3o conjunta remove 60 toneladas de res\u00edduos descartados irregularmente em Tubar\u00e3o"}]},{"@type":"WebSite","@id":"https:\/\/sulsc.com\/#website","url":"https:\/\/sulsc.com\/","name":"","description":"","potentialAction":[{"@type":"SearchAction","target":{"@type":"EntryPoint","urlTemplate":"https:\/\/sulsc.com\/?s={search_term_string}"},"query-input":"required name=search_term_string"}],"inLanguage":"en-US"},{"@type":"Person","@id":"https:\/\/sulsc.com\/#\/schema\/person\/84d2fc571684f6248ba83092f07750a3","name":"Reda\u00e7\u00e3o Sul SC","image":{"@type":"ImageObject","inLanguage":"en-US","@id":"https:\/\/sulsc.com\/#\/schema\/person\/image\/e08d7fe2cc4ed596372063bbe852b8d0","url":"https:\/\/sulsc.com\/wp-content\/uploads\/2023\/09\/redacao.png","contentUrl":"https:\/\/sulsc.com\/wp-content\/uploads\/2023\/09\/redacao.png","caption":"Reda\u00e7\u00e3o Sul SC"},"description":"Foco em um jornalismo imparcial, voltado \u00e0 qualidade dos seus conte\u00fados e, assim, levar informa\u00e7\u00e3o de valor que agregue \u00e0 vida dos leitores. Esta \u00e9 grande miss\u00e3o do Portal de Not\u00edcias Sul SC. N\u00e3o \u00e9 quantidade que muda o mundo, sempre foi e seguir\u00e1 sendo qualidade!","sameAs":["https:\/\/sulsc.com\/","https:\/\/www.facebook.com\/profile.php?id=61559278119680","https:\/\/www.instagram.com\/sulscportal\/?hl=pt-br","https:\/\/twitter.com\/https:\/\/twitter.com\/PortalSulSC","https:\/\/www.youtube.com\/channel\/UCv_BE8GeySluDov2n8qhVmw"],"url":"https:\/\/sulsc.com\/index.php\/author\/redacao\/"}]}},"authors":[],"_links":{"self":[{"href":"https:\/\/sulsc.com\/index.php\/wp-json\/wp\/v2\/posts\/35098"}],"collection":[{"href":"https:\/\/sulsc.com\/index.php\/wp-json\/wp\/v2\/posts"}],"about":[{"href":"https:\/\/sulsc.com\/index.php\/wp-json\/wp\/v2\/types\/post"}],"author":[{"embeddable":true,"href":"https:\/\/sulsc.com\/index.php\/wp-json\/wp\/v2\/users\/3"}],"replies":[{"embeddable":true,"href":"https:\/\/sulsc.com\/index.php\/wp-json\/wp\/v2\/comments?post=35098"}],"version-history":[{"count":1,"href":"https:\/\/sulsc.com\/index.php\/wp-json\/wp\/v2\/posts\/35098\/revisions"}],"predecessor-version":[{"id":35101,"href":"https:\/\/sulsc.com\/index.php\/wp-json\/wp\/v2\/posts\/35098\/revisions\/35101"}],"wp:featuredmedia":[{"embeddable":true,"href":"https:\/\/sulsc.com\/index.php\/wp-json\/wp\/v2\/media\/35100"}],"wp:attachment":[{"href":"https:\/\/sulsc.com\/index.php\/wp-json\/wp\/v2\/media?parent=35098"}],"wp:term":[{"taxonomy":"category","embeddable":true,"href":"https:\/\/sulsc.com\/index.php\/wp-json\/wp\/v2\/categories?post=35098"},{"taxonomy":"post_tag","embeddable":true,"href":"https:\/\/sulsc.com\/index.php\/wp-json\/wp\/v2\/tags?post=35098"}],"curies":[{"name":"wp","href":"https:\/\/api.w.org\/{rel}","templated":true}]}}