{"id":35102,"date":"2026-09-01T16:36:10","date_gmt":"2026-09-01T19:36:10","guid":{"rendered":"https:\/\/sulsc.com\/?p=35102"},"modified":"2026-09-01T16:36:10","modified_gmt":"2026-09-01T19:36:10","slug":"suspeito-de-novos-episodios-de-violencia-domestica-e-detido-no-bairro-magalhaes-em-laguna","status":"publish","type":"post","link":"https:\/\/sulsc.com\/index.php\/2026\/09\/01\/suspeito-de-novos-episodios-de-violencia-domestica-e-detido-no-bairro-magalhaes-em-laguna\/","title":{"rendered":"Suspeito de novos epis\u00f3dios de viol\u00eancia dom\u00e9stica \u00e9 detido no bairro Magalh\u00e3es em Laguna"},"content":{"rendered":"<p>Policiais da Delegacia de Prote\u00e7\u00e3o \u00e0 Crian\u00e7a, ao Adolescente, \u00e0 Mulher e ao Idoso (DPCAMI) de Laguna, com apoio da Delegacia de Pol\u00edcia do munic\u00edpio, prenderam preventivamente um homem na tarde desta segunda-feira (31).<\/p>\n<p>A ordem judicial foi expedida pela Vara Criminal da Comarca de Laguna ap\u00f3s o investigado descumprir uma medida protetiva de urg\u00eancia e se envolver em novos epis\u00f3dios de viol\u00eancia dom\u00e9stica.<\/p>\n<div id=\"metaslider-id-25573\" style=\"width: 100%;\" class=\"ml-slider-3-99-0 metaslider metaslider-flex metaslider-25573 ml-slider has-onhover-arrows ms-theme-default-base has-dots-nav\" role=\"region\" aria-label=\"Meio\" data-width=\"1200\">\n    <div id=\"metaslider_container_25573\">\n        <div id=\"metaslider_25573\">\n            <ul class='slides'>\n                <li style=\"display: block; width: 100%;\" class=\"slide-25684 ms-image \" aria-roledescription=\"slide\" data-date=\"2025-07-24 07:55:40\"><img src=\"https:\/\/sulsc.com\/wp-content\/uploads\/2025\/07\/Marr-2-1000x166.jpg\" height=\"200\" width=\"1200\" alt=\"\" class=\"slider-25573 slide-25684 msDefaultImage\" title=\"Marr 2\" \/><\/li>\n                <li style=\"display: none; width: 100%;\" class=\"slide-32412 ms-image \" aria-roledescription=\"slide\" data-date=\"2026-02-18 13:59:46\"><img src=\"https:\/\/sulsc.com\/wp-content\/uploads\/2026\/02\/40dc1580-cad5-4867-bc58-c4243821ad38-1000x166.jpeg\" height=\"200\" width=\"1200\" alt=\"\" class=\"slider-25573 slide-32412 msDefaultImage\" title=\"40dc1580-cad5-4867-bc58-c4243821ad38\" \/><\/li>\n            <\/ul>\n        <\/div>\n        \n    <\/div>\n<\/div>\n<p>A pris\u00e3o ocorreu depois de dilig\u00eancias realizadas pelas equipes policiais. O homem foi localizado em um im\u00f3vel no bairro Magalh\u00e3es, onde recebeu voz de pris\u00e3o.\u00a0Ap\u00f3s os procedimentos legais, ele foi levado ao Pres\u00eddio Regional de Laguna. O investigado permanece \u00e0 disposi\u00e7\u00e3o da Justi\u00e7a.<\/p>\n<p>A medida protetiva de urg\u00eancia \u00e9 um mecanismo previsto na legisla\u00e7\u00e3o para resguardar v\u00edtimas de viol\u00eancia dom\u00e9stica e pode impor restri\u00e7\u00f5es de contato e aproxima\u00e7\u00e3o ao agressor. O descumprimento da determina\u00e7\u00e3o judicial pode resultar em pris\u00e3o preventiva, conforme avalia\u00e7\u00e3o da Justi\u00e7a.<\/p>\n<p><img fetchpriority=\"high\" decoding=\"async\" class=\"aligncenter size-full wp-image-5754\" src=\"http:\/\/sulsc.com\/wp-content\/uploads\/2023\/12\/prisao.jpeg\" alt=\"\" width=\"1170\" height=\"766\" srcset=\"https:\/\/sulsc.com\/wp-content\/uploads\/2023\/12\/prisao.jpeg 1170w, https:\/\/sulsc.com\/wp-content\/uploads\/2023\/12\/prisao-300x196.jpeg 300w, https:\/\/sulsc.com\/wp-content\/uploads\/2023\/12\/prisao-1024x670.jpeg 1024w, https:\/\/sulsc.com\/wp-content\/uploads\/2023\/12\/prisao-768x503.jpeg 768w\" sizes=\"(max-width: 1170px) 100vw, 1170px\" \/><\/p>\n<p>Imagens\/Ilustrativas<\/p>\n","protected":false},"excerpt":{"rendered":"<p>Policiais da Delegacia de Prote\u00e7\u00e3o \u00e0 Crian\u00e7a, ao Adolescente, \u00e0 Mulher e ao Idoso (DPCAMI) de Laguna, com apoio da Delegacia de Pol\u00edcia do munic\u00edpio, prenderam preventivamente um homem na tarde desta segunda-feira (31). A ordem judicial foi expedida pela Vara Criminal da Comarca de Laguna ap\u00f3s o investigado descumprir uma medida protetiva de urg\u00eancia &hellip;<\/p>\n<p class=\"read-more\"> <a class=\"\" href=\"https:\/\/sulsc.com\/index.php\/2026\/09\/01\/suspeito-de-novos-episodios-de-violencia-domestica-e-detido-no-bairro-magalhaes-em-laguna\/\"> <span class=\"screen-reader-text\">Suspeito de novos epis\u00f3dios de viol\u00eancia dom\u00e9stica \u00e9 detido no bairro Magalh\u00e3es em Laguna<\/span> Read More &raquo;<\/a><\/p>\n","protected":false},"author":3,"featured_media":29254,"comment_status":"open","ping_status":"open","sticky":false,"template":"","format":"standard","meta":{"site-sidebar-layout":"default","site-content-layout":"","ast-site-content-layout":"default","site-content-style":"default","site-sidebar-style":"default","ast-global-header-display":"","ast-banner-title-visibility":"","ast-main-header-display":"","ast-hfb-above-header-display":"","ast-hfb-below-header-display":"","ast-hfb-mobile-header-display":"","site-post-title":"","ast-breadcrumbs-content":"","ast-featured-img":"","footer-sml-layout":"","theme-transparent-header-meta":"default","adv-header-id-meta":"","stick-header-meta":"","header-above-stick-meta":"","header-main-stick-meta":"","header-below-stick-meta":"","astra-migrate-meta-layouts":"set","footnotes":""},"categories":[2231,22,14,8,12],"tags":[91,521],"yoast_head":"<!-- This site is optimized with the Yoast SEO plugin v21.4 - https:\/\/yoast.com\/wordpress\/plugins\/seo\/ -->\n<title>Suspeito de novos epis\u00f3dios de viol\u00eancia dom\u00e9stica \u00e9 detido no bairro Magalh\u00e3es em Laguna -<\/title>\n<meta name=\"robots\" content=\"index, follow, max-snippet:-1, max-image-preview:large, max-video-preview:-1\" \/>\n<link rel=\"canonical\" href=\"https:\/\/sulsc.com\/index.php\/2026\/09\/01\/suspeito-de-novos-episodios-de-violencia-domestica-e-detido-no-bairro-magalhaes-em-laguna\/\" \/>\n<meta property=\"og:locale\" content=\"en_US\" \/>\n<meta property=\"og:type\" content=\"article\" \/>\n<meta property=\"og:title\" content=\"Suspeito de novos epis\u00f3dios de viol\u00eancia dom\u00e9stica \u00e9 detido no bairro Magalh\u00e3es em Laguna -\" \/>\n<meta property=\"og:description\" content=\"Policiais da Delegacia de Prote\u00e7\u00e3o \u00e0 Crian\u00e7a, ao Adolescente, \u00e0 Mulher e ao Idoso (DPCAMI) de Laguna, com apoio da Delegacia de Pol\u00edcia do munic\u00edpio, prenderam preventivamente um homem na tarde desta segunda-feira (31). A ordem judicial foi expedida pela Vara Criminal da Comarca de Laguna ap\u00f3s o investigado descumprir uma medida protetiva de urg\u00eancia &hellip; Suspeito de novos epis\u00f3dios de viol\u00eancia dom\u00e9stica \u00e9 detido no bairro Magalh\u00e3es em Laguna Read More &raquo;\" \/>\n<meta property=\"og:url\" content=\"https:\/\/sulsc.com\/index.php\/2026\/09\/01\/suspeito-de-novos-episodios-de-violencia-domestica-e-detido-no-bairro-magalhaes-em-laguna\/\" \/>\n<meta property=\"article:author\" content=\"https:\/\/www.facebook.com\/profile.php?id=61559278119680\" \/>\n<meta property=\"article:published_time\" content=\"2026-09-01T19:36:10+00:00\" \/>\n<meta property=\"og:image\" content=\"http:\/\/sulsc.com\/wp-content\/uploads\/2025\/11\/agressao-3.jpg\" \/>\n\t<meta property=\"og:image:width\" content=\"1872\" \/>\n\t<meta property=\"og:image:height\" content=\"1248\" \/>\n\t<meta property=\"og:image:type\" content=\"image\/jpeg\" \/>\n<meta name=\"author\" content=\"Reda\u00e7\u00e3o Sul SC\" \/>\n<meta name=\"twitter:card\" content=\"summary_large_image\" \/>\n<meta name=\"twitter:creator\" content=\"@https:\/\/twitter.com\/PortalSulSC\" \/>\n<meta name=\"twitter:label1\" content=\"Written by\" \/>\n\t<meta name=\"twitter:data1\" content=\"Reda\u00e7\u00e3o Sul SC\" \/>\n\t<meta name=\"twitter:label2\" content=\"Est. reading time\" \/>\n\t<meta name=\"twitter:data2\" content=\"1 minute\" \/>\n<script type=\"application\/ld+json\" class=\"yoast-schema-graph\">{\"@context\":\"https:\/\/schema.org\",\"@graph\":[{\"@type\":\"WebPage\",\"@id\":\"https:\/\/sulsc.com\/index.php\/2026\/09\/01\/suspeito-de-novos-episodios-de-violencia-domestica-e-detido-no-bairro-magalhaes-em-laguna\/\",\"url\":\"https:\/\/sulsc.com\/index.php\/2026\/09\/01\/suspeito-de-novos-episodios-de-violencia-domestica-e-detido-no-bairro-magalhaes-em-laguna\/\",\"name\":\"Suspeito de novos epis\u00f3dios de viol\u00eancia dom\u00e9stica \u00e9 detido no bairro Magalh\u00e3es em Laguna -\",\"isPartOf\":{\"@id\":\"https:\/\/sulsc.com\/#website\"},\"datePublished\":\"2026-09-01T19:36:10+00:00\",\"dateModified\":\"2026-09-01T19:36:10+00:00\",\"author\":{\"@id\":\"https:\/\/sulsc.com\/#\/schema\/person\/84d2fc571684f6248ba83092f07750a3\"},\"breadcrumb\":{\"@id\":\"https:\/\/sulsc.com\/index.php\/2026\/09\/01\/suspeito-de-novos-episodios-de-violencia-domestica-e-detido-no-bairro-magalhaes-em-laguna\/#breadcrumb\"},\"inLanguage\":\"en-US\",\"potentialAction\":[{\"@type\":\"ReadAction\",\"target\":[\"https:\/\/sulsc.com\/index.php\/2026\/09\/01\/suspeito-de-novos-episodios-de-violencia-domestica-e-detido-no-bairro-magalhaes-em-laguna\/\"]}]},{\"@type\":\"BreadcrumbList\",\"@id\":\"https:\/\/sulsc.com\/index.php\/2026\/09\/01\/suspeito-de-novos-episodios-de-violencia-domestica-e-detido-no-bairro-magalhaes-em-laguna\/#breadcrumb\",\"itemListElement\":[{\"@type\":\"ListItem\",\"position\":1,\"name\":\"In\u00edcio\",\"item\":\"https:\/\/sulsc.com\/\"},{\"@type\":\"ListItem\",\"position\":2,\"name\":\"Suspeito de novos epis\u00f3dios de viol\u00eancia dom\u00e9stica \u00e9 detido no bairro Magalh\u00e3es em Laguna\"}]},{\"@type\":\"WebSite\",\"@id\":\"https:\/\/sulsc.com\/#website\",\"url\":\"https:\/\/sulsc.com\/\",\"name\":\"\",\"description\":\"\",\"potentialAction\":[{\"@type\":\"SearchAction\",\"target\":{\"@type\":\"EntryPoint\",\"urlTemplate\":\"https:\/\/sulsc.com\/?s={search_term_string}\"},\"query-input\":\"required name=search_term_string\"}],\"inLanguage\":\"en-US\"},{\"@type\":\"Person\",\"@id\":\"https:\/\/sulsc.com\/#\/schema\/person\/84d2fc571684f6248ba83092f07750a3\",\"name\":\"Reda\u00e7\u00e3o Sul SC\",\"image\":{\"@type\":\"ImageObject\",\"inLanguage\":\"en-US\",\"@id\":\"https:\/\/sulsc.com\/#\/schema\/person\/image\/e08d7fe2cc4ed596372063bbe852b8d0\",\"url\":\"https:\/\/sulsc.com\/wp-content\/uploads\/2023\/09\/redacao.png\",\"contentUrl\":\"https:\/\/sulsc.com\/wp-content\/uploads\/2023\/09\/redacao.png\",\"caption\":\"Reda\u00e7\u00e3o Sul SC\"},\"description\":\"Foco em um jornalismo imparcial, voltado \u00e0 qualidade dos seus conte\u00fados e, assim, levar informa\u00e7\u00e3o de valor que agregue \u00e0 vida dos leitores. Esta \u00e9 grande miss\u00e3o do Portal de Not\u00edcias Sul SC. N\u00e3o \u00e9 quantidade que muda o mundo, sempre foi e seguir\u00e1 sendo qualidade!\",\"sameAs\":[\"https:\/\/sulsc.com\/\",\"https:\/\/www.facebook.com\/profile.php?id=61559278119680\",\"https:\/\/www.instagram.com\/sulscportal\/?hl=pt-br\",\"https:\/\/twitter.com\/https:\/\/twitter.com\/PortalSulSC\",\"https:\/\/www.youtube.com\/channel\/UCv_BE8GeySluDov2n8qhVmw\"],\"url\":\"https:\/\/sulsc.com\/index.php\/author\/redacao\/\"}]}<\/script>\n<!-- \/ Yoast SEO plugin. -->","yoast_head_json":{"title":"Suspeito de novos epis\u00f3dios de viol\u00eancia dom\u00e9stica \u00e9 detido no bairro Magalh\u00e3es em Laguna -","robots":{"index":"index","follow":"follow","max-snippet":"max-snippet:-1","max-image-preview":"max-image-preview:large","max-video-preview":"max-video-preview:-1"},"canonical":"https:\/\/sulsc.com\/index.php\/2026\/09\/01\/suspeito-de-novos-episodios-de-violencia-domestica-e-detido-no-bairro-magalhaes-em-laguna\/","og_locale":"en_US","og_type":"article","og_title":"Suspeito de novos epis\u00f3dios de viol\u00eancia dom\u00e9stica \u00e9 detido no bairro Magalh\u00e3es em Laguna -","og_description":"Policiais da Delegacia de Prote\u00e7\u00e3o \u00e0 Crian\u00e7a, ao Adolescente, \u00e0 Mulher e ao Idoso (DPCAMI) de Laguna, com apoio da Delegacia de Pol\u00edcia do munic\u00edpio, prenderam preventivamente um homem na tarde desta segunda-feira (31). A ordem judicial foi expedida pela Vara Criminal da Comarca de Laguna ap\u00f3s o investigado descumprir uma medida protetiva de urg\u00eancia &hellip; Suspeito de novos epis\u00f3dios de viol\u00eancia dom\u00e9stica \u00e9 detido no bairro Magalh\u00e3es em Laguna Read More &raquo;","og_url":"https:\/\/sulsc.com\/index.php\/2026\/09\/01\/suspeito-de-novos-episodios-de-violencia-domestica-e-detido-no-bairro-magalhaes-em-laguna\/","article_author":"https:\/\/www.facebook.com\/profile.php?id=61559278119680","article_published_time":"2026-09-01T19:36:10+00:00","og_image":[{"width":1872,"height":1248,"url":"http:\/\/sulsc.com\/wp-content\/uploads\/2025\/11\/agressao-3.jpg","type":"image\/jpeg"}],"author":"Reda\u00e7\u00e3o Sul SC","twitter_card":"summary_large_image","twitter_creator":"@https:\/\/twitter.com\/PortalSulSC","twitter_misc":{"Written by":"Reda\u00e7\u00e3o Sul SC","Est. reading time":"1 minute"},"schema":{"@context":"https:\/\/schema.org","@graph":[{"@type":"WebPage","@id":"https:\/\/sulsc.com\/index.php\/2026\/09\/01\/suspeito-de-novos-episodios-de-violencia-domestica-e-detido-no-bairro-magalhaes-em-laguna\/","url":"https:\/\/sulsc.com\/index.php\/2026\/09\/01\/suspeito-de-novos-episodios-de-violencia-domestica-e-detido-no-bairro-magalhaes-em-laguna\/","name":"Suspeito de novos epis\u00f3dios de viol\u00eancia dom\u00e9stica \u00e9 detido no bairro Magalh\u00e3es em Laguna -","isPartOf":{"@id":"https:\/\/sulsc.com\/#website"},"datePublished":"2026-09-01T19:36:10+00:00","dateModified":"2026-09-01T19:36:10+00:00","author":{"@id":"https:\/\/sulsc.com\/#\/schema\/person\/84d2fc571684f6248ba83092f07750a3"},"breadcrumb":{"@id":"https:\/\/sulsc.com\/index.php\/2026\/09\/01\/suspeito-de-novos-episodios-de-violencia-domestica-e-detido-no-bairro-magalhaes-em-laguna\/#breadcrumb"},"inLanguage":"en-US","potentialAction":[{"@type":"ReadAction","target":["https:\/\/sulsc.com\/index.php\/2026\/09\/01\/suspeito-de-novos-episodios-de-violencia-domestica-e-detido-no-bairro-magalhaes-em-laguna\/"]}]},{"@type":"BreadcrumbList","@id":"https:\/\/sulsc.com\/index.php\/2026\/09\/01\/suspeito-de-novos-episodios-de-violencia-domestica-e-detido-no-bairro-magalhaes-em-laguna\/#breadcrumb","itemListElement":[{"@type":"ListItem","position":1,"name":"In\u00edcio","item":"https:\/\/sulsc.com\/"},{"@type":"ListItem","position":2,"name":"Suspeito de novos epis\u00f3dios de viol\u00eancia dom\u00e9stica \u00e9 detido no bairro Magalh\u00e3es em Laguna"}]},{"@type":"WebSite","@id":"https:\/\/sulsc.com\/#website","url":"https:\/\/sulsc.com\/","name":"","description":"","potentialAction":[{"@type":"SearchAction","target":{"@type":"EntryPoint","urlTemplate":"https:\/\/sulsc.com\/?s={search_term_string}"},"query-input":"required name=search_term_string"}],"inLanguage":"en-US"},{"@type":"Person","@id":"https:\/\/sulsc.com\/#\/schema\/person\/84d2fc571684f6248ba83092f07750a3","name":"Reda\u00e7\u00e3o Sul SC","image":{"@type":"ImageObject","inLanguage":"en-US","@id":"https:\/\/sulsc.com\/#\/schema\/person\/image\/e08d7fe2cc4ed596372063bbe852b8d0","url":"https:\/\/sulsc.com\/wp-content\/uploads\/2023\/09\/redacao.png","contentUrl":"https:\/\/sulsc.com\/wp-content\/uploads\/2023\/09\/redacao.png","caption":"Reda\u00e7\u00e3o Sul SC"},"description":"Foco em um jornalismo imparcial, voltado \u00e0 qualidade dos seus conte\u00fados e, assim, levar informa\u00e7\u00e3o de valor que agregue \u00e0 vida dos leitores. Esta \u00e9 grande miss\u00e3o do Portal de Not\u00edcias Sul SC. N\u00e3o \u00e9 quantidade que muda o mundo, sempre foi e seguir\u00e1 sendo qualidade!","sameAs":["https:\/\/sulsc.com\/","https:\/\/www.facebook.com\/profile.php?id=61559278119680","https:\/\/www.instagram.com\/sulscportal\/?hl=pt-br","https:\/\/twitter.com\/https:\/\/twitter.com\/PortalSulSC","https:\/\/www.youtube.com\/channel\/UCv_BE8GeySluDov2n8qhVmw"],"url":"https:\/\/sulsc.com\/index.php\/author\/redacao\/"}]}},"authors":[],"_links":{"self":[{"href":"https:\/\/sulsc.com\/index.php\/wp-json\/wp\/v2\/posts\/35102"}],"collection":[{"href":"https:\/\/sulsc.com\/index.php\/wp-json\/wp\/v2\/posts"}],"about":[{"href":"https:\/\/sulsc.com\/index.php\/wp-json\/wp\/v2\/types\/post"}],"author":[{"embeddable":true,"href":"https:\/\/sulsc.com\/index.php\/wp-json\/wp\/v2\/users\/3"}],"replies":[{"embeddable":true,"href":"https:\/\/sulsc.com\/index.php\/wp-json\/wp\/v2\/comments?post=35102"}],"version-history":[{"count":1,"href":"https:\/\/sulsc.com\/index.php\/wp-json\/wp\/v2\/posts\/35102\/revisions"}],"predecessor-version":[{"id":35103,"href":"https:\/\/sulsc.com\/index.php\/wp-json\/wp\/v2\/posts\/35102\/revisions\/35103"}],"wp:featuredmedia":[{"embeddable":true,"href":"https:\/\/sulsc.com\/index.php\/wp-json\/wp\/v2\/media\/29254"}],"wp:attachment":[{"href":"https:\/\/sulsc.com\/index.php\/wp-json\/wp\/v2\/media?parent=35102"}],"wp:term":[{"taxonomy":"category","embeddable":true,"href":"https:\/\/sulsc.com\/index.php\/wp-json\/wp\/v2\/categories?post=35102"},{"taxonomy":"post_tag","embeddable":true,"href":"https:\/\/sulsc.com\/index.php\/wp-json\/wp\/v2\/tags?post=35102"}],"curies":[{"name":"wp","href":"https:\/\/api.w.org\/{rel}","templated":true}]}}