{"id":35104,"date":"2026-09-03T08:17:26","date_gmt":"2026-09-03T11:17:26","guid":{"rendered":"https:\/\/sulsc.com\/?p=35104"},"modified":"2026-09-03T08:17:26","modified_gmt":"2026-09-03T11:17:26","slug":"quinta-feira-03-de-tempo-firme-em-todas-as-regioes-do-estado-mas-com-a-chuva-voltando-a-partir-desta-sexta-feira","status":"publish","type":"post","link":"https:\/\/sulsc.com\/index.php\/2026\/09\/03\/quinta-feira-03-de-tempo-firme-em-todas-as-regioes-do-estado-mas-com-a-chuva-voltando-a-partir-desta-sexta-feira\/","title":{"rendered":"Quinta-feira (03) de tempo firme em todas as regi\u00f5es do estado mas com a chuva voltando a partir desta sexta-feira"},"content":{"rendered":"<p><strong>Quinta-feira (03),<\/strong> na regi\u00e3o sul o sol predomina dez das primeiras horas do dia, ainda por influ\u00eancia da massa de ar seco. Somente na Grande Florian\u00f3polis e o Litoral Norte do Estado o dia inicia com chuviscos isolados .<\/p>\n<div id=\"metaslider-id-25573\" style=\"width: 100%;\" class=\"ml-slider-3-99-0 metaslider metaslider-flex metaslider-25573 ml-slider has-onhover-arrows ms-theme-default-base has-dots-nav\" role=\"region\" aria-label=\"Meio\" data-width=\"1200\">\n    <div id=\"metaslider_container_25573\">\n        <div id=\"metaslider_25573\">\n            <ul class='slides'>\n                <li style=\"display: block; width: 100%;\" class=\"slide-25684 ms-image \" aria-roledescription=\"slide\" data-date=\"2025-07-24 07:55:40\"><img src=\"https:\/\/sulsc.com\/wp-content\/uploads\/2025\/07\/Marr-2-1000x166.jpg\" height=\"200\" width=\"1200\" alt=\"\" class=\"slider-25573 slide-25684 msDefaultImage\" title=\"Marr 2\" \/><\/li>\n                <li style=\"display: none; width: 100%;\" class=\"slide-32412 ms-image \" aria-roledescription=\"slide\" data-date=\"2026-02-18 13:59:46\"><img src=\"https:\/\/sulsc.com\/wp-content\/uploads\/2026\/02\/40dc1580-cad5-4867-bc58-c4243821ad38-1000x166.jpeg\" height=\"200\" width=\"1200\" alt=\"\" class=\"slider-25573 slide-32412 msDefaultImage\" title=\"40dc1580-cad5-4867-bc58-c4243821ad38\" \/><\/li>\n            <\/ul>\n        <\/div>\n        \n    <\/div>\n<\/div>\n<p><strong>Temperaturas<\/strong><\/p>\n<p>Durante \u00e0 tarde, as temperaturas se elevam em todo o estado, sobretudo no Extremo Oeste, Oeste e Litoral Sul, onde se aproximam dos 30\u00b0C. Na Serra variam entre 20\u00b0C e 23\u00b0C e nas demais regi\u00f5es entre 23\u00b0C e 25\u00b0C.<\/p>\n<p><img fetchpriority=\"high\" decoding=\"async\" class=\"aligncenter size-full wp-image-35105\" src=\"http:\/\/sulsc.com\/wp-content\/uploads\/2026\/09\/Captura-de-tela-2026-09-02-012220-767x521-1.png\" alt=\"\" width=\"767\" height=\"521\" srcset=\"https:\/\/sulsc.com\/wp-content\/uploads\/2026\/09\/Captura-de-tela-2026-09-02-012220-767x521-1.png 767w, https:\/\/sulsc.com\/wp-content\/uploads\/2026\/09\/Captura-de-tela-2026-09-02-012220-767x521-1-300x204.png 300w\" sizes=\"(max-width: 767px) 100vw, 767px\" \/><\/p>\n<p><img decoding=\"async\" class=\"aligncenter size-full wp-image-35047\" src=\"http:\/\/sulsc.com\/wp-content\/uploads\/2026\/08\/image-245-1.png\" alt=\"\" width=\"2048\" height=\"441\" srcset=\"https:\/\/sulsc.com\/wp-content\/uploads\/2026\/08\/image-245-1.png 2048w, https:\/\/sulsc.com\/wp-content\/uploads\/2026\/08\/image-245-1-300x65.png 300w, https:\/\/sulsc.com\/wp-content\/uploads\/2026\/08\/image-245-1-1024x221.png 1024w, https:\/\/sulsc.com\/wp-content\/uploads\/2026\/08\/image-245-1-768x165.png 768w, https:\/\/sulsc.com\/wp-content\/uploads\/2026\/08\/image-245-1-1536x331.png 1536w\" sizes=\"(max-width: 2048px) 100vw, 2048px\" \/><\/p>\n<p><strong>Ventos:\u00a0<\/strong> de norte \u00e0 noroeste ganha for\u00e7a a partir da tarde, principalmente nas \u00e1reas altas e no Litoral Sul, onde as rajadas variam entre 40 e 60km\/h, com risco baixo para ocorr\u00eancias relacionadas.<\/p>\n<p><strong>Sistema predominante:<\/strong> massa de ar frio afasta-se para o oceano.<\/p>\n<p><strong>J\u00e1 amanh\u00e3 sexta-feira (04\/09),<\/strong> o tempo muda com nebulosidade vari\u00e1vel em toda SC, com chuva no decorrer do dia do oeste ao sul do estado, atingindo as demais regi\u00f5es na tarde e noite, devido ao avan\u00e7o de uma frente fria. Risco de temporais isolados a partir da tarde no oeste ao norte do estado, divisa com PR. As temperaturas, diminui devido a cobertura de nuvens e avan\u00e7o de outra massa de ar frio. M\u00e1ximas de 18\u00b0C a 22\u00b0C.<\/p>\n<p>Fontes: Defesa Civil-SC\/Epagri-Ciram<\/p>\n","protected":false},"excerpt":{"rendered":"<p>Quinta-feira (03), na regi\u00e3o sul o sol predomina dez das primeiras horas do dia, ainda por influ\u00eancia da massa de ar seco. Somente na Grande Florian\u00f3polis e o Litoral Norte do Estado o dia inicia com chuviscos isolados . Temperaturas Durante \u00e0 tarde, as temperaturas se elevam em todo o estado, sobretudo no Extremo Oeste, &hellip;<\/p>\n<p class=\"read-more\"> <a class=\"\" href=\"https:\/\/sulsc.com\/index.php\/2026\/09\/03\/quinta-feira-03-de-tempo-firme-em-todas-as-regioes-do-estado-mas-com-a-chuva-voltando-a-partir-desta-sexta-feira\/\"> <span class=\"screen-reader-text\">Quinta-feira (03) de tempo firme em todas as regi\u00f5es do estado mas com a chuva voltando a partir desta sexta-feira<\/span> Read More &raquo;<\/a><\/p>\n","protected":false},"author":3,"featured_media":35106,"comment_status":"open","ping_status":"open","sticky":false,"template":"","format":"standard","meta":{"site-sidebar-layout":"default","site-content-layout":"","ast-site-content-layout":"default","site-content-style":"default","site-sidebar-style":"default","ast-global-header-display":"","ast-banner-title-visibility":"","ast-main-header-display":"","ast-hfb-above-header-display":"","ast-hfb-below-header-display":"","ast-hfb-mobile-header-display":"","site-post-title":"","ast-breadcrumbs-content":"","ast-featured-img":"","footer-sml-layout":"","theme-transparent-header-meta":"default","adv-header-id-meta":"","stick-header-meta":"","header-above-stick-meta":"","header-main-stick-meta":"","header-below-stick-meta":"","astra-migrate-meta-layouts":"set","footnotes":""},"categories":[2354,2231,1,14,38,12],"tags":[90],"yoast_head":"<!-- This site is optimized with the Yoast SEO plugin v21.4 - https:\/\/yoast.com\/wordpress\/plugins\/seo\/ -->\n<title>Quinta-feira (03) de tempo firme em todas as regi\u00f5es do estado mas com a chuva voltando a partir desta sexta-feira -<\/title>\n<meta name=\"robots\" content=\"index, follow, max-snippet:-1, max-image-preview:large, max-video-preview:-1\" \/>\n<link rel=\"canonical\" href=\"https:\/\/sulsc.com\/index.php\/2026\/09\/03\/quinta-feira-03-de-tempo-firme-em-todas-as-regioes-do-estado-mas-com-a-chuva-voltando-a-partir-desta-sexta-feira\/\" \/>\n<meta property=\"og:locale\" content=\"en_US\" \/>\n<meta property=\"og:type\" content=\"article\" \/>\n<meta property=\"og:title\" content=\"Quinta-feira (03) de tempo firme em todas as regi\u00f5es do estado mas com a chuva voltando a partir desta sexta-feira -\" \/>\n<meta property=\"og:description\" content=\"Quinta-feira (03), na regi\u00e3o sul o sol predomina dez das primeiras horas do dia, ainda por influ\u00eancia da massa de ar seco. Somente na Grande Florian\u00f3polis e o Litoral Norte do Estado o dia inicia com chuviscos isolados . Temperaturas Durante \u00e0 tarde, as temperaturas se elevam em todo o estado, sobretudo no Extremo Oeste, &hellip; Quinta-feira (03) de tempo firme em todas as regi\u00f5es do estado mas com a chuva voltando a partir desta sexta-feira Read More &raquo;\" \/>\n<meta property=\"og:url\" content=\"https:\/\/sulsc.com\/index.php\/2026\/09\/03\/quinta-feira-03-de-tempo-firme-em-todas-as-regioes-do-estado-mas-com-a-chuva-voltando-a-partir-desta-sexta-feira\/\" \/>\n<meta property=\"article:author\" content=\"https:\/\/www.facebook.com\/profile.php?id=61559278119680\" \/>\n<meta property=\"article:published_time\" content=\"2026-09-03T11:17:26+00:00\" \/>\n<meta property=\"og:image\" content=\"http:\/\/sulsc.com\/wp-content\/uploads\/2026\/09\/daf7c94b-a17e-438d-9191-c0001b17caeb.jpg\" \/>\n\t<meta property=\"og:image:width\" content=\"1600\" \/>\n\t<meta property=\"og:image:height\" content=\"1200\" \/>\n\t<meta property=\"og:image:type\" content=\"image\/jpeg\" \/>\n<meta name=\"author\" content=\"Reda\u00e7\u00e3o Sul SC\" \/>\n<meta name=\"twitter:card\" content=\"summary_large_image\" \/>\n<meta name=\"twitter:creator\" content=\"@https:\/\/twitter.com\/PortalSulSC\" \/>\n<meta name=\"twitter:label1\" content=\"Written by\" \/>\n\t<meta name=\"twitter:data1\" content=\"Reda\u00e7\u00e3o Sul SC\" \/>\n\t<meta name=\"twitter:label2\" content=\"Est. reading time\" \/>\n\t<meta name=\"twitter:data2\" content=\"2 minutes\" \/>\n<script type=\"application\/ld+json\" class=\"yoast-schema-graph\">{\"@context\":\"https:\/\/schema.org\",\"@graph\":[{\"@type\":\"WebPage\",\"@id\":\"https:\/\/sulsc.com\/index.php\/2026\/09\/03\/quinta-feira-03-de-tempo-firme-em-todas-as-regioes-do-estado-mas-com-a-chuva-voltando-a-partir-desta-sexta-feira\/\",\"url\":\"https:\/\/sulsc.com\/index.php\/2026\/09\/03\/quinta-feira-03-de-tempo-firme-em-todas-as-regioes-do-estado-mas-com-a-chuva-voltando-a-partir-desta-sexta-feira\/\",\"name\":\"Quinta-feira (03) de tempo firme em todas as regi\u00f5es do estado mas com a chuva voltando a partir desta sexta-feira -\",\"isPartOf\":{\"@id\":\"https:\/\/sulsc.com\/#website\"},\"datePublished\":\"2026-09-03T11:17:26+00:00\",\"dateModified\":\"2026-09-03T11:17:26+00:00\",\"author\":{\"@id\":\"https:\/\/sulsc.com\/#\/schema\/person\/84d2fc571684f6248ba83092f07750a3\"},\"breadcrumb\":{\"@id\":\"https:\/\/sulsc.com\/index.php\/2026\/09\/03\/quinta-feira-03-de-tempo-firme-em-todas-as-regioes-do-estado-mas-com-a-chuva-voltando-a-partir-desta-sexta-feira\/#breadcrumb\"},\"inLanguage\":\"en-US\",\"potentialAction\":[{\"@type\":\"ReadAction\",\"target\":[\"https:\/\/sulsc.com\/index.php\/2026\/09\/03\/quinta-feira-03-de-tempo-firme-em-todas-as-regioes-do-estado-mas-com-a-chuva-voltando-a-partir-desta-sexta-feira\/\"]}]},{\"@type\":\"BreadcrumbList\",\"@id\":\"https:\/\/sulsc.com\/index.php\/2026\/09\/03\/quinta-feira-03-de-tempo-firme-em-todas-as-regioes-do-estado-mas-com-a-chuva-voltando-a-partir-desta-sexta-feira\/#breadcrumb\",\"itemListElement\":[{\"@type\":\"ListItem\",\"position\":1,\"name\":\"In\u00edcio\",\"item\":\"https:\/\/sulsc.com\/\"},{\"@type\":\"ListItem\",\"position\":2,\"name\":\"Quinta-feira (03) de tempo firme em todas as regi\u00f5es do estado mas com a chuva voltando a partir desta sexta-feira\"}]},{\"@type\":\"WebSite\",\"@id\":\"https:\/\/sulsc.com\/#website\",\"url\":\"https:\/\/sulsc.com\/\",\"name\":\"\",\"description\":\"\",\"potentialAction\":[{\"@type\":\"SearchAction\",\"target\":{\"@type\":\"EntryPoint\",\"urlTemplate\":\"https:\/\/sulsc.com\/?s={search_term_string}\"},\"query-input\":\"required name=search_term_string\"}],\"inLanguage\":\"en-US\"},{\"@type\":\"Person\",\"@id\":\"https:\/\/sulsc.com\/#\/schema\/person\/84d2fc571684f6248ba83092f07750a3\",\"name\":\"Reda\u00e7\u00e3o Sul SC\",\"image\":{\"@type\":\"ImageObject\",\"inLanguage\":\"en-US\",\"@id\":\"https:\/\/sulsc.com\/#\/schema\/person\/image\/e08d7fe2cc4ed596372063bbe852b8d0\",\"url\":\"https:\/\/sulsc.com\/wp-content\/uploads\/2023\/09\/redacao.png\",\"contentUrl\":\"https:\/\/sulsc.com\/wp-content\/uploads\/2023\/09\/redacao.png\",\"caption\":\"Reda\u00e7\u00e3o Sul SC\"},\"description\":\"Foco em um jornalismo imparcial, voltado \u00e0 qualidade dos seus conte\u00fados e, assim, levar informa\u00e7\u00e3o de valor que agregue \u00e0 vida dos leitores. Esta \u00e9 grande miss\u00e3o do Portal de Not\u00edcias Sul SC. N\u00e3o \u00e9 quantidade que muda o mundo, sempre foi e seguir\u00e1 sendo qualidade!\",\"sameAs\":[\"https:\/\/sulsc.com\/\",\"https:\/\/www.facebook.com\/profile.php?id=61559278119680\",\"https:\/\/www.instagram.com\/sulscportal\/?hl=pt-br\",\"https:\/\/twitter.com\/https:\/\/twitter.com\/PortalSulSC\",\"https:\/\/www.youtube.com\/channel\/UCv_BE8GeySluDov2n8qhVmw\"],\"url\":\"https:\/\/sulsc.com\/index.php\/author\/redacao\/\"}]}<\/script>\n<!-- \/ Yoast SEO plugin. -->","yoast_head_json":{"title":"Quinta-feira (03) de tempo firme em todas as regi\u00f5es do estado mas com a chuva voltando a partir desta sexta-feira -","robots":{"index":"index","follow":"follow","max-snippet":"max-snippet:-1","max-image-preview":"max-image-preview:large","max-video-preview":"max-video-preview:-1"},"canonical":"https:\/\/sulsc.com\/index.php\/2026\/09\/03\/quinta-feira-03-de-tempo-firme-em-todas-as-regioes-do-estado-mas-com-a-chuva-voltando-a-partir-desta-sexta-feira\/","og_locale":"en_US","og_type":"article","og_title":"Quinta-feira (03) de tempo firme em todas as regi\u00f5es do estado mas com a chuva voltando a partir desta sexta-feira -","og_description":"Quinta-feira (03), na regi\u00e3o sul o sol predomina dez das primeiras horas do dia, ainda por influ\u00eancia da massa de ar seco. Somente na Grande Florian\u00f3polis e o Litoral Norte do Estado o dia inicia com chuviscos isolados . Temperaturas Durante \u00e0 tarde, as temperaturas se elevam em todo o estado, sobretudo no Extremo Oeste, &hellip; Quinta-feira (03) de tempo firme em todas as regi\u00f5es do estado mas com a chuva voltando a partir desta sexta-feira Read More &raquo;","og_url":"https:\/\/sulsc.com\/index.php\/2026\/09\/03\/quinta-feira-03-de-tempo-firme-em-todas-as-regioes-do-estado-mas-com-a-chuva-voltando-a-partir-desta-sexta-feira\/","article_author":"https:\/\/www.facebook.com\/profile.php?id=61559278119680","article_published_time":"2026-09-03T11:17:26+00:00","og_image":[{"width":1600,"height":1200,"url":"http:\/\/sulsc.com\/wp-content\/uploads\/2026\/09\/daf7c94b-a17e-438d-9191-c0001b17caeb.jpg","type":"image\/jpeg"}],"author":"Reda\u00e7\u00e3o Sul SC","twitter_card":"summary_large_image","twitter_creator":"@https:\/\/twitter.com\/PortalSulSC","twitter_misc":{"Written by":"Reda\u00e7\u00e3o Sul SC","Est. reading time":"2 minutes"},"schema":{"@context":"https:\/\/schema.org","@graph":[{"@type":"WebPage","@id":"https:\/\/sulsc.com\/index.php\/2026\/09\/03\/quinta-feira-03-de-tempo-firme-em-todas-as-regioes-do-estado-mas-com-a-chuva-voltando-a-partir-desta-sexta-feira\/","url":"https:\/\/sulsc.com\/index.php\/2026\/09\/03\/quinta-feira-03-de-tempo-firme-em-todas-as-regioes-do-estado-mas-com-a-chuva-voltando-a-partir-desta-sexta-feira\/","name":"Quinta-feira (03) de tempo firme em todas as regi\u00f5es do estado mas com a chuva voltando a partir desta sexta-feira -","isPartOf":{"@id":"https:\/\/sulsc.com\/#website"},"datePublished":"2026-09-03T11:17:26+00:00","dateModified":"2026-09-03T11:17:26+00:00","author":{"@id":"https:\/\/sulsc.com\/#\/schema\/person\/84d2fc571684f6248ba83092f07750a3"},"breadcrumb":{"@id":"https:\/\/sulsc.com\/index.php\/2026\/09\/03\/quinta-feira-03-de-tempo-firme-em-todas-as-regioes-do-estado-mas-com-a-chuva-voltando-a-partir-desta-sexta-feira\/#breadcrumb"},"inLanguage":"en-US","potentialAction":[{"@type":"ReadAction","target":["https:\/\/sulsc.com\/index.php\/2026\/09\/03\/quinta-feira-03-de-tempo-firme-em-todas-as-regioes-do-estado-mas-com-a-chuva-voltando-a-partir-desta-sexta-feira\/"]}]},{"@type":"BreadcrumbList","@id":"https:\/\/sulsc.com\/index.php\/2026\/09\/03\/quinta-feira-03-de-tempo-firme-em-todas-as-regioes-do-estado-mas-com-a-chuva-voltando-a-partir-desta-sexta-feira\/#breadcrumb","itemListElement":[{"@type":"ListItem","position":1,"name":"In\u00edcio","item":"https:\/\/sulsc.com\/"},{"@type":"ListItem","position":2,"name":"Quinta-feira (03) de tempo firme em todas as regi\u00f5es do estado mas com a chuva voltando a partir desta sexta-feira"}]},{"@type":"WebSite","@id":"https:\/\/sulsc.com\/#website","url":"https:\/\/sulsc.com\/","name":"","description":"","potentialAction":[{"@type":"SearchAction","target":{"@type":"EntryPoint","urlTemplate":"https:\/\/sulsc.com\/?s={search_term_string}"},"query-input":"required name=search_term_string"}],"inLanguage":"en-US"},{"@type":"Person","@id":"https:\/\/sulsc.com\/#\/schema\/person\/84d2fc571684f6248ba83092f07750a3","name":"Reda\u00e7\u00e3o Sul SC","image":{"@type":"ImageObject","inLanguage":"en-US","@id":"https:\/\/sulsc.com\/#\/schema\/person\/image\/e08d7fe2cc4ed596372063bbe852b8d0","url":"https:\/\/sulsc.com\/wp-content\/uploads\/2023\/09\/redacao.png","contentUrl":"https:\/\/sulsc.com\/wp-content\/uploads\/2023\/09\/redacao.png","caption":"Reda\u00e7\u00e3o Sul SC"},"description":"Foco em um jornalismo imparcial, voltado \u00e0 qualidade dos seus conte\u00fados e, assim, levar informa\u00e7\u00e3o de valor que agregue \u00e0 vida dos leitores. Esta \u00e9 grande miss\u00e3o do Portal de Not\u00edcias Sul SC. N\u00e3o \u00e9 quantidade que muda o mundo, sempre foi e seguir\u00e1 sendo qualidade!","sameAs":["https:\/\/sulsc.com\/","https:\/\/www.facebook.com\/profile.php?id=61559278119680","https:\/\/www.instagram.com\/sulscportal\/?hl=pt-br","https:\/\/twitter.com\/https:\/\/twitter.com\/PortalSulSC","https:\/\/www.youtube.com\/channel\/UCv_BE8GeySluDov2n8qhVmw"],"url":"https:\/\/sulsc.com\/index.php\/author\/redacao\/"}]}},"authors":[],"_links":{"self":[{"href":"https:\/\/sulsc.com\/index.php\/wp-json\/wp\/v2\/posts\/35104"}],"collection":[{"href":"https:\/\/sulsc.com\/index.php\/wp-json\/wp\/v2\/posts"}],"about":[{"href":"https:\/\/sulsc.com\/index.php\/wp-json\/wp\/v2\/types\/post"}],"author":[{"embeddable":true,"href":"https:\/\/sulsc.com\/index.php\/wp-json\/wp\/v2\/users\/3"}],"replies":[{"embeddable":true,"href":"https:\/\/sulsc.com\/index.php\/wp-json\/wp\/v2\/comments?post=35104"}],"version-history":[{"count":1,"href":"https:\/\/sulsc.com\/index.php\/wp-json\/wp\/v2\/posts\/35104\/revisions"}],"predecessor-version":[{"id":35107,"href":"https:\/\/sulsc.com\/index.php\/wp-json\/wp\/v2\/posts\/35104\/revisions\/35107"}],"wp:featuredmedia":[{"embeddable":true,"href":"https:\/\/sulsc.com\/index.php\/wp-json\/wp\/v2\/media\/35106"}],"wp:attachment":[{"href":"https:\/\/sulsc.com\/index.php\/wp-json\/wp\/v2\/media?parent=35104"}],"wp:term":[{"taxonomy":"category","embeddable":true,"href":"https:\/\/sulsc.com\/index.php\/wp-json\/wp\/v2\/categories?post=35104"},{"taxonomy":"post_tag","embeddable":true,"href":"https:\/\/sulsc.com\/index.php\/wp-json\/wp\/v2\/tags?post=35104"}],"curies":[{"name":"wp","href":"https:\/\/api.w.org\/{rel}","templated":true}]}}