{"id":35117,"date":"2026-09-04T07:51:05","date_gmt":"2026-09-04T10:51:05","guid":{"rendered":"https:\/\/sulsc.com\/?p=35117"},"modified":"2026-09-04T07:51:05","modified_gmt":"2026-09-04T10:51:05","slug":"frente-fria-avanca-por-santa-catarina-e-provoca-chuva-e-temporais-nesta-sexta","status":"publish","type":"post","link":"https:\/\/sulsc.com\/index.php\/2026\/09\/04\/frente-fria-avanca-por-santa-catarina-e-provoca-chuva-e-temporais-nesta-sexta\/","title":{"rendered":"Frente fria avan\u00e7a por Santa Catarina e provoca chuva e temporais nesta sexta"},"content":{"rendered":"<p>Santa Catarina ter\u00e1 uma mudan\u00e7a significativa nas condi\u00e7\u00f5es do tempo <strong>nesta sexta-feira (4),<\/strong> com a passagem de uma frente fria pelo estado. A previs\u00e3o indica aumento da nebulosidade e ocorr\u00eancia de chuva ao longo do dia, inicialmente nas regi\u00f5es Oeste e Sul.<\/p>\n<p>Durante a tarde e a noite, a instabilidade deve avan\u00e7ar para as demais \u00e1reas catarinenses. H\u00e1 possibilidade de temporais isolados, principalmente no Oeste e no Norte do estado, em \u00e1reas pr\u00f3ximas \u00e0 divisa com o Paran\u00e1. As tempestades podem vir acompanhadas de raios, rajadas de vento e queda de granizo.<\/p>\n<p>O risco varia de baixo a moderado para ocorr\u00eancias relacionadas \u00e0s condi\u00e7\u00f5es meteorol\u00f3gicas. Entre os poss\u00edveis impactos est\u00e3o alagamentos pontuais, destelhamentos, queda de galhos e \u00e1rvores e danos \u00e0 rede el\u00e9trica.<\/p>\n<p><strong>Temperaturas<\/strong><\/p>\n<p>O fechado tamb\u00e9m deve provocar redu\u00e7\u00e3o nas temperaturas. As m\u00e1ximas ficam entre 18\u00b0C e 22\u00b0C, com os menores valores previstos para as \u00e1reas do Litoral Sul. No litoral, o vento pode apresentar rajadas entre 40 km\/h e 60 km\/h.\u00a0A frente fria ser\u00e1 seguida por uma massa de ar frio <strong>de origem polar.<\/strong><\/p>\n<p><img fetchpriority=\"high\" decoding=\"async\" class=\"aligncenter size-full wp-image-35118\" src=\"http:\/\/sulsc.com\/wp-content\/uploads\/2026\/09\/Captura-de-tela-2026-09-04-010445-2.png\" alt=\"\" width=\"1608\" height=\"1092\" srcset=\"https:\/\/sulsc.com\/wp-content\/uploads\/2026\/09\/Captura-de-tela-2026-09-04-010445-2.png 1608w, https:\/\/sulsc.com\/wp-content\/uploads\/2026\/09\/Captura-de-tela-2026-09-04-010445-2-300x204.png 300w, https:\/\/sulsc.com\/wp-content\/uploads\/2026\/09\/Captura-de-tela-2026-09-04-010445-2-1024x695.png 1024w, https:\/\/sulsc.com\/wp-content\/uploads\/2026\/09\/Captura-de-tela-2026-09-04-010445-2-768x522.png 768w, https:\/\/sulsc.com\/wp-content\/uploads\/2026\/09\/Captura-de-tela-2026-09-04-010445-2-1536x1043.png 1536w\" sizes=\"(max-width: 1608px) 100vw, 1608px\" \/><\/p>\n<p><img decoding=\"async\" class=\"aligncenter size-full wp-image-35047\" src=\"http:\/\/sulsc.com\/wp-content\/uploads\/2026\/08\/image-245-1.png\" alt=\"\" width=\"2048\" height=\"441\" srcset=\"https:\/\/sulsc.com\/wp-content\/uploads\/2026\/08\/image-245-1.png 2048w, https:\/\/sulsc.com\/wp-content\/uploads\/2026\/08\/image-245-1-300x65.png 300w, https:\/\/sulsc.com\/wp-content\/uploads\/2026\/08\/image-245-1-1024x221.png 1024w, https:\/\/sulsc.com\/wp-content\/uploads\/2026\/08\/image-245-1-768x165.png 768w, https:\/\/sulsc.com\/wp-content\/uploads\/2026\/08\/image-245-1-1536x331.png 1536w\" sizes=\"(max-width: 2048px) 100vw, 2048px\" \/><\/p>\n<p><strong>Amanh\u00e3 s\u00e1bado (5),<\/strong> o tempo permanece inst\u00e1vel em parte do estado, enquanto o <strong>domingo (6) e a segunda-feira (7)<\/strong> devem ser marcados por frio mais intenso, predom\u00ednio de sol e possibilidade de geada nas \u00e1reas mais elevadas de Santa Catarina.<\/p>\n<p>Fontes: Defesa Civil-SC\/Epagri-Ciram<\/p>\n","protected":false},"excerpt":{"rendered":"<p>Santa Catarina ter\u00e1 uma mudan\u00e7a significativa nas condi\u00e7\u00f5es do tempo nesta sexta-feira (4), com a passagem de uma frente fria pelo estado. A previs\u00e3o indica aumento da nebulosidade e ocorr\u00eancia de chuva ao longo do dia, inicialmente nas regi\u00f5es Oeste e Sul. Durante a tarde e a noite, a instabilidade deve avan\u00e7ar para as demais &hellip;<\/p>\n<p class=\"read-more\"> <a class=\"\" href=\"https:\/\/sulsc.com\/index.php\/2026\/09\/04\/frente-fria-avanca-por-santa-catarina-e-provoca-chuva-e-temporais-nesta-sexta\/\"> <span class=\"screen-reader-text\">Frente fria avan\u00e7a por Santa Catarina e provoca chuva e temporais nesta sexta<\/span> Read More &raquo;<\/a><\/p>\n","protected":false},"author":3,"featured_media":13306,"comment_status":"open","ping_status":"open","sticky":false,"template":"","format":"standard","meta":{"site-sidebar-layout":"default","site-content-layout":"","ast-site-content-layout":"default","site-content-style":"default","site-sidebar-style":"default","ast-global-header-display":"","ast-banner-title-visibility":"","ast-main-header-display":"","ast-hfb-above-header-display":"","ast-hfb-below-header-display":"","ast-hfb-mobile-header-display":"","site-post-title":"","ast-breadcrumbs-content":"","ast-featured-img":"","footer-sml-layout":"","theme-transparent-header-meta":"default","adv-header-id-meta":"","stick-header-meta":"","header-above-stick-meta":"","header-main-stick-meta":"","header-below-stick-meta":"","astra-migrate-meta-layouts":"set","footnotes":""},"categories":[2354,2231,1,14,38,12],"tags":[90],"yoast_head":"<!-- This site is optimized with the Yoast SEO plugin v21.4 - https:\/\/yoast.com\/wordpress\/plugins\/seo\/ -->\n<title>Frente fria avan\u00e7a por Santa Catarina e provoca chuva e temporais nesta sexta -<\/title>\n<meta name=\"robots\" content=\"index, follow, max-snippet:-1, max-image-preview:large, max-video-preview:-1\" \/>\n<link rel=\"canonical\" href=\"https:\/\/sulsc.com\/index.php\/2026\/09\/04\/frente-fria-avanca-por-santa-catarina-e-provoca-chuva-e-temporais-nesta-sexta\/\" \/>\n<meta property=\"og:locale\" content=\"en_US\" \/>\n<meta property=\"og:type\" content=\"article\" \/>\n<meta property=\"og:title\" content=\"Frente fria avan\u00e7a por Santa Catarina e provoca chuva e temporais nesta sexta -\" \/>\n<meta property=\"og:description\" content=\"Santa Catarina ter\u00e1 uma mudan\u00e7a significativa nas condi\u00e7\u00f5es do tempo nesta sexta-feira (4), com a passagem de uma frente fria pelo estado. A previs\u00e3o indica aumento da nebulosidade e ocorr\u00eancia de chuva ao longo do dia, inicialmente nas regi\u00f5es Oeste e Sul. Durante a tarde e a noite, a instabilidade deve avan\u00e7ar para as demais &hellip; Frente fria avan\u00e7a por Santa Catarina e provoca chuva e temporais nesta sexta Read More &raquo;\" \/>\n<meta property=\"og:url\" content=\"https:\/\/sulsc.com\/index.php\/2026\/09\/04\/frente-fria-avanca-por-santa-catarina-e-provoca-chuva-e-temporais-nesta-sexta\/\" \/>\n<meta property=\"article:author\" content=\"https:\/\/www.facebook.com\/profile.php?id=61559278119680\" \/>\n<meta property=\"article:published_time\" content=\"2026-09-04T10:51:05+00:00\" \/>\n<meta property=\"og:image\" content=\"http:\/\/sulsc.com\/wp-content\/uploads\/2024\/06\/tempo.jpg\" \/>\n\t<meta property=\"og:image:width\" content=\"1500\" \/>\n\t<meta property=\"og:image:height\" content=\"1000\" \/>\n\t<meta property=\"og:image:type\" content=\"image\/jpeg\" \/>\n<meta name=\"author\" content=\"Reda\u00e7\u00e3o Sul SC\" \/>\n<meta name=\"twitter:card\" content=\"summary_large_image\" \/>\n<meta name=\"twitter:creator\" content=\"@https:\/\/twitter.com\/PortalSulSC\" \/>\n<meta name=\"twitter:label1\" content=\"Written by\" \/>\n\t<meta name=\"twitter:data1\" content=\"Reda\u00e7\u00e3o Sul SC\" \/>\n\t<meta name=\"twitter:label2\" content=\"Est. reading time\" \/>\n\t<meta name=\"twitter:data2\" content=\"2 minutes\" \/>\n<script type=\"application\/ld+json\" class=\"yoast-schema-graph\">{\"@context\":\"https:\/\/schema.org\",\"@graph\":[{\"@type\":\"WebPage\",\"@id\":\"https:\/\/sulsc.com\/index.php\/2026\/09\/04\/frente-fria-avanca-por-santa-catarina-e-provoca-chuva-e-temporais-nesta-sexta\/\",\"url\":\"https:\/\/sulsc.com\/index.php\/2026\/09\/04\/frente-fria-avanca-por-santa-catarina-e-provoca-chuva-e-temporais-nesta-sexta\/\",\"name\":\"Frente fria avan\u00e7a por Santa Catarina e provoca chuva e temporais nesta sexta -\",\"isPartOf\":{\"@id\":\"https:\/\/sulsc.com\/#website\"},\"datePublished\":\"2026-09-04T10:51:05+00:00\",\"dateModified\":\"2026-09-04T10:51:05+00:00\",\"author\":{\"@id\":\"https:\/\/sulsc.com\/#\/schema\/person\/84d2fc571684f6248ba83092f07750a3\"},\"breadcrumb\":{\"@id\":\"https:\/\/sulsc.com\/index.php\/2026\/09\/04\/frente-fria-avanca-por-santa-catarina-e-provoca-chuva-e-temporais-nesta-sexta\/#breadcrumb\"},\"inLanguage\":\"en-US\",\"potentialAction\":[{\"@type\":\"ReadAction\",\"target\":[\"https:\/\/sulsc.com\/index.php\/2026\/09\/04\/frente-fria-avanca-por-santa-catarina-e-provoca-chuva-e-temporais-nesta-sexta\/\"]}]},{\"@type\":\"BreadcrumbList\",\"@id\":\"https:\/\/sulsc.com\/index.php\/2026\/09\/04\/frente-fria-avanca-por-santa-catarina-e-provoca-chuva-e-temporais-nesta-sexta\/#breadcrumb\",\"itemListElement\":[{\"@type\":\"ListItem\",\"position\":1,\"name\":\"In\u00edcio\",\"item\":\"https:\/\/sulsc.com\/\"},{\"@type\":\"ListItem\",\"position\":2,\"name\":\"Frente fria avan\u00e7a por Santa Catarina e provoca chuva e temporais nesta sexta\"}]},{\"@type\":\"WebSite\",\"@id\":\"https:\/\/sulsc.com\/#website\",\"url\":\"https:\/\/sulsc.com\/\",\"name\":\"\",\"description\":\"\",\"potentialAction\":[{\"@type\":\"SearchAction\",\"target\":{\"@type\":\"EntryPoint\",\"urlTemplate\":\"https:\/\/sulsc.com\/?s={search_term_string}\"},\"query-input\":\"required name=search_term_string\"}],\"inLanguage\":\"en-US\"},{\"@type\":\"Person\",\"@id\":\"https:\/\/sulsc.com\/#\/schema\/person\/84d2fc571684f6248ba83092f07750a3\",\"name\":\"Reda\u00e7\u00e3o Sul SC\",\"image\":{\"@type\":\"ImageObject\",\"inLanguage\":\"en-US\",\"@id\":\"https:\/\/sulsc.com\/#\/schema\/person\/image\/e08d7fe2cc4ed596372063bbe852b8d0\",\"url\":\"https:\/\/sulsc.com\/wp-content\/uploads\/2023\/09\/redacao.png\",\"contentUrl\":\"https:\/\/sulsc.com\/wp-content\/uploads\/2023\/09\/redacao.png\",\"caption\":\"Reda\u00e7\u00e3o Sul SC\"},\"description\":\"Foco em um jornalismo imparcial, voltado \u00e0 qualidade dos seus conte\u00fados e, assim, levar informa\u00e7\u00e3o de valor que agregue \u00e0 vida dos leitores. Esta \u00e9 grande miss\u00e3o do Portal de Not\u00edcias Sul SC. N\u00e3o \u00e9 quantidade que muda o mundo, sempre foi e seguir\u00e1 sendo qualidade!\",\"sameAs\":[\"https:\/\/sulsc.com\/\",\"https:\/\/www.facebook.com\/profile.php?id=61559278119680\",\"https:\/\/www.instagram.com\/sulscportal\/?hl=pt-br\",\"https:\/\/twitter.com\/https:\/\/twitter.com\/PortalSulSC\",\"https:\/\/www.youtube.com\/channel\/UCv_BE8GeySluDov2n8qhVmw\"],\"url\":\"https:\/\/sulsc.com\/index.php\/author\/redacao\/\"}]}<\/script>\n<!-- \/ Yoast SEO plugin. -->","yoast_head_json":{"title":"Frente fria avan\u00e7a por Santa Catarina e provoca chuva e temporais nesta sexta -","robots":{"index":"index","follow":"follow","max-snippet":"max-snippet:-1","max-image-preview":"max-image-preview:large","max-video-preview":"max-video-preview:-1"},"canonical":"https:\/\/sulsc.com\/index.php\/2026\/09\/04\/frente-fria-avanca-por-santa-catarina-e-provoca-chuva-e-temporais-nesta-sexta\/","og_locale":"en_US","og_type":"article","og_title":"Frente fria avan\u00e7a por Santa Catarina e provoca chuva e temporais nesta sexta -","og_description":"Santa Catarina ter\u00e1 uma mudan\u00e7a significativa nas condi\u00e7\u00f5es do tempo nesta sexta-feira (4), com a passagem de uma frente fria pelo estado. A previs\u00e3o indica aumento da nebulosidade e ocorr\u00eancia de chuva ao longo do dia, inicialmente nas regi\u00f5es Oeste e Sul. Durante a tarde e a noite, a instabilidade deve avan\u00e7ar para as demais &hellip; Frente fria avan\u00e7a por Santa Catarina e provoca chuva e temporais nesta sexta Read More &raquo;","og_url":"https:\/\/sulsc.com\/index.php\/2026\/09\/04\/frente-fria-avanca-por-santa-catarina-e-provoca-chuva-e-temporais-nesta-sexta\/","article_author":"https:\/\/www.facebook.com\/profile.php?id=61559278119680","article_published_time":"2026-09-04T10:51:05+00:00","og_image":[{"width":1500,"height":1000,"url":"http:\/\/sulsc.com\/wp-content\/uploads\/2024\/06\/tempo.jpg","type":"image\/jpeg"}],"author":"Reda\u00e7\u00e3o Sul SC","twitter_card":"summary_large_image","twitter_creator":"@https:\/\/twitter.com\/PortalSulSC","twitter_misc":{"Written by":"Reda\u00e7\u00e3o Sul SC","Est. reading time":"2 minutes"},"schema":{"@context":"https:\/\/schema.org","@graph":[{"@type":"WebPage","@id":"https:\/\/sulsc.com\/index.php\/2026\/09\/04\/frente-fria-avanca-por-santa-catarina-e-provoca-chuva-e-temporais-nesta-sexta\/","url":"https:\/\/sulsc.com\/index.php\/2026\/09\/04\/frente-fria-avanca-por-santa-catarina-e-provoca-chuva-e-temporais-nesta-sexta\/","name":"Frente fria avan\u00e7a por Santa Catarina e provoca chuva e temporais nesta sexta -","isPartOf":{"@id":"https:\/\/sulsc.com\/#website"},"datePublished":"2026-09-04T10:51:05+00:00","dateModified":"2026-09-04T10:51:05+00:00","author":{"@id":"https:\/\/sulsc.com\/#\/schema\/person\/84d2fc571684f6248ba83092f07750a3"},"breadcrumb":{"@id":"https:\/\/sulsc.com\/index.php\/2026\/09\/04\/frente-fria-avanca-por-santa-catarina-e-provoca-chuva-e-temporais-nesta-sexta\/#breadcrumb"},"inLanguage":"en-US","potentialAction":[{"@type":"ReadAction","target":["https:\/\/sulsc.com\/index.php\/2026\/09\/04\/frente-fria-avanca-por-santa-catarina-e-provoca-chuva-e-temporais-nesta-sexta\/"]}]},{"@type":"BreadcrumbList","@id":"https:\/\/sulsc.com\/index.php\/2026\/09\/04\/frente-fria-avanca-por-santa-catarina-e-provoca-chuva-e-temporais-nesta-sexta\/#breadcrumb","itemListElement":[{"@type":"ListItem","position":1,"name":"In\u00edcio","item":"https:\/\/sulsc.com\/"},{"@type":"ListItem","position":2,"name":"Frente fria avan\u00e7a por Santa Catarina e provoca chuva e temporais nesta sexta"}]},{"@type":"WebSite","@id":"https:\/\/sulsc.com\/#website","url":"https:\/\/sulsc.com\/","name":"","description":"","potentialAction":[{"@type":"SearchAction","target":{"@type":"EntryPoint","urlTemplate":"https:\/\/sulsc.com\/?s={search_term_string}"},"query-input":"required name=search_term_string"}],"inLanguage":"en-US"},{"@type":"Person","@id":"https:\/\/sulsc.com\/#\/schema\/person\/84d2fc571684f6248ba83092f07750a3","name":"Reda\u00e7\u00e3o Sul SC","image":{"@type":"ImageObject","inLanguage":"en-US","@id":"https:\/\/sulsc.com\/#\/schema\/person\/image\/e08d7fe2cc4ed596372063bbe852b8d0","url":"https:\/\/sulsc.com\/wp-content\/uploads\/2023\/09\/redacao.png","contentUrl":"https:\/\/sulsc.com\/wp-content\/uploads\/2023\/09\/redacao.png","caption":"Reda\u00e7\u00e3o Sul SC"},"description":"Foco em um jornalismo imparcial, voltado \u00e0 qualidade dos seus conte\u00fados e, assim, levar informa\u00e7\u00e3o de valor que agregue \u00e0 vida dos leitores. Esta \u00e9 grande miss\u00e3o do Portal de Not\u00edcias Sul SC. N\u00e3o \u00e9 quantidade que muda o mundo, sempre foi e seguir\u00e1 sendo qualidade!","sameAs":["https:\/\/sulsc.com\/","https:\/\/www.facebook.com\/profile.php?id=61559278119680","https:\/\/www.instagram.com\/sulscportal\/?hl=pt-br","https:\/\/twitter.com\/https:\/\/twitter.com\/PortalSulSC","https:\/\/www.youtube.com\/channel\/UCv_BE8GeySluDov2n8qhVmw"],"url":"https:\/\/sulsc.com\/index.php\/author\/redacao\/"}]}},"authors":[],"_links":{"self":[{"href":"https:\/\/sulsc.com\/index.php\/wp-json\/wp\/v2\/posts\/35117"}],"collection":[{"href":"https:\/\/sulsc.com\/index.php\/wp-json\/wp\/v2\/posts"}],"about":[{"href":"https:\/\/sulsc.com\/index.php\/wp-json\/wp\/v2\/types\/post"}],"author":[{"embeddable":true,"href":"https:\/\/sulsc.com\/index.php\/wp-json\/wp\/v2\/users\/3"}],"replies":[{"embeddable":true,"href":"https:\/\/sulsc.com\/index.php\/wp-json\/wp\/v2\/comments?post=35117"}],"version-history":[{"count":1,"href":"https:\/\/sulsc.com\/index.php\/wp-json\/wp\/v2\/posts\/35117\/revisions"}],"predecessor-version":[{"id":35119,"href":"https:\/\/sulsc.com\/index.php\/wp-json\/wp\/v2\/posts\/35117\/revisions\/35119"}],"wp:featuredmedia":[{"embeddable":true,"href":"https:\/\/sulsc.com\/index.php\/wp-json\/wp\/v2\/media\/13306"}],"wp:attachment":[{"href":"https:\/\/sulsc.com\/index.php\/wp-json\/wp\/v2\/media?parent=35117"}],"wp:term":[{"taxonomy":"category","embeddable":true,"href":"https:\/\/sulsc.com\/index.php\/wp-json\/wp\/v2\/categories?post=35117"},{"taxonomy":"post_tag","embeddable":true,"href":"https:\/\/sulsc.com\/index.php\/wp-json\/wp\/v2\/tags?post=35117"}],"curies":[{"name":"wp","href":"https:\/\/api.w.org\/{rel}","templated":true}]}}