{"id":35120,"date":"2026-09-04T08:19:02","date_gmt":"2026-09-04T11:19:02","guid":{"rendered":"https:\/\/sulsc.com\/?p=35120"},"modified":"2026-09-04T08:19:02","modified_gmt":"2026-09-04T11:19:02","slug":"prefeito-e-vice-de-lauro-muller-sao-condenados-em-primeira-instancia-por-abuso-de-poder-economico","status":"publish","type":"post","link":"https:\/\/sulsc.com\/index.php\/2026\/09\/04\/prefeito-e-vice-de-lauro-muller-sao-condenados-em-primeira-instancia-por-abuso-de-poder-economico\/","title":{"rendered":"Prefeito e vice de Lauro M\u00fcller s\u00e3o condenados em primeira inst\u00e2ncia por abuso de poder econ\u00f4mico"},"content":{"rendered":"<p>A Justi\u00e7a Eleitoral determinou a cassa\u00e7\u00e3o dos diplomas do prefeito de Lauro M\u00fcller, Valdir Fontanella, e do vice-prefeito, Acione Andrade Izidoro, eleitos nas elei\u00e7\u00f5es municipais de 2024. A senten\u00e7a foi proferida na quinta-feira (3) pela ju\u00edza eleitoral Camila Reis Rettore, da Comarca de Orleans.<\/p>\n<p>A decis\u00e3o reconheceu a ocorr\u00eancia de abuso de poder econ\u00f4mico e capta\u00e7\u00e3o il\u00edcita de sufr\u00e1gio, pr\u00e1tica conhecida como compra de votos. O processo tramita por meio de uma A\u00e7\u00e3o de Investiga\u00e7\u00e3o Judicial Eleitoral (AIJE), apresentada pela coliga\u00e7\u00e3o advers\u00e1ria em dezembro de 2024.<\/p>\n<div id=\"metaslider-id-25573\" style=\"width: 100%;\" class=\"ml-slider-3-99-0 metaslider metaslider-flex metaslider-25573 ml-slider has-onhover-arrows ms-theme-default-base has-dots-nav\" role=\"region\" aria-label=\"Meio\" data-width=\"1200\">\n    <div id=\"metaslider_container_25573\">\n        <div id=\"metaslider_25573\">\n            <ul class='slides'>\n                <li style=\"display: block; width: 100%;\" class=\"slide-25684 ms-image \" aria-roledescription=\"slide\" data-date=\"2025-07-24 07:55:40\"><img src=\"https:\/\/sulsc.com\/wp-content\/uploads\/2025\/07\/Marr-2-1000x166.jpg\" height=\"200\" width=\"1200\" alt=\"\" class=\"slider-25573 slide-25684 msDefaultImage\" title=\"Marr 2\" \/><\/li>\n                <li style=\"display: none; width: 100%;\" class=\"slide-32412 ms-image \" aria-roledescription=\"slide\" data-date=\"2026-02-18 13:59:46\"><img src=\"https:\/\/sulsc.com\/wp-content\/uploads\/2026\/02\/40dc1580-cad5-4867-bc58-c4243821ad38-1000x166.jpeg\" height=\"200\" width=\"1200\" alt=\"\" class=\"slider-25573 slide-32412 msDefaultImage\" title=\"40dc1580-cad5-4867-bc58-c4243821ad38\" \/><\/li>\n            <\/ul>\n        <\/div>\n        \n    <\/div>\n<\/div>\n<p>Conforme a senten\u00e7a, as provas reunidas durante a investiga\u00e7\u00e3o indicaram a exist\u00eancia de uma estrutura organizada para oferecer benef\u00edcios a eleitores em troca de apoio pol\u00edtico. Entre as condutas mencionadas est\u00e3o a distribui\u00e7\u00e3o de cestas b\u00e1sicas e materiais de constru\u00e7\u00e3o, entrega de dinheiro e pagamento de contas.<\/p>\n<p>Para a Justi\u00e7a Eleitoral, a participa\u00e7\u00e3o de diferentes pessoas e a utiliza\u00e7\u00e3o de recursos de valor relevante demonstraram o uso do poder econ\u00f4mico com o objetivo de interferir no resultado das elei\u00e7\u00f5es.<\/p>\n<p>Al\u00e9m da cassa\u00e7\u00e3o dos diplomas, Valdir Fontanella e Acione Andrade Izidoro foram condenados individualmente ao pagamento de multa de R$ 53.205. A senten\u00e7a tamb\u00e9m declarou a inelegibilidade, pelo per\u00edodo de oito anos, do prefeito, do vice e de outras quatro pessoas citadas no processo: Ramiris Fontanella, Jos\u00e9 da Silva Warming J\u00fanior, Cleir Estevam e Raul Deinz\u00f3n Machado Borges.<\/p>\n<p>A decis\u00e3o prev\u00ea que, ap\u00f3s o tr\u00e2nsito em julgado \u2014 quando n\u00e3o houver mais possibilidade de recurso \u2014, o Tribunal Regional Eleitoral de Santa Catarina (TRE-SC) seja comunicado para avaliar as provid\u00eancias relacionadas \u00e0 realiza\u00e7\u00e3o de uma nova elei\u00e7\u00e3o no munic\u00edpio. Os fatos tamb\u00e9m dever\u00e3o ser encaminhados ao Minist\u00e9rio P\u00fablico Eleitoral.<\/p>\n<p><strong>Recurso<\/strong><\/p>\n<p>A senten\u00e7a \u00e9 de primeira inst\u00e2ncia e ainda pode ser contestada. Dessa forma, a decis\u00e3o n\u00e3o provoca, neste momento, o afastamento imediato do prefeito e do vice dos cargos.<\/p>\n<p><strong>Em um v\u00eddeo divulgado ap\u00f3s a condena\u00e7\u00e3o,<\/strong> Valdir Fontanella afirmou estar tranquilo e disse que pretende recorrer. Segundo ele, enquanto o processo tramitar, a administra\u00e7\u00e3o municipal continuar\u00e1 trabalhando.<\/p>\n<p><strong>\u201c<\/strong>Estamos tranquilos e convictos, pois vamos recorrer. Enquanto o recurso tramita, vamos trabalhar ainda mais por esse povo, que merece e precisa de um desenvolvimento tranquilo<strong>\u201d, declarou o prefeito.<\/strong><\/p>\n<p>As defesas dos envolvidos contestaram as acusa\u00e7\u00f5es apresentadas durante o processo.<\/p>\n<p><img fetchpriority=\"high\" decoding=\"async\" class=\"aligncenter size-full wp-image-35121\" src=\"http:\/\/sulsc.com\/wp-content\/uploads\/2026\/09\/144d4085-3d43-4775-babe-e6dd014e817e.jpg\" alt=\"\" width=\"960\" height=\"570\" srcset=\"https:\/\/sulsc.com\/wp-content\/uploads\/2026\/09\/144d4085-3d43-4775-babe-e6dd014e817e.jpg 960w, https:\/\/sulsc.com\/wp-content\/uploads\/2026\/09\/144d4085-3d43-4775-babe-e6dd014e817e-300x178.jpg 300w, https:\/\/sulsc.com\/wp-content\/uploads\/2026\/09\/144d4085-3d43-4775-babe-e6dd014e817e-768x456.jpg 768w\" sizes=\"(max-width: 960px) 100vw, 960px\" \/><\/p>\n<p>Foto\/Redes Sociais<\/p>\n","protected":false},"excerpt":{"rendered":"<p>A Justi\u00e7a Eleitoral determinou a cassa\u00e7\u00e3o dos diplomas do prefeito de Lauro M\u00fcller, Valdir Fontanella, e do vice-prefeito, Acione Andrade Izidoro, eleitos nas elei\u00e7\u00f5es municipais de 2024. A senten\u00e7a foi proferida na quinta-feira (3) pela ju\u00edza eleitoral Camila Reis Rettore, da Comarca de Orleans. A decis\u00e3o reconheceu a ocorr\u00eancia de abuso de poder econ\u00f4mico e &hellip;<\/p>\n<p class=\"read-more\"> <a class=\"\" href=\"https:\/\/sulsc.com\/index.php\/2026\/09\/04\/prefeito-e-vice-de-lauro-muller-sao-condenados-em-primeira-instancia-por-abuso-de-poder-economico\/\"> <span class=\"screen-reader-text\">Prefeito e vice de Lauro M\u00fcller s\u00e3o condenados em primeira inst\u00e2ncia por abuso de poder econ\u00f4mico<\/span> Read More &raquo;<\/a><\/p>\n","protected":false},"author":3,"featured_media":35121,"comment_status":"open","ping_status":"open","sticky":false,"template":"","format":"standard","meta":{"site-sidebar-layout":"default","site-content-layout":"","ast-site-content-layout":"default","site-content-style":"default","site-sidebar-style":"default","ast-global-header-display":"","ast-banner-title-visibility":"","ast-main-header-display":"","ast-hfb-above-header-display":"","ast-hfb-below-header-display":"","ast-hfb-mobile-header-display":"","site-post-title":"","ast-breadcrumbs-content":"","ast-featured-img":"","footer-sml-layout":"","theme-transparent-header-meta":"default","adv-header-id-meta":"","stick-header-meta":"","header-above-stick-meta":"","header-main-stick-meta":"","header-below-stick-meta":"","astra-migrate-meta-layouts":"set","footnotes":""},"categories":[2354,1,14,12],"tags":[2875],"yoast_head":"<!-- This site is optimized with the Yoast SEO plugin v21.4 - https:\/\/yoast.com\/wordpress\/plugins\/seo\/ -->\n<title>Prefeito e vice de Lauro M\u00fcller s\u00e3o condenados em primeira inst\u00e2ncia por abuso de poder econ\u00f4mico -<\/title>\n<meta name=\"robots\" content=\"index, follow, max-snippet:-1, max-image-preview:large, max-video-preview:-1\" \/>\n<link rel=\"canonical\" href=\"https:\/\/sulsc.com\/index.php\/2026\/09\/04\/prefeito-e-vice-de-lauro-muller-sao-condenados-em-primeira-instancia-por-abuso-de-poder-economico\/\" \/>\n<meta property=\"og:locale\" content=\"en_US\" \/>\n<meta property=\"og:type\" content=\"article\" \/>\n<meta property=\"og:title\" content=\"Prefeito e vice de Lauro M\u00fcller s\u00e3o condenados em primeira inst\u00e2ncia por abuso de poder econ\u00f4mico -\" \/>\n<meta property=\"og:description\" content=\"A Justi\u00e7a Eleitoral determinou a cassa\u00e7\u00e3o dos diplomas do prefeito de Lauro M\u00fcller, Valdir Fontanella, e do vice-prefeito, Acione Andrade Izidoro, eleitos nas elei\u00e7\u00f5es municipais de 2024. A senten\u00e7a foi proferida na quinta-feira (3) pela ju\u00edza eleitoral Camila Reis Rettore, da Comarca de Orleans. A decis\u00e3o reconheceu a ocorr\u00eancia de abuso de poder econ\u00f4mico e &hellip; Prefeito e vice de Lauro M\u00fcller s\u00e3o condenados em primeira inst\u00e2ncia por abuso de poder econ\u00f4mico Read More &raquo;\" \/>\n<meta property=\"og:url\" content=\"https:\/\/sulsc.com\/index.php\/2026\/09\/04\/prefeito-e-vice-de-lauro-muller-sao-condenados-em-primeira-instancia-por-abuso-de-poder-economico\/\" \/>\n<meta property=\"article:author\" content=\"https:\/\/www.facebook.com\/profile.php?id=61559278119680\" \/>\n<meta property=\"article:published_time\" content=\"2026-09-04T11:19:02+00:00\" \/>\n<meta property=\"og:image\" content=\"http:\/\/sulsc.com\/wp-content\/uploads\/2026\/09\/144d4085-3d43-4775-babe-e6dd014e817e.jpg\" \/>\n\t<meta property=\"og:image:width\" content=\"960\" \/>\n\t<meta property=\"og:image:height\" content=\"570\" \/>\n\t<meta property=\"og:image:type\" content=\"image\/jpeg\" \/>\n<meta name=\"author\" content=\"Reda\u00e7\u00e3o Sul SC\" \/>\n<meta name=\"twitter:card\" content=\"summary_large_image\" \/>\n<meta name=\"twitter:creator\" content=\"@https:\/\/twitter.com\/PortalSulSC\" \/>\n<meta name=\"twitter:label1\" content=\"Written by\" \/>\n\t<meta name=\"twitter:data1\" content=\"Reda\u00e7\u00e3o Sul SC\" \/>\n\t<meta name=\"twitter:label2\" content=\"Est. reading time\" \/>\n\t<meta name=\"twitter:data2\" content=\"2 minutes\" \/>\n<script type=\"application\/ld+json\" class=\"yoast-schema-graph\">{\"@context\":\"https:\/\/schema.org\",\"@graph\":[{\"@type\":\"WebPage\",\"@id\":\"https:\/\/sulsc.com\/index.php\/2026\/09\/04\/prefeito-e-vice-de-lauro-muller-sao-condenados-em-primeira-instancia-por-abuso-de-poder-economico\/\",\"url\":\"https:\/\/sulsc.com\/index.php\/2026\/09\/04\/prefeito-e-vice-de-lauro-muller-sao-condenados-em-primeira-instancia-por-abuso-de-poder-economico\/\",\"name\":\"Prefeito e vice de Lauro M\u00fcller s\u00e3o condenados em primeira inst\u00e2ncia por abuso de poder econ\u00f4mico -\",\"isPartOf\":{\"@id\":\"https:\/\/sulsc.com\/#website\"},\"datePublished\":\"2026-09-04T11:19:02+00:00\",\"dateModified\":\"2026-09-04T11:19:02+00:00\",\"author\":{\"@id\":\"https:\/\/sulsc.com\/#\/schema\/person\/84d2fc571684f6248ba83092f07750a3\"},\"breadcrumb\":{\"@id\":\"https:\/\/sulsc.com\/index.php\/2026\/09\/04\/prefeito-e-vice-de-lauro-muller-sao-condenados-em-primeira-instancia-por-abuso-de-poder-economico\/#breadcrumb\"},\"inLanguage\":\"en-US\",\"potentialAction\":[{\"@type\":\"ReadAction\",\"target\":[\"https:\/\/sulsc.com\/index.php\/2026\/09\/04\/prefeito-e-vice-de-lauro-muller-sao-condenados-em-primeira-instancia-por-abuso-de-poder-economico\/\"]}]},{\"@type\":\"BreadcrumbList\",\"@id\":\"https:\/\/sulsc.com\/index.php\/2026\/09\/04\/prefeito-e-vice-de-lauro-muller-sao-condenados-em-primeira-instancia-por-abuso-de-poder-economico\/#breadcrumb\",\"itemListElement\":[{\"@type\":\"ListItem\",\"position\":1,\"name\":\"In\u00edcio\",\"item\":\"https:\/\/sulsc.com\/\"},{\"@type\":\"ListItem\",\"position\":2,\"name\":\"Prefeito e vice de Lauro M\u00fcller s\u00e3o condenados em primeira inst\u00e2ncia por abuso de poder econ\u00f4mico\"}]},{\"@type\":\"WebSite\",\"@id\":\"https:\/\/sulsc.com\/#website\",\"url\":\"https:\/\/sulsc.com\/\",\"name\":\"\",\"description\":\"\",\"potentialAction\":[{\"@type\":\"SearchAction\",\"target\":{\"@type\":\"EntryPoint\",\"urlTemplate\":\"https:\/\/sulsc.com\/?s={search_term_string}\"},\"query-input\":\"required name=search_term_string\"}],\"inLanguage\":\"en-US\"},{\"@type\":\"Person\",\"@id\":\"https:\/\/sulsc.com\/#\/schema\/person\/84d2fc571684f6248ba83092f07750a3\",\"name\":\"Reda\u00e7\u00e3o Sul SC\",\"image\":{\"@type\":\"ImageObject\",\"inLanguage\":\"en-US\",\"@id\":\"https:\/\/sulsc.com\/#\/schema\/person\/image\/e08d7fe2cc4ed596372063bbe852b8d0\",\"url\":\"https:\/\/sulsc.com\/wp-content\/uploads\/2023\/09\/redacao.png\",\"contentUrl\":\"https:\/\/sulsc.com\/wp-content\/uploads\/2023\/09\/redacao.png\",\"caption\":\"Reda\u00e7\u00e3o Sul SC\"},\"description\":\"Foco em um jornalismo imparcial, voltado \u00e0 qualidade dos seus conte\u00fados e, assim, levar informa\u00e7\u00e3o de valor que agregue \u00e0 vida dos leitores. Esta \u00e9 grande miss\u00e3o do Portal de Not\u00edcias Sul SC. N\u00e3o \u00e9 quantidade que muda o mundo, sempre foi e seguir\u00e1 sendo qualidade!\",\"sameAs\":[\"https:\/\/sulsc.com\/\",\"https:\/\/www.facebook.com\/profile.php?id=61559278119680\",\"https:\/\/www.instagram.com\/sulscportal\/?hl=pt-br\",\"https:\/\/twitter.com\/https:\/\/twitter.com\/PortalSulSC\",\"https:\/\/www.youtube.com\/channel\/UCv_BE8GeySluDov2n8qhVmw\"],\"url\":\"https:\/\/sulsc.com\/index.php\/author\/redacao\/\"}]}<\/script>\n<!-- \/ Yoast SEO plugin. -->","yoast_head_json":{"title":"Prefeito e vice de Lauro M\u00fcller s\u00e3o condenados em primeira inst\u00e2ncia por abuso de poder econ\u00f4mico -","robots":{"index":"index","follow":"follow","max-snippet":"max-snippet:-1","max-image-preview":"max-image-preview:large","max-video-preview":"max-video-preview:-1"},"canonical":"https:\/\/sulsc.com\/index.php\/2026\/09\/04\/prefeito-e-vice-de-lauro-muller-sao-condenados-em-primeira-instancia-por-abuso-de-poder-economico\/","og_locale":"en_US","og_type":"article","og_title":"Prefeito e vice de Lauro M\u00fcller s\u00e3o condenados em primeira inst\u00e2ncia por abuso de poder econ\u00f4mico -","og_description":"A Justi\u00e7a Eleitoral determinou a cassa\u00e7\u00e3o dos diplomas do prefeito de Lauro M\u00fcller, Valdir Fontanella, e do vice-prefeito, Acione Andrade Izidoro, eleitos nas elei\u00e7\u00f5es municipais de 2024. A senten\u00e7a foi proferida na quinta-feira (3) pela ju\u00edza eleitoral Camila Reis Rettore, da Comarca de Orleans. A decis\u00e3o reconheceu a ocorr\u00eancia de abuso de poder econ\u00f4mico e &hellip; Prefeito e vice de Lauro M\u00fcller s\u00e3o condenados em primeira inst\u00e2ncia por abuso de poder econ\u00f4mico Read More &raquo;","og_url":"https:\/\/sulsc.com\/index.php\/2026\/09\/04\/prefeito-e-vice-de-lauro-muller-sao-condenados-em-primeira-instancia-por-abuso-de-poder-economico\/","article_author":"https:\/\/www.facebook.com\/profile.php?id=61559278119680","article_published_time":"2026-09-04T11:19:02+00:00","og_image":[{"width":960,"height":570,"url":"http:\/\/sulsc.com\/wp-content\/uploads\/2026\/09\/144d4085-3d43-4775-babe-e6dd014e817e.jpg","type":"image\/jpeg"}],"author":"Reda\u00e7\u00e3o Sul SC","twitter_card":"summary_large_image","twitter_creator":"@https:\/\/twitter.com\/PortalSulSC","twitter_misc":{"Written by":"Reda\u00e7\u00e3o Sul SC","Est. reading time":"2 minutes"},"schema":{"@context":"https:\/\/schema.org","@graph":[{"@type":"WebPage","@id":"https:\/\/sulsc.com\/index.php\/2026\/09\/04\/prefeito-e-vice-de-lauro-muller-sao-condenados-em-primeira-instancia-por-abuso-de-poder-economico\/","url":"https:\/\/sulsc.com\/index.php\/2026\/09\/04\/prefeito-e-vice-de-lauro-muller-sao-condenados-em-primeira-instancia-por-abuso-de-poder-economico\/","name":"Prefeito e vice de Lauro M\u00fcller s\u00e3o condenados em primeira inst\u00e2ncia por abuso de poder econ\u00f4mico -","isPartOf":{"@id":"https:\/\/sulsc.com\/#website"},"datePublished":"2026-09-04T11:19:02+00:00","dateModified":"2026-09-04T11:19:02+00:00","author":{"@id":"https:\/\/sulsc.com\/#\/schema\/person\/84d2fc571684f6248ba83092f07750a3"},"breadcrumb":{"@id":"https:\/\/sulsc.com\/index.php\/2026\/09\/04\/prefeito-e-vice-de-lauro-muller-sao-condenados-em-primeira-instancia-por-abuso-de-poder-economico\/#breadcrumb"},"inLanguage":"en-US","potentialAction":[{"@type":"ReadAction","target":["https:\/\/sulsc.com\/index.php\/2026\/09\/04\/prefeito-e-vice-de-lauro-muller-sao-condenados-em-primeira-instancia-por-abuso-de-poder-economico\/"]}]},{"@type":"BreadcrumbList","@id":"https:\/\/sulsc.com\/index.php\/2026\/09\/04\/prefeito-e-vice-de-lauro-muller-sao-condenados-em-primeira-instancia-por-abuso-de-poder-economico\/#breadcrumb","itemListElement":[{"@type":"ListItem","position":1,"name":"In\u00edcio","item":"https:\/\/sulsc.com\/"},{"@type":"ListItem","position":2,"name":"Prefeito e vice de Lauro M\u00fcller s\u00e3o condenados em primeira inst\u00e2ncia por abuso de poder econ\u00f4mico"}]},{"@type":"WebSite","@id":"https:\/\/sulsc.com\/#website","url":"https:\/\/sulsc.com\/","name":"","description":"","potentialAction":[{"@type":"SearchAction","target":{"@type":"EntryPoint","urlTemplate":"https:\/\/sulsc.com\/?s={search_term_string}"},"query-input":"required name=search_term_string"}],"inLanguage":"en-US"},{"@type":"Person","@id":"https:\/\/sulsc.com\/#\/schema\/person\/84d2fc571684f6248ba83092f07750a3","name":"Reda\u00e7\u00e3o Sul SC","image":{"@type":"ImageObject","inLanguage":"en-US","@id":"https:\/\/sulsc.com\/#\/schema\/person\/image\/e08d7fe2cc4ed596372063bbe852b8d0","url":"https:\/\/sulsc.com\/wp-content\/uploads\/2023\/09\/redacao.png","contentUrl":"https:\/\/sulsc.com\/wp-content\/uploads\/2023\/09\/redacao.png","caption":"Reda\u00e7\u00e3o Sul SC"},"description":"Foco em um jornalismo imparcial, voltado \u00e0 qualidade dos seus conte\u00fados e, assim, levar informa\u00e7\u00e3o de valor que agregue \u00e0 vida dos leitores. Esta \u00e9 grande miss\u00e3o do Portal de Not\u00edcias Sul SC. N\u00e3o \u00e9 quantidade que muda o mundo, sempre foi e seguir\u00e1 sendo qualidade!","sameAs":["https:\/\/sulsc.com\/","https:\/\/www.facebook.com\/profile.php?id=61559278119680","https:\/\/www.instagram.com\/sulscportal\/?hl=pt-br","https:\/\/twitter.com\/https:\/\/twitter.com\/PortalSulSC","https:\/\/www.youtube.com\/channel\/UCv_BE8GeySluDov2n8qhVmw"],"url":"https:\/\/sulsc.com\/index.php\/author\/redacao\/"}]}},"authors":[],"_links":{"self":[{"href":"https:\/\/sulsc.com\/index.php\/wp-json\/wp\/v2\/posts\/35120"}],"collection":[{"href":"https:\/\/sulsc.com\/index.php\/wp-json\/wp\/v2\/posts"}],"about":[{"href":"https:\/\/sulsc.com\/index.php\/wp-json\/wp\/v2\/types\/post"}],"author":[{"embeddable":true,"href":"https:\/\/sulsc.com\/index.php\/wp-json\/wp\/v2\/users\/3"}],"replies":[{"embeddable":true,"href":"https:\/\/sulsc.com\/index.php\/wp-json\/wp\/v2\/comments?post=35120"}],"version-history":[{"count":1,"href":"https:\/\/sulsc.com\/index.php\/wp-json\/wp\/v2\/posts\/35120\/revisions"}],"predecessor-version":[{"id":35122,"href":"https:\/\/sulsc.com\/index.php\/wp-json\/wp\/v2\/posts\/35120\/revisions\/35122"}],"wp:featuredmedia":[{"embeddable":true,"href":"https:\/\/sulsc.com\/index.php\/wp-json\/wp\/v2\/media\/35121"}],"wp:attachment":[{"href":"https:\/\/sulsc.com\/index.php\/wp-json\/wp\/v2\/media?parent=35120"}],"wp:term":[{"taxonomy":"category","embeddable":true,"href":"https:\/\/sulsc.com\/index.php\/wp-json\/wp\/v2\/categories?post=35120"},{"taxonomy":"post_tag","embeddable":true,"href":"https:\/\/sulsc.com\/index.php\/wp-json\/wp\/v2\/tags?post=35120"}],"curies":[{"name":"wp","href":"https:\/\/api.w.org\/{rel}","templated":true}]}}