{"id":3520,"date":"2023-11-08T09:30:59","date_gmt":"2023-11-08T12:30:59","guid":{"rendered":"https:\/\/sulsc.com\/?p=3520"},"modified":"2023-11-08T07:58:16","modified_gmt":"2023-11-08T10:58:16","slug":"forca-tarefa-busca-dar-acesso-e-passagem-as-comunidades-de-gravatal","status":"publish","type":"post","link":"https:\/\/sulsc.com\/index.php\/2023\/11\/08\/forca-tarefa-busca-dar-acesso-e-passagem-as-comunidades-de-gravatal\/","title":{"rendered":"For\u00e7a-tarefa busca dar acesso e passagem \u00e0s comunidades de Gravatal"},"content":{"rendered":"<p>Um balan\u00e7o foi divulgado pela esta\u00e7\u00e3o meteorol\u00f3gica da Epagri, localizada na comunidade do Caet\u00e9. Os dados repassados mostram que em outubro, Gravatal, registrou quatro vezes mais chuva do que a esperada para todo o m\u00eas.\u00a0Ao todo, foram mais de 360 mm de chuva.<\/p>\n<p>Por conta disso, muitas comunidades sofreram com os estragos em pontes, estradas e acessos aos bairros. Em uma for\u00e7a-tarefa a Prefeitura de Gravatal, por meio da Secretaria de Infraestrutura, trabalha para liberar o tr\u00e1fego em pontos que ainda est\u00e3o sem passagem.<\/p>\n<p>Um exemplo desse esfor\u00e7o \u00e9 na comunidade do S\u00e3o Roque. Desde a \u00faltima semana, m\u00e1quinas trabalham no local para criar uma passagem no acesso ao bairro pelo Barro Vermelho. Nesta ter\u00e7a-feira (7), pedras e aterro eram colocados no local. O objetivo, segundo o prefeito Clei Rodrigues, \u00e9 que at\u00e9 o final da semana seja poss\u00edvel a libera\u00e7\u00e3o do tr\u00e1fego na estrada principal.<\/p>\n<p>Al\u00e9m disso, a Administra\u00e7\u00e3o Municipal contratou mais uma patrola e outros equipamentos para dar suporte e celeridade a recupera\u00e7\u00e3o das estradas. \u201cTrabalhamos incansavelmente para dar acesso e passagem \u00e0s comunidades. Montamos, neste primeiro momento, duas frente de trabalho: uma no S\u00e3o Roque e outra no S\u00e3o Miguel\u201d, esclarece o prefeito.<\/p>\n<p>Clei destaca ainda que as equipes v\u00e3o seguir com os trabalhos tanto nas regi\u00f5es de morros, quanto nas regi\u00f5es mais baixas. Ainda na manh\u00e3 desta ter\u00e7a-feira, a passagem foi liberada no sentido Caet\u00e9 para S\u00e3o Miguel.<\/p>\n<p>\u201cIsso vai acontecer da seguinte forma: uma patrola vai para a parte mais alta do Munic\u00edpio como S\u00e3o Miguel, Sert\u00e3o dos Medeiros e Baixadinha. J\u00e1 a outra patrola vai para a parte mais baixa como no Riacho, V\u00e1rzea das Canoas, Indaial, Ilhota e outros. Vamos seguir fazendo a manuten\u00e7\u00e3o das nossas estradas. O que est\u00e1 ao nosso alcance ser\u00e1 feito e esperamos que o tempo colabore, para que todos possam transitar sem mais transtornos\u201d, fala Clei.<\/p>\n<p><img fetchpriority=\"high\" decoding=\"async\" class=\"alignnone size-full wp-image-3521\" src=\"http:\/\/sulsc.com\/wp-content\/uploads\/2023\/11\/Forca-tarefa-busca-dar-acesso-e-passagem-as-comunidades-de-Gravatal.jpeg\" alt=\"\" width=\"780\" height=\"585\" srcset=\"https:\/\/sulsc.com\/wp-content\/uploads\/2023\/11\/Forca-tarefa-busca-dar-acesso-e-passagem-as-comunidades-de-Gravatal.jpeg 780w, https:\/\/sulsc.com\/wp-content\/uploads\/2023\/11\/Forca-tarefa-busca-dar-acesso-e-passagem-as-comunidades-de-Gravatal-300x225.jpeg 300w, https:\/\/sulsc.com\/wp-content\/uploads\/2023\/11\/Forca-tarefa-busca-dar-acesso-e-passagem-as-comunidades-de-Gravatal-768x576.jpeg 768w\" sizes=\"(max-width: 780px) 100vw, 780px\" \/><\/p>\n<p>Fonte: Pref. Gravatal<\/p>\n","protected":false},"excerpt":{"rendered":"<p>Um balan\u00e7o foi divulgado pela esta\u00e7\u00e3o meteorol\u00f3gica da Epagri, localizada na comunidade do Caet\u00e9. Os dados repassados mostram que em outubro, Gravatal, registrou quatro vezes mais chuva do que a esperada para todo o m\u00eas.\u00a0Ao todo, foram mais de 360 mm de chuva. Por conta disso, muitas comunidades sofreram com os estragos em pontes, estradas &hellip;<\/p>\n<p class=\"read-more\"> <a class=\"\" href=\"https:\/\/sulsc.com\/index.php\/2023\/11\/08\/forca-tarefa-busca-dar-acesso-e-passagem-as-comunidades-de-gravatal\/\"> <span class=\"screen-reader-text\">For\u00e7a-tarefa busca dar acesso e passagem \u00e0s comunidades de Gravatal<\/span> Read More &raquo;<\/a><\/p>\n","protected":false},"author":3,"featured_media":3521,"comment_status":"open","ping_status":"open","sticky":false,"template":"","format":"standard","meta":{"site-sidebar-layout":"default","site-content-layout":"","ast-site-content-layout":"default","site-content-style":"default","site-sidebar-style":"default","ast-global-header-display":"","ast-banner-title-visibility":"","ast-main-header-display":"","ast-hfb-above-header-display":"","ast-hfb-below-header-display":"","ast-hfb-mobile-header-display":"","site-post-title":"","ast-breadcrumbs-content":"","ast-featured-img":"","footer-sml-layout":"","theme-transparent-header-meta":"default","adv-header-id-meta":"","stick-header-meta":"","header-above-stick-meta":"","header-main-stick-meta":"","header-below-stick-meta":"","astra-migrate-meta-layouts":"set","footnotes":""},"categories":[1,8],"tags":[],"yoast_head":"<!-- This site is optimized with the Yoast SEO plugin v21.4 - https:\/\/yoast.com\/wordpress\/plugins\/seo\/ -->\n<title>For\u00e7a-tarefa busca dar acesso e passagem \u00e0s comunidades de Gravatal -<\/title>\n<meta name=\"robots\" content=\"index, follow, max-snippet:-1, max-image-preview:large, max-video-preview:-1\" \/>\n<link rel=\"canonical\" href=\"https:\/\/sulsc.com\/index.php\/2023\/11\/08\/forca-tarefa-busca-dar-acesso-e-passagem-as-comunidades-de-gravatal\/\" \/>\n<meta property=\"og:locale\" content=\"en_US\" \/>\n<meta property=\"og:type\" content=\"article\" \/>\n<meta property=\"og:title\" content=\"For\u00e7a-tarefa busca dar acesso e passagem \u00e0s comunidades de Gravatal -\" \/>\n<meta property=\"og:description\" content=\"Um balan\u00e7o foi divulgado pela esta\u00e7\u00e3o meteorol\u00f3gica da Epagri, localizada na comunidade do Caet\u00e9. Os dados repassados mostram que em outubro, Gravatal, registrou quatro vezes mais chuva do que a esperada para todo o m\u00eas.\u00a0Ao todo, foram mais de 360 mm de chuva. Por conta disso, muitas comunidades sofreram com os estragos em pontes, estradas &hellip; For\u00e7a-tarefa busca dar acesso e passagem \u00e0s comunidades de Gravatal Read More &raquo;\" \/>\n<meta property=\"og:url\" content=\"https:\/\/sulsc.com\/index.php\/2023\/11\/08\/forca-tarefa-busca-dar-acesso-e-passagem-as-comunidades-de-gravatal\/\" \/>\n<meta property=\"article:author\" content=\"https:\/\/www.facebook.com\/profile.php?id=61559278119680\" \/>\n<meta property=\"article:published_time\" content=\"2023-11-08T12:30:59+00:00\" \/>\n<meta property=\"article:modified_time\" content=\"2023-11-08T10:58:16+00:00\" \/>\n<meta property=\"og:image\" content=\"https:\/\/sulsc.com\/wp-content\/uploads\/2023\/11\/Forca-tarefa-busca-dar-acesso-e-passagem-as-comunidades-de-Gravatal.jpeg\" \/>\n\t<meta property=\"og:image:width\" content=\"780\" \/>\n\t<meta property=\"og:image:height\" content=\"585\" \/>\n\t<meta property=\"og:image:type\" content=\"image\/jpeg\" \/>\n<meta name=\"author\" content=\"Reda\u00e7\u00e3o Sul SC\" \/>\n<meta name=\"twitter:card\" content=\"summary_large_image\" \/>\n<meta name=\"twitter:creator\" content=\"@https:\/\/twitter.com\/PortalSulSC\" \/>\n<meta name=\"twitter:label1\" content=\"Written by\" \/>\n\t<meta name=\"twitter:data1\" content=\"Reda\u00e7\u00e3o Sul SC\" \/>\n\t<meta name=\"twitter:label2\" content=\"Est. reading time\" \/>\n\t<meta name=\"twitter:data2\" content=\"2 minutes\" \/>\n<script type=\"application\/ld+json\" class=\"yoast-schema-graph\">{\"@context\":\"https:\/\/schema.org\",\"@graph\":[{\"@type\":\"WebPage\",\"@id\":\"https:\/\/sulsc.com\/index.php\/2023\/11\/08\/forca-tarefa-busca-dar-acesso-e-passagem-as-comunidades-de-gravatal\/\",\"url\":\"https:\/\/sulsc.com\/index.php\/2023\/11\/08\/forca-tarefa-busca-dar-acesso-e-passagem-as-comunidades-de-gravatal\/\",\"name\":\"For\u00e7a-tarefa busca dar acesso e passagem \u00e0s comunidades de Gravatal -\",\"isPartOf\":{\"@id\":\"https:\/\/sulsc.com\/#website\"},\"datePublished\":\"2023-11-08T12:30:59+00:00\",\"dateModified\":\"2023-11-08T10:58:16+00:00\",\"author\":{\"@id\":\"https:\/\/sulsc.com\/#\/schema\/person\/84d2fc571684f6248ba83092f07750a3\"},\"breadcrumb\":{\"@id\":\"https:\/\/sulsc.com\/index.php\/2023\/11\/08\/forca-tarefa-busca-dar-acesso-e-passagem-as-comunidades-de-gravatal\/#breadcrumb\"},\"inLanguage\":\"en-US\",\"potentialAction\":[{\"@type\":\"ReadAction\",\"target\":[\"https:\/\/sulsc.com\/index.php\/2023\/11\/08\/forca-tarefa-busca-dar-acesso-e-passagem-as-comunidades-de-gravatal\/\"]}]},{\"@type\":\"BreadcrumbList\",\"@id\":\"https:\/\/sulsc.com\/index.php\/2023\/11\/08\/forca-tarefa-busca-dar-acesso-e-passagem-as-comunidades-de-gravatal\/#breadcrumb\",\"itemListElement\":[{\"@type\":\"ListItem\",\"position\":1,\"name\":\"In\u00edcio\",\"item\":\"https:\/\/sulsc.com\/\"},{\"@type\":\"ListItem\",\"position\":2,\"name\":\"For\u00e7a-tarefa busca dar acesso e passagem \u00e0s comunidades de Gravatal\"}]},{\"@type\":\"WebSite\",\"@id\":\"https:\/\/sulsc.com\/#website\",\"url\":\"https:\/\/sulsc.com\/\",\"name\":\"\",\"description\":\"\",\"potentialAction\":[{\"@type\":\"SearchAction\",\"target\":{\"@type\":\"EntryPoint\",\"urlTemplate\":\"https:\/\/sulsc.com\/?s={search_term_string}\"},\"query-input\":\"required name=search_term_string\"}],\"inLanguage\":\"en-US\"},{\"@type\":\"Person\",\"@id\":\"https:\/\/sulsc.com\/#\/schema\/person\/84d2fc571684f6248ba83092f07750a3\",\"name\":\"Reda\u00e7\u00e3o Sul SC\",\"image\":{\"@type\":\"ImageObject\",\"inLanguage\":\"en-US\",\"@id\":\"https:\/\/sulsc.com\/#\/schema\/person\/image\/e08d7fe2cc4ed596372063bbe852b8d0\",\"url\":\"https:\/\/sulsc.com\/wp-content\/uploads\/2023\/09\/redacao.png\",\"contentUrl\":\"https:\/\/sulsc.com\/wp-content\/uploads\/2023\/09\/redacao.png\",\"caption\":\"Reda\u00e7\u00e3o Sul SC\"},\"description\":\"Foco em um jornalismo imparcial, voltado \u00e0 qualidade dos seus conte\u00fados e, assim, levar informa\u00e7\u00e3o de valor que agregue \u00e0 vida dos leitores. Esta \u00e9 grande miss\u00e3o do Portal de Not\u00edcias Sul SC. N\u00e3o \u00e9 quantidade que muda o mundo, sempre foi e seguir\u00e1 sendo qualidade!\",\"sameAs\":[\"https:\/\/sulsc.com\/\",\"https:\/\/www.facebook.com\/profile.php?id=61559278119680\",\"https:\/\/www.instagram.com\/sulscportal\/?hl=pt-br\",\"https:\/\/twitter.com\/https:\/\/twitter.com\/PortalSulSC\",\"https:\/\/www.youtube.com\/channel\/UCv_BE8GeySluDov2n8qhVmw\"],\"url\":\"https:\/\/sulsc.com\/index.php\/author\/redacao\/\"}]}<\/script>\n<!-- \/ Yoast SEO plugin. -->","yoast_head_json":{"title":"For\u00e7a-tarefa busca dar acesso e passagem \u00e0s comunidades de Gravatal -","robots":{"index":"index","follow":"follow","max-snippet":"max-snippet:-1","max-image-preview":"max-image-preview:large","max-video-preview":"max-video-preview:-1"},"canonical":"https:\/\/sulsc.com\/index.php\/2023\/11\/08\/forca-tarefa-busca-dar-acesso-e-passagem-as-comunidades-de-gravatal\/","og_locale":"en_US","og_type":"article","og_title":"For\u00e7a-tarefa busca dar acesso e passagem \u00e0s comunidades de Gravatal -","og_description":"Um balan\u00e7o foi divulgado pela esta\u00e7\u00e3o meteorol\u00f3gica da Epagri, localizada na comunidade do Caet\u00e9. Os dados repassados mostram que em outubro, Gravatal, registrou quatro vezes mais chuva do que a esperada para todo o m\u00eas.\u00a0Ao todo, foram mais de 360 mm de chuva. Por conta disso, muitas comunidades sofreram com os estragos em pontes, estradas &hellip; For\u00e7a-tarefa busca dar acesso e passagem \u00e0s comunidades de Gravatal Read More &raquo;","og_url":"https:\/\/sulsc.com\/index.php\/2023\/11\/08\/forca-tarefa-busca-dar-acesso-e-passagem-as-comunidades-de-gravatal\/","article_author":"https:\/\/www.facebook.com\/profile.php?id=61559278119680","article_published_time":"2023-11-08T12:30:59+00:00","article_modified_time":"2023-11-08T10:58:16+00:00","og_image":[{"width":780,"height":585,"url":"https:\/\/sulsc.com\/wp-content\/uploads\/2023\/11\/Forca-tarefa-busca-dar-acesso-e-passagem-as-comunidades-de-Gravatal.jpeg","type":"image\/jpeg"}],"author":"Reda\u00e7\u00e3o Sul SC","twitter_card":"summary_large_image","twitter_creator":"@https:\/\/twitter.com\/PortalSulSC","twitter_misc":{"Written by":"Reda\u00e7\u00e3o Sul SC","Est. reading time":"2 minutes"},"schema":{"@context":"https:\/\/schema.org","@graph":[{"@type":"WebPage","@id":"https:\/\/sulsc.com\/index.php\/2023\/11\/08\/forca-tarefa-busca-dar-acesso-e-passagem-as-comunidades-de-gravatal\/","url":"https:\/\/sulsc.com\/index.php\/2023\/11\/08\/forca-tarefa-busca-dar-acesso-e-passagem-as-comunidades-de-gravatal\/","name":"For\u00e7a-tarefa busca dar acesso e passagem \u00e0s comunidades de Gravatal -","isPartOf":{"@id":"https:\/\/sulsc.com\/#website"},"datePublished":"2023-11-08T12:30:59+00:00","dateModified":"2023-11-08T10:58:16+00:00","author":{"@id":"https:\/\/sulsc.com\/#\/schema\/person\/84d2fc571684f6248ba83092f07750a3"},"breadcrumb":{"@id":"https:\/\/sulsc.com\/index.php\/2023\/11\/08\/forca-tarefa-busca-dar-acesso-e-passagem-as-comunidades-de-gravatal\/#breadcrumb"},"inLanguage":"en-US","potentialAction":[{"@type":"ReadAction","target":["https:\/\/sulsc.com\/index.php\/2023\/11\/08\/forca-tarefa-busca-dar-acesso-e-passagem-as-comunidades-de-gravatal\/"]}]},{"@type":"BreadcrumbList","@id":"https:\/\/sulsc.com\/index.php\/2023\/11\/08\/forca-tarefa-busca-dar-acesso-e-passagem-as-comunidades-de-gravatal\/#breadcrumb","itemListElement":[{"@type":"ListItem","position":1,"name":"In\u00edcio","item":"https:\/\/sulsc.com\/"},{"@type":"ListItem","position":2,"name":"For\u00e7a-tarefa busca dar acesso e passagem \u00e0s comunidades de Gravatal"}]},{"@type":"WebSite","@id":"https:\/\/sulsc.com\/#website","url":"https:\/\/sulsc.com\/","name":"","description":"","potentialAction":[{"@type":"SearchAction","target":{"@type":"EntryPoint","urlTemplate":"https:\/\/sulsc.com\/?s={search_term_string}"},"query-input":"required name=search_term_string"}],"inLanguage":"en-US"},{"@type":"Person","@id":"https:\/\/sulsc.com\/#\/schema\/person\/84d2fc571684f6248ba83092f07750a3","name":"Reda\u00e7\u00e3o Sul SC","image":{"@type":"ImageObject","inLanguage":"en-US","@id":"https:\/\/sulsc.com\/#\/schema\/person\/image\/e08d7fe2cc4ed596372063bbe852b8d0","url":"https:\/\/sulsc.com\/wp-content\/uploads\/2023\/09\/redacao.png","contentUrl":"https:\/\/sulsc.com\/wp-content\/uploads\/2023\/09\/redacao.png","caption":"Reda\u00e7\u00e3o Sul SC"},"description":"Foco em um jornalismo imparcial, voltado \u00e0 qualidade dos seus conte\u00fados e, assim, levar informa\u00e7\u00e3o de valor que agregue \u00e0 vida dos leitores. Esta \u00e9 grande miss\u00e3o do Portal de Not\u00edcias Sul SC. N\u00e3o \u00e9 quantidade que muda o mundo, sempre foi e seguir\u00e1 sendo qualidade!","sameAs":["https:\/\/sulsc.com\/","https:\/\/www.facebook.com\/profile.php?id=61559278119680","https:\/\/www.instagram.com\/sulscportal\/?hl=pt-br","https:\/\/twitter.com\/https:\/\/twitter.com\/PortalSulSC","https:\/\/www.youtube.com\/channel\/UCv_BE8GeySluDov2n8qhVmw"],"url":"https:\/\/sulsc.com\/index.php\/author\/redacao\/"}]}},"authors":[],"_links":{"self":[{"href":"https:\/\/sulsc.com\/index.php\/wp-json\/wp\/v2\/posts\/3520"}],"collection":[{"href":"https:\/\/sulsc.com\/index.php\/wp-json\/wp\/v2\/posts"}],"about":[{"href":"https:\/\/sulsc.com\/index.php\/wp-json\/wp\/v2\/types\/post"}],"author":[{"embeddable":true,"href":"https:\/\/sulsc.com\/index.php\/wp-json\/wp\/v2\/users\/3"}],"replies":[{"embeddable":true,"href":"https:\/\/sulsc.com\/index.php\/wp-json\/wp\/v2\/comments?post=3520"}],"version-history":[{"count":1,"href":"https:\/\/sulsc.com\/index.php\/wp-json\/wp\/v2\/posts\/3520\/revisions"}],"predecessor-version":[{"id":3522,"href":"https:\/\/sulsc.com\/index.php\/wp-json\/wp\/v2\/posts\/3520\/revisions\/3522"}],"wp:featuredmedia":[{"embeddable":true,"href":"https:\/\/sulsc.com\/index.php\/wp-json\/wp\/v2\/media\/3521"}],"wp:attachment":[{"href":"https:\/\/sulsc.com\/index.php\/wp-json\/wp\/v2\/media?parent=3520"}],"wp:term":[{"taxonomy":"category","embeddable":true,"href":"https:\/\/sulsc.com\/index.php\/wp-json\/wp\/v2\/categories?post=3520"},{"taxonomy":"post_tag","embeddable":true,"href":"https:\/\/sulsc.com\/index.php\/wp-json\/wp\/v2\/tags?post=3520"}],"curies":[{"name":"wp","href":"https:\/\/api.w.org\/{rel}","templated":true}]}}