{"id":3526,"date":"2023-11-08T10:30:02","date_gmt":"2023-11-08T13:30:02","guid":{"rendered":"https:\/\/sulsc.com\/?p=3526"},"modified":"2023-11-08T08:37:03","modified_gmt":"2023-11-08T11:37:03","slug":"prefeitura-de-laguna-anuncia-exoneracao-de-secretaria-da-fazenda-e-adjunta-da-saude","status":"publish","type":"post","link":"https:\/\/sulsc.com\/index.php\/2023\/11\/08\/prefeitura-de-laguna-anuncia-exoneracao-de-secretaria-da-fazenda-e-adjunta-da-saude\/","title":{"rendered":"Prefeitura de Laguna anuncia exonera\u00e7\u00e3o de secret\u00e1ria da Fazenda e adjunta da Sa\u00fade"},"content":{"rendered":"<p>A Prefeitura de Laguna divulgou uma nota oficial nesta ter\u00e7a-feira (7) para anunciar a exonera\u00e7\u00e3o de Claudia Nunes Bonnaza, que ocupava o cargo de secret\u00e1ria de Fazenda, Administra\u00e7\u00e3o e Servi\u00e7os P\u00fablicos, e Silvana Vieira, secret\u00e1ria adjunta de Sa\u00fade. Paralelamente, Gabrielle Siqueira da Cunha, secret\u00e1ria de Sa\u00fade, solicitou seu afastamento do cargo, com a promessa de que um novo titular ser\u00e1 nomeado nos pr\u00f3ximos dias, conforme assegurou o prefeito no dia 6.<\/p>\n<p>Tanto Claudia Nunes Bonnaza quanto Silvana Vieira foram mencionadas, juntamente com o prefeito e o vice, em uma den\u00fancia apresentada na C\u00e2mara de Vereadores durante a sess\u00e3o de segunda-feira (6). Ap\u00f3s uma vota\u00e7\u00e3o apertada, a den\u00fancia de infra\u00e7\u00f5es pol\u00edtico-administrativas, incluindo suspeitas de irregularidades na compra de kits de sa\u00fade bucal, foi aceita por 7 votos a 6.<\/p>\n<p><a href=\"https:\/\/sulsc.com\/index.php\/2023\/11\/07\/conheca-o-teor-da-denuncia-apresentada-na-camara-de-vereadores-de-laguna-nesta-segunda-feira-6\/\">O documento de den\u00fancia foi apresentado por Gilberto Mello Pinho, Andr\u00e9 Felipe da Rosa e Peterson Oliveira do Nascimento<\/a>, eleitores que solicitaram a cassa\u00e7\u00e3o do mandato do prefeito e do vice.<\/p>\n<p>A den\u00fancia aponta que a ex-secret\u00e1ria de Fazenda, Administra\u00e7\u00e3o e Servi\u00e7os P\u00fablicos, Claudia Nunes Bonnaza, era a antiga propriet\u00e1ria da Plano A Editora de Livros, que fornecia os kits de higiene bucal. A den\u00fancia afirma que Claudia tamb\u00e9m atuou como pregoeira na licita\u00e7\u00e3o para a compra dos materiais. Silvana Vieira, at\u00e9 ent\u00e3o secret\u00e1ria adjunta de Sa\u00fade, era a respons\u00e1vel pela autoriza\u00e7\u00e3o do processo licitat\u00f3rio.<\/p>\n<p>Al\u00e9m disso, na mesma sess\u00e3o, a C\u00e2mara aprovou um requerimento assinado por nove vereadores para a cria\u00e7\u00e3o de uma Comiss\u00e3o Parlamentar de Inqu\u00e9rito (CPI) destinada a investigar a atua\u00e7\u00e3o da Secretaria Municipal de Sa\u00fade na compra dos kits de higiene bucal. Os vereadores nomeados para compor a CPI s\u00e3o Rodrigo Bento, Edi Goulart e Deise Daiana.<\/p>\n<p><img fetchpriority=\"high\" decoding=\"async\" class=\"alignnone size-full wp-image-3527\" src=\"http:\/\/sulsc.com\/wp-content\/uploads\/2023\/11\/Prefeitura-Laguna.jpg\" alt=\"\" width=\"700\" height=\"467\" srcset=\"https:\/\/sulsc.com\/wp-content\/uploads\/2023\/11\/Prefeitura-Laguna.jpg 700w, https:\/\/sulsc.com\/wp-content\/uploads\/2023\/11\/Prefeitura-Laguna-300x200.jpg 300w\" sizes=\"(max-width: 700px) 100vw, 700px\" \/><\/p>\n<p>Fonte: Hora Hiper<\/p>\n","protected":false},"excerpt":{"rendered":"<p>A Prefeitura de Laguna divulgou uma nota oficial nesta ter\u00e7a-feira (7) para anunciar a exonera\u00e7\u00e3o de Claudia Nunes Bonnaza, que ocupava o cargo de secret\u00e1ria de Fazenda, Administra\u00e7\u00e3o e Servi\u00e7os P\u00fablicos, e Silvana Vieira, secret\u00e1ria adjunta de Sa\u00fade. Paralelamente, Gabrielle Siqueira da Cunha, secret\u00e1ria de Sa\u00fade, solicitou seu afastamento do cargo, com a promessa de &hellip;<\/p>\n<p class=\"read-more\"> <a class=\"\" href=\"https:\/\/sulsc.com\/index.php\/2023\/11\/08\/prefeitura-de-laguna-anuncia-exoneracao-de-secretaria-da-fazenda-e-adjunta-da-saude\/\"> <span class=\"screen-reader-text\">Prefeitura de Laguna anuncia exonera\u00e7\u00e3o de secret\u00e1ria da Fazenda e adjunta da Sa\u00fade<\/span> Read More &raquo;<\/a><\/p>\n","protected":false},"author":3,"featured_media":3527,"comment_status":"open","ping_status":"open","sticky":false,"template":"","format":"standard","meta":{"site-sidebar-layout":"default","site-content-layout":"","ast-site-content-layout":"default","site-content-style":"default","site-sidebar-style":"default","ast-global-header-display":"","ast-banner-title-visibility":"","ast-main-header-display":"","ast-hfb-above-header-display":"","ast-hfb-below-header-display":"","ast-hfb-mobile-header-display":"","site-post-title":"","ast-breadcrumbs-content":"","ast-featured-img":"","footer-sml-layout":"","theme-transparent-header-meta":"default","adv-header-id-meta":"","stick-header-meta":"","header-above-stick-meta":"","header-main-stick-meta":"","header-below-stick-meta":"","astra-migrate-meta-layouts":"set","footnotes":""},"categories":[1],"tags":[],"yoast_head":"<!-- This site is optimized with the Yoast SEO plugin v21.4 - https:\/\/yoast.com\/wordpress\/plugins\/seo\/ -->\n<title>Prefeitura de Laguna anuncia exonera\u00e7\u00e3o de secret\u00e1ria da Fazenda e adjunta da Sa\u00fade -<\/title>\n<meta name=\"robots\" content=\"index, follow, max-snippet:-1, max-image-preview:large, max-video-preview:-1\" \/>\n<link rel=\"canonical\" href=\"https:\/\/sulsc.com\/index.php\/2023\/11\/08\/prefeitura-de-laguna-anuncia-exoneracao-de-secretaria-da-fazenda-e-adjunta-da-saude\/\" \/>\n<meta property=\"og:locale\" content=\"en_US\" \/>\n<meta property=\"og:type\" content=\"article\" \/>\n<meta property=\"og:title\" content=\"Prefeitura de Laguna anuncia exonera\u00e7\u00e3o de secret\u00e1ria da Fazenda e adjunta da Sa\u00fade -\" \/>\n<meta property=\"og:description\" content=\"A Prefeitura de Laguna divulgou uma nota oficial nesta ter\u00e7a-feira (7) para anunciar a exonera\u00e7\u00e3o de Claudia Nunes Bonnaza, que ocupava o cargo de secret\u00e1ria de Fazenda, Administra\u00e7\u00e3o e Servi\u00e7os P\u00fablicos, e Silvana Vieira, secret\u00e1ria adjunta de Sa\u00fade. Paralelamente, Gabrielle Siqueira da Cunha, secret\u00e1ria de Sa\u00fade, solicitou seu afastamento do cargo, com a promessa de &hellip; Prefeitura de Laguna anuncia exonera\u00e7\u00e3o de secret\u00e1ria da Fazenda e adjunta da Sa\u00fade Read More &raquo;\" \/>\n<meta property=\"og:url\" content=\"https:\/\/sulsc.com\/index.php\/2023\/11\/08\/prefeitura-de-laguna-anuncia-exoneracao-de-secretaria-da-fazenda-e-adjunta-da-saude\/\" \/>\n<meta property=\"article:author\" content=\"https:\/\/www.facebook.com\/profile.php?id=61559278119680\" \/>\n<meta property=\"article:published_time\" content=\"2023-11-08T13:30:02+00:00\" \/>\n<meta property=\"article:modified_time\" content=\"2023-11-08T11:37:03+00:00\" \/>\n<meta property=\"og:image\" content=\"https:\/\/sulsc.com\/wp-content\/uploads\/2023\/11\/Prefeitura-Laguna.jpg\" \/>\n\t<meta property=\"og:image:width\" content=\"700\" \/>\n\t<meta property=\"og:image:height\" content=\"467\" \/>\n\t<meta property=\"og:image:type\" content=\"image\/jpeg\" \/>\n<meta name=\"author\" content=\"Reda\u00e7\u00e3o Sul SC\" \/>\n<meta name=\"twitter:card\" content=\"summary_large_image\" \/>\n<meta name=\"twitter:creator\" content=\"@https:\/\/twitter.com\/PortalSulSC\" \/>\n<meta name=\"twitter:label1\" content=\"Written by\" \/>\n\t<meta name=\"twitter:data1\" content=\"Reda\u00e7\u00e3o Sul SC\" \/>\n\t<meta name=\"twitter:label2\" content=\"Est. reading time\" \/>\n\t<meta name=\"twitter:data2\" content=\"2 minutes\" \/>\n<script type=\"application\/ld+json\" class=\"yoast-schema-graph\">{\"@context\":\"https:\/\/schema.org\",\"@graph\":[{\"@type\":\"WebPage\",\"@id\":\"https:\/\/sulsc.com\/index.php\/2023\/11\/08\/prefeitura-de-laguna-anuncia-exoneracao-de-secretaria-da-fazenda-e-adjunta-da-saude\/\",\"url\":\"https:\/\/sulsc.com\/index.php\/2023\/11\/08\/prefeitura-de-laguna-anuncia-exoneracao-de-secretaria-da-fazenda-e-adjunta-da-saude\/\",\"name\":\"Prefeitura de Laguna anuncia exonera\u00e7\u00e3o de secret\u00e1ria da Fazenda e adjunta da Sa\u00fade -\",\"isPartOf\":{\"@id\":\"https:\/\/sulsc.com\/#website\"},\"datePublished\":\"2023-11-08T13:30:02+00:00\",\"dateModified\":\"2023-11-08T11:37:03+00:00\",\"author\":{\"@id\":\"https:\/\/sulsc.com\/#\/schema\/person\/84d2fc571684f6248ba83092f07750a3\"},\"breadcrumb\":{\"@id\":\"https:\/\/sulsc.com\/index.php\/2023\/11\/08\/prefeitura-de-laguna-anuncia-exoneracao-de-secretaria-da-fazenda-e-adjunta-da-saude\/#breadcrumb\"},\"inLanguage\":\"en-US\",\"potentialAction\":[{\"@type\":\"ReadAction\",\"target\":[\"https:\/\/sulsc.com\/index.php\/2023\/11\/08\/prefeitura-de-laguna-anuncia-exoneracao-de-secretaria-da-fazenda-e-adjunta-da-saude\/\"]}]},{\"@type\":\"BreadcrumbList\",\"@id\":\"https:\/\/sulsc.com\/index.php\/2023\/11\/08\/prefeitura-de-laguna-anuncia-exoneracao-de-secretaria-da-fazenda-e-adjunta-da-saude\/#breadcrumb\",\"itemListElement\":[{\"@type\":\"ListItem\",\"position\":1,\"name\":\"In\u00edcio\",\"item\":\"https:\/\/sulsc.com\/\"},{\"@type\":\"ListItem\",\"position\":2,\"name\":\"Prefeitura de Laguna anuncia exonera\u00e7\u00e3o de secret\u00e1ria da Fazenda e adjunta da Sa\u00fade\"}]},{\"@type\":\"WebSite\",\"@id\":\"https:\/\/sulsc.com\/#website\",\"url\":\"https:\/\/sulsc.com\/\",\"name\":\"\",\"description\":\"\",\"potentialAction\":[{\"@type\":\"SearchAction\",\"target\":{\"@type\":\"EntryPoint\",\"urlTemplate\":\"https:\/\/sulsc.com\/?s={search_term_string}\"},\"query-input\":\"required name=search_term_string\"}],\"inLanguage\":\"en-US\"},{\"@type\":\"Person\",\"@id\":\"https:\/\/sulsc.com\/#\/schema\/person\/84d2fc571684f6248ba83092f07750a3\",\"name\":\"Reda\u00e7\u00e3o Sul SC\",\"image\":{\"@type\":\"ImageObject\",\"inLanguage\":\"en-US\",\"@id\":\"https:\/\/sulsc.com\/#\/schema\/person\/image\/e08d7fe2cc4ed596372063bbe852b8d0\",\"url\":\"https:\/\/sulsc.com\/wp-content\/uploads\/2023\/09\/redacao.png\",\"contentUrl\":\"https:\/\/sulsc.com\/wp-content\/uploads\/2023\/09\/redacao.png\",\"caption\":\"Reda\u00e7\u00e3o Sul SC\"},\"description\":\"Foco em um jornalismo imparcial, voltado \u00e0 qualidade dos seus conte\u00fados e, assim, levar informa\u00e7\u00e3o de valor que agregue \u00e0 vida dos leitores. Esta \u00e9 grande miss\u00e3o do Portal de Not\u00edcias Sul SC. N\u00e3o \u00e9 quantidade que muda o mundo, sempre foi e seguir\u00e1 sendo qualidade!\",\"sameAs\":[\"https:\/\/sulsc.com\/\",\"https:\/\/www.facebook.com\/profile.php?id=61559278119680\",\"https:\/\/www.instagram.com\/sulscportal\/?hl=pt-br\",\"https:\/\/twitter.com\/https:\/\/twitter.com\/PortalSulSC\",\"https:\/\/www.youtube.com\/channel\/UCv_BE8GeySluDov2n8qhVmw\"],\"url\":\"https:\/\/sulsc.com\/index.php\/author\/redacao\/\"}]}<\/script>\n<!-- \/ Yoast SEO plugin. -->","yoast_head_json":{"title":"Prefeitura de Laguna anuncia exonera\u00e7\u00e3o de secret\u00e1ria da Fazenda e adjunta da Sa\u00fade -","robots":{"index":"index","follow":"follow","max-snippet":"max-snippet:-1","max-image-preview":"max-image-preview:large","max-video-preview":"max-video-preview:-1"},"canonical":"https:\/\/sulsc.com\/index.php\/2023\/11\/08\/prefeitura-de-laguna-anuncia-exoneracao-de-secretaria-da-fazenda-e-adjunta-da-saude\/","og_locale":"en_US","og_type":"article","og_title":"Prefeitura de Laguna anuncia exonera\u00e7\u00e3o de secret\u00e1ria da Fazenda e adjunta da Sa\u00fade -","og_description":"A Prefeitura de Laguna divulgou uma nota oficial nesta ter\u00e7a-feira (7) para anunciar a exonera\u00e7\u00e3o de Claudia Nunes Bonnaza, que ocupava o cargo de secret\u00e1ria de Fazenda, Administra\u00e7\u00e3o e Servi\u00e7os P\u00fablicos, e Silvana Vieira, secret\u00e1ria adjunta de Sa\u00fade. Paralelamente, Gabrielle Siqueira da Cunha, secret\u00e1ria de Sa\u00fade, solicitou seu afastamento do cargo, com a promessa de &hellip; Prefeitura de Laguna anuncia exonera\u00e7\u00e3o de secret\u00e1ria da Fazenda e adjunta da Sa\u00fade Read More &raquo;","og_url":"https:\/\/sulsc.com\/index.php\/2023\/11\/08\/prefeitura-de-laguna-anuncia-exoneracao-de-secretaria-da-fazenda-e-adjunta-da-saude\/","article_author":"https:\/\/www.facebook.com\/profile.php?id=61559278119680","article_published_time":"2023-11-08T13:30:02+00:00","article_modified_time":"2023-11-08T11:37:03+00:00","og_image":[{"width":700,"height":467,"url":"https:\/\/sulsc.com\/wp-content\/uploads\/2023\/11\/Prefeitura-Laguna.jpg","type":"image\/jpeg"}],"author":"Reda\u00e7\u00e3o Sul SC","twitter_card":"summary_large_image","twitter_creator":"@https:\/\/twitter.com\/PortalSulSC","twitter_misc":{"Written by":"Reda\u00e7\u00e3o Sul SC","Est. reading time":"2 minutes"},"schema":{"@context":"https:\/\/schema.org","@graph":[{"@type":"WebPage","@id":"https:\/\/sulsc.com\/index.php\/2023\/11\/08\/prefeitura-de-laguna-anuncia-exoneracao-de-secretaria-da-fazenda-e-adjunta-da-saude\/","url":"https:\/\/sulsc.com\/index.php\/2023\/11\/08\/prefeitura-de-laguna-anuncia-exoneracao-de-secretaria-da-fazenda-e-adjunta-da-saude\/","name":"Prefeitura de Laguna anuncia exonera\u00e7\u00e3o de secret\u00e1ria da Fazenda e adjunta da Sa\u00fade -","isPartOf":{"@id":"https:\/\/sulsc.com\/#website"},"datePublished":"2023-11-08T13:30:02+00:00","dateModified":"2023-11-08T11:37:03+00:00","author":{"@id":"https:\/\/sulsc.com\/#\/schema\/person\/84d2fc571684f6248ba83092f07750a3"},"breadcrumb":{"@id":"https:\/\/sulsc.com\/index.php\/2023\/11\/08\/prefeitura-de-laguna-anuncia-exoneracao-de-secretaria-da-fazenda-e-adjunta-da-saude\/#breadcrumb"},"inLanguage":"en-US","potentialAction":[{"@type":"ReadAction","target":["https:\/\/sulsc.com\/index.php\/2023\/11\/08\/prefeitura-de-laguna-anuncia-exoneracao-de-secretaria-da-fazenda-e-adjunta-da-saude\/"]}]},{"@type":"BreadcrumbList","@id":"https:\/\/sulsc.com\/index.php\/2023\/11\/08\/prefeitura-de-laguna-anuncia-exoneracao-de-secretaria-da-fazenda-e-adjunta-da-saude\/#breadcrumb","itemListElement":[{"@type":"ListItem","position":1,"name":"In\u00edcio","item":"https:\/\/sulsc.com\/"},{"@type":"ListItem","position":2,"name":"Prefeitura de Laguna anuncia exonera\u00e7\u00e3o de secret\u00e1ria da Fazenda e adjunta da Sa\u00fade"}]},{"@type":"WebSite","@id":"https:\/\/sulsc.com\/#website","url":"https:\/\/sulsc.com\/","name":"","description":"","potentialAction":[{"@type":"SearchAction","target":{"@type":"EntryPoint","urlTemplate":"https:\/\/sulsc.com\/?s={search_term_string}"},"query-input":"required name=search_term_string"}],"inLanguage":"en-US"},{"@type":"Person","@id":"https:\/\/sulsc.com\/#\/schema\/person\/84d2fc571684f6248ba83092f07750a3","name":"Reda\u00e7\u00e3o Sul SC","image":{"@type":"ImageObject","inLanguage":"en-US","@id":"https:\/\/sulsc.com\/#\/schema\/person\/image\/e08d7fe2cc4ed596372063bbe852b8d0","url":"https:\/\/sulsc.com\/wp-content\/uploads\/2023\/09\/redacao.png","contentUrl":"https:\/\/sulsc.com\/wp-content\/uploads\/2023\/09\/redacao.png","caption":"Reda\u00e7\u00e3o Sul SC"},"description":"Foco em um jornalismo imparcial, voltado \u00e0 qualidade dos seus conte\u00fados e, assim, levar informa\u00e7\u00e3o de valor que agregue \u00e0 vida dos leitores. Esta \u00e9 grande miss\u00e3o do Portal de Not\u00edcias Sul SC. N\u00e3o \u00e9 quantidade que muda o mundo, sempre foi e seguir\u00e1 sendo qualidade!","sameAs":["https:\/\/sulsc.com\/","https:\/\/www.facebook.com\/profile.php?id=61559278119680","https:\/\/www.instagram.com\/sulscportal\/?hl=pt-br","https:\/\/twitter.com\/https:\/\/twitter.com\/PortalSulSC","https:\/\/www.youtube.com\/channel\/UCv_BE8GeySluDov2n8qhVmw"],"url":"https:\/\/sulsc.com\/index.php\/author\/redacao\/"}]}},"authors":[],"_links":{"self":[{"href":"https:\/\/sulsc.com\/index.php\/wp-json\/wp\/v2\/posts\/3526"}],"collection":[{"href":"https:\/\/sulsc.com\/index.php\/wp-json\/wp\/v2\/posts"}],"about":[{"href":"https:\/\/sulsc.com\/index.php\/wp-json\/wp\/v2\/types\/post"}],"author":[{"embeddable":true,"href":"https:\/\/sulsc.com\/index.php\/wp-json\/wp\/v2\/users\/3"}],"replies":[{"embeddable":true,"href":"https:\/\/sulsc.com\/index.php\/wp-json\/wp\/v2\/comments?post=3526"}],"version-history":[{"count":1,"href":"https:\/\/sulsc.com\/index.php\/wp-json\/wp\/v2\/posts\/3526\/revisions"}],"predecessor-version":[{"id":3528,"href":"https:\/\/sulsc.com\/index.php\/wp-json\/wp\/v2\/posts\/3526\/revisions\/3528"}],"wp:featuredmedia":[{"embeddable":true,"href":"https:\/\/sulsc.com\/index.php\/wp-json\/wp\/v2\/media\/3527"}],"wp:attachment":[{"href":"https:\/\/sulsc.com\/index.php\/wp-json\/wp\/v2\/media?parent=3526"}],"wp:term":[{"taxonomy":"category","embeddable":true,"href":"https:\/\/sulsc.com\/index.php\/wp-json\/wp\/v2\/categories?post=3526"},{"taxonomy":"post_tag","embeddable":true,"href":"https:\/\/sulsc.com\/index.php\/wp-json\/wp\/v2\/tags?post=3526"}],"curies":[{"name":"wp","href":"https:\/\/api.w.org\/{rel}","templated":true}]}}