{"id":3551,"date":"2023-11-09T07:30:14","date_gmt":"2023-11-09T10:30:14","guid":{"rendered":"https:\/\/sulsc.com\/?p=3551"},"modified":"2023-11-09T07:42:38","modified_gmt":"2023-11-09T10:42:38","slug":"instabilidades-avancam-e-deve-atingir-sc-na-forma-de-pancadas-de-chuva-e-temporais-nesta-quinta-feira-9","status":"publish","type":"post","link":"https:\/\/sulsc.com\/index.php\/2023\/11\/09\/instabilidades-avancam-e-deve-atingir-sc-na-forma-de-pancadas-de-chuva-e-temporais-nesta-quinta-feira-9\/","title":{"rendered":"Instabilidades avan\u00e7am e deve atingir SC na forma de pancadas de chuva e temporais nesta quinta-feira (9)"},"content":{"rendered":"<p>A quinta-feira (9) amanhece com chuvas nas regi\u00f5es pr\u00f3ximas \u00e0 divisa com o Rio Grande do Sul. As instabilidades avan\u00e7am aos poucos para as demais \u00e1reas e deve atingir todo o estado catarinense, podendo aparecer na forma de pancadas de chuva e temporais, com raios, rajadas de vento e eventual queda de granizo.<\/p>\n<p>O risco \u00e9 moderado a alto para ocorr\u00eancias como destelhamentos, danos na rede el\u00e9trica, queda de galhos e \u00e1rvores e alagamentos pontuais. Estas chuvas s\u00e3o provocadas pela presen\u00e7a de uma frente fria no oceano, que ajuda a canalizar o calor e a umidade da regi\u00e3o norte do pa\u00eds para Santa Catarina.<\/p>\n<p>As temperaturas m\u00e1ximas ficam na casa dos 26\u00b0C no Extremo Oeste, por volta dos 24\u00b0C entre o Meio Oeste e Planalto Sul, e entre 25\u00b0C e 31\u00b0C no norte do estado, Vale do Itaja\u00ed e Grande Florian\u00f3polis.<\/p>\n<p><img fetchpriority=\"high\" decoding=\"async\" class=\"alignnone size-full wp-image-3552\" src=\"http:\/\/sulsc.com\/wp-content\/uploads\/2023\/11\/tempo-quinta.png\" alt=\"\" width=\"882\" height=\"598\" srcset=\"https:\/\/sulsc.com\/wp-content\/uploads\/2023\/11\/tempo-quinta.png 882w, https:\/\/sulsc.com\/wp-content\/uploads\/2023\/11\/tempo-quinta-300x203.png 300w, https:\/\/sulsc.com\/wp-content\/uploads\/2023\/11\/tempo-quinta-768x521.png 768w\" sizes=\"(max-width: 882px) 100vw, 882px\" \/><\/p>\n<p>&nbsp;<\/p>\n<p>Fonte: Defesa Civil<\/p>\n","protected":false},"excerpt":{"rendered":"<p>A quinta-feira (9) amanhece com chuvas nas regi\u00f5es pr\u00f3ximas \u00e0 divisa com o Rio Grande do Sul. As instabilidades avan\u00e7am aos poucos para as demais \u00e1reas e deve atingir todo o estado catarinense, podendo aparecer na forma de pancadas de chuva e temporais, com raios, rajadas de vento e eventual queda de granizo. O risco &hellip;<\/p>\n<p class=\"read-more\"> <a class=\"\" href=\"https:\/\/sulsc.com\/index.php\/2023\/11\/09\/instabilidades-avancam-e-deve-atingir-sc-na-forma-de-pancadas-de-chuva-e-temporais-nesta-quinta-feira-9\/\"> <span class=\"screen-reader-text\">Instabilidades avan\u00e7am e deve atingir SC na forma de pancadas de chuva e temporais nesta quinta-feira (9)<\/span> Read More &raquo;<\/a><\/p>\n","protected":false},"author":3,"featured_media":1705,"comment_status":"open","ping_status":"open","sticky":false,"template":"","format":"standard","meta":{"site-sidebar-layout":"default","site-content-layout":"","ast-site-content-layout":"default","site-content-style":"default","site-sidebar-style":"default","ast-global-header-display":"","ast-banner-title-visibility":"","ast-main-header-display":"","ast-hfb-above-header-display":"","ast-hfb-below-header-display":"","ast-hfb-mobile-header-display":"","site-post-title":"","ast-breadcrumbs-content":"","ast-featured-img":"","footer-sml-layout":"","theme-transparent-header-meta":"default","adv-header-id-meta":"","stick-header-meta":"","header-above-stick-meta":"","header-main-stick-meta":"","header-below-stick-meta":"","astra-migrate-meta-layouts":"set","footnotes":""},"categories":[38],"tags":[],"yoast_head":"<!-- This site is optimized with the Yoast SEO plugin v21.4 - https:\/\/yoast.com\/wordpress\/plugins\/seo\/ -->\n<title>Instabilidades avan\u00e7am e deve atingir SC na forma de pancadas de chuva e temporais nesta quinta-feira (9) -<\/title>\n<meta name=\"robots\" content=\"index, follow, max-snippet:-1, max-image-preview:large, max-video-preview:-1\" \/>\n<link rel=\"canonical\" href=\"https:\/\/sulsc.com\/index.php\/2023\/11\/09\/instabilidades-avancam-e-deve-atingir-sc-na-forma-de-pancadas-de-chuva-e-temporais-nesta-quinta-feira-9\/\" \/>\n<meta property=\"og:locale\" content=\"en_US\" \/>\n<meta property=\"og:type\" content=\"article\" \/>\n<meta property=\"og:title\" content=\"Instabilidades avan\u00e7am e deve atingir SC na forma de pancadas de chuva e temporais nesta quinta-feira (9) -\" \/>\n<meta property=\"og:description\" content=\"A quinta-feira (9) amanhece com chuvas nas regi\u00f5es pr\u00f3ximas \u00e0 divisa com o Rio Grande do Sul. As instabilidades avan\u00e7am aos poucos para as demais \u00e1reas e deve atingir todo o estado catarinense, podendo aparecer na forma de pancadas de chuva e temporais, com raios, rajadas de vento e eventual queda de granizo. O risco &hellip; Instabilidades avan\u00e7am e deve atingir SC na forma de pancadas de chuva e temporais nesta quinta-feira (9) Read More &raquo;\" \/>\n<meta property=\"og:url\" content=\"https:\/\/sulsc.com\/index.php\/2023\/11\/09\/instabilidades-avancam-e-deve-atingir-sc-na-forma-de-pancadas-de-chuva-e-temporais-nesta-quinta-feira-9\/\" \/>\n<meta property=\"article:author\" content=\"https:\/\/www.facebook.com\/profile.php?id=61559278119680\" \/>\n<meta property=\"article:published_time\" content=\"2023-11-09T10:30:14+00:00\" \/>\n<meta property=\"article:modified_time\" content=\"2023-11-09T10:42:38+00:00\" \/>\n<meta property=\"og:image\" content=\"http:\/\/sulsc.com\/wp-content\/uploads\/2023\/10\/chuva_tempestade.jpg\" \/>\n\t<meta property=\"og:image:width\" content=\"620\" \/>\n\t<meta property=\"og:image:height\" content=\"390\" \/>\n\t<meta property=\"og:image:type\" content=\"image\/jpeg\" \/>\n<meta name=\"author\" content=\"Reda\u00e7\u00e3o Sul SC\" \/>\n<meta name=\"twitter:card\" content=\"summary_large_image\" \/>\n<meta name=\"twitter:creator\" content=\"@https:\/\/twitter.com\/PortalSulSC\" \/>\n<meta name=\"twitter:label1\" content=\"Written by\" \/>\n\t<meta name=\"twitter:data1\" content=\"Reda\u00e7\u00e3o Sul SC\" \/>\n\t<meta name=\"twitter:label2\" content=\"Est. reading time\" \/>\n\t<meta name=\"twitter:data2\" content=\"1 minute\" \/>\n<script type=\"application\/ld+json\" class=\"yoast-schema-graph\">{\"@context\":\"https:\/\/schema.org\",\"@graph\":[{\"@type\":\"WebPage\",\"@id\":\"https:\/\/sulsc.com\/index.php\/2023\/11\/09\/instabilidades-avancam-e-deve-atingir-sc-na-forma-de-pancadas-de-chuva-e-temporais-nesta-quinta-feira-9\/\",\"url\":\"https:\/\/sulsc.com\/index.php\/2023\/11\/09\/instabilidades-avancam-e-deve-atingir-sc-na-forma-de-pancadas-de-chuva-e-temporais-nesta-quinta-feira-9\/\",\"name\":\"Instabilidades avan\u00e7am e deve atingir SC na forma de pancadas de chuva e temporais nesta quinta-feira (9) -\",\"isPartOf\":{\"@id\":\"https:\/\/sulsc.com\/#website\"},\"datePublished\":\"2023-11-09T10:30:14+00:00\",\"dateModified\":\"2023-11-09T10:42:38+00:00\",\"author\":{\"@id\":\"https:\/\/sulsc.com\/#\/schema\/person\/84d2fc571684f6248ba83092f07750a3\"},\"breadcrumb\":{\"@id\":\"https:\/\/sulsc.com\/index.php\/2023\/11\/09\/instabilidades-avancam-e-deve-atingir-sc-na-forma-de-pancadas-de-chuva-e-temporais-nesta-quinta-feira-9\/#breadcrumb\"},\"inLanguage\":\"en-US\",\"potentialAction\":[{\"@type\":\"ReadAction\",\"target\":[\"https:\/\/sulsc.com\/index.php\/2023\/11\/09\/instabilidades-avancam-e-deve-atingir-sc-na-forma-de-pancadas-de-chuva-e-temporais-nesta-quinta-feira-9\/\"]}]},{\"@type\":\"BreadcrumbList\",\"@id\":\"https:\/\/sulsc.com\/index.php\/2023\/11\/09\/instabilidades-avancam-e-deve-atingir-sc-na-forma-de-pancadas-de-chuva-e-temporais-nesta-quinta-feira-9\/#breadcrumb\",\"itemListElement\":[{\"@type\":\"ListItem\",\"position\":1,\"name\":\"In\u00edcio\",\"item\":\"https:\/\/sulsc.com\/\"},{\"@type\":\"ListItem\",\"position\":2,\"name\":\"Instabilidades avan\u00e7am e deve atingir SC na forma de pancadas de chuva e temporais nesta quinta-feira (9)\"}]},{\"@type\":\"WebSite\",\"@id\":\"https:\/\/sulsc.com\/#website\",\"url\":\"https:\/\/sulsc.com\/\",\"name\":\"\",\"description\":\"\",\"potentialAction\":[{\"@type\":\"SearchAction\",\"target\":{\"@type\":\"EntryPoint\",\"urlTemplate\":\"https:\/\/sulsc.com\/?s={search_term_string}\"},\"query-input\":\"required name=search_term_string\"}],\"inLanguage\":\"en-US\"},{\"@type\":\"Person\",\"@id\":\"https:\/\/sulsc.com\/#\/schema\/person\/84d2fc571684f6248ba83092f07750a3\",\"name\":\"Reda\u00e7\u00e3o Sul SC\",\"image\":{\"@type\":\"ImageObject\",\"inLanguage\":\"en-US\",\"@id\":\"https:\/\/sulsc.com\/#\/schema\/person\/image\/e08d7fe2cc4ed596372063bbe852b8d0\",\"url\":\"https:\/\/sulsc.com\/wp-content\/uploads\/2023\/09\/redacao.png\",\"contentUrl\":\"https:\/\/sulsc.com\/wp-content\/uploads\/2023\/09\/redacao.png\",\"caption\":\"Reda\u00e7\u00e3o Sul SC\"},\"description\":\"Foco em um jornalismo imparcial, voltado \u00e0 qualidade dos seus conte\u00fados e, assim, levar informa\u00e7\u00e3o de valor que agregue \u00e0 vida dos leitores. Esta \u00e9 grande miss\u00e3o do Portal de Not\u00edcias Sul SC. N\u00e3o \u00e9 quantidade que muda o mundo, sempre foi e seguir\u00e1 sendo qualidade!\",\"sameAs\":[\"https:\/\/sulsc.com\/\",\"https:\/\/www.facebook.com\/profile.php?id=61559278119680\",\"https:\/\/www.instagram.com\/sulscportal\/?hl=pt-br\",\"https:\/\/twitter.com\/https:\/\/twitter.com\/PortalSulSC\",\"https:\/\/www.youtube.com\/channel\/UCv_BE8GeySluDov2n8qhVmw\"],\"url\":\"https:\/\/sulsc.com\/index.php\/author\/redacao\/\"}]}<\/script>\n<!-- \/ Yoast SEO plugin. -->","yoast_head_json":{"title":"Instabilidades avan\u00e7am e deve atingir SC na forma de pancadas de chuva e temporais nesta quinta-feira (9) -","robots":{"index":"index","follow":"follow","max-snippet":"max-snippet:-1","max-image-preview":"max-image-preview:large","max-video-preview":"max-video-preview:-1"},"canonical":"https:\/\/sulsc.com\/index.php\/2023\/11\/09\/instabilidades-avancam-e-deve-atingir-sc-na-forma-de-pancadas-de-chuva-e-temporais-nesta-quinta-feira-9\/","og_locale":"en_US","og_type":"article","og_title":"Instabilidades avan\u00e7am e deve atingir SC na forma de pancadas de chuva e temporais nesta quinta-feira (9) -","og_description":"A quinta-feira (9) amanhece com chuvas nas regi\u00f5es pr\u00f3ximas \u00e0 divisa com o Rio Grande do Sul. As instabilidades avan\u00e7am aos poucos para as demais \u00e1reas e deve atingir todo o estado catarinense, podendo aparecer na forma de pancadas de chuva e temporais, com raios, rajadas de vento e eventual queda de granizo. O risco &hellip; Instabilidades avan\u00e7am e deve atingir SC na forma de pancadas de chuva e temporais nesta quinta-feira (9) Read More &raquo;","og_url":"https:\/\/sulsc.com\/index.php\/2023\/11\/09\/instabilidades-avancam-e-deve-atingir-sc-na-forma-de-pancadas-de-chuva-e-temporais-nesta-quinta-feira-9\/","article_author":"https:\/\/www.facebook.com\/profile.php?id=61559278119680","article_published_time":"2023-11-09T10:30:14+00:00","article_modified_time":"2023-11-09T10:42:38+00:00","og_image":[{"width":620,"height":390,"url":"http:\/\/sulsc.com\/wp-content\/uploads\/2023\/10\/chuva_tempestade.jpg","type":"image\/jpeg"}],"author":"Reda\u00e7\u00e3o Sul SC","twitter_card":"summary_large_image","twitter_creator":"@https:\/\/twitter.com\/PortalSulSC","twitter_misc":{"Written by":"Reda\u00e7\u00e3o Sul SC","Est. reading time":"1 minute"},"schema":{"@context":"https:\/\/schema.org","@graph":[{"@type":"WebPage","@id":"https:\/\/sulsc.com\/index.php\/2023\/11\/09\/instabilidades-avancam-e-deve-atingir-sc-na-forma-de-pancadas-de-chuva-e-temporais-nesta-quinta-feira-9\/","url":"https:\/\/sulsc.com\/index.php\/2023\/11\/09\/instabilidades-avancam-e-deve-atingir-sc-na-forma-de-pancadas-de-chuva-e-temporais-nesta-quinta-feira-9\/","name":"Instabilidades avan\u00e7am e deve atingir SC na forma de pancadas de chuva e temporais nesta quinta-feira (9) -","isPartOf":{"@id":"https:\/\/sulsc.com\/#website"},"datePublished":"2023-11-09T10:30:14+00:00","dateModified":"2023-11-09T10:42:38+00:00","author":{"@id":"https:\/\/sulsc.com\/#\/schema\/person\/84d2fc571684f6248ba83092f07750a3"},"breadcrumb":{"@id":"https:\/\/sulsc.com\/index.php\/2023\/11\/09\/instabilidades-avancam-e-deve-atingir-sc-na-forma-de-pancadas-de-chuva-e-temporais-nesta-quinta-feira-9\/#breadcrumb"},"inLanguage":"en-US","potentialAction":[{"@type":"ReadAction","target":["https:\/\/sulsc.com\/index.php\/2023\/11\/09\/instabilidades-avancam-e-deve-atingir-sc-na-forma-de-pancadas-de-chuva-e-temporais-nesta-quinta-feira-9\/"]}]},{"@type":"BreadcrumbList","@id":"https:\/\/sulsc.com\/index.php\/2023\/11\/09\/instabilidades-avancam-e-deve-atingir-sc-na-forma-de-pancadas-de-chuva-e-temporais-nesta-quinta-feira-9\/#breadcrumb","itemListElement":[{"@type":"ListItem","position":1,"name":"In\u00edcio","item":"https:\/\/sulsc.com\/"},{"@type":"ListItem","position":2,"name":"Instabilidades avan\u00e7am e deve atingir SC na forma de pancadas de chuva e temporais nesta quinta-feira (9)"}]},{"@type":"WebSite","@id":"https:\/\/sulsc.com\/#website","url":"https:\/\/sulsc.com\/","name":"","description":"","potentialAction":[{"@type":"SearchAction","target":{"@type":"EntryPoint","urlTemplate":"https:\/\/sulsc.com\/?s={search_term_string}"},"query-input":"required name=search_term_string"}],"inLanguage":"en-US"},{"@type":"Person","@id":"https:\/\/sulsc.com\/#\/schema\/person\/84d2fc571684f6248ba83092f07750a3","name":"Reda\u00e7\u00e3o Sul SC","image":{"@type":"ImageObject","inLanguage":"en-US","@id":"https:\/\/sulsc.com\/#\/schema\/person\/image\/e08d7fe2cc4ed596372063bbe852b8d0","url":"https:\/\/sulsc.com\/wp-content\/uploads\/2023\/09\/redacao.png","contentUrl":"https:\/\/sulsc.com\/wp-content\/uploads\/2023\/09\/redacao.png","caption":"Reda\u00e7\u00e3o Sul SC"},"description":"Foco em um jornalismo imparcial, voltado \u00e0 qualidade dos seus conte\u00fados e, assim, levar informa\u00e7\u00e3o de valor que agregue \u00e0 vida dos leitores. Esta \u00e9 grande miss\u00e3o do Portal de Not\u00edcias Sul SC. N\u00e3o \u00e9 quantidade que muda o mundo, sempre foi e seguir\u00e1 sendo qualidade!","sameAs":["https:\/\/sulsc.com\/","https:\/\/www.facebook.com\/profile.php?id=61559278119680","https:\/\/www.instagram.com\/sulscportal\/?hl=pt-br","https:\/\/twitter.com\/https:\/\/twitter.com\/PortalSulSC","https:\/\/www.youtube.com\/channel\/UCv_BE8GeySluDov2n8qhVmw"],"url":"https:\/\/sulsc.com\/index.php\/author\/redacao\/"}]}},"authors":[],"_links":{"self":[{"href":"https:\/\/sulsc.com\/index.php\/wp-json\/wp\/v2\/posts\/3551"}],"collection":[{"href":"https:\/\/sulsc.com\/index.php\/wp-json\/wp\/v2\/posts"}],"about":[{"href":"https:\/\/sulsc.com\/index.php\/wp-json\/wp\/v2\/types\/post"}],"author":[{"embeddable":true,"href":"https:\/\/sulsc.com\/index.php\/wp-json\/wp\/v2\/users\/3"}],"replies":[{"embeddable":true,"href":"https:\/\/sulsc.com\/index.php\/wp-json\/wp\/v2\/comments?post=3551"}],"version-history":[{"count":1,"href":"https:\/\/sulsc.com\/index.php\/wp-json\/wp\/v2\/posts\/3551\/revisions"}],"predecessor-version":[{"id":3553,"href":"https:\/\/sulsc.com\/index.php\/wp-json\/wp\/v2\/posts\/3551\/revisions\/3553"}],"wp:featuredmedia":[{"embeddable":true,"href":"https:\/\/sulsc.com\/index.php\/wp-json\/wp\/v2\/media\/1705"}],"wp:attachment":[{"href":"https:\/\/sulsc.com\/index.php\/wp-json\/wp\/v2\/media?parent=3551"}],"wp:term":[{"taxonomy":"category","embeddable":true,"href":"https:\/\/sulsc.com\/index.php\/wp-json\/wp\/v2\/categories?post=3551"},{"taxonomy":"post_tag","embeddable":true,"href":"https:\/\/sulsc.com\/index.php\/wp-json\/wp\/v2\/tags?post=3551"}],"curies":[{"name":"wp","href":"https:\/\/api.w.org\/{rel}","templated":true}]}}