{"id":3558,"date":"2023-11-09T08:30:19","date_gmt":"2023-11-09T11:30:19","guid":{"rendered":"https:\/\/sulsc.com\/?p=3558"},"modified":"2023-11-09T08:49:19","modified_gmt":"2023-11-09T11:49:19","slug":"dois-veiculos-sao-recuperados-nesta-quarta-feira-8","status":"publish","type":"post","link":"https:\/\/sulsc.com\/index.php\/2023\/11\/09\/dois-veiculos-sao-recuperados-nesta-quarta-feira-8\/","title":{"rendered":"Dois ve\u00edculos s\u00e3o recuperados nesta quarta-feira (8)"},"content":{"rendered":"<p>Dois ve\u00edculos foram recuperados pela Policia Militar nesta quarta-feira (8), um em Garopaba e o outro em Laguna. Em ambos os casos a PM foi acionada via Central Regional de Emerg\u00eancias.<\/p>\n<p>A primeira a\u00e7\u00e3o ocorreu por volta das 9h10 no bairro Ressacada, em Garopaba. A guarni\u00e7\u00e3o recebeu a informa\u00e7\u00e3o de que <span style=\"font-size: 16px;\">de uma motocicleta estaria em uma \u00e1rea de mata pr\u00f3ximo ao loteamento do IFSC (apenas refer\u00eancia). Realizado buscas no local, os policiais encontraram a moto que, pelas caracter\u00edsticas, se tratava de uma Honda CG 150, Titan KS, que foi furtada na madrugada do mesmo dia. Ela foi localizada sem a placa de identifica\u00e7\u00e3o e com diversas avarias.<\/span><\/p>\n<p>J\u00e1 o segundo ve\u00edculo recuperado, foi encontrado na faixa de areia da Praia do Cardoso, em Laguna, por volta das 12h. A guarni\u00e7\u00e3o teve o conhecimento por meio de grupo de whatsApp, que um ve\u00edculo estaria abandonado, aberto e com a chave na igni\u00e7\u00e3o. No local foi constatado que o ve\u00edculo VW Saveiro CL estava com registro de furto\/roubo.<\/p>\n<p>Em ambos os casos foram confeccionados boletins de ocorr\u00eancia policial.<\/p>\n<p><img fetchpriority=\"high\" decoding=\"async\" class=\"alignnone size-large wp-image-2204\" src=\"http:\/\/sulsc.com\/wp-content\/uploads\/2023\/10\/giroflex-1024x526.webp\" alt=\"\" width=\"1024\" height=\"526\" srcset=\"https:\/\/sulsc.com\/wp-content\/uploads\/2023\/10\/giroflex-1024x526.webp 1024w, https:\/\/sulsc.com\/wp-content\/uploads\/2023\/10\/giroflex-300x154.webp 300w, https:\/\/sulsc.com\/wp-content\/uploads\/2023\/10\/giroflex-768x394.webp 768w, https:\/\/sulsc.com\/wp-content\/uploads\/2023\/10\/giroflex.webp 1130w\" sizes=\"(max-width: 1024px) 100vw, 1024px\" \/><\/p>\n","protected":false},"excerpt":{"rendered":"<p>Dois ve\u00edculos foram recuperados pela Policia Militar nesta quarta-feira (8), um em Garopaba e o outro em Laguna. Em ambos os casos a PM foi acionada via Central Regional de Emerg\u00eancias. A primeira a\u00e7\u00e3o ocorreu por volta das 9h10 no bairro Ressacada, em Garopaba. A guarni\u00e7\u00e3o recebeu a informa\u00e7\u00e3o de que de uma motocicleta estaria &hellip;<\/p>\n<p class=\"read-more\"> <a class=\"\" href=\"https:\/\/sulsc.com\/index.php\/2023\/11\/09\/dois-veiculos-sao-recuperados-nesta-quarta-feira-8\/\"> <span class=\"screen-reader-text\">Dois ve\u00edculos s\u00e3o recuperados nesta quarta-feira (8)<\/span> Read More &raquo;<\/a><\/p>\n","protected":false},"author":3,"featured_media":1651,"comment_status":"open","ping_status":"open","sticky":false,"template":"","format":"standard","meta":{"site-sidebar-layout":"default","site-content-layout":"","ast-site-content-layout":"default","site-content-style":"default","site-sidebar-style":"default","ast-global-header-display":"","ast-banner-title-visibility":"","ast-main-header-display":"","ast-hfb-above-header-display":"","ast-hfb-below-header-display":"","ast-hfb-mobile-header-display":"","site-post-title":"","ast-breadcrumbs-content":"","ast-featured-img":"","footer-sml-layout":"","theme-transparent-header-meta":"default","adv-header-id-meta":"","stick-header-meta":"","header-above-stick-meta":"","header-main-stick-meta":"","header-below-stick-meta":"","astra-migrate-meta-layouts":"set","footnotes":""},"categories":[22,8],"tags":[],"yoast_head":"<!-- This site is optimized with the Yoast SEO plugin v21.4 - https:\/\/yoast.com\/wordpress\/plugins\/seo\/ -->\n<title>Dois ve\u00edculos s\u00e3o recuperados nesta quarta-feira (8) -<\/title>\n<meta name=\"robots\" content=\"index, follow, max-snippet:-1, max-image-preview:large, max-video-preview:-1\" \/>\n<link rel=\"canonical\" href=\"https:\/\/sulsc.com\/index.php\/2023\/11\/09\/dois-veiculos-sao-recuperados-nesta-quarta-feira-8\/\" \/>\n<meta property=\"og:locale\" content=\"en_US\" \/>\n<meta property=\"og:type\" content=\"article\" \/>\n<meta property=\"og:title\" content=\"Dois ve\u00edculos s\u00e3o recuperados nesta quarta-feira (8) -\" \/>\n<meta property=\"og:description\" content=\"Dois ve\u00edculos foram recuperados pela Policia Militar nesta quarta-feira (8), um em Garopaba e o outro em Laguna. Em ambos os casos a PM foi acionada via Central Regional de Emerg\u00eancias. A primeira a\u00e7\u00e3o ocorreu por volta das 9h10 no bairro Ressacada, em Garopaba. A guarni\u00e7\u00e3o recebeu a informa\u00e7\u00e3o de que de uma motocicleta estaria &hellip; Dois ve\u00edculos s\u00e3o recuperados nesta quarta-feira (8) Read More &raquo;\" \/>\n<meta property=\"og:url\" content=\"https:\/\/sulsc.com\/index.php\/2023\/11\/09\/dois-veiculos-sao-recuperados-nesta-quarta-feira-8\/\" \/>\n<meta property=\"article:author\" content=\"https:\/\/www.facebook.com\/profile.php?id=61559278119680\" \/>\n<meta property=\"article:published_time\" content=\"2023-11-09T11:30:19+00:00\" \/>\n<meta property=\"article:modified_time\" content=\"2023-11-09T11:49:19+00:00\" \/>\n<meta property=\"og:image\" content=\"http:\/\/sulsc.com\/wp-content\/uploads\/2023\/10\/giroflex-2.jpg\" \/>\n\t<meta property=\"og:image:width\" content=\"627\" \/>\n\t<meta property=\"og:image:height\" content=\"393\" \/>\n\t<meta property=\"og:image:type\" content=\"image\/jpeg\" \/>\n<meta name=\"author\" content=\"Reda\u00e7\u00e3o Sul SC\" \/>\n<meta name=\"twitter:card\" content=\"summary_large_image\" \/>\n<meta name=\"twitter:creator\" content=\"@https:\/\/twitter.com\/PortalSulSC\" \/>\n<meta name=\"twitter:label1\" content=\"Written by\" \/>\n\t<meta name=\"twitter:data1\" content=\"Reda\u00e7\u00e3o Sul SC\" \/>\n\t<meta name=\"twitter:label2\" content=\"Est. reading time\" \/>\n\t<meta name=\"twitter:data2\" content=\"2 minutes\" \/>\n<script type=\"application\/ld+json\" class=\"yoast-schema-graph\">{\"@context\":\"https:\/\/schema.org\",\"@graph\":[{\"@type\":\"WebPage\",\"@id\":\"https:\/\/sulsc.com\/index.php\/2023\/11\/09\/dois-veiculos-sao-recuperados-nesta-quarta-feira-8\/\",\"url\":\"https:\/\/sulsc.com\/index.php\/2023\/11\/09\/dois-veiculos-sao-recuperados-nesta-quarta-feira-8\/\",\"name\":\"Dois ve\u00edculos s\u00e3o recuperados nesta quarta-feira (8) -\",\"isPartOf\":{\"@id\":\"https:\/\/sulsc.com\/#website\"},\"datePublished\":\"2023-11-09T11:30:19+00:00\",\"dateModified\":\"2023-11-09T11:49:19+00:00\",\"author\":{\"@id\":\"https:\/\/sulsc.com\/#\/schema\/person\/84d2fc571684f6248ba83092f07750a3\"},\"breadcrumb\":{\"@id\":\"https:\/\/sulsc.com\/index.php\/2023\/11\/09\/dois-veiculos-sao-recuperados-nesta-quarta-feira-8\/#breadcrumb\"},\"inLanguage\":\"en-US\",\"potentialAction\":[{\"@type\":\"ReadAction\",\"target\":[\"https:\/\/sulsc.com\/index.php\/2023\/11\/09\/dois-veiculos-sao-recuperados-nesta-quarta-feira-8\/\"]}]},{\"@type\":\"BreadcrumbList\",\"@id\":\"https:\/\/sulsc.com\/index.php\/2023\/11\/09\/dois-veiculos-sao-recuperados-nesta-quarta-feira-8\/#breadcrumb\",\"itemListElement\":[{\"@type\":\"ListItem\",\"position\":1,\"name\":\"In\u00edcio\",\"item\":\"https:\/\/sulsc.com\/\"},{\"@type\":\"ListItem\",\"position\":2,\"name\":\"Dois ve\u00edculos s\u00e3o recuperados nesta quarta-feira (8)\"}]},{\"@type\":\"WebSite\",\"@id\":\"https:\/\/sulsc.com\/#website\",\"url\":\"https:\/\/sulsc.com\/\",\"name\":\"\",\"description\":\"\",\"potentialAction\":[{\"@type\":\"SearchAction\",\"target\":{\"@type\":\"EntryPoint\",\"urlTemplate\":\"https:\/\/sulsc.com\/?s={search_term_string}\"},\"query-input\":\"required name=search_term_string\"}],\"inLanguage\":\"en-US\"},{\"@type\":\"Person\",\"@id\":\"https:\/\/sulsc.com\/#\/schema\/person\/84d2fc571684f6248ba83092f07750a3\",\"name\":\"Reda\u00e7\u00e3o Sul SC\",\"image\":{\"@type\":\"ImageObject\",\"inLanguage\":\"en-US\",\"@id\":\"https:\/\/sulsc.com\/#\/schema\/person\/image\/e08d7fe2cc4ed596372063bbe852b8d0\",\"url\":\"https:\/\/sulsc.com\/wp-content\/uploads\/2023\/09\/redacao.png\",\"contentUrl\":\"https:\/\/sulsc.com\/wp-content\/uploads\/2023\/09\/redacao.png\",\"caption\":\"Reda\u00e7\u00e3o Sul SC\"},\"description\":\"Foco em um jornalismo imparcial, voltado \u00e0 qualidade dos seus conte\u00fados e, assim, levar informa\u00e7\u00e3o de valor que agregue \u00e0 vida dos leitores. Esta \u00e9 grande miss\u00e3o do Portal de Not\u00edcias Sul SC. N\u00e3o \u00e9 quantidade que muda o mundo, sempre foi e seguir\u00e1 sendo qualidade!\",\"sameAs\":[\"https:\/\/sulsc.com\/\",\"https:\/\/www.facebook.com\/profile.php?id=61559278119680\",\"https:\/\/www.instagram.com\/sulscportal\/?hl=pt-br\",\"https:\/\/twitter.com\/https:\/\/twitter.com\/PortalSulSC\",\"https:\/\/www.youtube.com\/channel\/UCv_BE8GeySluDov2n8qhVmw\"],\"url\":\"https:\/\/sulsc.com\/index.php\/author\/redacao\/\"}]}<\/script>\n<!-- \/ Yoast SEO plugin. -->","yoast_head_json":{"title":"Dois ve\u00edculos s\u00e3o recuperados nesta quarta-feira (8) -","robots":{"index":"index","follow":"follow","max-snippet":"max-snippet:-1","max-image-preview":"max-image-preview:large","max-video-preview":"max-video-preview:-1"},"canonical":"https:\/\/sulsc.com\/index.php\/2023\/11\/09\/dois-veiculos-sao-recuperados-nesta-quarta-feira-8\/","og_locale":"en_US","og_type":"article","og_title":"Dois ve\u00edculos s\u00e3o recuperados nesta quarta-feira (8) -","og_description":"Dois ve\u00edculos foram recuperados pela Policia Militar nesta quarta-feira (8), um em Garopaba e o outro em Laguna. Em ambos os casos a PM foi acionada via Central Regional de Emerg\u00eancias. A primeira a\u00e7\u00e3o ocorreu por volta das 9h10 no bairro Ressacada, em Garopaba. A guarni\u00e7\u00e3o recebeu a informa\u00e7\u00e3o de que de uma motocicleta estaria &hellip; Dois ve\u00edculos s\u00e3o recuperados nesta quarta-feira (8) Read More &raquo;","og_url":"https:\/\/sulsc.com\/index.php\/2023\/11\/09\/dois-veiculos-sao-recuperados-nesta-quarta-feira-8\/","article_author":"https:\/\/www.facebook.com\/profile.php?id=61559278119680","article_published_time":"2023-11-09T11:30:19+00:00","article_modified_time":"2023-11-09T11:49:19+00:00","og_image":[{"width":627,"height":393,"url":"http:\/\/sulsc.com\/wp-content\/uploads\/2023\/10\/giroflex-2.jpg","type":"image\/jpeg"}],"author":"Reda\u00e7\u00e3o Sul SC","twitter_card":"summary_large_image","twitter_creator":"@https:\/\/twitter.com\/PortalSulSC","twitter_misc":{"Written by":"Reda\u00e7\u00e3o Sul SC","Est. reading time":"2 minutes"},"schema":{"@context":"https:\/\/schema.org","@graph":[{"@type":"WebPage","@id":"https:\/\/sulsc.com\/index.php\/2023\/11\/09\/dois-veiculos-sao-recuperados-nesta-quarta-feira-8\/","url":"https:\/\/sulsc.com\/index.php\/2023\/11\/09\/dois-veiculos-sao-recuperados-nesta-quarta-feira-8\/","name":"Dois ve\u00edculos s\u00e3o recuperados nesta quarta-feira (8) -","isPartOf":{"@id":"https:\/\/sulsc.com\/#website"},"datePublished":"2023-11-09T11:30:19+00:00","dateModified":"2023-11-09T11:49:19+00:00","author":{"@id":"https:\/\/sulsc.com\/#\/schema\/person\/84d2fc571684f6248ba83092f07750a3"},"breadcrumb":{"@id":"https:\/\/sulsc.com\/index.php\/2023\/11\/09\/dois-veiculos-sao-recuperados-nesta-quarta-feira-8\/#breadcrumb"},"inLanguage":"en-US","potentialAction":[{"@type":"ReadAction","target":["https:\/\/sulsc.com\/index.php\/2023\/11\/09\/dois-veiculos-sao-recuperados-nesta-quarta-feira-8\/"]}]},{"@type":"BreadcrumbList","@id":"https:\/\/sulsc.com\/index.php\/2023\/11\/09\/dois-veiculos-sao-recuperados-nesta-quarta-feira-8\/#breadcrumb","itemListElement":[{"@type":"ListItem","position":1,"name":"In\u00edcio","item":"https:\/\/sulsc.com\/"},{"@type":"ListItem","position":2,"name":"Dois ve\u00edculos s\u00e3o recuperados nesta quarta-feira (8)"}]},{"@type":"WebSite","@id":"https:\/\/sulsc.com\/#website","url":"https:\/\/sulsc.com\/","name":"","description":"","potentialAction":[{"@type":"SearchAction","target":{"@type":"EntryPoint","urlTemplate":"https:\/\/sulsc.com\/?s={search_term_string}"},"query-input":"required name=search_term_string"}],"inLanguage":"en-US"},{"@type":"Person","@id":"https:\/\/sulsc.com\/#\/schema\/person\/84d2fc571684f6248ba83092f07750a3","name":"Reda\u00e7\u00e3o Sul SC","image":{"@type":"ImageObject","inLanguage":"en-US","@id":"https:\/\/sulsc.com\/#\/schema\/person\/image\/e08d7fe2cc4ed596372063bbe852b8d0","url":"https:\/\/sulsc.com\/wp-content\/uploads\/2023\/09\/redacao.png","contentUrl":"https:\/\/sulsc.com\/wp-content\/uploads\/2023\/09\/redacao.png","caption":"Reda\u00e7\u00e3o Sul SC"},"description":"Foco em um jornalismo imparcial, voltado \u00e0 qualidade dos seus conte\u00fados e, assim, levar informa\u00e7\u00e3o de valor que agregue \u00e0 vida dos leitores. Esta \u00e9 grande miss\u00e3o do Portal de Not\u00edcias Sul SC. N\u00e3o \u00e9 quantidade que muda o mundo, sempre foi e seguir\u00e1 sendo qualidade!","sameAs":["https:\/\/sulsc.com\/","https:\/\/www.facebook.com\/profile.php?id=61559278119680","https:\/\/www.instagram.com\/sulscportal\/?hl=pt-br","https:\/\/twitter.com\/https:\/\/twitter.com\/PortalSulSC","https:\/\/www.youtube.com\/channel\/UCv_BE8GeySluDov2n8qhVmw"],"url":"https:\/\/sulsc.com\/index.php\/author\/redacao\/"}]}},"authors":[],"_links":{"self":[{"href":"https:\/\/sulsc.com\/index.php\/wp-json\/wp\/v2\/posts\/3558"}],"collection":[{"href":"https:\/\/sulsc.com\/index.php\/wp-json\/wp\/v2\/posts"}],"about":[{"href":"https:\/\/sulsc.com\/index.php\/wp-json\/wp\/v2\/types\/post"}],"author":[{"embeddable":true,"href":"https:\/\/sulsc.com\/index.php\/wp-json\/wp\/v2\/users\/3"}],"replies":[{"embeddable":true,"href":"https:\/\/sulsc.com\/index.php\/wp-json\/wp\/v2\/comments?post=3558"}],"version-history":[{"count":1,"href":"https:\/\/sulsc.com\/index.php\/wp-json\/wp\/v2\/posts\/3558\/revisions"}],"predecessor-version":[{"id":3559,"href":"https:\/\/sulsc.com\/index.php\/wp-json\/wp\/v2\/posts\/3558\/revisions\/3559"}],"wp:featuredmedia":[{"embeddable":true,"href":"https:\/\/sulsc.com\/index.php\/wp-json\/wp\/v2\/media\/1651"}],"wp:attachment":[{"href":"https:\/\/sulsc.com\/index.php\/wp-json\/wp\/v2\/media?parent=3558"}],"wp:term":[{"taxonomy":"category","embeddable":true,"href":"https:\/\/sulsc.com\/index.php\/wp-json\/wp\/v2\/categories?post=3558"},{"taxonomy":"post_tag","embeddable":true,"href":"https:\/\/sulsc.com\/index.php\/wp-json\/wp\/v2\/tags?post=3558"}],"curies":[{"name":"wp","href":"https:\/\/api.w.org\/{rel}","templated":true}]}}