{"id":3596,"date":"2023-11-09T16:00:51","date_gmt":"2023-11-09T19:00:51","guid":{"rendered":"https:\/\/sulsc.com\/?p=3596"},"modified":"2023-11-09T15:13:18","modified_gmt":"2023-11-09T18:13:18","slug":"medico-de-tubarao-sera-palestrante-no-congresso-brasileiro-de-oncologia-no-rio-de-janeiro","status":"publish","type":"post","link":"https:\/\/sulsc.com\/index.php\/2023\/11\/09\/medico-de-tubarao-sera-palestrante-no-congresso-brasileiro-de-oncologia-no-rio-de-janeiro\/","title":{"rendered":"M\u00e9dico de Tubar\u00e3o ser\u00e1 palestrante no Congresso Brasileiro de Oncologia, no Rio de Janeiro"},"content":{"rendered":"<p>O m\u00e9dico tubaronense e oncologista, Cassiano Coral Accordi, ser\u00e1 um dos palestrantes no Congresso Brasileiro de Oncologia que acontece entre os dias 15 e 18 de novembro. O evento no Rio de Janeiro, integra a IV Semana Brasileira da Oncologia. A Sociedade Brasileira de Cirurgia Oncol\u00f3gica (SBCO) retoma a organiza\u00e7\u00e3o presencial, do considerado, maior congresso cient\u00edfico em um cen\u00e1rio de desafios e consci\u00eancia cient\u00edfica das causas que envolvem a sa\u00fade.<\/p>\n<p>\u201cCiente de nosso papel na sensibiliza\u00e7\u00e3o da popula\u00e7\u00e3o para preven\u00e7\u00e3o e tratamento especializado, comprometidos com o desenvolvimento de melhorias educacionais e pol\u00edticas p\u00fablicas, convencida que inter e multidisciplinaridades s\u00e3o os melhores caminhos, ser\u00e1 uma imensa satisfa\u00e7\u00e3o rever os colegas, participar de discuss\u00f5es e compartilhar experi\u00eancias, exercendo nosso protagonismo na discuss\u00e3o sobre a Oncologia\u201d, acentua Dr. Cassiano.<\/p>\n<p>Nessa edi\u00e7\u00e3o, o Congresso ter\u00e1 pilares voltados aos temas de inova\u00e7\u00e3o, pesquisa e tecnologia &#8211; motes modernos e necess\u00e1rios para o tratamento do c\u00e2ncer. Esses conceitos permear\u00e3o os debates em torno de Trato Gastrointestinal, Oncoginecologia, Oncologia Cut\u00e2nea e de Partes Moles, Oncologia Tor\u00e1cica, Trato Urin\u00e1rio, Mama, Cabe\u00e7a e Pesco\u00e7o, Sarcomas, Doen\u00e7as Peritoniais, Cuidados Paliativos, Terapia Nutricional, Reabilita\u00e7\u00e3o, Treinamento e Ensino em Oncologia, Constru\u00e7\u00e3o de Linhas de Cuidado e Pol\u00edticas P\u00fablicas, entre outros diversos assuntos atuais.<\/p>\n<p>Junto as entidades co-irm\u00e3s: Sociedade Brasileira de Oncologia Cl\u00ednica (SBOC) e Sociedade Brasileira de Radioterapia (SBRT), o Congresso tamb\u00e9m integra a IV Semana Brasileira da Oncologia, projeto nascido da parceria entre as tr\u00eas Sociedades e do entendimento da import\u00e2ncia do atendimento multidisciplinar aos pacientes e a popula\u00e7\u00e3o.<\/p>\n<p>Dr. Cassiano Accordi participa de palestras e discuss\u00f5es em torno do tratamento cir\u00fargico minimamente invasivo de c\u00e2ncer do trato digestivo, como est\u00f4mago e f\u00edgado.<\/p>\n<p><img fetchpriority=\"high\" decoding=\"async\" class=\"alignnone size-large wp-image-3597\" src=\"http:\/\/sulsc.com\/wp-content\/uploads\/2023\/11\/Cassiano-Coral-Accordi-837x1024.jpeg\" alt=\"\" width=\"837\" height=\"1024\" srcset=\"https:\/\/sulsc.com\/wp-content\/uploads\/2023\/11\/Cassiano-Coral-Accordi-837x1024.jpeg 837w, https:\/\/sulsc.com\/wp-content\/uploads\/2023\/11\/Cassiano-Coral-Accordi-245x300.jpeg 245w, https:\/\/sulsc.com\/wp-content\/uploads\/2023\/11\/Cassiano-Coral-Accordi-768x940.jpeg 768w, https:\/\/sulsc.com\/wp-content\/uploads\/2023\/11\/Cassiano-Coral-Accordi.jpeg 1046w\" sizes=\"(max-width: 837px) 100vw, 837px\" \/><\/p>\n","protected":false},"excerpt":{"rendered":"<p>O m\u00e9dico tubaronense e oncologista, Cassiano Coral Accordi, ser\u00e1 um dos palestrantes no Congresso Brasileiro de Oncologia que acontece entre os dias 15 e 18 de novembro. O evento no Rio de Janeiro, integra a IV Semana Brasileira da Oncologia. A Sociedade Brasileira de Cirurgia Oncol\u00f3gica (SBCO) retoma a organiza\u00e7\u00e3o presencial, do considerado, maior congresso &hellip;<\/p>\n<p class=\"read-more\"> <a class=\"\" href=\"https:\/\/sulsc.com\/index.php\/2023\/11\/09\/medico-de-tubarao-sera-palestrante-no-congresso-brasileiro-de-oncologia-no-rio-de-janeiro\/\"> <span class=\"screen-reader-text\">M\u00e9dico de Tubar\u00e3o ser\u00e1 palestrante no Congresso Brasileiro de Oncologia, no Rio de Janeiro<\/span> Read More &raquo;<\/a><\/p>\n","protected":false},"author":3,"featured_media":3597,"comment_status":"open","ping_status":"open","sticky":false,"template":"","format":"standard","meta":{"site-sidebar-layout":"default","site-content-layout":"","ast-site-content-layout":"default","site-content-style":"default","site-sidebar-style":"default","ast-global-header-display":"","ast-banner-title-visibility":"","ast-main-header-display":"","ast-hfb-above-header-display":"","ast-hfb-below-header-display":"","ast-hfb-mobile-header-display":"","site-post-title":"","ast-breadcrumbs-content":"","ast-featured-img":"","footer-sml-layout":"","theme-transparent-header-meta":"default","adv-header-id-meta":"","stick-header-meta":"","header-above-stick-meta":"","header-main-stick-meta":"","header-below-stick-meta":"","astra-migrate-meta-layouts":"set","footnotes":""},"categories":[1],"tags":[],"yoast_head":"<!-- This site is optimized with the Yoast SEO plugin v21.4 - https:\/\/yoast.com\/wordpress\/plugins\/seo\/ -->\n<title>M\u00e9dico de Tubar\u00e3o ser\u00e1 palestrante no Congresso Brasileiro de Oncologia, no Rio de Janeiro -<\/title>\n<meta name=\"robots\" content=\"index, follow, max-snippet:-1, max-image-preview:large, max-video-preview:-1\" \/>\n<link rel=\"canonical\" href=\"https:\/\/sulsc.com\/index.php\/2023\/11\/09\/medico-de-tubarao-sera-palestrante-no-congresso-brasileiro-de-oncologia-no-rio-de-janeiro\/\" \/>\n<meta property=\"og:locale\" content=\"en_US\" \/>\n<meta property=\"og:type\" content=\"article\" \/>\n<meta property=\"og:title\" content=\"M\u00e9dico de Tubar\u00e3o ser\u00e1 palestrante no Congresso Brasileiro de Oncologia, no Rio de Janeiro -\" \/>\n<meta property=\"og:description\" content=\"O m\u00e9dico tubaronense e oncologista, Cassiano Coral Accordi, ser\u00e1 um dos palestrantes no Congresso Brasileiro de Oncologia que acontece entre os dias 15 e 18 de novembro. O evento no Rio de Janeiro, integra a IV Semana Brasileira da Oncologia. A Sociedade Brasileira de Cirurgia Oncol\u00f3gica (SBCO) retoma a organiza\u00e7\u00e3o presencial, do considerado, maior congresso &hellip; M\u00e9dico de Tubar\u00e3o ser\u00e1 palestrante no Congresso Brasileiro de Oncologia, no Rio de Janeiro Read More &raquo;\" \/>\n<meta property=\"og:url\" content=\"https:\/\/sulsc.com\/index.php\/2023\/11\/09\/medico-de-tubarao-sera-palestrante-no-congresso-brasileiro-de-oncologia-no-rio-de-janeiro\/\" \/>\n<meta property=\"article:author\" content=\"https:\/\/www.facebook.com\/profile.php?id=61559278119680\" \/>\n<meta property=\"article:published_time\" content=\"2023-11-09T19:00:51+00:00\" \/>\n<meta property=\"article:modified_time\" content=\"2023-11-09T18:13:18+00:00\" \/>\n<meta property=\"og:image\" content=\"https:\/\/sulsc.com\/wp-content\/uploads\/2023\/11\/Cassiano-Coral-Accordi.jpeg\" \/>\n\t<meta property=\"og:image:width\" content=\"1046\" \/>\n\t<meta property=\"og:image:height\" content=\"1280\" \/>\n\t<meta property=\"og:image:type\" content=\"image\/jpeg\" \/>\n<meta name=\"author\" content=\"Reda\u00e7\u00e3o Sul SC\" \/>\n<meta name=\"twitter:card\" content=\"summary_large_image\" \/>\n<meta name=\"twitter:creator\" content=\"@https:\/\/twitter.com\/PortalSulSC\" \/>\n<meta name=\"twitter:label1\" content=\"Written by\" \/>\n\t<meta name=\"twitter:data1\" content=\"Reda\u00e7\u00e3o Sul SC\" \/>\n\t<meta name=\"twitter:label2\" content=\"Est. reading time\" \/>\n\t<meta name=\"twitter:data2\" content=\"2 minutes\" \/>\n<script type=\"application\/ld+json\" class=\"yoast-schema-graph\">{\"@context\":\"https:\/\/schema.org\",\"@graph\":[{\"@type\":\"WebPage\",\"@id\":\"https:\/\/sulsc.com\/index.php\/2023\/11\/09\/medico-de-tubarao-sera-palestrante-no-congresso-brasileiro-de-oncologia-no-rio-de-janeiro\/\",\"url\":\"https:\/\/sulsc.com\/index.php\/2023\/11\/09\/medico-de-tubarao-sera-palestrante-no-congresso-brasileiro-de-oncologia-no-rio-de-janeiro\/\",\"name\":\"M\u00e9dico de Tubar\u00e3o ser\u00e1 palestrante no Congresso Brasileiro de Oncologia, no Rio de Janeiro -\",\"isPartOf\":{\"@id\":\"https:\/\/sulsc.com\/#website\"},\"datePublished\":\"2023-11-09T19:00:51+00:00\",\"dateModified\":\"2023-11-09T18:13:18+00:00\",\"author\":{\"@id\":\"https:\/\/sulsc.com\/#\/schema\/person\/84d2fc571684f6248ba83092f07750a3\"},\"breadcrumb\":{\"@id\":\"https:\/\/sulsc.com\/index.php\/2023\/11\/09\/medico-de-tubarao-sera-palestrante-no-congresso-brasileiro-de-oncologia-no-rio-de-janeiro\/#breadcrumb\"},\"inLanguage\":\"en-US\",\"potentialAction\":[{\"@type\":\"ReadAction\",\"target\":[\"https:\/\/sulsc.com\/index.php\/2023\/11\/09\/medico-de-tubarao-sera-palestrante-no-congresso-brasileiro-de-oncologia-no-rio-de-janeiro\/\"]}]},{\"@type\":\"BreadcrumbList\",\"@id\":\"https:\/\/sulsc.com\/index.php\/2023\/11\/09\/medico-de-tubarao-sera-palestrante-no-congresso-brasileiro-de-oncologia-no-rio-de-janeiro\/#breadcrumb\",\"itemListElement\":[{\"@type\":\"ListItem\",\"position\":1,\"name\":\"In\u00edcio\",\"item\":\"https:\/\/sulsc.com\/\"},{\"@type\":\"ListItem\",\"position\":2,\"name\":\"M\u00e9dico de Tubar\u00e3o ser\u00e1 palestrante no Congresso Brasileiro de Oncologia, no Rio de Janeiro\"}]},{\"@type\":\"WebSite\",\"@id\":\"https:\/\/sulsc.com\/#website\",\"url\":\"https:\/\/sulsc.com\/\",\"name\":\"\",\"description\":\"\",\"potentialAction\":[{\"@type\":\"SearchAction\",\"target\":{\"@type\":\"EntryPoint\",\"urlTemplate\":\"https:\/\/sulsc.com\/?s={search_term_string}\"},\"query-input\":\"required name=search_term_string\"}],\"inLanguage\":\"en-US\"},{\"@type\":\"Person\",\"@id\":\"https:\/\/sulsc.com\/#\/schema\/person\/84d2fc571684f6248ba83092f07750a3\",\"name\":\"Reda\u00e7\u00e3o Sul SC\",\"image\":{\"@type\":\"ImageObject\",\"inLanguage\":\"en-US\",\"@id\":\"https:\/\/sulsc.com\/#\/schema\/person\/image\/e08d7fe2cc4ed596372063bbe852b8d0\",\"url\":\"https:\/\/sulsc.com\/wp-content\/uploads\/2023\/09\/redacao.png\",\"contentUrl\":\"https:\/\/sulsc.com\/wp-content\/uploads\/2023\/09\/redacao.png\",\"caption\":\"Reda\u00e7\u00e3o Sul SC\"},\"description\":\"Foco em um jornalismo imparcial, voltado \u00e0 qualidade dos seus conte\u00fados e, assim, levar informa\u00e7\u00e3o de valor que agregue \u00e0 vida dos leitores. Esta \u00e9 grande miss\u00e3o do Portal de Not\u00edcias Sul SC. N\u00e3o \u00e9 quantidade que muda o mundo, sempre foi e seguir\u00e1 sendo qualidade!\",\"sameAs\":[\"https:\/\/sulsc.com\/\",\"https:\/\/www.facebook.com\/profile.php?id=61559278119680\",\"https:\/\/www.instagram.com\/sulscportal\/?hl=pt-br\",\"https:\/\/twitter.com\/https:\/\/twitter.com\/PortalSulSC\",\"https:\/\/www.youtube.com\/channel\/UCv_BE8GeySluDov2n8qhVmw\"],\"url\":\"https:\/\/sulsc.com\/index.php\/author\/redacao\/\"}]}<\/script>\n<!-- \/ Yoast SEO plugin. -->","yoast_head_json":{"title":"M\u00e9dico de Tubar\u00e3o ser\u00e1 palestrante no Congresso Brasileiro de Oncologia, no Rio de Janeiro -","robots":{"index":"index","follow":"follow","max-snippet":"max-snippet:-1","max-image-preview":"max-image-preview:large","max-video-preview":"max-video-preview:-1"},"canonical":"https:\/\/sulsc.com\/index.php\/2023\/11\/09\/medico-de-tubarao-sera-palestrante-no-congresso-brasileiro-de-oncologia-no-rio-de-janeiro\/","og_locale":"en_US","og_type":"article","og_title":"M\u00e9dico de Tubar\u00e3o ser\u00e1 palestrante no Congresso Brasileiro de Oncologia, no Rio de Janeiro -","og_description":"O m\u00e9dico tubaronense e oncologista, Cassiano Coral Accordi, ser\u00e1 um dos palestrantes no Congresso Brasileiro de Oncologia que acontece entre os dias 15 e 18 de novembro. O evento no Rio de Janeiro, integra a IV Semana Brasileira da Oncologia. A Sociedade Brasileira de Cirurgia Oncol\u00f3gica (SBCO) retoma a organiza\u00e7\u00e3o presencial, do considerado, maior congresso &hellip; M\u00e9dico de Tubar\u00e3o ser\u00e1 palestrante no Congresso Brasileiro de Oncologia, no Rio de Janeiro Read More &raquo;","og_url":"https:\/\/sulsc.com\/index.php\/2023\/11\/09\/medico-de-tubarao-sera-palestrante-no-congresso-brasileiro-de-oncologia-no-rio-de-janeiro\/","article_author":"https:\/\/www.facebook.com\/profile.php?id=61559278119680","article_published_time":"2023-11-09T19:00:51+00:00","article_modified_time":"2023-11-09T18:13:18+00:00","og_image":[{"width":1046,"height":1280,"url":"https:\/\/sulsc.com\/wp-content\/uploads\/2023\/11\/Cassiano-Coral-Accordi.jpeg","type":"image\/jpeg"}],"author":"Reda\u00e7\u00e3o Sul SC","twitter_card":"summary_large_image","twitter_creator":"@https:\/\/twitter.com\/PortalSulSC","twitter_misc":{"Written by":"Reda\u00e7\u00e3o Sul SC","Est. reading time":"2 minutes"},"schema":{"@context":"https:\/\/schema.org","@graph":[{"@type":"WebPage","@id":"https:\/\/sulsc.com\/index.php\/2023\/11\/09\/medico-de-tubarao-sera-palestrante-no-congresso-brasileiro-de-oncologia-no-rio-de-janeiro\/","url":"https:\/\/sulsc.com\/index.php\/2023\/11\/09\/medico-de-tubarao-sera-palestrante-no-congresso-brasileiro-de-oncologia-no-rio-de-janeiro\/","name":"M\u00e9dico de Tubar\u00e3o ser\u00e1 palestrante no Congresso Brasileiro de Oncologia, no Rio de Janeiro -","isPartOf":{"@id":"https:\/\/sulsc.com\/#website"},"datePublished":"2023-11-09T19:00:51+00:00","dateModified":"2023-11-09T18:13:18+00:00","author":{"@id":"https:\/\/sulsc.com\/#\/schema\/person\/84d2fc571684f6248ba83092f07750a3"},"breadcrumb":{"@id":"https:\/\/sulsc.com\/index.php\/2023\/11\/09\/medico-de-tubarao-sera-palestrante-no-congresso-brasileiro-de-oncologia-no-rio-de-janeiro\/#breadcrumb"},"inLanguage":"en-US","potentialAction":[{"@type":"ReadAction","target":["https:\/\/sulsc.com\/index.php\/2023\/11\/09\/medico-de-tubarao-sera-palestrante-no-congresso-brasileiro-de-oncologia-no-rio-de-janeiro\/"]}]},{"@type":"BreadcrumbList","@id":"https:\/\/sulsc.com\/index.php\/2023\/11\/09\/medico-de-tubarao-sera-palestrante-no-congresso-brasileiro-de-oncologia-no-rio-de-janeiro\/#breadcrumb","itemListElement":[{"@type":"ListItem","position":1,"name":"In\u00edcio","item":"https:\/\/sulsc.com\/"},{"@type":"ListItem","position":2,"name":"M\u00e9dico de Tubar\u00e3o ser\u00e1 palestrante no Congresso Brasileiro de Oncologia, no Rio de Janeiro"}]},{"@type":"WebSite","@id":"https:\/\/sulsc.com\/#website","url":"https:\/\/sulsc.com\/","name":"","description":"","potentialAction":[{"@type":"SearchAction","target":{"@type":"EntryPoint","urlTemplate":"https:\/\/sulsc.com\/?s={search_term_string}"},"query-input":"required name=search_term_string"}],"inLanguage":"en-US"},{"@type":"Person","@id":"https:\/\/sulsc.com\/#\/schema\/person\/84d2fc571684f6248ba83092f07750a3","name":"Reda\u00e7\u00e3o Sul SC","image":{"@type":"ImageObject","inLanguage":"en-US","@id":"https:\/\/sulsc.com\/#\/schema\/person\/image\/e08d7fe2cc4ed596372063bbe852b8d0","url":"https:\/\/sulsc.com\/wp-content\/uploads\/2023\/09\/redacao.png","contentUrl":"https:\/\/sulsc.com\/wp-content\/uploads\/2023\/09\/redacao.png","caption":"Reda\u00e7\u00e3o Sul SC"},"description":"Foco em um jornalismo imparcial, voltado \u00e0 qualidade dos seus conte\u00fados e, assim, levar informa\u00e7\u00e3o de valor que agregue \u00e0 vida dos leitores. Esta \u00e9 grande miss\u00e3o do Portal de Not\u00edcias Sul SC. N\u00e3o \u00e9 quantidade que muda o mundo, sempre foi e seguir\u00e1 sendo qualidade!","sameAs":["https:\/\/sulsc.com\/","https:\/\/www.facebook.com\/profile.php?id=61559278119680","https:\/\/www.instagram.com\/sulscportal\/?hl=pt-br","https:\/\/twitter.com\/https:\/\/twitter.com\/PortalSulSC","https:\/\/www.youtube.com\/channel\/UCv_BE8GeySluDov2n8qhVmw"],"url":"https:\/\/sulsc.com\/index.php\/author\/redacao\/"}]}},"authors":[],"_links":{"self":[{"href":"https:\/\/sulsc.com\/index.php\/wp-json\/wp\/v2\/posts\/3596"}],"collection":[{"href":"https:\/\/sulsc.com\/index.php\/wp-json\/wp\/v2\/posts"}],"about":[{"href":"https:\/\/sulsc.com\/index.php\/wp-json\/wp\/v2\/types\/post"}],"author":[{"embeddable":true,"href":"https:\/\/sulsc.com\/index.php\/wp-json\/wp\/v2\/users\/3"}],"replies":[{"embeddable":true,"href":"https:\/\/sulsc.com\/index.php\/wp-json\/wp\/v2\/comments?post=3596"}],"version-history":[{"count":1,"href":"https:\/\/sulsc.com\/index.php\/wp-json\/wp\/v2\/posts\/3596\/revisions"}],"predecessor-version":[{"id":3598,"href":"https:\/\/sulsc.com\/index.php\/wp-json\/wp\/v2\/posts\/3596\/revisions\/3598"}],"wp:featuredmedia":[{"embeddable":true,"href":"https:\/\/sulsc.com\/index.php\/wp-json\/wp\/v2\/media\/3597"}],"wp:attachment":[{"href":"https:\/\/sulsc.com\/index.php\/wp-json\/wp\/v2\/media?parent=3596"}],"wp:term":[{"taxonomy":"category","embeddable":true,"href":"https:\/\/sulsc.com\/index.php\/wp-json\/wp\/v2\/categories?post=3596"},{"taxonomy":"post_tag","embeddable":true,"href":"https:\/\/sulsc.com\/index.php\/wp-json\/wp\/v2\/tags?post=3596"}],"curies":[{"name":"wp","href":"https:\/\/api.w.org\/{rel}","templated":true}]}}