{"id":3621,"date":"2023-11-10T07:30:42","date_gmt":"2023-11-10T10:30:42","guid":{"rendered":"https:\/\/sulsc.com\/?p=3621"},"modified":"2023-11-10T07:58:49","modified_gmt":"2023-11-10T10:58:49","slug":"sexta-feira-10-com-possibilidade-de-temporais-isolados-em-sc","status":"publish","type":"post","link":"https:\/\/sulsc.com\/index.php\/2023\/11\/10\/sexta-feira-10-com-possibilidade-de-temporais-isolados-em-sc\/","title":{"rendered":"Sexta-feira (10) com possibilidade de temporais isolados em SC"},"content":{"rendered":"<p>Nesta sexta-feira (10), a combina\u00e7\u00e3o de calor, umidade e \u00e1reas de baixa press\u00e3o na atmosfera favorecem a ocorr\u00eancia de temporais isolados com raios, rajadas de vento e eventual queda de granizo em Santa Catarina, que devem ocorrer preferencialmente entre a tarde e a noite.<\/p>\n<p>O risco \u00e9 moderado para ocorr\u00eancias como destelhamentos, danos na rede el\u00e9trica, queda de galhos e \u00e1rvores e alagamentos pontuais. No Litoral Norte e Grande Florian\u00f3polis, a previs\u00e3o \u00e9 de tempo nublado com possibilidade de chuviscos ao longo do dia.<\/p>\n<p>Os ventos sopram de quadrante norte no estado, com intensidade fraca. As temperaturas m\u00e1ximas ficam entre 29\u00b0C e 33\u00b0C no Grande Oeste e ficam entre 20\u00b0C e 26\u00b0C nas demais regi\u00f5es por conta da maior cobertura de nuvens.<\/p>\n<p>&nbsp;<\/p>\n<p>Fonte: Defesa Civil<\/p>\n","protected":false},"excerpt":{"rendered":"<p>Nesta sexta-feira (10), a combina\u00e7\u00e3o de calor, umidade e \u00e1reas de baixa press\u00e3o na atmosfera favorecem a ocorr\u00eancia de temporais isolados com raios, rajadas de vento e eventual queda de granizo em Santa Catarina, que devem ocorrer preferencialmente entre a tarde e a noite. O risco \u00e9 moderado para ocorr\u00eancias como destelhamentos, danos na rede &hellip;<\/p>\n<p class=\"read-more\"> <a class=\"\" href=\"https:\/\/sulsc.com\/index.php\/2023\/11\/10\/sexta-feira-10-com-possibilidade-de-temporais-isolados-em-sc\/\"> <span class=\"screen-reader-text\">Sexta-feira (10) com possibilidade de temporais isolados em SC<\/span> Read More &raquo;<\/a><\/p>\n","protected":false},"author":3,"featured_media":3015,"comment_status":"open","ping_status":"open","sticky":false,"template":"","format":"standard","meta":{"site-sidebar-layout":"default","site-content-layout":"","ast-site-content-layout":"default","site-content-style":"default","site-sidebar-style":"default","ast-global-header-display":"","ast-banner-title-visibility":"","ast-main-header-display":"","ast-hfb-above-header-display":"","ast-hfb-below-header-display":"","ast-hfb-mobile-header-display":"","site-post-title":"","ast-breadcrumbs-content":"","ast-featured-img":"","footer-sml-layout":"","theme-transparent-header-meta":"default","adv-header-id-meta":"","stick-header-meta":"","header-above-stick-meta":"","header-main-stick-meta":"","header-below-stick-meta":"","astra-migrate-meta-layouts":"set","footnotes":""},"categories":[38],"tags":[],"yoast_head":"<!-- This site is optimized with the Yoast SEO plugin v21.4 - https:\/\/yoast.com\/wordpress\/plugins\/seo\/ -->\n<title>Sexta-feira (10) com possibilidade de temporais isolados em SC -<\/title>\n<meta name=\"robots\" content=\"index, follow, max-snippet:-1, max-image-preview:large, max-video-preview:-1\" \/>\n<link rel=\"canonical\" href=\"https:\/\/sulsc.com\/index.php\/2023\/11\/10\/sexta-feira-10-com-possibilidade-de-temporais-isolados-em-sc\/\" \/>\n<meta property=\"og:locale\" content=\"en_US\" \/>\n<meta property=\"og:type\" content=\"article\" \/>\n<meta property=\"og:title\" content=\"Sexta-feira (10) com possibilidade de temporais isolados em SC -\" \/>\n<meta property=\"og:description\" content=\"Nesta sexta-feira (10), a combina\u00e7\u00e3o de calor, umidade e \u00e1reas de baixa press\u00e3o na atmosfera favorecem a ocorr\u00eancia de temporais isolados com raios, rajadas de vento e eventual queda de granizo em Santa Catarina, que devem ocorrer preferencialmente entre a tarde e a noite. O risco \u00e9 moderado para ocorr\u00eancias como destelhamentos, danos na rede &hellip; Sexta-feira (10) com possibilidade de temporais isolados em SC Read More &raquo;\" \/>\n<meta property=\"og:url\" content=\"https:\/\/sulsc.com\/index.php\/2023\/11\/10\/sexta-feira-10-com-possibilidade-de-temporais-isolados-em-sc\/\" \/>\n<meta property=\"article:author\" content=\"https:\/\/www.facebook.com\/profile.php?id=61559278119680\" \/>\n<meta property=\"article:published_time\" content=\"2023-11-10T10:30:42+00:00\" \/>\n<meta property=\"article:modified_time\" content=\"2023-11-10T10:58:49+00:00\" \/>\n<meta property=\"og:image\" content=\"http:\/\/sulsc.com\/wp-content\/uploads\/2023\/10\/chuva-1.jpg\" \/>\n\t<meta property=\"og:image:width\" content=\"800\" \/>\n\t<meta property=\"og:image:height\" content=\"534\" \/>\n\t<meta property=\"og:image:type\" content=\"image\/jpeg\" \/>\n<meta name=\"author\" content=\"Reda\u00e7\u00e3o Sul SC\" \/>\n<meta name=\"twitter:card\" content=\"summary_large_image\" \/>\n<meta name=\"twitter:creator\" content=\"@https:\/\/twitter.com\/PortalSulSC\" \/>\n<meta name=\"twitter:label1\" content=\"Written by\" \/>\n\t<meta name=\"twitter:data1\" content=\"Reda\u00e7\u00e3o Sul SC\" \/>\n\t<meta name=\"twitter:label2\" content=\"Est. reading time\" \/>\n\t<meta name=\"twitter:data2\" content=\"1 minute\" \/>\n<script type=\"application\/ld+json\" class=\"yoast-schema-graph\">{\"@context\":\"https:\/\/schema.org\",\"@graph\":[{\"@type\":\"WebPage\",\"@id\":\"https:\/\/sulsc.com\/index.php\/2023\/11\/10\/sexta-feira-10-com-possibilidade-de-temporais-isolados-em-sc\/\",\"url\":\"https:\/\/sulsc.com\/index.php\/2023\/11\/10\/sexta-feira-10-com-possibilidade-de-temporais-isolados-em-sc\/\",\"name\":\"Sexta-feira (10) com possibilidade de temporais isolados em SC -\",\"isPartOf\":{\"@id\":\"https:\/\/sulsc.com\/#website\"},\"datePublished\":\"2023-11-10T10:30:42+00:00\",\"dateModified\":\"2023-11-10T10:58:49+00:00\",\"author\":{\"@id\":\"https:\/\/sulsc.com\/#\/schema\/person\/84d2fc571684f6248ba83092f07750a3\"},\"breadcrumb\":{\"@id\":\"https:\/\/sulsc.com\/index.php\/2023\/11\/10\/sexta-feira-10-com-possibilidade-de-temporais-isolados-em-sc\/#breadcrumb\"},\"inLanguage\":\"en-US\",\"potentialAction\":[{\"@type\":\"ReadAction\",\"target\":[\"https:\/\/sulsc.com\/index.php\/2023\/11\/10\/sexta-feira-10-com-possibilidade-de-temporais-isolados-em-sc\/\"]}]},{\"@type\":\"BreadcrumbList\",\"@id\":\"https:\/\/sulsc.com\/index.php\/2023\/11\/10\/sexta-feira-10-com-possibilidade-de-temporais-isolados-em-sc\/#breadcrumb\",\"itemListElement\":[{\"@type\":\"ListItem\",\"position\":1,\"name\":\"In\u00edcio\",\"item\":\"https:\/\/sulsc.com\/\"},{\"@type\":\"ListItem\",\"position\":2,\"name\":\"Sexta-feira (10) com possibilidade de temporais isolados em SC\"}]},{\"@type\":\"WebSite\",\"@id\":\"https:\/\/sulsc.com\/#website\",\"url\":\"https:\/\/sulsc.com\/\",\"name\":\"\",\"description\":\"\",\"potentialAction\":[{\"@type\":\"SearchAction\",\"target\":{\"@type\":\"EntryPoint\",\"urlTemplate\":\"https:\/\/sulsc.com\/?s={search_term_string}\"},\"query-input\":\"required name=search_term_string\"}],\"inLanguage\":\"en-US\"},{\"@type\":\"Person\",\"@id\":\"https:\/\/sulsc.com\/#\/schema\/person\/84d2fc571684f6248ba83092f07750a3\",\"name\":\"Reda\u00e7\u00e3o Sul SC\",\"image\":{\"@type\":\"ImageObject\",\"inLanguage\":\"en-US\",\"@id\":\"https:\/\/sulsc.com\/#\/schema\/person\/image\/e08d7fe2cc4ed596372063bbe852b8d0\",\"url\":\"https:\/\/sulsc.com\/wp-content\/uploads\/2023\/09\/redacao.png\",\"contentUrl\":\"https:\/\/sulsc.com\/wp-content\/uploads\/2023\/09\/redacao.png\",\"caption\":\"Reda\u00e7\u00e3o Sul SC\"},\"description\":\"Foco em um jornalismo imparcial, voltado \u00e0 qualidade dos seus conte\u00fados e, assim, levar informa\u00e7\u00e3o de valor que agregue \u00e0 vida dos leitores. Esta \u00e9 grande miss\u00e3o do Portal de Not\u00edcias Sul SC. N\u00e3o \u00e9 quantidade que muda o mundo, sempre foi e seguir\u00e1 sendo qualidade!\",\"sameAs\":[\"https:\/\/sulsc.com\/\",\"https:\/\/www.facebook.com\/profile.php?id=61559278119680\",\"https:\/\/www.instagram.com\/sulscportal\/?hl=pt-br\",\"https:\/\/twitter.com\/https:\/\/twitter.com\/PortalSulSC\",\"https:\/\/www.youtube.com\/channel\/UCv_BE8GeySluDov2n8qhVmw\"],\"url\":\"https:\/\/sulsc.com\/index.php\/author\/redacao\/\"}]}<\/script>\n<!-- \/ Yoast SEO plugin. -->","yoast_head_json":{"title":"Sexta-feira (10) com possibilidade de temporais isolados em SC -","robots":{"index":"index","follow":"follow","max-snippet":"max-snippet:-1","max-image-preview":"max-image-preview:large","max-video-preview":"max-video-preview:-1"},"canonical":"https:\/\/sulsc.com\/index.php\/2023\/11\/10\/sexta-feira-10-com-possibilidade-de-temporais-isolados-em-sc\/","og_locale":"en_US","og_type":"article","og_title":"Sexta-feira (10) com possibilidade de temporais isolados em SC -","og_description":"Nesta sexta-feira (10), a combina\u00e7\u00e3o de calor, umidade e \u00e1reas de baixa press\u00e3o na atmosfera favorecem a ocorr\u00eancia de temporais isolados com raios, rajadas de vento e eventual queda de granizo em Santa Catarina, que devem ocorrer preferencialmente entre a tarde e a noite. O risco \u00e9 moderado para ocorr\u00eancias como destelhamentos, danos na rede &hellip; Sexta-feira (10) com possibilidade de temporais isolados em SC Read More &raquo;","og_url":"https:\/\/sulsc.com\/index.php\/2023\/11\/10\/sexta-feira-10-com-possibilidade-de-temporais-isolados-em-sc\/","article_author":"https:\/\/www.facebook.com\/profile.php?id=61559278119680","article_published_time":"2023-11-10T10:30:42+00:00","article_modified_time":"2023-11-10T10:58:49+00:00","og_image":[{"width":800,"height":534,"url":"http:\/\/sulsc.com\/wp-content\/uploads\/2023\/10\/chuva-1.jpg","type":"image\/jpeg"}],"author":"Reda\u00e7\u00e3o Sul SC","twitter_card":"summary_large_image","twitter_creator":"@https:\/\/twitter.com\/PortalSulSC","twitter_misc":{"Written by":"Reda\u00e7\u00e3o Sul SC","Est. reading time":"1 minute"},"schema":{"@context":"https:\/\/schema.org","@graph":[{"@type":"WebPage","@id":"https:\/\/sulsc.com\/index.php\/2023\/11\/10\/sexta-feira-10-com-possibilidade-de-temporais-isolados-em-sc\/","url":"https:\/\/sulsc.com\/index.php\/2023\/11\/10\/sexta-feira-10-com-possibilidade-de-temporais-isolados-em-sc\/","name":"Sexta-feira (10) com possibilidade de temporais isolados em SC -","isPartOf":{"@id":"https:\/\/sulsc.com\/#website"},"datePublished":"2023-11-10T10:30:42+00:00","dateModified":"2023-11-10T10:58:49+00:00","author":{"@id":"https:\/\/sulsc.com\/#\/schema\/person\/84d2fc571684f6248ba83092f07750a3"},"breadcrumb":{"@id":"https:\/\/sulsc.com\/index.php\/2023\/11\/10\/sexta-feira-10-com-possibilidade-de-temporais-isolados-em-sc\/#breadcrumb"},"inLanguage":"en-US","potentialAction":[{"@type":"ReadAction","target":["https:\/\/sulsc.com\/index.php\/2023\/11\/10\/sexta-feira-10-com-possibilidade-de-temporais-isolados-em-sc\/"]}]},{"@type":"BreadcrumbList","@id":"https:\/\/sulsc.com\/index.php\/2023\/11\/10\/sexta-feira-10-com-possibilidade-de-temporais-isolados-em-sc\/#breadcrumb","itemListElement":[{"@type":"ListItem","position":1,"name":"In\u00edcio","item":"https:\/\/sulsc.com\/"},{"@type":"ListItem","position":2,"name":"Sexta-feira (10) com possibilidade de temporais isolados em SC"}]},{"@type":"WebSite","@id":"https:\/\/sulsc.com\/#website","url":"https:\/\/sulsc.com\/","name":"","description":"","potentialAction":[{"@type":"SearchAction","target":{"@type":"EntryPoint","urlTemplate":"https:\/\/sulsc.com\/?s={search_term_string}"},"query-input":"required name=search_term_string"}],"inLanguage":"en-US"},{"@type":"Person","@id":"https:\/\/sulsc.com\/#\/schema\/person\/84d2fc571684f6248ba83092f07750a3","name":"Reda\u00e7\u00e3o Sul SC","image":{"@type":"ImageObject","inLanguage":"en-US","@id":"https:\/\/sulsc.com\/#\/schema\/person\/image\/e08d7fe2cc4ed596372063bbe852b8d0","url":"https:\/\/sulsc.com\/wp-content\/uploads\/2023\/09\/redacao.png","contentUrl":"https:\/\/sulsc.com\/wp-content\/uploads\/2023\/09\/redacao.png","caption":"Reda\u00e7\u00e3o Sul SC"},"description":"Foco em um jornalismo imparcial, voltado \u00e0 qualidade dos seus conte\u00fados e, assim, levar informa\u00e7\u00e3o de valor que agregue \u00e0 vida dos leitores. Esta \u00e9 grande miss\u00e3o do Portal de Not\u00edcias Sul SC. N\u00e3o \u00e9 quantidade que muda o mundo, sempre foi e seguir\u00e1 sendo qualidade!","sameAs":["https:\/\/sulsc.com\/","https:\/\/www.facebook.com\/profile.php?id=61559278119680","https:\/\/www.instagram.com\/sulscportal\/?hl=pt-br","https:\/\/twitter.com\/https:\/\/twitter.com\/PortalSulSC","https:\/\/www.youtube.com\/channel\/UCv_BE8GeySluDov2n8qhVmw"],"url":"https:\/\/sulsc.com\/index.php\/author\/redacao\/"}]}},"authors":[],"_links":{"self":[{"href":"https:\/\/sulsc.com\/index.php\/wp-json\/wp\/v2\/posts\/3621"}],"collection":[{"href":"https:\/\/sulsc.com\/index.php\/wp-json\/wp\/v2\/posts"}],"about":[{"href":"https:\/\/sulsc.com\/index.php\/wp-json\/wp\/v2\/types\/post"}],"author":[{"embeddable":true,"href":"https:\/\/sulsc.com\/index.php\/wp-json\/wp\/v2\/users\/3"}],"replies":[{"embeddable":true,"href":"https:\/\/sulsc.com\/index.php\/wp-json\/wp\/v2\/comments?post=3621"}],"version-history":[{"count":2,"href":"https:\/\/sulsc.com\/index.php\/wp-json\/wp\/v2\/posts\/3621\/revisions"}],"predecessor-version":[{"id":3623,"href":"https:\/\/sulsc.com\/index.php\/wp-json\/wp\/v2\/posts\/3621\/revisions\/3623"}],"wp:featuredmedia":[{"embeddable":true,"href":"https:\/\/sulsc.com\/index.php\/wp-json\/wp\/v2\/media\/3015"}],"wp:attachment":[{"href":"https:\/\/sulsc.com\/index.php\/wp-json\/wp\/v2\/media?parent=3621"}],"wp:term":[{"taxonomy":"category","embeddable":true,"href":"https:\/\/sulsc.com\/index.php\/wp-json\/wp\/v2\/categories?post=3621"},{"taxonomy":"post_tag","embeddable":true,"href":"https:\/\/sulsc.com\/index.php\/wp-json\/wp\/v2\/tags?post=3621"}],"curies":[{"name":"wp","href":"https:\/\/api.w.org\/{rel}","templated":true}]}}