{"id":3652,"date":"2023-11-10T11:50:22","date_gmt":"2023-11-10T14:50:22","guid":{"rendered":"https:\/\/sulsc.com\/?p=3652"},"modified":"2023-11-10T10:02:15","modified_gmt":"2023-11-10T13:02:15","slug":"procedimentos-para-reducao-no-tempo-de-abertura-de-empresas-e-ajustado-em-tubarao","status":"publish","type":"post","link":"https:\/\/sulsc.com\/index.php\/2023\/11\/10\/procedimentos-para-reducao-no-tempo-de-abertura-de-empresas-e-ajustado-em-tubarao\/","title":{"rendered":"Procedimentos para redu\u00e7\u00e3o no tempo de abertura de empresas \u00e9 ajustado, em Tubar\u00e3o"},"content":{"rendered":"<p>T\u00e9cnicos do Sebrae se reuniram nesta quarta-feira (8), com gestores da secretaria de Fazenda e da secretaria de Desenvolvimento Econ\u00f4mico, Tecnologia e Inova\u00e7\u00e3o,\u00a0para aperfei\u00e7oar os procedimentos que buscam reduzir o tempo para abertura de empresas no munic\u00edpio de Tubar\u00e3o. Hoje, leva-se de 11 a 14 horas para concluir essa iniciativa.<\/p>\n<p>Desde janeiro de 2022, com a publica\u00e7\u00e3o do decreto 6.148, que regulamenta o tratamento diferenciado e favorecido aos pequenos neg\u00f3cios e a emiss\u00e3o e inscri\u00e7\u00e3o de cadastro municipal e tribut\u00e1rio e da licen\u00e7a para funcionamento, o munic\u00edpio recebe consultoria do Sebrae para alcan\u00e7ar esses objetos, agilizando o tempo de abertura de uma empresa e desburocratizando diversas situa\u00e7\u00f5es.<\/p>\n<p>\u201cAl\u00e9m de diminuir o tempo de abertura de empresas, a secretaria de Fazenda ainda conseguiu diminuir o tempo e desburocratizar as altera\u00e7\u00f5es cadastrais e as baixas de empresas. Podemos pensar em mais a\u00e7\u00f5es conjuntas para sermos conhecidos cada vez mais como um local prop\u00edcio para se investir\u201d, destaca o secret\u00e1rio de Fazenda Romilton Nunes.<\/p>\n<p><img fetchpriority=\"high\" decoding=\"async\" class=\"alignnone size-full wp-image-1132\" src=\"http:\/\/sulsc.com\/wp-content\/uploads\/2023\/09\/tubarao-1.jpg\" alt=\"\" width=\"800\" height=\"475\" srcset=\"https:\/\/sulsc.com\/wp-content\/uploads\/2023\/09\/tubarao-1.jpg 800w, https:\/\/sulsc.com\/wp-content\/uploads\/2023\/09\/tubarao-1-300x178.jpg 300w, https:\/\/sulsc.com\/wp-content\/uploads\/2023\/09\/tubarao-1-768x456.jpg 768w\" sizes=\"(max-width: 800px) 100vw, 800px\" \/><\/p>\n<p>Fonte: Pref. Tubar\u00e3o<\/p>\n<p>&nbsp;<\/p>\n","protected":false},"excerpt":{"rendered":"<p>T\u00e9cnicos do Sebrae se reuniram nesta quarta-feira (8), com gestores da secretaria de Fazenda e da secretaria de Desenvolvimento Econ\u00f4mico, Tecnologia e Inova\u00e7\u00e3o,\u00a0para aperfei\u00e7oar os procedimentos que buscam reduzir o tempo para abertura de empresas no munic\u00edpio de Tubar\u00e3o. Hoje, leva-se de 11 a 14 horas para concluir essa iniciativa. Desde janeiro de 2022, com &hellip;<\/p>\n<p class=\"read-more\"> <a class=\"\" href=\"https:\/\/sulsc.com\/index.php\/2023\/11\/10\/procedimentos-para-reducao-no-tempo-de-abertura-de-empresas-e-ajustado-em-tubarao\/\"> <span class=\"screen-reader-text\">Procedimentos para redu\u00e7\u00e3o no tempo de abertura de empresas \u00e9 ajustado, em Tubar\u00e3o<\/span> Read More &raquo;<\/a><\/p>\n","protected":false},"author":3,"featured_media":1127,"comment_status":"open","ping_status":"open","sticky":false,"template":"","format":"standard","meta":{"site-sidebar-layout":"default","site-content-layout":"","ast-site-content-layout":"default","site-content-style":"default","site-sidebar-style":"default","ast-global-header-display":"","ast-banner-title-visibility":"","ast-main-header-display":"","ast-hfb-above-header-display":"","ast-hfb-below-header-display":"","ast-hfb-mobile-header-display":"","site-post-title":"","ast-breadcrumbs-content":"","ast-featured-img":"","footer-sml-layout":"","theme-transparent-header-meta":"default","adv-header-id-meta":"","stick-header-meta":"","header-above-stick-meta":"","header-main-stick-meta":"","header-below-stick-meta":"","astra-migrate-meta-layouts":"set","footnotes":""},"categories":[21],"tags":[],"yoast_head":"<!-- This site is optimized with the Yoast SEO plugin v21.4 - https:\/\/yoast.com\/wordpress\/plugins\/seo\/ -->\n<title>Procedimentos para redu\u00e7\u00e3o no tempo de abertura de empresas \u00e9 ajustado, em Tubar\u00e3o -<\/title>\n<meta name=\"robots\" content=\"index, follow, max-snippet:-1, max-image-preview:large, max-video-preview:-1\" \/>\n<link rel=\"canonical\" href=\"https:\/\/sulsc.com\/index.php\/2023\/11\/10\/procedimentos-para-reducao-no-tempo-de-abertura-de-empresas-e-ajustado-em-tubarao\/\" \/>\n<meta property=\"og:locale\" content=\"en_US\" \/>\n<meta property=\"og:type\" content=\"article\" \/>\n<meta property=\"og:title\" content=\"Procedimentos para redu\u00e7\u00e3o no tempo de abertura de empresas \u00e9 ajustado, em Tubar\u00e3o -\" \/>\n<meta property=\"og:description\" content=\"T\u00e9cnicos do Sebrae se reuniram nesta quarta-feira (8), com gestores da secretaria de Fazenda e da secretaria de Desenvolvimento Econ\u00f4mico, Tecnologia e Inova\u00e7\u00e3o,\u00a0para aperfei\u00e7oar os procedimentos que buscam reduzir o tempo para abertura de empresas no munic\u00edpio de Tubar\u00e3o. Hoje, leva-se de 11 a 14 horas para concluir essa iniciativa. Desde janeiro de 2022, com &hellip; Procedimentos para redu\u00e7\u00e3o no tempo de abertura de empresas \u00e9 ajustado, em Tubar\u00e3o Read More &raquo;\" \/>\n<meta property=\"og:url\" content=\"https:\/\/sulsc.com\/index.php\/2023\/11\/10\/procedimentos-para-reducao-no-tempo-de-abertura-de-empresas-e-ajustado-em-tubarao\/\" \/>\n<meta property=\"article:author\" content=\"https:\/\/www.facebook.com\/profile.php?id=61559278119680\" \/>\n<meta property=\"article:published_time\" content=\"2023-11-10T14:50:22+00:00\" \/>\n<meta property=\"article:modified_time\" content=\"2023-11-10T13:02:15+00:00\" \/>\n<meta property=\"og:image\" content=\"https:\/\/sulsc.com\/wp-content\/uploads\/2023\/09\/tubarao.jpg\" \/>\n\t<meta property=\"og:image:width\" content=\"800\" \/>\n\t<meta property=\"og:image:height\" content=\"475\" \/>\n\t<meta property=\"og:image:type\" content=\"image\/jpeg\" \/>\n<meta name=\"author\" content=\"Reda\u00e7\u00e3o Sul SC\" \/>\n<meta name=\"twitter:card\" content=\"summary_large_image\" \/>\n<meta name=\"twitter:creator\" content=\"@https:\/\/twitter.com\/PortalSulSC\" \/>\n<meta name=\"twitter:label1\" content=\"Written by\" \/>\n\t<meta name=\"twitter:data1\" content=\"Reda\u00e7\u00e3o Sul SC\" \/>\n\t<meta name=\"twitter:label2\" content=\"Est. reading time\" \/>\n\t<meta name=\"twitter:data2\" content=\"2 minutes\" \/>\n<script type=\"application\/ld+json\" class=\"yoast-schema-graph\">{\"@context\":\"https:\/\/schema.org\",\"@graph\":[{\"@type\":\"WebPage\",\"@id\":\"https:\/\/sulsc.com\/index.php\/2023\/11\/10\/procedimentos-para-reducao-no-tempo-de-abertura-de-empresas-e-ajustado-em-tubarao\/\",\"url\":\"https:\/\/sulsc.com\/index.php\/2023\/11\/10\/procedimentos-para-reducao-no-tempo-de-abertura-de-empresas-e-ajustado-em-tubarao\/\",\"name\":\"Procedimentos para redu\u00e7\u00e3o no tempo de abertura de empresas \u00e9 ajustado, em Tubar\u00e3o -\",\"isPartOf\":{\"@id\":\"https:\/\/sulsc.com\/#website\"},\"datePublished\":\"2023-11-10T14:50:22+00:00\",\"dateModified\":\"2023-11-10T13:02:15+00:00\",\"author\":{\"@id\":\"https:\/\/sulsc.com\/#\/schema\/person\/84d2fc571684f6248ba83092f07750a3\"},\"breadcrumb\":{\"@id\":\"https:\/\/sulsc.com\/index.php\/2023\/11\/10\/procedimentos-para-reducao-no-tempo-de-abertura-de-empresas-e-ajustado-em-tubarao\/#breadcrumb\"},\"inLanguage\":\"en-US\",\"potentialAction\":[{\"@type\":\"ReadAction\",\"target\":[\"https:\/\/sulsc.com\/index.php\/2023\/11\/10\/procedimentos-para-reducao-no-tempo-de-abertura-de-empresas-e-ajustado-em-tubarao\/\"]}]},{\"@type\":\"BreadcrumbList\",\"@id\":\"https:\/\/sulsc.com\/index.php\/2023\/11\/10\/procedimentos-para-reducao-no-tempo-de-abertura-de-empresas-e-ajustado-em-tubarao\/#breadcrumb\",\"itemListElement\":[{\"@type\":\"ListItem\",\"position\":1,\"name\":\"In\u00edcio\",\"item\":\"https:\/\/sulsc.com\/\"},{\"@type\":\"ListItem\",\"position\":2,\"name\":\"Procedimentos para redu\u00e7\u00e3o no tempo de abertura de empresas \u00e9 ajustado, em Tubar\u00e3o\"}]},{\"@type\":\"WebSite\",\"@id\":\"https:\/\/sulsc.com\/#website\",\"url\":\"https:\/\/sulsc.com\/\",\"name\":\"\",\"description\":\"\",\"potentialAction\":[{\"@type\":\"SearchAction\",\"target\":{\"@type\":\"EntryPoint\",\"urlTemplate\":\"https:\/\/sulsc.com\/?s={search_term_string}\"},\"query-input\":\"required name=search_term_string\"}],\"inLanguage\":\"en-US\"},{\"@type\":\"Person\",\"@id\":\"https:\/\/sulsc.com\/#\/schema\/person\/84d2fc571684f6248ba83092f07750a3\",\"name\":\"Reda\u00e7\u00e3o Sul SC\",\"image\":{\"@type\":\"ImageObject\",\"inLanguage\":\"en-US\",\"@id\":\"https:\/\/sulsc.com\/#\/schema\/person\/image\/e08d7fe2cc4ed596372063bbe852b8d0\",\"url\":\"https:\/\/sulsc.com\/wp-content\/uploads\/2023\/09\/redacao.png\",\"contentUrl\":\"https:\/\/sulsc.com\/wp-content\/uploads\/2023\/09\/redacao.png\",\"caption\":\"Reda\u00e7\u00e3o Sul SC\"},\"description\":\"Foco em um jornalismo imparcial, voltado \u00e0 qualidade dos seus conte\u00fados e, assim, levar informa\u00e7\u00e3o de valor que agregue \u00e0 vida dos leitores. Esta \u00e9 grande miss\u00e3o do Portal de Not\u00edcias Sul SC. N\u00e3o \u00e9 quantidade que muda o mundo, sempre foi e seguir\u00e1 sendo qualidade!\",\"sameAs\":[\"https:\/\/sulsc.com\/\",\"https:\/\/www.facebook.com\/profile.php?id=61559278119680\",\"https:\/\/www.instagram.com\/sulscportal\/?hl=pt-br\",\"https:\/\/twitter.com\/https:\/\/twitter.com\/PortalSulSC\",\"https:\/\/www.youtube.com\/channel\/UCv_BE8GeySluDov2n8qhVmw\"],\"url\":\"https:\/\/sulsc.com\/index.php\/author\/redacao\/\"}]}<\/script>\n<!-- \/ Yoast SEO plugin. -->","yoast_head_json":{"title":"Procedimentos para redu\u00e7\u00e3o no tempo de abertura de empresas \u00e9 ajustado, em Tubar\u00e3o -","robots":{"index":"index","follow":"follow","max-snippet":"max-snippet:-1","max-image-preview":"max-image-preview:large","max-video-preview":"max-video-preview:-1"},"canonical":"https:\/\/sulsc.com\/index.php\/2023\/11\/10\/procedimentos-para-reducao-no-tempo-de-abertura-de-empresas-e-ajustado-em-tubarao\/","og_locale":"en_US","og_type":"article","og_title":"Procedimentos para redu\u00e7\u00e3o no tempo de abertura de empresas \u00e9 ajustado, em Tubar\u00e3o -","og_description":"T\u00e9cnicos do Sebrae se reuniram nesta quarta-feira (8), com gestores da secretaria de Fazenda e da secretaria de Desenvolvimento Econ\u00f4mico, Tecnologia e Inova\u00e7\u00e3o,\u00a0para aperfei\u00e7oar os procedimentos que buscam reduzir o tempo para abertura de empresas no munic\u00edpio de Tubar\u00e3o. Hoje, leva-se de 11 a 14 horas para concluir essa iniciativa. Desde janeiro de 2022, com &hellip; Procedimentos para redu\u00e7\u00e3o no tempo de abertura de empresas \u00e9 ajustado, em Tubar\u00e3o Read More &raquo;","og_url":"https:\/\/sulsc.com\/index.php\/2023\/11\/10\/procedimentos-para-reducao-no-tempo-de-abertura-de-empresas-e-ajustado-em-tubarao\/","article_author":"https:\/\/www.facebook.com\/profile.php?id=61559278119680","article_published_time":"2023-11-10T14:50:22+00:00","article_modified_time":"2023-11-10T13:02:15+00:00","og_image":[{"width":800,"height":475,"url":"https:\/\/sulsc.com\/wp-content\/uploads\/2023\/09\/tubarao.jpg","type":"image\/jpeg"}],"author":"Reda\u00e7\u00e3o Sul SC","twitter_card":"summary_large_image","twitter_creator":"@https:\/\/twitter.com\/PortalSulSC","twitter_misc":{"Written by":"Reda\u00e7\u00e3o Sul SC","Est. reading time":"2 minutes"},"schema":{"@context":"https:\/\/schema.org","@graph":[{"@type":"WebPage","@id":"https:\/\/sulsc.com\/index.php\/2023\/11\/10\/procedimentos-para-reducao-no-tempo-de-abertura-de-empresas-e-ajustado-em-tubarao\/","url":"https:\/\/sulsc.com\/index.php\/2023\/11\/10\/procedimentos-para-reducao-no-tempo-de-abertura-de-empresas-e-ajustado-em-tubarao\/","name":"Procedimentos para redu\u00e7\u00e3o no tempo de abertura de empresas \u00e9 ajustado, em Tubar\u00e3o -","isPartOf":{"@id":"https:\/\/sulsc.com\/#website"},"datePublished":"2023-11-10T14:50:22+00:00","dateModified":"2023-11-10T13:02:15+00:00","author":{"@id":"https:\/\/sulsc.com\/#\/schema\/person\/84d2fc571684f6248ba83092f07750a3"},"breadcrumb":{"@id":"https:\/\/sulsc.com\/index.php\/2023\/11\/10\/procedimentos-para-reducao-no-tempo-de-abertura-de-empresas-e-ajustado-em-tubarao\/#breadcrumb"},"inLanguage":"en-US","potentialAction":[{"@type":"ReadAction","target":["https:\/\/sulsc.com\/index.php\/2023\/11\/10\/procedimentos-para-reducao-no-tempo-de-abertura-de-empresas-e-ajustado-em-tubarao\/"]}]},{"@type":"BreadcrumbList","@id":"https:\/\/sulsc.com\/index.php\/2023\/11\/10\/procedimentos-para-reducao-no-tempo-de-abertura-de-empresas-e-ajustado-em-tubarao\/#breadcrumb","itemListElement":[{"@type":"ListItem","position":1,"name":"In\u00edcio","item":"https:\/\/sulsc.com\/"},{"@type":"ListItem","position":2,"name":"Procedimentos para redu\u00e7\u00e3o no tempo de abertura de empresas \u00e9 ajustado, em Tubar\u00e3o"}]},{"@type":"WebSite","@id":"https:\/\/sulsc.com\/#website","url":"https:\/\/sulsc.com\/","name":"","description":"","potentialAction":[{"@type":"SearchAction","target":{"@type":"EntryPoint","urlTemplate":"https:\/\/sulsc.com\/?s={search_term_string}"},"query-input":"required name=search_term_string"}],"inLanguage":"en-US"},{"@type":"Person","@id":"https:\/\/sulsc.com\/#\/schema\/person\/84d2fc571684f6248ba83092f07750a3","name":"Reda\u00e7\u00e3o Sul SC","image":{"@type":"ImageObject","inLanguage":"en-US","@id":"https:\/\/sulsc.com\/#\/schema\/person\/image\/e08d7fe2cc4ed596372063bbe852b8d0","url":"https:\/\/sulsc.com\/wp-content\/uploads\/2023\/09\/redacao.png","contentUrl":"https:\/\/sulsc.com\/wp-content\/uploads\/2023\/09\/redacao.png","caption":"Reda\u00e7\u00e3o Sul SC"},"description":"Foco em um jornalismo imparcial, voltado \u00e0 qualidade dos seus conte\u00fados e, assim, levar informa\u00e7\u00e3o de valor que agregue \u00e0 vida dos leitores. Esta \u00e9 grande miss\u00e3o do Portal de Not\u00edcias Sul SC. N\u00e3o \u00e9 quantidade que muda o mundo, sempre foi e seguir\u00e1 sendo qualidade!","sameAs":["https:\/\/sulsc.com\/","https:\/\/www.facebook.com\/profile.php?id=61559278119680","https:\/\/www.instagram.com\/sulscportal\/?hl=pt-br","https:\/\/twitter.com\/https:\/\/twitter.com\/PortalSulSC","https:\/\/www.youtube.com\/channel\/UCv_BE8GeySluDov2n8qhVmw"],"url":"https:\/\/sulsc.com\/index.php\/author\/redacao\/"}]}},"authors":[],"_links":{"self":[{"href":"https:\/\/sulsc.com\/index.php\/wp-json\/wp\/v2\/posts\/3652"}],"collection":[{"href":"https:\/\/sulsc.com\/index.php\/wp-json\/wp\/v2\/posts"}],"about":[{"href":"https:\/\/sulsc.com\/index.php\/wp-json\/wp\/v2\/types\/post"}],"author":[{"embeddable":true,"href":"https:\/\/sulsc.com\/index.php\/wp-json\/wp\/v2\/users\/3"}],"replies":[{"embeddable":true,"href":"https:\/\/sulsc.com\/index.php\/wp-json\/wp\/v2\/comments?post=3652"}],"version-history":[{"count":2,"href":"https:\/\/sulsc.com\/index.php\/wp-json\/wp\/v2\/posts\/3652\/revisions"}],"predecessor-version":[{"id":3654,"href":"https:\/\/sulsc.com\/index.php\/wp-json\/wp\/v2\/posts\/3652\/revisions\/3654"}],"wp:featuredmedia":[{"embeddable":true,"href":"https:\/\/sulsc.com\/index.php\/wp-json\/wp\/v2\/media\/1127"}],"wp:attachment":[{"href":"https:\/\/sulsc.com\/index.php\/wp-json\/wp\/v2\/media?parent=3652"}],"wp:term":[{"taxonomy":"category","embeddable":true,"href":"https:\/\/sulsc.com\/index.php\/wp-json\/wp\/v2\/categories?post=3652"},{"taxonomy":"post_tag","embeddable":true,"href":"https:\/\/sulsc.com\/index.php\/wp-json\/wp\/v2\/tags?post=3652"}],"curies":[{"name":"wp","href":"https:\/\/api.w.org\/{rel}","templated":true}]}}