{"id":3677,"date":"2023-11-10T18:50:38","date_gmt":"2023-11-10T21:50:38","guid":{"rendered":"https:\/\/sulsc.com\/?p=3677"},"modified":"2023-11-10T17:29:38","modified_gmt":"2023-11-10T20:29:38","slug":"solenidade-marca-os-46-anos-de-criacao-da-policia-militar-rodoviaria","status":"publish","type":"post","link":"https:\/\/sulsc.com\/index.php\/2023\/11\/10\/solenidade-marca-os-46-anos-de-criacao-da-policia-militar-rodoviaria\/","title":{"rendered":"Solenidade marca os 46 anos de cria\u00e7\u00e3o da Pol\u00edcia Militar Rodovi\u00e1ria"},"content":{"rendered":"<p>Na manh\u00e3 desta sexta-feira (10), foi realizada na sede do Comando de Pol\u00edcia Militar Rodovi\u00e1ria (CPMRv), em Capoeiras, na Capital do Estado, a solenidade alusiva aos 46 anos de cria\u00e7\u00e3o da Pol\u00edcia Militar Rodovi\u00e1ria (PMRv). A cerim\u00f4nia iniciou por volta das 10h.<\/p>\n<p>Na ocasi\u00e3o, foram realizados os atos de homenagens, com a entrega das medalhas Coronel Lopes Vieira, m\u00e9rito rodovi\u00e1rio, lealdade e const\u00e2ncia, tempo de servi\u00e7o, m\u00e9rito pessoal e corpo de tropa, e tamb\u00e9m entrega de pr\u00eamios aos ganhadores do Desafio Fotogr\u00e1fico, realizado nos meses de julho e agosto, em comemora\u00e7\u00e3o ao anivers\u00e1rio da PMRv.<\/p>\n<p>Al\u00e9m disso, todos os presentes receberam um exemplar da revista alusiva aos 46 anos da PMRv, e ao final teve o tradicional parab\u00e9ns com o corte de bolo.<\/p>\n<p><img decoding=\"async\" title=\"aniversario-5.gif\" src=\"https:\/\/www.pm.sc.gov.br\/uploads\/82388067049\/2023\/11\/aniversario-5.gif\" \/><\/p>\n<p>&nbsp;<\/p>\n<p><img decoding=\"async\" title=\"aniversario-6.gif\" src=\"https:\/\/www.pm.sc.gov.br\/uploads\/82388067049\/2023\/11\/aniversario-6.gif\" \/><\/p>\n<p>Em meio \u00e0s autoridades presentes, destaque para o chefe do Estado-Maior-Geral da Pol\u00edcia Militar de Santa Catarina (PMSC), coronel Jailson Aur\u00e9lio Franzen, o comandante do CPMRv, coronel Ricardo Carlos Meyer, o comandante do Comando Rodovi\u00e1rio da Brigada Militar do Rio Grande do Sul (BMRS), coronel Rog\u00e9rio Pereira Martins, o comandante do Policiamento Rodovi\u00e1rio da Pol\u00edcia Militar de Minas Gerais (PMMG), coronel F\u00e1bio Oliveira de Almeida e o Comandante do Batalh\u00e3o Rodovi\u00e1rio da Pol\u00edcia Militar do Estado do Rio de Janeiro (PMRJ), coronel Marcelo Ramos do Carmo, entre outros convidados.<\/p>\n<p><img decoding=\"async\" title=\"aniversario-4.gif\" src=\"https:\/\/www.pm.sc.gov.br\/uploads\/82388067049\/2023\/11\/aniversario-4.gif\" \/><\/p>\n<p><img decoding=\"async\" title=\"aniversario-3.gif\" src=\"https:\/\/www.pm.sc.gov.br\/uploads\/82388067049\/2023\/11\/aniversario-3.gif\" \/><\/p>\n<p><strong>Sobre a PMRv<\/strong><\/p>\n<p>Em 11 de agosto de 2023, a PMRv completou seus 46 anos de exist\u00eancia. Atuando em 110 estradas e 240 trechos rodovi\u00e1rios, em uma malha vi\u00e1ria de mais de 4,2 mil quil\u00f4metros, os policiais militares rodovi\u00e1rios executam diariamente relevantes a\u00e7\u00f5es com o prop\u00f3sito de prevenir e reprimir atos contr\u00e1rios \u00e0 seguran\u00e7a p\u00fablica.<\/p>\n<p>Eles proporcionam seguran\u00e7a aos usu\u00e1rios das rodovias, asseguram a livre circula\u00e7\u00e3o, fiscalizam ve\u00edculos, cargas e passageiros, atendem e previnem acidentes, realizam barreiras policiais, atuam no combate aos crimes transfronteiri\u00e7os, efetuam escoltas de seguran\u00e7a de autoridades e de comboios, quando determinado, al\u00e9m do trabalho voltado a educa\u00e7\u00e3o no tr\u00e2nsito.<\/p>\n<p><img decoding=\"async\" title=\"aniversario-8.gif\" src=\"https:\/\/www.pm.sc.gov.br\/uploads\/82388067049\/2023\/11\/aniversario-8.gif\" \/><\/p>\n<p>Desde o in\u00edcio de sua cria\u00e7\u00e3o, a PMRv tem contribu\u00eddo significativamente para a melhoria da qualidade de vida dos catarinenses, por meio das atividades cont\u00ednuas que quase sempre visam o bem-estar dos condutores e a prote\u00e7\u00e3o a vida. Seus esfor\u00e7os tem sido essenciais para salvar vidas, reduzir o n\u00famero de acidentes e conscientizar os motoristas sobre a import\u00e2ncia de adotar comportamentos seguros durante seus deslocamentos.<\/p>\n<p>Ao longo desses 46 anos, a PMRv tem se modernizado e adaptado \u00e0s mudan\u00e7as tecnol\u00f3gicas, bem como \u00e0s necessidades do tr\u00e2nsito rodovi\u00e1rio contempor\u00e2neo. Atrav\u00e9s da incorpora\u00e7\u00e3o de novas tecnologias, como drones, radares de velocidade, balan\u00e7as m\u00f3veis e c\u00e2meras de monitoramento tornou poss\u00edvel uma atua\u00e7\u00e3o mais abrangente e eficiente nas rodovias estaduais.<\/p>\n<p><img decoding=\"async\" title=\"aniversario-7.gif\" src=\"https:\/\/www.pm.sc.gov.br\/uploads\/82388067049\/2023\/11\/aniversario-7.gif\" \/><\/p>\n<p>A PMRv, em seus 46 anos de cria\u00e7\u00e3o, tem uma hist\u00f3ria escrita com muito trabalho e dedica\u00e7\u00e3o de pessoas comprometidas com a seguran\u00e7a vi\u00e1ria e com a institui\u00e7\u00e3o. Esse compromisso permanece firme, materializado em a\u00e7\u00f5es perpetradas por profissionais engajados e agindo incansavelmente em prol da comunidade em todo estado catarinense.<\/p>\n<p><strong>Conhe\u00e7a a hist\u00f3ria do CPMRv<\/strong><\/p>\n<p>O Comando de Policiamento Militar Rodovi\u00e1rio do Estado de Santa Catarina (CPMRv) tem sua origem no conv\u00eanio celebrado entre a Secretaria de Estado de Seguran\u00e7a e Informa\u00e7\u00f5es (SSI\/PMSC) e a Secretaria de Estado dos Transportes e Obras (STO\/DER\/SC) para a execu\u00e7\u00e3o do policiamento das rodovias estaduais.<\/p>\n<p>O conv\u00eanio foi assinado em 12 de novembro de 1976, e em 22 de novembro do mesmo ano foi materializado atrav\u00e9s do Decreto n\u00ba 1832. Seu artigo 1\u00ba aprovou o contrato celebrado entre a Secretaria da Seguran\u00e7a e Informa\u00e7\u00f5es, por interm\u00e9dio da Pol\u00edcia Militar de Santa Catarina, e a Secretaria dos Transportes e Obras, por meio do Departamento de Estradas de Rodagem, que estabeleceram a coopera\u00e7\u00e3o rec\u00edproca em assuntos relativos ao Policiamento Militar Rodovi\u00e1rio.<\/p>\n<p>O Decreto n\u00ba 2597, de maio de 1977, cria o Policiamento Rodovi\u00e1rio na Pol\u00edcia Militar de Santa Catarina, sendo que o Decreto n\u00ba 2599, de 12 de maio de 1977, instituiu a Pol\u00edcia Rodovi\u00e1ria Estadual e deixou a fiscaliza\u00e7\u00e3o do tr\u00e2nsito nas rodovias estaduais a cargo do DER\/SC.<\/p>\n<p><img decoding=\"async\" title=\"aniversario-10.jpg\" src=\"https:\/\/www.pm.sc.gov.br\/uploads\/82388067049\/2023\/11\/aniversario-10.jpg\" \/><\/p>\n<p>Em 11 de agosto de 1977, iniciaram, de fato, as atividades da Pol\u00edcia Rodovi\u00e1ria Estadual (PRE) com a ativa\u00e7\u00e3o de um pelot\u00e3o com um efetivo de 30 homens, sendo ativado o 1\u00ba Grupamento CPMRv (Ratones \u2013 Florian\u00f3polis) e o 2\u00ba Grupamento CPMRv (Gaspar). J\u00e1 o Decreto n\u00ba 7743, de 31 de maio de 1979, artigo 67, inciso XXII, criou a Companhia de Pol\u00edcia Rodovi\u00e1ria Estadual, e o Decreto n\u00ba 16310, de 24 de fevereiro de 1982, artigo 25, ativou a Companhia CPMRv.<\/p>\n<p>No ano de 1999, os pelot\u00f5es da companhia CPMRv foram interiorizados sob o comando de um oficial subalterno, tendo como sedes os seguintes Grupos: 1\u00ba Pelot\u00e3o no 1\u00ba Gp CPMRv (Ratones \u2013 Florian\u00f3polis), 2\u00ba Pelot\u00e3o no 5\u00ba Gp CPMRv (Cocal do Sul), 3\u00ba Pelot\u00e3o no 13\u00ba Gp CPMRv (Vila Itoupava \u2013 Blumenau) e o 4\u00ba Pelot\u00e3o no 8\u00ba Gp CPMRv (Ibicar\u00e9).<\/p>\n<p><img decoding=\"async\" title=\"aniversario-11.gif\" src=\"https:\/\/www.pm.sc.gov.br\/uploads\/82388067049\/2023\/11\/aniversario-11.gif\" \/><\/p>\n<p>Por meio da Portaria n\u00ba 63, do secret\u00e1rio de Estado da Administra\u00e7\u00e3o, de 15 de janeiro de 2002, a Pol\u00edcia Rodovi\u00e1ria Estadual passou a ter sua pr\u00f3pria sede do comando, com localiza\u00e7\u00e3o na rua Prefeito Dib Cherem, 2579, Capoeiras, Florian\u00f3polis.<\/p>\n<p>Em 21 de fevereiro de 2005, por meio da Portaria n\u00ba 065\/PMSC, o comandante da Pol\u00edcia Militar alterou o quadro de organiza\u00e7\u00e3o da companhia de Pol\u00edcia Rodovi\u00e1ria, acrescentando o 5\u00ba, 6\u00ba e 7\u00ba pelot\u00f5es.<\/p>\n<p>&#8211; 5\u00ba Pelot\u00e3o de Pol\u00edcia Rodovi\u00e1ria: sediado em Painel; com circunscri\u00e7\u00e3o sobre o Posto 10, com sede em Painel; Posto 11, com sede em Palmeira, e o Posto 21, com sede em Bom Jardim da Serra.<\/p>\n<p>&#8211; 6\u00ba Pelot\u00e3o de Pol\u00edcia Rodovi\u00e1ria: sediado em Joinville; com circunscri\u00e7\u00e3o sobre o Posto 4, com sede em Campo Alegre; Posto 16, com sede em Canoinhas e o Posto 18, com sede em Joinville.<\/p>\n<p>&#8211; 7\u00ba Pelot\u00e3o de Pol\u00edcia Rodovi\u00e1ria: sediado em Ipor\u00e3 do Oeste; com circunscri\u00e7\u00e3o sobre o Posto 9, com sede em Bom Jesus; Posto 12, com sede em Ipor\u00e3 do Oeste e o Posto 17, com sede em S\u00e3o Louren\u00e7o do Oeste.<\/p>\n<p>De Acordo com o Decreto n\u00ba 3.554, de 3 de outubro de 2005, o governador do Estado transformou a Companhia de Pol\u00edcia Rodovi\u00e1ria em Guarni\u00e7\u00e3o Especial de Pol\u00edcia Militar Rodovi\u00e1ria, sendo esta, para efeitos legais, equivalente a um batalh\u00e3o.<\/p>\n<p>Assim, no dia 14 de novembro de 2007, por meio do Decreto Estadual n\u00ba 810\/2007, a Guarni\u00e7\u00e3o Especial de Pol\u00edcia Militar Rodovi\u00e1ria foi transformada em Batalh\u00e3o de Pol\u00edcia Militar Rodovi\u00e1ria por meio do Decreto Estadual n\u00ba 810\/2007.<\/p>\n<p><img decoding=\"async\" title=\"aniversario-13.gif\" src=\"https:\/\/www.pm.sc.gov.br\/uploads\/82388067049\/2023\/11\/aniversario-13.gif\" \/><\/p>\n<p>Em 2011, o Batalh\u00e3o de Pol\u00edcia Militar Rodovi\u00e1ria foi nomeado Batalh\u00e3o Coronel Paulo Ekke Moukarzel, em homenagem p\u00f3stuma ao comandante falecido em servi\u00e7o. J\u00e1, em 2016, ocorreu a cria\u00e7\u00e3o do Comando de Pol\u00edcia Militar Rodovi\u00e1ria, que ampliou a estrutura da PMRv, estabelecendo dois batalh\u00f5es: o 1\u00ba BPMRv, em Florian\u00f3polis e o 2\u00ba BPMRv, em Ibicar\u00e9, permitindo uma atua\u00e7\u00e3o ainda mais eficiente e abrangente nas rodovias catarinenses.<\/p>\n<p><img decoding=\"async\" title=\"aniversario-12.gif\" src=\"https:\/\/www.pm.sc.gov.br\/uploads\/82388067049\/2023\/11\/aniversario-12.gif\" \/><\/p>\n<p>A \u00faltima das unidades da PMRv a ser instalada no Estado de Santa Catarina est\u00e1 localizada na SC-480, em Chapec\u00f3, uma importante rodovia de liga\u00e7\u00e3o entre os tr\u00eas estados do sul do Brasil. O 2\u00ba Grupamento da 3\u00aa Companhia do 2\u00ba Batalh\u00e3o de Pol\u00edcia Militar Rodovi\u00e1ria, denomidado Posto 25 da PMRv, foi inaugurado em 14 de fevereiro de 2023.<\/p>\n<p>Atualmente, a PMRv conta com dois batalh\u00f5es, sete companhias e 25 postos rodovi\u00e1rios, espalhados por todas as regi\u00f5es do Estado.<\/p>\n<p>&nbsp;<\/p>\n<p>Fonte: PMSC<\/p>\n","protected":false},"excerpt":{"rendered":"<p>Na manh\u00e3 desta sexta-feira (10), foi realizada na sede do Comando de Pol\u00edcia Militar Rodovi\u00e1ria (CPMRv), em Capoeiras, na Capital do Estado, a solenidade alusiva aos 46 anos de cria\u00e7\u00e3o da Pol\u00edcia Militar Rodovi\u00e1ria (PMRv). A cerim\u00f4nia iniciou por volta das 10h. Na ocasi\u00e3o, foram realizados os atos de homenagens, com a entrega das medalhas &hellip;<\/p>\n<p class=\"read-more\"> <a class=\"\" href=\"https:\/\/sulsc.com\/index.php\/2023\/11\/10\/solenidade-marca-os-46-anos-de-criacao-da-policia-militar-rodoviaria\/\"> <span class=\"screen-reader-text\">Solenidade marca os 46 anos de cria\u00e7\u00e3o da Pol\u00edcia Militar Rodovi\u00e1ria<\/span> Read More &raquo;<\/a><\/p>\n","protected":false},"author":3,"featured_media":3678,"comment_status":"open","ping_status":"open","sticky":false,"template":"","format":"standard","meta":{"site-sidebar-layout":"default","site-content-layout":"","ast-site-content-layout":"default","site-content-style":"default","site-sidebar-style":"default","ast-global-header-display":"","ast-banner-title-visibility":"","ast-main-header-display":"","ast-hfb-above-header-display":"","ast-hfb-below-header-display":"","ast-hfb-mobile-header-display":"","site-post-title":"","ast-breadcrumbs-content":"","ast-featured-img":"","footer-sml-layout":"","theme-transparent-header-meta":"default","adv-header-id-meta":"","stick-header-meta":"","header-above-stick-meta":"","header-main-stick-meta":"","header-below-stick-meta":"","astra-migrate-meta-layouts":"set","footnotes":""},"categories":[8],"tags":[],"yoast_head":"<!-- This site is optimized with the Yoast SEO plugin v21.4 - https:\/\/yoast.com\/wordpress\/plugins\/seo\/ -->\n<title>Solenidade marca os 46 anos de cria\u00e7\u00e3o da Pol\u00edcia Militar Rodovi\u00e1ria -<\/title>\n<meta name=\"robots\" content=\"index, follow, max-snippet:-1, max-image-preview:large, max-video-preview:-1\" \/>\n<link rel=\"canonical\" href=\"https:\/\/sulsc.com\/index.php\/2023\/11\/10\/solenidade-marca-os-46-anos-de-criacao-da-policia-militar-rodoviaria\/\" \/>\n<meta property=\"og:locale\" content=\"en_US\" \/>\n<meta property=\"og:type\" content=\"article\" \/>\n<meta property=\"og:title\" content=\"Solenidade marca os 46 anos de cria\u00e7\u00e3o da Pol\u00edcia Militar Rodovi\u00e1ria -\" \/>\n<meta property=\"og:description\" content=\"Na manh\u00e3 desta sexta-feira (10), foi realizada na sede do Comando de Pol\u00edcia Militar Rodovi\u00e1ria (CPMRv), em Capoeiras, na Capital do Estado, a solenidade alusiva aos 46 anos de cria\u00e7\u00e3o da Pol\u00edcia Militar Rodovi\u00e1ria (PMRv). A cerim\u00f4nia iniciou por volta das 10h. Na ocasi\u00e3o, foram realizados os atos de homenagens, com a entrega das medalhas &hellip; Solenidade marca os 46 anos de cria\u00e7\u00e3o da Pol\u00edcia Militar Rodovi\u00e1ria Read More &raquo;\" \/>\n<meta property=\"og:url\" content=\"https:\/\/sulsc.com\/index.php\/2023\/11\/10\/solenidade-marca-os-46-anos-de-criacao-da-policia-militar-rodoviaria\/\" \/>\n<meta property=\"article:author\" content=\"https:\/\/www.facebook.com\/profile.php?id=61559278119680\" \/>\n<meta property=\"article:published_time\" content=\"2023-11-10T21:50:38+00:00\" \/>\n<meta property=\"article:modified_time\" content=\"2023-11-10T20:29:38+00:00\" \/>\n<meta property=\"og:image\" content=\"https:\/\/sulsc.com\/wp-content\/uploads\/2023\/11\/aniversario-1.gif\" \/>\n\t<meta property=\"og:image:width\" content=\"720\" \/>\n\t<meta property=\"og:image:height\" content=\"405\" \/>\n\t<meta property=\"og:image:type\" content=\"image\/gif\" \/>\n<meta name=\"author\" content=\"Reda\u00e7\u00e3o Sul SC\" \/>\n<meta name=\"twitter:card\" content=\"summary_large_image\" \/>\n<meta name=\"twitter:creator\" content=\"@https:\/\/twitter.com\/PortalSulSC\" \/>\n<meta name=\"twitter:label1\" content=\"Written by\" \/>\n\t<meta name=\"twitter:data1\" content=\"Reda\u00e7\u00e3o Sul SC\" \/>\n\t<meta name=\"twitter:label2\" content=\"Est. reading time\" \/>\n\t<meta name=\"twitter:data2\" content=\"9 minutes\" \/>\n<script type=\"application\/ld+json\" class=\"yoast-schema-graph\">{\"@context\":\"https:\/\/schema.org\",\"@graph\":[{\"@type\":\"WebPage\",\"@id\":\"https:\/\/sulsc.com\/index.php\/2023\/11\/10\/solenidade-marca-os-46-anos-de-criacao-da-policia-militar-rodoviaria\/\",\"url\":\"https:\/\/sulsc.com\/index.php\/2023\/11\/10\/solenidade-marca-os-46-anos-de-criacao-da-policia-militar-rodoviaria\/\",\"name\":\"Solenidade marca os 46 anos de cria\u00e7\u00e3o da Pol\u00edcia Militar Rodovi\u00e1ria -\",\"isPartOf\":{\"@id\":\"https:\/\/sulsc.com\/#website\"},\"datePublished\":\"2023-11-10T21:50:38+00:00\",\"dateModified\":\"2023-11-10T20:29:38+00:00\",\"author\":{\"@id\":\"https:\/\/sulsc.com\/#\/schema\/person\/84d2fc571684f6248ba83092f07750a3\"},\"breadcrumb\":{\"@id\":\"https:\/\/sulsc.com\/index.php\/2023\/11\/10\/solenidade-marca-os-46-anos-de-criacao-da-policia-militar-rodoviaria\/#breadcrumb\"},\"inLanguage\":\"en-US\",\"potentialAction\":[{\"@type\":\"ReadAction\",\"target\":[\"https:\/\/sulsc.com\/index.php\/2023\/11\/10\/solenidade-marca-os-46-anos-de-criacao-da-policia-militar-rodoviaria\/\"]}]},{\"@type\":\"BreadcrumbList\",\"@id\":\"https:\/\/sulsc.com\/index.php\/2023\/11\/10\/solenidade-marca-os-46-anos-de-criacao-da-policia-militar-rodoviaria\/#breadcrumb\",\"itemListElement\":[{\"@type\":\"ListItem\",\"position\":1,\"name\":\"In\u00edcio\",\"item\":\"https:\/\/sulsc.com\/\"},{\"@type\":\"ListItem\",\"position\":2,\"name\":\"Solenidade marca os 46 anos de cria\u00e7\u00e3o da Pol\u00edcia Militar Rodovi\u00e1ria\"}]},{\"@type\":\"WebSite\",\"@id\":\"https:\/\/sulsc.com\/#website\",\"url\":\"https:\/\/sulsc.com\/\",\"name\":\"\",\"description\":\"\",\"potentialAction\":[{\"@type\":\"SearchAction\",\"target\":{\"@type\":\"EntryPoint\",\"urlTemplate\":\"https:\/\/sulsc.com\/?s={search_term_string}\"},\"query-input\":\"required name=search_term_string\"}],\"inLanguage\":\"en-US\"},{\"@type\":\"Person\",\"@id\":\"https:\/\/sulsc.com\/#\/schema\/person\/84d2fc571684f6248ba83092f07750a3\",\"name\":\"Reda\u00e7\u00e3o Sul SC\",\"image\":{\"@type\":\"ImageObject\",\"inLanguage\":\"en-US\",\"@id\":\"https:\/\/sulsc.com\/#\/schema\/person\/image\/e08d7fe2cc4ed596372063bbe852b8d0\",\"url\":\"https:\/\/sulsc.com\/wp-content\/uploads\/2023\/09\/redacao.png\",\"contentUrl\":\"https:\/\/sulsc.com\/wp-content\/uploads\/2023\/09\/redacao.png\",\"caption\":\"Reda\u00e7\u00e3o Sul SC\"},\"description\":\"Foco em um jornalismo imparcial, voltado \u00e0 qualidade dos seus conte\u00fados e, assim, levar informa\u00e7\u00e3o de valor que agregue \u00e0 vida dos leitores. Esta \u00e9 grande miss\u00e3o do Portal de Not\u00edcias Sul SC. N\u00e3o \u00e9 quantidade que muda o mundo, sempre foi e seguir\u00e1 sendo qualidade!\",\"sameAs\":[\"https:\/\/sulsc.com\/\",\"https:\/\/www.facebook.com\/profile.php?id=61559278119680\",\"https:\/\/www.instagram.com\/sulscportal\/?hl=pt-br\",\"https:\/\/twitter.com\/https:\/\/twitter.com\/PortalSulSC\",\"https:\/\/www.youtube.com\/channel\/UCv_BE8GeySluDov2n8qhVmw\"],\"url\":\"https:\/\/sulsc.com\/index.php\/author\/redacao\/\"}]}<\/script>\n<!-- \/ Yoast SEO plugin. -->","yoast_head_json":{"title":"Solenidade marca os 46 anos de cria\u00e7\u00e3o da Pol\u00edcia Militar Rodovi\u00e1ria -","robots":{"index":"index","follow":"follow","max-snippet":"max-snippet:-1","max-image-preview":"max-image-preview:large","max-video-preview":"max-video-preview:-1"},"canonical":"https:\/\/sulsc.com\/index.php\/2023\/11\/10\/solenidade-marca-os-46-anos-de-criacao-da-policia-militar-rodoviaria\/","og_locale":"en_US","og_type":"article","og_title":"Solenidade marca os 46 anos de cria\u00e7\u00e3o da Pol\u00edcia Militar Rodovi\u00e1ria -","og_description":"Na manh\u00e3 desta sexta-feira (10), foi realizada na sede do Comando de Pol\u00edcia Militar Rodovi\u00e1ria (CPMRv), em Capoeiras, na Capital do Estado, a solenidade alusiva aos 46 anos de cria\u00e7\u00e3o da Pol\u00edcia Militar Rodovi\u00e1ria (PMRv). A cerim\u00f4nia iniciou por volta das 10h. Na ocasi\u00e3o, foram realizados os atos de homenagens, com a entrega das medalhas &hellip; Solenidade marca os 46 anos de cria\u00e7\u00e3o da Pol\u00edcia Militar Rodovi\u00e1ria Read More &raquo;","og_url":"https:\/\/sulsc.com\/index.php\/2023\/11\/10\/solenidade-marca-os-46-anos-de-criacao-da-policia-militar-rodoviaria\/","article_author":"https:\/\/www.facebook.com\/profile.php?id=61559278119680","article_published_time":"2023-11-10T21:50:38+00:00","article_modified_time":"2023-11-10T20:29:38+00:00","og_image":[{"width":720,"height":405,"url":"https:\/\/sulsc.com\/wp-content\/uploads\/2023\/11\/aniversario-1.gif","type":"image\/gif"}],"author":"Reda\u00e7\u00e3o Sul SC","twitter_card":"summary_large_image","twitter_creator":"@https:\/\/twitter.com\/PortalSulSC","twitter_misc":{"Written by":"Reda\u00e7\u00e3o Sul SC","Est. reading time":"9 minutes"},"schema":{"@context":"https:\/\/schema.org","@graph":[{"@type":"WebPage","@id":"https:\/\/sulsc.com\/index.php\/2023\/11\/10\/solenidade-marca-os-46-anos-de-criacao-da-policia-militar-rodoviaria\/","url":"https:\/\/sulsc.com\/index.php\/2023\/11\/10\/solenidade-marca-os-46-anos-de-criacao-da-policia-militar-rodoviaria\/","name":"Solenidade marca os 46 anos de cria\u00e7\u00e3o da Pol\u00edcia Militar Rodovi\u00e1ria -","isPartOf":{"@id":"https:\/\/sulsc.com\/#website"},"datePublished":"2023-11-10T21:50:38+00:00","dateModified":"2023-11-10T20:29:38+00:00","author":{"@id":"https:\/\/sulsc.com\/#\/schema\/person\/84d2fc571684f6248ba83092f07750a3"},"breadcrumb":{"@id":"https:\/\/sulsc.com\/index.php\/2023\/11\/10\/solenidade-marca-os-46-anos-de-criacao-da-policia-militar-rodoviaria\/#breadcrumb"},"inLanguage":"en-US","potentialAction":[{"@type":"ReadAction","target":["https:\/\/sulsc.com\/index.php\/2023\/11\/10\/solenidade-marca-os-46-anos-de-criacao-da-policia-militar-rodoviaria\/"]}]},{"@type":"BreadcrumbList","@id":"https:\/\/sulsc.com\/index.php\/2023\/11\/10\/solenidade-marca-os-46-anos-de-criacao-da-policia-militar-rodoviaria\/#breadcrumb","itemListElement":[{"@type":"ListItem","position":1,"name":"In\u00edcio","item":"https:\/\/sulsc.com\/"},{"@type":"ListItem","position":2,"name":"Solenidade marca os 46 anos de cria\u00e7\u00e3o da Pol\u00edcia Militar Rodovi\u00e1ria"}]},{"@type":"WebSite","@id":"https:\/\/sulsc.com\/#website","url":"https:\/\/sulsc.com\/","name":"","description":"","potentialAction":[{"@type":"SearchAction","target":{"@type":"EntryPoint","urlTemplate":"https:\/\/sulsc.com\/?s={search_term_string}"},"query-input":"required name=search_term_string"}],"inLanguage":"en-US"},{"@type":"Person","@id":"https:\/\/sulsc.com\/#\/schema\/person\/84d2fc571684f6248ba83092f07750a3","name":"Reda\u00e7\u00e3o Sul SC","image":{"@type":"ImageObject","inLanguage":"en-US","@id":"https:\/\/sulsc.com\/#\/schema\/person\/image\/e08d7fe2cc4ed596372063bbe852b8d0","url":"https:\/\/sulsc.com\/wp-content\/uploads\/2023\/09\/redacao.png","contentUrl":"https:\/\/sulsc.com\/wp-content\/uploads\/2023\/09\/redacao.png","caption":"Reda\u00e7\u00e3o Sul SC"},"description":"Foco em um jornalismo imparcial, voltado \u00e0 qualidade dos seus conte\u00fados e, assim, levar informa\u00e7\u00e3o de valor que agregue \u00e0 vida dos leitores. Esta \u00e9 grande miss\u00e3o do Portal de Not\u00edcias Sul SC. N\u00e3o \u00e9 quantidade que muda o mundo, sempre foi e seguir\u00e1 sendo qualidade!","sameAs":["https:\/\/sulsc.com\/","https:\/\/www.facebook.com\/profile.php?id=61559278119680","https:\/\/www.instagram.com\/sulscportal\/?hl=pt-br","https:\/\/twitter.com\/https:\/\/twitter.com\/PortalSulSC","https:\/\/www.youtube.com\/channel\/UCv_BE8GeySluDov2n8qhVmw"],"url":"https:\/\/sulsc.com\/index.php\/author\/redacao\/"}]}},"authors":[],"_links":{"self":[{"href":"https:\/\/sulsc.com\/index.php\/wp-json\/wp\/v2\/posts\/3677"}],"collection":[{"href":"https:\/\/sulsc.com\/index.php\/wp-json\/wp\/v2\/posts"}],"about":[{"href":"https:\/\/sulsc.com\/index.php\/wp-json\/wp\/v2\/types\/post"}],"author":[{"embeddable":true,"href":"https:\/\/sulsc.com\/index.php\/wp-json\/wp\/v2\/users\/3"}],"replies":[{"embeddable":true,"href":"https:\/\/sulsc.com\/index.php\/wp-json\/wp\/v2\/comments?post=3677"}],"version-history":[{"count":1,"href":"https:\/\/sulsc.com\/index.php\/wp-json\/wp\/v2\/posts\/3677\/revisions"}],"predecessor-version":[{"id":3679,"href":"https:\/\/sulsc.com\/index.php\/wp-json\/wp\/v2\/posts\/3677\/revisions\/3679"}],"wp:featuredmedia":[{"embeddable":true,"href":"https:\/\/sulsc.com\/index.php\/wp-json\/wp\/v2\/media\/3678"}],"wp:attachment":[{"href":"https:\/\/sulsc.com\/index.php\/wp-json\/wp\/v2\/media?parent=3677"}],"wp:term":[{"taxonomy":"category","embeddable":true,"href":"https:\/\/sulsc.com\/index.php\/wp-json\/wp\/v2\/categories?post=3677"},{"taxonomy":"post_tag","embeddable":true,"href":"https:\/\/sulsc.com\/index.php\/wp-json\/wp\/v2\/tags?post=3677"}],"curies":[{"name":"wp","href":"https:\/\/api.w.org\/{rel}","templated":true}]}}