{"id":3704,"date":"2023-11-13T11:30:54","date_gmt":"2023-11-13T14:30:54","guid":{"rendered":"https:\/\/sulsc.com\/?p=3704"},"modified":"2023-11-13T11:48:50","modified_gmt":"2023-11-13T14:48:50","slug":"semana-sera-marcada-por-chuva-frequente-e-volumosa-em-santa-catarina","status":"publish","type":"post","link":"https:\/\/sulsc.com\/index.php\/2023\/11\/13\/semana-sera-marcada-por-chuva-frequente-e-volumosa-em-santa-catarina\/","title":{"rendered":"Semana ser\u00e1 marcada por chuva frequente e volumosa em Santa Catarina"},"content":{"rendered":"<p>Ap\u00f3s dias de tempo seco e de predom\u00ednio do sol em Santa Catarina, a semana ser\u00e1 marcada por chuva frequente e volumosa. As mudan\u00e7as no tempo s\u00e3o provocadas por conta da atua\u00e7\u00e3o de duas frentes frias.\u00a0Entre amanh\u00e3 (14) e quarta-feira (15), a primeira frente fria avan\u00e7a e recebe refor\u00e7o de calor e umidade da regi\u00e3o Norte do Brasil.<\/p>\n<p>Esta condi\u00e7\u00e3o favorece a forma\u00e7\u00e3o de temporais acompanhados de chuva intensa, raios, rajadas de vento e granizo, principalmente no Grande Oeste e \u00e1reas de divisa com o RS. Nas demais regi\u00f5es a chuva \u00e9 menos abrangente, mas ainda h\u00e1 possibilidade de temporais isolados.<\/p>\n<p>Entre a quinta-feira (16) e s\u00e1bado (18), a segunda frente fria se forma e avan\u00e7a lentamente por Santa Catarina. Neste per\u00edodo, principalmente no s\u00e1bado, os acumulados podem ser expressivos e bem distribu\u00eddos pelo estado, podendo variar entre 70 e 120 mm.<\/p>\n<p>Por conta da passagens destas frentes frias combinadas \u00e0 presen\u00e7a de calor e umidade, os volumes esperados na pr\u00f3xima semana s\u00e3o expressivos, podendo registrar valores m\u00e9dios entre 150 e 200 mm, com pontuais acima, principalmente no Grande Oeste, Planalto Sul, Litoral Sul e parte do Vale do Itaja\u00ed.<\/p>\n<p>Vale ressaltar que a previs\u00e3o do tempo pode variar de acordo com a atualiza\u00e7\u00e3o dos modelos meteorol\u00f3gicos no decorrer da semana. A Defesa Civil de Santa Catarina segue em monitoramento intensificado e, qualquer altera\u00e7\u00e3o do panorama previsto, ser\u00e1 atualizado no site e redes sociais oficiais.<\/p>\n<p><img fetchpriority=\"high\" decoding=\"async\" class=\"alignnone size-large wp-image-1788\" src=\"http:\/\/sulsc.com\/wp-content\/uploads\/2023\/10\/chuva-fora-das-janelas-da-vila-1024x683.jpg\" alt=\"\" width=\"1024\" height=\"683\" srcset=\"https:\/\/sulsc.com\/wp-content\/uploads\/2023\/10\/chuva-fora-das-janelas-da-vila-1024x683.jpg 1024w, https:\/\/sulsc.com\/wp-content\/uploads\/2023\/10\/chuva-fora-das-janelas-da-vila-300x200.jpg 300w, https:\/\/sulsc.com\/wp-content\/uploads\/2023\/10\/chuva-fora-das-janelas-da-vila-768x512.jpg 768w, https:\/\/sulsc.com\/wp-content\/uploads\/2023\/10\/chuva-fora-das-janelas-da-vila-1536x1024.jpg 1536w, https:\/\/sulsc.com\/wp-content\/uploads\/2023\/10\/chuva-fora-das-janelas-da-vila-2048x1365.jpg 2048w\" sizes=\"(max-width: 1024px) 100vw, 1024px\" \/><\/p>\n<p>Fonte: Gov. SC<\/p>\n","protected":false},"excerpt":{"rendered":"<p>Ap\u00f3s dias de tempo seco e de predom\u00ednio do sol em Santa Catarina, a semana ser\u00e1 marcada por chuva frequente e volumosa. As mudan\u00e7as no tempo s\u00e3o provocadas por conta da atua\u00e7\u00e3o de duas frentes frias.\u00a0Entre amanh\u00e3 (14) e quarta-feira (15), a primeira frente fria avan\u00e7a e recebe refor\u00e7o de calor e umidade da regi\u00e3o &hellip;<\/p>\n<p class=\"read-more\"> <a class=\"\" href=\"https:\/\/sulsc.com\/index.php\/2023\/11\/13\/semana-sera-marcada-por-chuva-frequente-e-volumosa-em-santa-catarina\/\"> <span class=\"screen-reader-text\">Semana ser\u00e1 marcada por chuva frequente e volumosa em Santa Catarina<\/span> Read More &raquo;<\/a><\/p>\n","protected":false},"author":3,"featured_media":3015,"comment_status":"open","ping_status":"open","sticky":false,"template":"","format":"standard","meta":{"site-sidebar-layout":"default","site-content-layout":"","ast-site-content-layout":"default","site-content-style":"default","site-sidebar-style":"default","ast-global-header-display":"","ast-banner-title-visibility":"","ast-main-header-display":"","ast-hfb-above-header-display":"","ast-hfb-below-header-display":"","ast-hfb-mobile-header-display":"","site-post-title":"","ast-breadcrumbs-content":"","ast-featured-img":"","footer-sml-layout":"","theme-transparent-header-meta":"default","adv-header-id-meta":"","stick-header-meta":"","header-above-stick-meta":"","header-main-stick-meta":"","header-below-stick-meta":"","astra-migrate-meta-layouts":"set","footnotes":""},"categories":[38],"tags":[],"yoast_head":"<!-- This site is optimized with the Yoast SEO plugin v21.4 - https:\/\/yoast.com\/wordpress\/plugins\/seo\/ -->\n<title>Semana ser\u00e1 marcada por chuva frequente e volumosa em Santa Catarina -<\/title>\n<meta name=\"robots\" content=\"index, follow, max-snippet:-1, max-image-preview:large, max-video-preview:-1\" \/>\n<link rel=\"canonical\" href=\"https:\/\/sulsc.com\/index.php\/2023\/11\/13\/semana-sera-marcada-por-chuva-frequente-e-volumosa-em-santa-catarina\/\" \/>\n<meta property=\"og:locale\" content=\"en_US\" \/>\n<meta property=\"og:type\" content=\"article\" \/>\n<meta property=\"og:title\" content=\"Semana ser\u00e1 marcada por chuva frequente e volumosa em Santa Catarina -\" \/>\n<meta property=\"og:description\" content=\"Ap\u00f3s dias de tempo seco e de predom\u00ednio do sol em Santa Catarina, a semana ser\u00e1 marcada por chuva frequente e volumosa. As mudan\u00e7as no tempo s\u00e3o provocadas por conta da atua\u00e7\u00e3o de duas frentes frias.\u00a0Entre amanh\u00e3 (14) e quarta-feira (15), a primeira frente fria avan\u00e7a e recebe refor\u00e7o de calor e umidade da regi\u00e3o &hellip; Semana ser\u00e1 marcada por chuva frequente e volumosa em Santa Catarina Read More &raquo;\" \/>\n<meta property=\"og:url\" content=\"https:\/\/sulsc.com\/index.php\/2023\/11\/13\/semana-sera-marcada-por-chuva-frequente-e-volumosa-em-santa-catarina\/\" \/>\n<meta property=\"article:author\" content=\"https:\/\/www.facebook.com\/profile.php?id=61559278119680\" \/>\n<meta property=\"article:published_time\" content=\"2023-11-13T14:30:54+00:00\" \/>\n<meta property=\"article:modified_time\" content=\"2023-11-13T14:48:50+00:00\" \/>\n<meta property=\"og:image\" content=\"http:\/\/sulsc.com\/wp-content\/uploads\/2023\/10\/chuva-1.jpg\" \/>\n\t<meta property=\"og:image:width\" content=\"800\" \/>\n\t<meta property=\"og:image:height\" content=\"534\" \/>\n\t<meta property=\"og:image:type\" content=\"image\/jpeg\" \/>\n<meta name=\"author\" content=\"Reda\u00e7\u00e3o Sul SC\" \/>\n<meta name=\"twitter:card\" content=\"summary_large_image\" \/>\n<meta name=\"twitter:creator\" content=\"@https:\/\/twitter.com\/PortalSulSC\" \/>\n<meta name=\"twitter:label1\" content=\"Written by\" \/>\n\t<meta name=\"twitter:data1\" content=\"Reda\u00e7\u00e3o Sul SC\" \/>\n\t<meta name=\"twitter:label2\" content=\"Est. reading time\" \/>\n\t<meta name=\"twitter:data2\" content=\"2 minutes\" \/>\n<script type=\"application\/ld+json\" class=\"yoast-schema-graph\">{\"@context\":\"https:\/\/schema.org\",\"@graph\":[{\"@type\":\"WebPage\",\"@id\":\"https:\/\/sulsc.com\/index.php\/2023\/11\/13\/semana-sera-marcada-por-chuva-frequente-e-volumosa-em-santa-catarina\/\",\"url\":\"https:\/\/sulsc.com\/index.php\/2023\/11\/13\/semana-sera-marcada-por-chuva-frequente-e-volumosa-em-santa-catarina\/\",\"name\":\"Semana ser\u00e1 marcada por chuva frequente e volumosa em Santa Catarina -\",\"isPartOf\":{\"@id\":\"https:\/\/sulsc.com\/#website\"},\"datePublished\":\"2023-11-13T14:30:54+00:00\",\"dateModified\":\"2023-11-13T14:48:50+00:00\",\"author\":{\"@id\":\"https:\/\/sulsc.com\/#\/schema\/person\/84d2fc571684f6248ba83092f07750a3\"},\"breadcrumb\":{\"@id\":\"https:\/\/sulsc.com\/index.php\/2023\/11\/13\/semana-sera-marcada-por-chuva-frequente-e-volumosa-em-santa-catarina\/#breadcrumb\"},\"inLanguage\":\"en-US\",\"potentialAction\":[{\"@type\":\"ReadAction\",\"target\":[\"https:\/\/sulsc.com\/index.php\/2023\/11\/13\/semana-sera-marcada-por-chuva-frequente-e-volumosa-em-santa-catarina\/\"]}]},{\"@type\":\"BreadcrumbList\",\"@id\":\"https:\/\/sulsc.com\/index.php\/2023\/11\/13\/semana-sera-marcada-por-chuva-frequente-e-volumosa-em-santa-catarina\/#breadcrumb\",\"itemListElement\":[{\"@type\":\"ListItem\",\"position\":1,\"name\":\"In\u00edcio\",\"item\":\"https:\/\/sulsc.com\/\"},{\"@type\":\"ListItem\",\"position\":2,\"name\":\"Semana ser\u00e1 marcada por chuva frequente e volumosa em Santa Catarina\"}]},{\"@type\":\"WebSite\",\"@id\":\"https:\/\/sulsc.com\/#website\",\"url\":\"https:\/\/sulsc.com\/\",\"name\":\"\",\"description\":\"\",\"potentialAction\":[{\"@type\":\"SearchAction\",\"target\":{\"@type\":\"EntryPoint\",\"urlTemplate\":\"https:\/\/sulsc.com\/?s={search_term_string}\"},\"query-input\":\"required name=search_term_string\"}],\"inLanguage\":\"en-US\"},{\"@type\":\"Person\",\"@id\":\"https:\/\/sulsc.com\/#\/schema\/person\/84d2fc571684f6248ba83092f07750a3\",\"name\":\"Reda\u00e7\u00e3o Sul SC\",\"image\":{\"@type\":\"ImageObject\",\"inLanguage\":\"en-US\",\"@id\":\"https:\/\/sulsc.com\/#\/schema\/person\/image\/e08d7fe2cc4ed596372063bbe852b8d0\",\"url\":\"https:\/\/sulsc.com\/wp-content\/uploads\/2023\/09\/redacao.png\",\"contentUrl\":\"https:\/\/sulsc.com\/wp-content\/uploads\/2023\/09\/redacao.png\",\"caption\":\"Reda\u00e7\u00e3o Sul SC\"},\"description\":\"Foco em um jornalismo imparcial, voltado \u00e0 qualidade dos seus conte\u00fados e, assim, levar informa\u00e7\u00e3o de valor que agregue \u00e0 vida dos leitores. Esta \u00e9 grande miss\u00e3o do Portal de Not\u00edcias Sul SC. N\u00e3o \u00e9 quantidade que muda o mundo, sempre foi e seguir\u00e1 sendo qualidade!\",\"sameAs\":[\"https:\/\/sulsc.com\/\",\"https:\/\/www.facebook.com\/profile.php?id=61559278119680\",\"https:\/\/www.instagram.com\/sulscportal\/?hl=pt-br\",\"https:\/\/twitter.com\/https:\/\/twitter.com\/PortalSulSC\",\"https:\/\/www.youtube.com\/channel\/UCv_BE8GeySluDov2n8qhVmw\"],\"url\":\"https:\/\/sulsc.com\/index.php\/author\/redacao\/\"}]}<\/script>\n<!-- \/ Yoast SEO plugin. -->","yoast_head_json":{"title":"Semana ser\u00e1 marcada por chuva frequente e volumosa em Santa Catarina -","robots":{"index":"index","follow":"follow","max-snippet":"max-snippet:-1","max-image-preview":"max-image-preview:large","max-video-preview":"max-video-preview:-1"},"canonical":"https:\/\/sulsc.com\/index.php\/2023\/11\/13\/semana-sera-marcada-por-chuva-frequente-e-volumosa-em-santa-catarina\/","og_locale":"en_US","og_type":"article","og_title":"Semana ser\u00e1 marcada por chuva frequente e volumosa em Santa Catarina -","og_description":"Ap\u00f3s dias de tempo seco e de predom\u00ednio do sol em Santa Catarina, a semana ser\u00e1 marcada por chuva frequente e volumosa. As mudan\u00e7as no tempo s\u00e3o provocadas por conta da atua\u00e7\u00e3o de duas frentes frias.\u00a0Entre amanh\u00e3 (14) e quarta-feira (15), a primeira frente fria avan\u00e7a e recebe refor\u00e7o de calor e umidade da regi\u00e3o &hellip; Semana ser\u00e1 marcada por chuva frequente e volumosa em Santa Catarina Read More &raquo;","og_url":"https:\/\/sulsc.com\/index.php\/2023\/11\/13\/semana-sera-marcada-por-chuva-frequente-e-volumosa-em-santa-catarina\/","article_author":"https:\/\/www.facebook.com\/profile.php?id=61559278119680","article_published_time":"2023-11-13T14:30:54+00:00","article_modified_time":"2023-11-13T14:48:50+00:00","og_image":[{"width":800,"height":534,"url":"http:\/\/sulsc.com\/wp-content\/uploads\/2023\/10\/chuva-1.jpg","type":"image\/jpeg"}],"author":"Reda\u00e7\u00e3o Sul SC","twitter_card":"summary_large_image","twitter_creator":"@https:\/\/twitter.com\/PortalSulSC","twitter_misc":{"Written by":"Reda\u00e7\u00e3o Sul SC","Est. reading time":"2 minutes"},"schema":{"@context":"https:\/\/schema.org","@graph":[{"@type":"WebPage","@id":"https:\/\/sulsc.com\/index.php\/2023\/11\/13\/semana-sera-marcada-por-chuva-frequente-e-volumosa-em-santa-catarina\/","url":"https:\/\/sulsc.com\/index.php\/2023\/11\/13\/semana-sera-marcada-por-chuva-frequente-e-volumosa-em-santa-catarina\/","name":"Semana ser\u00e1 marcada por chuva frequente e volumosa em Santa Catarina -","isPartOf":{"@id":"https:\/\/sulsc.com\/#website"},"datePublished":"2023-11-13T14:30:54+00:00","dateModified":"2023-11-13T14:48:50+00:00","author":{"@id":"https:\/\/sulsc.com\/#\/schema\/person\/84d2fc571684f6248ba83092f07750a3"},"breadcrumb":{"@id":"https:\/\/sulsc.com\/index.php\/2023\/11\/13\/semana-sera-marcada-por-chuva-frequente-e-volumosa-em-santa-catarina\/#breadcrumb"},"inLanguage":"en-US","potentialAction":[{"@type":"ReadAction","target":["https:\/\/sulsc.com\/index.php\/2023\/11\/13\/semana-sera-marcada-por-chuva-frequente-e-volumosa-em-santa-catarina\/"]}]},{"@type":"BreadcrumbList","@id":"https:\/\/sulsc.com\/index.php\/2023\/11\/13\/semana-sera-marcada-por-chuva-frequente-e-volumosa-em-santa-catarina\/#breadcrumb","itemListElement":[{"@type":"ListItem","position":1,"name":"In\u00edcio","item":"https:\/\/sulsc.com\/"},{"@type":"ListItem","position":2,"name":"Semana ser\u00e1 marcada por chuva frequente e volumosa em Santa Catarina"}]},{"@type":"WebSite","@id":"https:\/\/sulsc.com\/#website","url":"https:\/\/sulsc.com\/","name":"","description":"","potentialAction":[{"@type":"SearchAction","target":{"@type":"EntryPoint","urlTemplate":"https:\/\/sulsc.com\/?s={search_term_string}"},"query-input":"required name=search_term_string"}],"inLanguage":"en-US"},{"@type":"Person","@id":"https:\/\/sulsc.com\/#\/schema\/person\/84d2fc571684f6248ba83092f07750a3","name":"Reda\u00e7\u00e3o Sul SC","image":{"@type":"ImageObject","inLanguage":"en-US","@id":"https:\/\/sulsc.com\/#\/schema\/person\/image\/e08d7fe2cc4ed596372063bbe852b8d0","url":"https:\/\/sulsc.com\/wp-content\/uploads\/2023\/09\/redacao.png","contentUrl":"https:\/\/sulsc.com\/wp-content\/uploads\/2023\/09\/redacao.png","caption":"Reda\u00e7\u00e3o Sul SC"},"description":"Foco em um jornalismo imparcial, voltado \u00e0 qualidade dos seus conte\u00fados e, assim, levar informa\u00e7\u00e3o de valor que agregue \u00e0 vida dos leitores. Esta \u00e9 grande miss\u00e3o do Portal de Not\u00edcias Sul SC. N\u00e3o \u00e9 quantidade que muda o mundo, sempre foi e seguir\u00e1 sendo qualidade!","sameAs":["https:\/\/sulsc.com\/","https:\/\/www.facebook.com\/profile.php?id=61559278119680","https:\/\/www.instagram.com\/sulscportal\/?hl=pt-br","https:\/\/twitter.com\/https:\/\/twitter.com\/PortalSulSC","https:\/\/www.youtube.com\/channel\/UCv_BE8GeySluDov2n8qhVmw"],"url":"https:\/\/sulsc.com\/index.php\/author\/redacao\/"}]}},"authors":[],"_links":{"self":[{"href":"https:\/\/sulsc.com\/index.php\/wp-json\/wp\/v2\/posts\/3704"}],"collection":[{"href":"https:\/\/sulsc.com\/index.php\/wp-json\/wp\/v2\/posts"}],"about":[{"href":"https:\/\/sulsc.com\/index.php\/wp-json\/wp\/v2\/types\/post"}],"author":[{"embeddable":true,"href":"https:\/\/sulsc.com\/index.php\/wp-json\/wp\/v2\/users\/3"}],"replies":[{"embeddable":true,"href":"https:\/\/sulsc.com\/index.php\/wp-json\/wp\/v2\/comments?post=3704"}],"version-history":[{"count":1,"href":"https:\/\/sulsc.com\/index.php\/wp-json\/wp\/v2\/posts\/3704\/revisions"}],"predecessor-version":[{"id":3705,"href":"https:\/\/sulsc.com\/index.php\/wp-json\/wp\/v2\/posts\/3704\/revisions\/3705"}],"wp:featuredmedia":[{"embeddable":true,"href":"https:\/\/sulsc.com\/index.php\/wp-json\/wp\/v2\/media\/3015"}],"wp:attachment":[{"href":"https:\/\/sulsc.com\/index.php\/wp-json\/wp\/v2\/media?parent=3704"}],"wp:term":[{"taxonomy":"category","embeddable":true,"href":"https:\/\/sulsc.com\/index.php\/wp-json\/wp\/v2\/categories?post=3704"},{"taxonomy":"post_tag","embeddable":true,"href":"https:\/\/sulsc.com\/index.php\/wp-json\/wp\/v2\/tags?post=3704"}],"curies":[{"name":"wp","href":"https:\/\/api.w.org\/{rel}","templated":true}]}}