{"id":3741,"date":"2023-11-13T18:00:55","date_gmt":"2023-11-13T21:00:55","guid":{"rendered":"https:\/\/sulsc.com\/?p=3741"},"modified":"2023-11-13T16:51:06","modified_gmt":"2023-11-13T19:51:06","slug":"tubarao-tem-representantes-no-campeonato-brasileiro-de-karate-fase-final-que-inicia-amanha-14","status":"publish","type":"post","link":"https:\/\/sulsc.com\/index.php\/2023\/11\/13\/tubarao-tem-representantes-no-campeonato-brasileiro-de-karate-fase-final-que-inicia-amanha-14\/","title":{"rendered":"Tubar\u00e3o tem representantes no Campeonato Brasileiro de Karat\u00ea, fase final, que inicia amanh\u00e3 (14)"},"content":{"rendered":"<p>O Campeonato Brasileiro de Karat\u00ea, fase final, inicia amanh\u00e3 (14). No evento que ocorre na cidade de S\u00e3o Bernardo do Campo, em S\u00e3o Paulo, s\u00f3 competem atletas medalhistas nas seis etapas classificat\u00f3rias do Brasileiro 2023.<\/p>\n<p>Representar\u00e3o o estado de Santa Catarina e a cidade de Tubar\u00e3o, os atletas e t\u00e9cnicos da Associa\u00e7\u00e3o Impacto\/FME. Na disputa a equipe ser\u00e1 composta por 21 atletas, os quais ser\u00e3o acompanhados por dois t\u00e9cnicos.\u00a0Cerca de tr\u00eas mil atletas disputar\u00e3o o maior evento de karat\u00ea do pa\u00eds, representando 394 clubes de todo o Brasil.<\/p>\n<p>O evento se divide em Campeonato Brasileiro final, Escolar, Estudantil, Universit\u00e1rio e Campeonato Brasileiro Master. No primeiro dia ocorrer\u00e1 congresso t\u00e9cnico e pesagem. J\u00e1 as competi\u00e7\u00f5es iniciam dia 15 e seguem at\u00e9 dia 19. \u201cA equipe de Tubar\u00e3o est\u00e1 focada e muito confiante; todos tiveram uma excelente evolu\u00e7\u00e3o ao longo do ano e est\u00e3o preparados para esse grande desafio\u201d, avaliou o t\u00e9cnico Fabr\u00edcio de Souza.<\/p>\n<p>A equipe agradece ao apoio da Prefeitura de Tubar\u00e3o, por meio da Funda\u00e7\u00e3o Municipal de Esporte e os programas Bolsa Atleta e T\u00e9cnico.<\/p>\n<p><img fetchpriority=\"high\" decoding=\"async\" class=\"alignnone size-full wp-image-3742\" src=\"http:\/\/sulsc.com\/wp-content\/uploads\/2023\/11\/Karate-Tubarao.jpeg\" alt=\"\" width=\"800\" height=\"445\" srcset=\"https:\/\/sulsc.com\/wp-content\/uploads\/2023\/11\/Karate-Tubarao.jpeg 800w, https:\/\/sulsc.com\/wp-content\/uploads\/2023\/11\/Karate-Tubarao-300x167.jpeg 300w, https:\/\/sulsc.com\/wp-content\/uploads\/2023\/11\/Karate-Tubarao-768x427.jpeg 768w\" sizes=\"(max-width: 800px) 100vw, 800px\" \/><\/p>\n<p>Fonte: Pref. Tubar\u00e3o<\/p>\n","protected":false},"excerpt":{"rendered":"<p>O Campeonato Brasileiro de Karat\u00ea, fase final, inicia amanh\u00e3 (14). No evento que ocorre na cidade de S\u00e3o Bernardo do Campo, em S\u00e3o Paulo, s\u00f3 competem atletas medalhistas nas seis etapas classificat\u00f3rias do Brasileiro 2023. Representar\u00e3o o estado de Santa Catarina e a cidade de Tubar\u00e3o, os atletas e t\u00e9cnicos da Associa\u00e7\u00e3o Impacto\/FME. Na disputa &hellip;<\/p>\n<p class=\"read-more\"> <a class=\"\" href=\"https:\/\/sulsc.com\/index.php\/2023\/11\/13\/tubarao-tem-representantes-no-campeonato-brasileiro-de-karate-fase-final-que-inicia-amanha-14\/\"> <span class=\"screen-reader-text\">Tubar\u00e3o tem representantes no Campeonato Brasileiro de Karat\u00ea, fase final, que inicia amanh\u00e3 (14)<\/span> Read More &raquo;<\/a><\/p>\n","protected":false},"author":3,"featured_media":3742,"comment_status":"open","ping_status":"open","sticky":false,"template":"","format":"standard","meta":{"site-sidebar-layout":"default","site-content-layout":"","ast-site-content-layout":"default","site-content-style":"default","site-sidebar-style":"default","ast-global-header-display":"","ast-banner-title-visibility":"","ast-main-header-display":"","ast-hfb-above-header-display":"","ast-hfb-below-header-display":"","ast-hfb-mobile-header-display":"","site-post-title":"","ast-breadcrumbs-content":"","ast-featured-img":"","footer-sml-layout":"","theme-transparent-header-meta":"default","adv-header-id-meta":"","stick-header-meta":"","header-above-stick-meta":"","header-main-stick-meta":"","header-below-stick-meta":"","astra-migrate-meta-layouts":"set","footnotes":""},"categories":[10,21],"tags":[],"yoast_head":"<!-- This site is optimized with the Yoast SEO plugin v21.4 - https:\/\/yoast.com\/wordpress\/plugins\/seo\/ -->\n<title>Tubar\u00e3o tem representantes no Campeonato Brasileiro de Karat\u00ea, fase final, que inicia amanh\u00e3 (14) -<\/title>\n<meta name=\"robots\" content=\"index, follow, max-snippet:-1, max-image-preview:large, max-video-preview:-1\" \/>\n<link rel=\"canonical\" href=\"https:\/\/sulsc.com\/index.php\/2023\/11\/13\/tubarao-tem-representantes-no-campeonato-brasileiro-de-karate-fase-final-que-inicia-amanha-14\/\" \/>\n<meta property=\"og:locale\" content=\"en_US\" \/>\n<meta property=\"og:type\" content=\"article\" \/>\n<meta property=\"og:title\" content=\"Tubar\u00e3o tem representantes no Campeonato Brasileiro de Karat\u00ea, fase final, que inicia amanh\u00e3 (14) -\" \/>\n<meta property=\"og:description\" content=\"O Campeonato Brasileiro de Karat\u00ea, fase final, inicia amanh\u00e3 (14). No evento que ocorre na cidade de S\u00e3o Bernardo do Campo, em S\u00e3o Paulo, s\u00f3 competem atletas medalhistas nas seis etapas classificat\u00f3rias do Brasileiro 2023. Representar\u00e3o o estado de Santa Catarina e a cidade de Tubar\u00e3o, os atletas e t\u00e9cnicos da Associa\u00e7\u00e3o Impacto\/FME. Na disputa &hellip; Tubar\u00e3o tem representantes no Campeonato Brasileiro de Karat\u00ea, fase final, que inicia amanh\u00e3 (14) Read More &raquo;\" \/>\n<meta property=\"og:url\" content=\"https:\/\/sulsc.com\/index.php\/2023\/11\/13\/tubarao-tem-representantes-no-campeonato-brasileiro-de-karate-fase-final-que-inicia-amanha-14\/\" \/>\n<meta property=\"article:author\" content=\"https:\/\/www.facebook.com\/profile.php?id=61559278119680\" \/>\n<meta property=\"article:published_time\" content=\"2023-11-13T21:00:55+00:00\" \/>\n<meta property=\"article:modified_time\" content=\"2023-11-13T19:51:06+00:00\" \/>\n<meta property=\"og:image\" content=\"https:\/\/sulsc.com\/wp-content\/uploads\/2023\/11\/Karate-Tubarao.jpeg\" \/>\n\t<meta property=\"og:image:width\" content=\"800\" \/>\n\t<meta property=\"og:image:height\" content=\"445\" \/>\n\t<meta property=\"og:image:type\" content=\"image\/jpeg\" \/>\n<meta name=\"author\" content=\"Reda\u00e7\u00e3o Sul SC\" \/>\n<meta name=\"twitter:card\" content=\"summary_large_image\" \/>\n<meta name=\"twitter:creator\" content=\"@https:\/\/twitter.com\/PortalSulSC\" \/>\n<meta name=\"twitter:label1\" content=\"Written by\" \/>\n\t<meta name=\"twitter:data1\" content=\"Reda\u00e7\u00e3o Sul SC\" \/>\n\t<meta name=\"twitter:label2\" content=\"Est. reading time\" \/>\n\t<meta name=\"twitter:data2\" content=\"2 minutes\" \/>\n<script type=\"application\/ld+json\" class=\"yoast-schema-graph\">{\"@context\":\"https:\/\/schema.org\",\"@graph\":[{\"@type\":\"WebPage\",\"@id\":\"https:\/\/sulsc.com\/index.php\/2023\/11\/13\/tubarao-tem-representantes-no-campeonato-brasileiro-de-karate-fase-final-que-inicia-amanha-14\/\",\"url\":\"https:\/\/sulsc.com\/index.php\/2023\/11\/13\/tubarao-tem-representantes-no-campeonato-brasileiro-de-karate-fase-final-que-inicia-amanha-14\/\",\"name\":\"Tubar\u00e3o tem representantes no Campeonato Brasileiro de Karat\u00ea, fase final, que inicia amanh\u00e3 (14) -\",\"isPartOf\":{\"@id\":\"https:\/\/sulsc.com\/#website\"},\"datePublished\":\"2023-11-13T21:00:55+00:00\",\"dateModified\":\"2023-11-13T19:51:06+00:00\",\"author\":{\"@id\":\"https:\/\/sulsc.com\/#\/schema\/person\/84d2fc571684f6248ba83092f07750a3\"},\"breadcrumb\":{\"@id\":\"https:\/\/sulsc.com\/index.php\/2023\/11\/13\/tubarao-tem-representantes-no-campeonato-brasileiro-de-karate-fase-final-que-inicia-amanha-14\/#breadcrumb\"},\"inLanguage\":\"en-US\",\"potentialAction\":[{\"@type\":\"ReadAction\",\"target\":[\"https:\/\/sulsc.com\/index.php\/2023\/11\/13\/tubarao-tem-representantes-no-campeonato-brasileiro-de-karate-fase-final-que-inicia-amanha-14\/\"]}]},{\"@type\":\"BreadcrumbList\",\"@id\":\"https:\/\/sulsc.com\/index.php\/2023\/11\/13\/tubarao-tem-representantes-no-campeonato-brasileiro-de-karate-fase-final-que-inicia-amanha-14\/#breadcrumb\",\"itemListElement\":[{\"@type\":\"ListItem\",\"position\":1,\"name\":\"In\u00edcio\",\"item\":\"https:\/\/sulsc.com\/\"},{\"@type\":\"ListItem\",\"position\":2,\"name\":\"Tubar\u00e3o tem representantes no Campeonato Brasileiro de Karat\u00ea, fase final, que inicia amanh\u00e3 (14)\"}]},{\"@type\":\"WebSite\",\"@id\":\"https:\/\/sulsc.com\/#website\",\"url\":\"https:\/\/sulsc.com\/\",\"name\":\"\",\"description\":\"\",\"potentialAction\":[{\"@type\":\"SearchAction\",\"target\":{\"@type\":\"EntryPoint\",\"urlTemplate\":\"https:\/\/sulsc.com\/?s={search_term_string}\"},\"query-input\":\"required name=search_term_string\"}],\"inLanguage\":\"en-US\"},{\"@type\":\"Person\",\"@id\":\"https:\/\/sulsc.com\/#\/schema\/person\/84d2fc571684f6248ba83092f07750a3\",\"name\":\"Reda\u00e7\u00e3o Sul SC\",\"image\":{\"@type\":\"ImageObject\",\"inLanguage\":\"en-US\",\"@id\":\"https:\/\/sulsc.com\/#\/schema\/person\/image\/e08d7fe2cc4ed596372063bbe852b8d0\",\"url\":\"https:\/\/sulsc.com\/wp-content\/uploads\/2023\/09\/redacao.png\",\"contentUrl\":\"https:\/\/sulsc.com\/wp-content\/uploads\/2023\/09\/redacao.png\",\"caption\":\"Reda\u00e7\u00e3o Sul SC\"},\"description\":\"Foco em um jornalismo imparcial, voltado \u00e0 qualidade dos seus conte\u00fados e, assim, levar informa\u00e7\u00e3o de valor que agregue \u00e0 vida dos leitores. Esta \u00e9 grande miss\u00e3o do Portal de Not\u00edcias Sul SC. N\u00e3o \u00e9 quantidade que muda o mundo, sempre foi e seguir\u00e1 sendo qualidade!\",\"sameAs\":[\"https:\/\/sulsc.com\/\",\"https:\/\/www.facebook.com\/profile.php?id=61559278119680\",\"https:\/\/www.instagram.com\/sulscportal\/?hl=pt-br\",\"https:\/\/twitter.com\/https:\/\/twitter.com\/PortalSulSC\",\"https:\/\/www.youtube.com\/channel\/UCv_BE8GeySluDov2n8qhVmw\"],\"url\":\"https:\/\/sulsc.com\/index.php\/author\/redacao\/\"}]}<\/script>\n<!-- \/ Yoast SEO plugin. -->","yoast_head_json":{"title":"Tubar\u00e3o tem representantes no Campeonato Brasileiro de Karat\u00ea, fase final, que inicia amanh\u00e3 (14) -","robots":{"index":"index","follow":"follow","max-snippet":"max-snippet:-1","max-image-preview":"max-image-preview:large","max-video-preview":"max-video-preview:-1"},"canonical":"https:\/\/sulsc.com\/index.php\/2023\/11\/13\/tubarao-tem-representantes-no-campeonato-brasileiro-de-karate-fase-final-que-inicia-amanha-14\/","og_locale":"en_US","og_type":"article","og_title":"Tubar\u00e3o tem representantes no Campeonato Brasileiro de Karat\u00ea, fase final, que inicia amanh\u00e3 (14) -","og_description":"O Campeonato Brasileiro de Karat\u00ea, fase final, inicia amanh\u00e3 (14). No evento que ocorre na cidade de S\u00e3o Bernardo do Campo, em S\u00e3o Paulo, s\u00f3 competem atletas medalhistas nas seis etapas classificat\u00f3rias do Brasileiro 2023. Representar\u00e3o o estado de Santa Catarina e a cidade de Tubar\u00e3o, os atletas e t\u00e9cnicos da Associa\u00e7\u00e3o Impacto\/FME. Na disputa &hellip; Tubar\u00e3o tem representantes no Campeonato Brasileiro de Karat\u00ea, fase final, que inicia amanh\u00e3 (14) Read More &raquo;","og_url":"https:\/\/sulsc.com\/index.php\/2023\/11\/13\/tubarao-tem-representantes-no-campeonato-brasileiro-de-karate-fase-final-que-inicia-amanha-14\/","article_author":"https:\/\/www.facebook.com\/profile.php?id=61559278119680","article_published_time":"2023-11-13T21:00:55+00:00","article_modified_time":"2023-11-13T19:51:06+00:00","og_image":[{"width":800,"height":445,"url":"https:\/\/sulsc.com\/wp-content\/uploads\/2023\/11\/Karate-Tubarao.jpeg","type":"image\/jpeg"}],"author":"Reda\u00e7\u00e3o Sul SC","twitter_card":"summary_large_image","twitter_creator":"@https:\/\/twitter.com\/PortalSulSC","twitter_misc":{"Written by":"Reda\u00e7\u00e3o Sul SC","Est. reading time":"2 minutes"},"schema":{"@context":"https:\/\/schema.org","@graph":[{"@type":"WebPage","@id":"https:\/\/sulsc.com\/index.php\/2023\/11\/13\/tubarao-tem-representantes-no-campeonato-brasileiro-de-karate-fase-final-que-inicia-amanha-14\/","url":"https:\/\/sulsc.com\/index.php\/2023\/11\/13\/tubarao-tem-representantes-no-campeonato-brasileiro-de-karate-fase-final-que-inicia-amanha-14\/","name":"Tubar\u00e3o tem representantes no Campeonato Brasileiro de Karat\u00ea, fase final, que inicia amanh\u00e3 (14) -","isPartOf":{"@id":"https:\/\/sulsc.com\/#website"},"datePublished":"2023-11-13T21:00:55+00:00","dateModified":"2023-11-13T19:51:06+00:00","author":{"@id":"https:\/\/sulsc.com\/#\/schema\/person\/84d2fc571684f6248ba83092f07750a3"},"breadcrumb":{"@id":"https:\/\/sulsc.com\/index.php\/2023\/11\/13\/tubarao-tem-representantes-no-campeonato-brasileiro-de-karate-fase-final-que-inicia-amanha-14\/#breadcrumb"},"inLanguage":"en-US","potentialAction":[{"@type":"ReadAction","target":["https:\/\/sulsc.com\/index.php\/2023\/11\/13\/tubarao-tem-representantes-no-campeonato-brasileiro-de-karate-fase-final-que-inicia-amanha-14\/"]}]},{"@type":"BreadcrumbList","@id":"https:\/\/sulsc.com\/index.php\/2023\/11\/13\/tubarao-tem-representantes-no-campeonato-brasileiro-de-karate-fase-final-que-inicia-amanha-14\/#breadcrumb","itemListElement":[{"@type":"ListItem","position":1,"name":"In\u00edcio","item":"https:\/\/sulsc.com\/"},{"@type":"ListItem","position":2,"name":"Tubar\u00e3o tem representantes no Campeonato Brasileiro de Karat\u00ea, fase final, que inicia amanh\u00e3 (14)"}]},{"@type":"WebSite","@id":"https:\/\/sulsc.com\/#website","url":"https:\/\/sulsc.com\/","name":"","description":"","potentialAction":[{"@type":"SearchAction","target":{"@type":"EntryPoint","urlTemplate":"https:\/\/sulsc.com\/?s={search_term_string}"},"query-input":"required name=search_term_string"}],"inLanguage":"en-US"},{"@type":"Person","@id":"https:\/\/sulsc.com\/#\/schema\/person\/84d2fc571684f6248ba83092f07750a3","name":"Reda\u00e7\u00e3o Sul SC","image":{"@type":"ImageObject","inLanguage":"en-US","@id":"https:\/\/sulsc.com\/#\/schema\/person\/image\/e08d7fe2cc4ed596372063bbe852b8d0","url":"https:\/\/sulsc.com\/wp-content\/uploads\/2023\/09\/redacao.png","contentUrl":"https:\/\/sulsc.com\/wp-content\/uploads\/2023\/09\/redacao.png","caption":"Reda\u00e7\u00e3o Sul SC"},"description":"Foco em um jornalismo imparcial, voltado \u00e0 qualidade dos seus conte\u00fados e, assim, levar informa\u00e7\u00e3o de valor que agregue \u00e0 vida dos leitores. Esta \u00e9 grande miss\u00e3o do Portal de Not\u00edcias Sul SC. N\u00e3o \u00e9 quantidade que muda o mundo, sempre foi e seguir\u00e1 sendo qualidade!","sameAs":["https:\/\/sulsc.com\/","https:\/\/www.facebook.com\/profile.php?id=61559278119680","https:\/\/www.instagram.com\/sulscportal\/?hl=pt-br","https:\/\/twitter.com\/https:\/\/twitter.com\/PortalSulSC","https:\/\/www.youtube.com\/channel\/UCv_BE8GeySluDov2n8qhVmw"],"url":"https:\/\/sulsc.com\/index.php\/author\/redacao\/"}]}},"authors":[],"_links":{"self":[{"href":"https:\/\/sulsc.com\/index.php\/wp-json\/wp\/v2\/posts\/3741"}],"collection":[{"href":"https:\/\/sulsc.com\/index.php\/wp-json\/wp\/v2\/posts"}],"about":[{"href":"https:\/\/sulsc.com\/index.php\/wp-json\/wp\/v2\/types\/post"}],"author":[{"embeddable":true,"href":"https:\/\/sulsc.com\/index.php\/wp-json\/wp\/v2\/users\/3"}],"replies":[{"embeddable":true,"href":"https:\/\/sulsc.com\/index.php\/wp-json\/wp\/v2\/comments?post=3741"}],"version-history":[{"count":3,"href":"https:\/\/sulsc.com\/index.php\/wp-json\/wp\/v2\/posts\/3741\/revisions"}],"predecessor-version":[{"id":3745,"href":"https:\/\/sulsc.com\/index.php\/wp-json\/wp\/v2\/posts\/3741\/revisions\/3745"}],"wp:featuredmedia":[{"embeddable":true,"href":"https:\/\/sulsc.com\/index.php\/wp-json\/wp\/v2\/media\/3742"}],"wp:attachment":[{"href":"https:\/\/sulsc.com\/index.php\/wp-json\/wp\/v2\/media?parent=3741"}],"wp:term":[{"taxonomy":"category","embeddable":true,"href":"https:\/\/sulsc.com\/index.php\/wp-json\/wp\/v2\/categories?post=3741"},{"taxonomy":"post_tag","embeddable":true,"href":"https:\/\/sulsc.com\/index.php\/wp-json\/wp\/v2\/tags?post=3741"}],"curies":[{"name":"wp","href":"https:\/\/api.w.org\/{rel}","templated":true}]}}