{"id":3750,"date":"2023-11-14T07:30:20","date_gmt":"2023-11-14T10:30:20","guid":{"rendered":"https:\/\/sulsc.com\/?p=3750"},"modified":"2023-11-14T07:33:28","modified_gmt":"2023-11-14T10:33:28","slug":"terca-feira-14-com-tempo-instavel-em-todas-as-regioes-de-sc","status":"publish","type":"post","link":"https:\/\/sulsc.com\/index.php\/2023\/11\/14\/terca-feira-14-com-tempo-instavel-em-todas-as-regioes-de-sc\/","title":{"rendered":"Ter\u00e7a-feira (14) com tempo inst\u00e1vel em todas as regi\u00f5es de SC"},"content":{"rendered":"<p>Na ter\u00e7a-feira (14), a atua\u00e7\u00e3o de uma frente fria deixa o tempo inst\u00e1vel em todas as regi\u00f5es catarinenses. O dia j\u00e1 come\u00e7a com chuva no Grande Oeste e \u00e1reas de divisa com o Rio Grande do Sul e avan\u00e7am para as demais regi\u00f5es at\u00e9 o final da tarde.<\/p>\n<p>H\u00e1 condi\u00e7\u00f5es para temporais com chuva intensa, vendaval e eventual queda de granizo, principalmente no Grande Oeste, Planalto e Litoral Sul e \u00e1reas da Grande Florian\u00f3polis. O risco \u00e9 moderado a alto para ocorr\u00eancias como destelhamentos, alagamentos e enxurradas.<\/p>\n<p>Temperaturas variam pouco ao longo do dia por conta da nebulosidade, com exce\u00e7\u00e3o do norte catarinense onde se aproximam de 30\u00b0C antes das chuvas.<\/p>\n<p><img fetchpriority=\"high\" decoding=\"async\" class=\"alignnone size-large wp-image-1788\" src=\"http:\/\/sulsc.com\/wp-content\/uploads\/2023\/10\/chuva-fora-das-janelas-da-vila-1024x683.jpg\" alt=\"\" width=\"1024\" height=\"683\" srcset=\"https:\/\/sulsc.com\/wp-content\/uploads\/2023\/10\/chuva-fora-das-janelas-da-vila-1024x683.jpg 1024w, https:\/\/sulsc.com\/wp-content\/uploads\/2023\/10\/chuva-fora-das-janelas-da-vila-300x200.jpg 300w, https:\/\/sulsc.com\/wp-content\/uploads\/2023\/10\/chuva-fora-das-janelas-da-vila-768x512.jpg 768w, https:\/\/sulsc.com\/wp-content\/uploads\/2023\/10\/chuva-fora-das-janelas-da-vila-1536x1024.jpg 1536w, https:\/\/sulsc.com\/wp-content\/uploads\/2023\/10\/chuva-fora-das-janelas-da-vila-2048x1365.jpg 2048w\" sizes=\"(max-width: 1024px) 100vw, 1024px\" \/><\/p>\n<p>Fonte: Defesa Civil<\/p>\n","protected":false},"excerpt":{"rendered":"<p>Na ter\u00e7a-feira (14), a atua\u00e7\u00e3o de uma frente fria deixa o tempo inst\u00e1vel em todas as regi\u00f5es catarinenses. O dia j\u00e1 come\u00e7a com chuva no Grande Oeste e \u00e1reas de divisa com o Rio Grande do Sul e avan\u00e7am para as demais regi\u00f5es at\u00e9 o final da tarde. H\u00e1 condi\u00e7\u00f5es para temporais com chuva intensa, &hellip;<\/p>\n<p class=\"read-more\"> <a class=\"\" href=\"https:\/\/sulsc.com\/index.php\/2023\/11\/14\/terca-feira-14-com-tempo-instavel-em-todas-as-regioes-de-sc\/\"> <span class=\"screen-reader-text\">Ter\u00e7a-feira (14) com tempo inst\u00e1vel em todas as regi\u00f5es de SC<\/span> Read More &raquo;<\/a><\/p>\n","protected":false},"author":3,"featured_media":1788,"comment_status":"open","ping_status":"open","sticky":false,"template":"","format":"standard","meta":{"site-sidebar-layout":"default","site-content-layout":"","ast-site-content-layout":"default","site-content-style":"default","site-sidebar-style":"default","ast-global-header-display":"","ast-banner-title-visibility":"","ast-main-header-display":"","ast-hfb-above-header-display":"","ast-hfb-below-header-display":"","ast-hfb-mobile-header-display":"","site-post-title":"","ast-breadcrumbs-content":"","ast-featured-img":"","footer-sml-layout":"","theme-transparent-header-meta":"default","adv-header-id-meta":"","stick-header-meta":"","header-above-stick-meta":"","header-main-stick-meta":"","header-below-stick-meta":"","astra-migrate-meta-layouts":"set","footnotes":""},"categories":[38],"tags":[],"yoast_head":"<!-- This site is optimized with the Yoast SEO plugin v21.4 - https:\/\/yoast.com\/wordpress\/plugins\/seo\/ -->\n<title>Ter\u00e7a-feira (14) com tempo inst\u00e1vel em todas as regi\u00f5es de SC -<\/title>\n<meta name=\"robots\" content=\"index, follow, max-snippet:-1, max-image-preview:large, max-video-preview:-1\" \/>\n<link rel=\"canonical\" href=\"https:\/\/sulsc.com\/index.php\/2023\/11\/14\/terca-feira-14-com-tempo-instavel-em-todas-as-regioes-de-sc\/\" \/>\n<meta property=\"og:locale\" content=\"en_US\" \/>\n<meta property=\"og:type\" content=\"article\" \/>\n<meta property=\"og:title\" content=\"Ter\u00e7a-feira (14) com tempo inst\u00e1vel em todas as regi\u00f5es de SC -\" \/>\n<meta property=\"og:description\" content=\"Na ter\u00e7a-feira (14), a atua\u00e7\u00e3o de uma frente fria deixa o tempo inst\u00e1vel em todas as regi\u00f5es catarinenses. O dia j\u00e1 come\u00e7a com chuva no Grande Oeste e \u00e1reas de divisa com o Rio Grande do Sul e avan\u00e7am para as demais regi\u00f5es at\u00e9 o final da tarde. H\u00e1 condi\u00e7\u00f5es para temporais com chuva intensa, &hellip; Ter\u00e7a-feira (14) com tempo inst\u00e1vel em todas as regi\u00f5es de SC Read More &raquo;\" \/>\n<meta property=\"og:url\" content=\"https:\/\/sulsc.com\/index.php\/2023\/11\/14\/terca-feira-14-com-tempo-instavel-em-todas-as-regioes-de-sc\/\" \/>\n<meta property=\"article:author\" content=\"https:\/\/www.facebook.com\/profile.php?id=61559278119680\" \/>\n<meta property=\"article:published_time\" content=\"2023-11-14T10:30:20+00:00\" \/>\n<meta property=\"article:modified_time\" content=\"2023-11-14T10:33:28+00:00\" \/>\n<meta property=\"og:image\" content=\"http:\/\/sulsc.com\/wp-content\/uploads\/2023\/10\/chuva-fora-das-janelas-da-vila-scaled.jpg\" \/>\n\t<meta property=\"og:image:width\" content=\"2560\" \/>\n\t<meta property=\"og:image:height\" content=\"1707\" \/>\n\t<meta property=\"og:image:type\" content=\"image\/jpeg\" \/>\n<meta name=\"author\" content=\"Reda\u00e7\u00e3o Sul SC\" \/>\n<meta name=\"twitter:card\" content=\"summary_large_image\" \/>\n<meta name=\"twitter:creator\" content=\"@https:\/\/twitter.com\/PortalSulSC\" \/>\n<meta name=\"twitter:label1\" content=\"Written by\" \/>\n\t<meta name=\"twitter:data1\" content=\"Reda\u00e7\u00e3o Sul SC\" \/>\n\t<meta name=\"twitter:label2\" content=\"Est. reading time\" \/>\n\t<meta name=\"twitter:data2\" content=\"1 minute\" \/>\n<script type=\"application\/ld+json\" class=\"yoast-schema-graph\">{\"@context\":\"https:\/\/schema.org\",\"@graph\":[{\"@type\":\"WebPage\",\"@id\":\"https:\/\/sulsc.com\/index.php\/2023\/11\/14\/terca-feira-14-com-tempo-instavel-em-todas-as-regioes-de-sc\/\",\"url\":\"https:\/\/sulsc.com\/index.php\/2023\/11\/14\/terca-feira-14-com-tempo-instavel-em-todas-as-regioes-de-sc\/\",\"name\":\"Ter\u00e7a-feira (14) com tempo inst\u00e1vel em todas as regi\u00f5es de SC -\",\"isPartOf\":{\"@id\":\"https:\/\/sulsc.com\/#website\"},\"datePublished\":\"2023-11-14T10:30:20+00:00\",\"dateModified\":\"2023-11-14T10:33:28+00:00\",\"author\":{\"@id\":\"https:\/\/sulsc.com\/#\/schema\/person\/84d2fc571684f6248ba83092f07750a3\"},\"breadcrumb\":{\"@id\":\"https:\/\/sulsc.com\/index.php\/2023\/11\/14\/terca-feira-14-com-tempo-instavel-em-todas-as-regioes-de-sc\/#breadcrumb\"},\"inLanguage\":\"en-US\",\"potentialAction\":[{\"@type\":\"ReadAction\",\"target\":[\"https:\/\/sulsc.com\/index.php\/2023\/11\/14\/terca-feira-14-com-tempo-instavel-em-todas-as-regioes-de-sc\/\"]}]},{\"@type\":\"BreadcrumbList\",\"@id\":\"https:\/\/sulsc.com\/index.php\/2023\/11\/14\/terca-feira-14-com-tempo-instavel-em-todas-as-regioes-de-sc\/#breadcrumb\",\"itemListElement\":[{\"@type\":\"ListItem\",\"position\":1,\"name\":\"In\u00edcio\",\"item\":\"https:\/\/sulsc.com\/\"},{\"@type\":\"ListItem\",\"position\":2,\"name\":\"Ter\u00e7a-feira (14) com tempo inst\u00e1vel em todas as regi\u00f5es de SC\"}]},{\"@type\":\"WebSite\",\"@id\":\"https:\/\/sulsc.com\/#website\",\"url\":\"https:\/\/sulsc.com\/\",\"name\":\"\",\"description\":\"\",\"potentialAction\":[{\"@type\":\"SearchAction\",\"target\":{\"@type\":\"EntryPoint\",\"urlTemplate\":\"https:\/\/sulsc.com\/?s={search_term_string}\"},\"query-input\":\"required name=search_term_string\"}],\"inLanguage\":\"en-US\"},{\"@type\":\"Person\",\"@id\":\"https:\/\/sulsc.com\/#\/schema\/person\/84d2fc571684f6248ba83092f07750a3\",\"name\":\"Reda\u00e7\u00e3o Sul SC\",\"image\":{\"@type\":\"ImageObject\",\"inLanguage\":\"en-US\",\"@id\":\"https:\/\/sulsc.com\/#\/schema\/person\/image\/e08d7fe2cc4ed596372063bbe852b8d0\",\"url\":\"https:\/\/sulsc.com\/wp-content\/uploads\/2023\/09\/redacao.png\",\"contentUrl\":\"https:\/\/sulsc.com\/wp-content\/uploads\/2023\/09\/redacao.png\",\"caption\":\"Reda\u00e7\u00e3o Sul SC\"},\"description\":\"Foco em um jornalismo imparcial, voltado \u00e0 qualidade dos seus conte\u00fados e, assim, levar informa\u00e7\u00e3o de valor que agregue \u00e0 vida dos leitores. Esta \u00e9 grande miss\u00e3o do Portal de Not\u00edcias Sul SC. N\u00e3o \u00e9 quantidade que muda o mundo, sempre foi e seguir\u00e1 sendo qualidade!\",\"sameAs\":[\"https:\/\/sulsc.com\/\",\"https:\/\/www.facebook.com\/profile.php?id=61559278119680\",\"https:\/\/www.instagram.com\/sulscportal\/?hl=pt-br\",\"https:\/\/twitter.com\/https:\/\/twitter.com\/PortalSulSC\",\"https:\/\/www.youtube.com\/channel\/UCv_BE8GeySluDov2n8qhVmw\"],\"url\":\"https:\/\/sulsc.com\/index.php\/author\/redacao\/\"}]}<\/script>\n<!-- \/ Yoast SEO plugin. -->","yoast_head_json":{"title":"Ter\u00e7a-feira (14) com tempo inst\u00e1vel em todas as regi\u00f5es de SC -","robots":{"index":"index","follow":"follow","max-snippet":"max-snippet:-1","max-image-preview":"max-image-preview:large","max-video-preview":"max-video-preview:-1"},"canonical":"https:\/\/sulsc.com\/index.php\/2023\/11\/14\/terca-feira-14-com-tempo-instavel-em-todas-as-regioes-de-sc\/","og_locale":"en_US","og_type":"article","og_title":"Ter\u00e7a-feira (14) com tempo inst\u00e1vel em todas as regi\u00f5es de SC -","og_description":"Na ter\u00e7a-feira (14), a atua\u00e7\u00e3o de uma frente fria deixa o tempo inst\u00e1vel em todas as regi\u00f5es catarinenses. O dia j\u00e1 come\u00e7a com chuva no Grande Oeste e \u00e1reas de divisa com o Rio Grande do Sul e avan\u00e7am para as demais regi\u00f5es at\u00e9 o final da tarde. H\u00e1 condi\u00e7\u00f5es para temporais com chuva intensa, &hellip; Ter\u00e7a-feira (14) com tempo inst\u00e1vel em todas as regi\u00f5es de SC Read More &raquo;","og_url":"https:\/\/sulsc.com\/index.php\/2023\/11\/14\/terca-feira-14-com-tempo-instavel-em-todas-as-regioes-de-sc\/","article_author":"https:\/\/www.facebook.com\/profile.php?id=61559278119680","article_published_time":"2023-11-14T10:30:20+00:00","article_modified_time":"2023-11-14T10:33:28+00:00","og_image":[{"width":2560,"height":1707,"url":"http:\/\/sulsc.com\/wp-content\/uploads\/2023\/10\/chuva-fora-das-janelas-da-vila-scaled.jpg","type":"image\/jpeg"}],"author":"Reda\u00e7\u00e3o Sul SC","twitter_card":"summary_large_image","twitter_creator":"@https:\/\/twitter.com\/PortalSulSC","twitter_misc":{"Written by":"Reda\u00e7\u00e3o Sul SC","Est. reading time":"1 minute"},"schema":{"@context":"https:\/\/schema.org","@graph":[{"@type":"WebPage","@id":"https:\/\/sulsc.com\/index.php\/2023\/11\/14\/terca-feira-14-com-tempo-instavel-em-todas-as-regioes-de-sc\/","url":"https:\/\/sulsc.com\/index.php\/2023\/11\/14\/terca-feira-14-com-tempo-instavel-em-todas-as-regioes-de-sc\/","name":"Ter\u00e7a-feira (14) com tempo inst\u00e1vel em todas as regi\u00f5es de SC -","isPartOf":{"@id":"https:\/\/sulsc.com\/#website"},"datePublished":"2023-11-14T10:30:20+00:00","dateModified":"2023-11-14T10:33:28+00:00","author":{"@id":"https:\/\/sulsc.com\/#\/schema\/person\/84d2fc571684f6248ba83092f07750a3"},"breadcrumb":{"@id":"https:\/\/sulsc.com\/index.php\/2023\/11\/14\/terca-feira-14-com-tempo-instavel-em-todas-as-regioes-de-sc\/#breadcrumb"},"inLanguage":"en-US","potentialAction":[{"@type":"ReadAction","target":["https:\/\/sulsc.com\/index.php\/2023\/11\/14\/terca-feira-14-com-tempo-instavel-em-todas-as-regioes-de-sc\/"]}]},{"@type":"BreadcrumbList","@id":"https:\/\/sulsc.com\/index.php\/2023\/11\/14\/terca-feira-14-com-tempo-instavel-em-todas-as-regioes-de-sc\/#breadcrumb","itemListElement":[{"@type":"ListItem","position":1,"name":"In\u00edcio","item":"https:\/\/sulsc.com\/"},{"@type":"ListItem","position":2,"name":"Ter\u00e7a-feira (14) com tempo inst\u00e1vel em todas as regi\u00f5es de SC"}]},{"@type":"WebSite","@id":"https:\/\/sulsc.com\/#website","url":"https:\/\/sulsc.com\/","name":"","description":"","potentialAction":[{"@type":"SearchAction","target":{"@type":"EntryPoint","urlTemplate":"https:\/\/sulsc.com\/?s={search_term_string}"},"query-input":"required name=search_term_string"}],"inLanguage":"en-US"},{"@type":"Person","@id":"https:\/\/sulsc.com\/#\/schema\/person\/84d2fc571684f6248ba83092f07750a3","name":"Reda\u00e7\u00e3o Sul SC","image":{"@type":"ImageObject","inLanguage":"en-US","@id":"https:\/\/sulsc.com\/#\/schema\/person\/image\/e08d7fe2cc4ed596372063bbe852b8d0","url":"https:\/\/sulsc.com\/wp-content\/uploads\/2023\/09\/redacao.png","contentUrl":"https:\/\/sulsc.com\/wp-content\/uploads\/2023\/09\/redacao.png","caption":"Reda\u00e7\u00e3o Sul SC"},"description":"Foco em um jornalismo imparcial, voltado \u00e0 qualidade dos seus conte\u00fados e, assim, levar informa\u00e7\u00e3o de valor que agregue \u00e0 vida dos leitores. Esta \u00e9 grande miss\u00e3o do Portal de Not\u00edcias Sul SC. N\u00e3o \u00e9 quantidade que muda o mundo, sempre foi e seguir\u00e1 sendo qualidade!","sameAs":["https:\/\/sulsc.com\/","https:\/\/www.facebook.com\/profile.php?id=61559278119680","https:\/\/www.instagram.com\/sulscportal\/?hl=pt-br","https:\/\/twitter.com\/https:\/\/twitter.com\/PortalSulSC","https:\/\/www.youtube.com\/channel\/UCv_BE8GeySluDov2n8qhVmw"],"url":"https:\/\/sulsc.com\/index.php\/author\/redacao\/"}]}},"authors":[],"_links":{"self":[{"href":"https:\/\/sulsc.com\/index.php\/wp-json\/wp\/v2\/posts\/3750"}],"collection":[{"href":"https:\/\/sulsc.com\/index.php\/wp-json\/wp\/v2\/posts"}],"about":[{"href":"https:\/\/sulsc.com\/index.php\/wp-json\/wp\/v2\/types\/post"}],"author":[{"embeddable":true,"href":"https:\/\/sulsc.com\/index.php\/wp-json\/wp\/v2\/users\/3"}],"replies":[{"embeddable":true,"href":"https:\/\/sulsc.com\/index.php\/wp-json\/wp\/v2\/comments?post=3750"}],"version-history":[{"count":1,"href":"https:\/\/sulsc.com\/index.php\/wp-json\/wp\/v2\/posts\/3750\/revisions"}],"predecessor-version":[{"id":3751,"href":"https:\/\/sulsc.com\/index.php\/wp-json\/wp\/v2\/posts\/3750\/revisions\/3751"}],"wp:featuredmedia":[{"embeddable":true,"href":"https:\/\/sulsc.com\/index.php\/wp-json\/wp\/v2\/media\/1788"}],"wp:attachment":[{"href":"https:\/\/sulsc.com\/index.php\/wp-json\/wp\/v2\/media?parent=3750"}],"wp:term":[{"taxonomy":"category","embeddable":true,"href":"https:\/\/sulsc.com\/index.php\/wp-json\/wp\/v2\/categories?post=3750"},{"taxonomy":"post_tag","embeddable":true,"href":"https:\/\/sulsc.com\/index.php\/wp-json\/wp\/v2\/tags?post=3750"}],"curies":[{"name":"wp","href":"https:\/\/api.w.org\/{rel}","templated":true}]}}