{"id":3766,"date":"2023-11-14T11:20:05","date_gmt":"2023-11-14T14:20:05","guid":{"rendered":"https:\/\/sulsc.com\/?p=3766"},"modified":"2023-11-14T11:58:35","modified_gmt":"2023-11-14T14:58:35","slug":"servidores-e-terceirizados-participam-de-capacitacao-sobre-seguranca-no-trabalho-em-capivari-de-baixo","status":"publish","type":"post","link":"https:\/\/sulsc.com\/index.php\/2023\/11\/14\/servidores-e-terceirizados-participam-de-capacitacao-sobre-seguranca-no-trabalho-em-capivari-de-baixo\/","title":{"rendered":"Servidores e terceirizados participam de capacita\u00e7\u00e3o -sobre seguran\u00e7a no trabalho, em Capivari de Baixo"},"content":{"rendered":"<p>Servidores p\u00fablicos municipais e trabalhadores terceirizados participaram de uma capacita\u00e7\u00e3o sobre seguran\u00e7a no trabalho na manh\u00e3 desta segunda-feira (13). O curso, voltado para os que atuam na Secretaria de Infraestrutura, Mobilidade e Seguran\u00e7a P\u00fablica de Capivari de Baixo, teve como foco a Norma Regulamentadora n\u00ba. 35 (NR-35), que estabelece os requisitos e as medidas de preven\u00e7\u00e3o para o trabalho em altura.<\/p>\n<p>Durante a manh\u00e3, os trabalhadores participaram do m\u00f3dulo te\u00f3rico e receberem orienta\u00e7\u00f5es de como garantir a seguran\u00e7a e a sa\u00fade durante a execu\u00e7\u00e3o de suas atividades. O curso conta tamb\u00e9m com uma etapa pr\u00e1tica que ao todo apresenta tem carga hor\u00e1ria de 8 horas.<\/p>\n<p>O treinamento foi ministrado pelo t\u00e9cnico em Seguran\u00e7a do Trabalho, Maur\u00edcio Pereira Carneiro, e pelo engenheiro de Seguran\u00e7a do Trabalho, Felipe Pessoa, ambos do quadro de servidores do Munic\u00edpio. A capacita\u00e7\u00e3o desta segunda-feira foi realizada na sede da Associa\u00e7\u00e3o dos Servidores Municipais de Capivari de Baixo (Assemcap).<\/p>\n<p>\u201cA partir do momento que um trabalhador faz um servi\u00e7o acima de dois metros de altura j\u00e1 \u00e9 considerado trabalho em altura. Por isso, precisa estar atento \u00e0s normas de seguran\u00e7a de trabalho\u201d, explicou Maur\u00edcio.<\/p>\n<p>A prefeita M\u00e1rcia Roberg Cargnin e o secret\u00e1rio de Infraestrutura, Mobilidade e Seguran\u00e7a P\u00fablica Adam Dutra Machado participaram da abertura do treinamento e destacaram a import\u00e2ncia do cuidado e da preven\u00e7\u00e3o no ambiente de trabalho.\u00a0A Administra\u00e7\u00e3o Municipal vai promover outras capacita\u00e7\u00f5es com seus servidores nos pr\u00f3ximos meses. Os treinamentos atendem \u00e0s novas regras a partir da implementa\u00e7\u00e3o do sistema eSocial.<\/p>\n<p><img fetchpriority=\"high\" decoding=\"async\" class=\"alignnone size-full wp-image-3768\" src=\"http:\/\/sulsc.com\/wp-content\/uploads\/2023\/11\/Servidores-e-terceirizados-participam-de-capacitacao-sobre-seguranca-no-trabalho-em-Capivari-de-Baixo-01.jpg\" alt=\"\" width=\"800\" height=\"445\" srcset=\"https:\/\/sulsc.com\/wp-content\/uploads\/2023\/11\/Servidores-e-terceirizados-participam-de-capacitacao-sobre-seguranca-no-trabalho-em-Capivari-de-Baixo-01.jpg 800w, https:\/\/sulsc.com\/wp-content\/uploads\/2023\/11\/Servidores-e-terceirizados-participam-de-capacitacao-sobre-seguranca-no-trabalho-em-Capivari-de-Baixo-01-300x167.jpg 300w, https:\/\/sulsc.com\/wp-content\/uploads\/2023\/11\/Servidores-e-terceirizados-participam-de-capacitacao-sobre-seguranca-no-trabalho-em-Capivari-de-Baixo-01-768x427.jpg 768w\" sizes=\"(max-width: 800px) 100vw, 800px\" \/><\/p>\n<p>Fonte: Pref. de Capivari de Baixo<\/p>\n","protected":false},"excerpt":{"rendered":"<p>Servidores p\u00fablicos municipais e trabalhadores terceirizados participaram de uma capacita\u00e7\u00e3o sobre seguran\u00e7a no trabalho na manh\u00e3 desta segunda-feira (13). O curso, voltado para os que atuam na Secretaria de Infraestrutura, Mobilidade e Seguran\u00e7a P\u00fablica de Capivari de Baixo, teve como foco a Norma Regulamentadora n\u00ba. 35 (NR-35), que estabelece os requisitos e as medidas de &hellip;<\/p>\n<p class=\"read-more\"> <a class=\"\" href=\"https:\/\/sulsc.com\/index.php\/2023\/11\/14\/servidores-e-terceirizados-participam-de-capacitacao-sobre-seguranca-no-trabalho-em-capivari-de-baixo\/\"> <span class=\"screen-reader-text\">Servidores e terceirizados participam de capacita\u00e7\u00e3o -sobre seguran\u00e7a no trabalho, em Capivari de Baixo<\/span> Read More &raquo;<\/a><\/p>\n","protected":false},"author":3,"featured_media":3767,"comment_status":"open","ping_status":"open","sticky":false,"template":"","format":"standard","meta":{"site-sidebar-layout":"default","site-content-layout":"","ast-site-content-layout":"default","site-content-style":"default","site-sidebar-style":"default","ast-global-header-display":"","ast-banner-title-visibility":"","ast-main-header-display":"","ast-hfb-above-header-display":"","ast-hfb-below-header-display":"","ast-hfb-mobile-header-display":"","site-post-title":"","ast-breadcrumbs-content":"","ast-featured-img":"","footer-sml-layout":"","theme-transparent-header-meta":"default","adv-header-id-meta":"","stick-header-meta":"","header-above-stick-meta":"","header-main-stick-meta":"","header-below-stick-meta":"","astra-migrate-meta-layouts":"set","footnotes":""},"categories":[42],"tags":[],"yoast_head":"<!-- This site is optimized with the Yoast SEO plugin v21.4 - https:\/\/yoast.com\/wordpress\/plugins\/seo\/ -->\n<title>Servidores e terceirizados participam de capacita\u00e7\u00e3o -sobre seguran\u00e7a no trabalho, em Capivari de Baixo -<\/title>\n<meta name=\"robots\" content=\"index, follow, max-snippet:-1, max-image-preview:large, max-video-preview:-1\" \/>\n<link rel=\"canonical\" href=\"https:\/\/sulsc.com\/index.php\/2023\/11\/14\/servidores-e-terceirizados-participam-de-capacitacao-sobre-seguranca-no-trabalho-em-capivari-de-baixo\/\" \/>\n<meta property=\"og:locale\" content=\"en_US\" \/>\n<meta property=\"og:type\" content=\"article\" \/>\n<meta property=\"og:title\" content=\"Servidores e terceirizados participam de capacita\u00e7\u00e3o -sobre seguran\u00e7a no trabalho, em Capivari de Baixo -\" \/>\n<meta property=\"og:description\" content=\"Servidores p\u00fablicos municipais e trabalhadores terceirizados participaram de uma capacita\u00e7\u00e3o sobre seguran\u00e7a no trabalho na manh\u00e3 desta segunda-feira (13). O curso, voltado para os que atuam na Secretaria de Infraestrutura, Mobilidade e Seguran\u00e7a P\u00fablica de Capivari de Baixo, teve como foco a Norma Regulamentadora n\u00ba. 35 (NR-35), que estabelece os requisitos e as medidas de &hellip; Servidores e terceirizados participam de capacita\u00e7\u00e3o -sobre seguran\u00e7a no trabalho, em Capivari de Baixo Read More &raquo;\" \/>\n<meta property=\"og:url\" content=\"https:\/\/sulsc.com\/index.php\/2023\/11\/14\/servidores-e-terceirizados-participam-de-capacitacao-sobre-seguranca-no-trabalho-em-capivari-de-baixo\/\" \/>\n<meta property=\"article:author\" content=\"https:\/\/www.facebook.com\/profile.php?id=61559278119680\" \/>\n<meta property=\"article:published_time\" content=\"2023-11-14T14:20:05+00:00\" \/>\n<meta property=\"article:modified_time\" content=\"2023-11-14T14:58:35+00:00\" \/>\n<meta property=\"og:image\" content=\"http:\/\/sulsc.com\/wp-content\/uploads\/2023\/11\/Servidores-e-terceirizados-participam-de-capacitacao-sobre-seguranca-no-trabalho-em-Capivari-de-Baixo-02.jpg\" \/>\n\t<meta property=\"og:image:width\" content=\"1024\" \/>\n\t<meta property=\"og:image:height\" content=\"768\" \/>\n\t<meta property=\"og:image:type\" content=\"image\/jpeg\" \/>\n<meta name=\"author\" content=\"Reda\u00e7\u00e3o Sul SC\" \/>\n<meta name=\"twitter:card\" content=\"summary_large_image\" \/>\n<meta name=\"twitter:creator\" content=\"@https:\/\/twitter.com\/PortalSulSC\" \/>\n<meta name=\"twitter:label1\" content=\"Written by\" \/>\n\t<meta name=\"twitter:data1\" content=\"Reda\u00e7\u00e3o Sul SC\" \/>\n\t<meta name=\"twitter:label2\" content=\"Est. reading time\" \/>\n\t<meta name=\"twitter:data2\" content=\"2 minutes\" \/>\n<script type=\"application\/ld+json\" class=\"yoast-schema-graph\">{\"@context\":\"https:\/\/schema.org\",\"@graph\":[{\"@type\":\"WebPage\",\"@id\":\"https:\/\/sulsc.com\/index.php\/2023\/11\/14\/servidores-e-terceirizados-participam-de-capacitacao-sobre-seguranca-no-trabalho-em-capivari-de-baixo\/\",\"url\":\"https:\/\/sulsc.com\/index.php\/2023\/11\/14\/servidores-e-terceirizados-participam-de-capacitacao-sobre-seguranca-no-trabalho-em-capivari-de-baixo\/\",\"name\":\"Servidores e terceirizados participam de capacita\u00e7\u00e3o -sobre seguran\u00e7a no trabalho, em Capivari de Baixo -\",\"isPartOf\":{\"@id\":\"https:\/\/sulsc.com\/#website\"},\"datePublished\":\"2023-11-14T14:20:05+00:00\",\"dateModified\":\"2023-11-14T14:58:35+00:00\",\"author\":{\"@id\":\"https:\/\/sulsc.com\/#\/schema\/person\/84d2fc571684f6248ba83092f07750a3\"},\"breadcrumb\":{\"@id\":\"https:\/\/sulsc.com\/index.php\/2023\/11\/14\/servidores-e-terceirizados-participam-de-capacitacao-sobre-seguranca-no-trabalho-em-capivari-de-baixo\/#breadcrumb\"},\"inLanguage\":\"en-US\",\"potentialAction\":[{\"@type\":\"ReadAction\",\"target\":[\"https:\/\/sulsc.com\/index.php\/2023\/11\/14\/servidores-e-terceirizados-participam-de-capacitacao-sobre-seguranca-no-trabalho-em-capivari-de-baixo\/\"]}]},{\"@type\":\"BreadcrumbList\",\"@id\":\"https:\/\/sulsc.com\/index.php\/2023\/11\/14\/servidores-e-terceirizados-participam-de-capacitacao-sobre-seguranca-no-trabalho-em-capivari-de-baixo\/#breadcrumb\",\"itemListElement\":[{\"@type\":\"ListItem\",\"position\":1,\"name\":\"In\u00edcio\",\"item\":\"https:\/\/sulsc.com\/\"},{\"@type\":\"ListItem\",\"position\":2,\"name\":\"Servidores e terceirizados participam de capacita\u00e7\u00e3o -sobre seguran\u00e7a no trabalho, em Capivari de Baixo\"}]},{\"@type\":\"WebSite\",\"@id\":\"https:\/\/sulsc.com\/#website\",\"url\":\"https:\/\/sulsc.com\/\",\"name\":\"\",\"description\":\"\",\"potentialAction\":[{\"@type\":\"SearchAction\",\"target\":{\"@type\":\"EntryPoint\",\"urlTemplate\":\"https:\/\/sulsc.com\/?s={search_term_string}\"},\"query-input\":\"required name=search_term_string\"}],\"inLanguage\":\"en-US\"},{\"@type\":\"Person\",\"@id\":\"https:\/\/sulsc.com\/#\/schema\/person\/84d2fc571684f6248ba83092f07750a3\",\"name\":\"Reda\u00e7\u00e3o Sul SC\",\"image\":{\"@type\":\"ImageObject\",\"inLanguage\":\"en-US\",\"@id\":\"https:\/\/sulsc.com\/#\/schema\/person\/image\/e08d7fe2cc4ed596372063bbe852b8d0\",\"url\":\"https:\/\/sulsc.com\/wp-content\/uploads\/2023\/09\/redacao.png\",\"contentUrl\":\"https:\/\/sulsc.com\/wp-content\/uploads\/2023\/09\/redacao.png\",\"caption\":\"Reda\u00e7\u00e3o Sul SC\"},\"description\":\"Foco em um jornalismo imparcial, voltado \u00e0 qualidade dos seus conte\u00fados e, assim, levar informa\u00e7\u00e3o de valor que agregue \u00e0 vida dos leitores. Esta \u00e9 grande miss\u00e3o do Portal de Not\u00edcias Sul SC. N\u00e3o \u00e9 quantidade que muda o mundo, sempre foi e seguir\u00e1 sendo qualidade!\",\"sameAs\":[\"https:\/\/sulsc.com\/\",\"https:\/\/www.facebook.com\/profile.php?id=61559278119680\",\"https:\/\/www.instagram.com\/sulscportal\/?hl=pt-br\",\"https:\/\/twitter.com\/https:\/\/twitter.com\/PortalSulSC\",\"https:\/\/www.youtube.com\/channel\/UCv_BE8GeySluDov2n8qhVmw\"],\"url\":\"https:\/\/sulsc.com\/index.php\/author\/redacao\/\"}]}<\/script>\n<!-- \/ Yoast SEO plugin. -->","yoast_head_json":{"title":"Servidores e terceirizados participam de capacita\u00e7\u00e3o -sobre seguran\u00e7a no trabalho, em Capivari de Baixo -","robots":{"index":"index","follow":"follow","max-snippet":"max-snippet:-1","max-image-preview":"max-image-preview:large","max-video-preview":"max-video-preview:-1"},"canonical":"https:\/\/sulsc.com\/index.php\/2023\/11\/14\/servidores-e-terceirizados-participam-de-capacitacao-sobre-seguranca-no-trabalho-em-capivari-de-baixo\/","og_locale":"en_US","og_type":"article","og_title":"Servidores e terceirizados participam de capacita\u00e7\u00e3o -sobre seguran\u00e7a no trabalho, em Capivari de Baixo -","og_description":"Servidores p\u00fablicos municipais e trabalhadores terceirizados participaram de uma capacita\u00e7\u00e3o sobre seguran\u00e7a no trabalho na manh\u00e3 desta segunda-feira (13). O curso, voltado para os que atuam na Secretaria de Infraestrutura, Mobilidade e Seguran\u00e7a P\u00fablica de Capivari de Baixo, teve como foco a Norma Regulamentadora n\u00ba. 35 (NR-35), que estabelece os requisitos e as medidas de &hellip; Servidores e terceirizados participam de capacita\u00e7\u00e3o -sobre seguran\u00e7a no trabalho, em Capivari de Baixo Read More &raquo;","og_url":"https:\/\/sulsc.com\/index.php\/2023\/11\/14\/servidores-e-terceirizados-participam-de-capacitacao-sobre-seguranca-no-trabalho-em-capivari-de-baixo\/","article_author":"https:\/\/www.facebook.com\/profile.php?id=61559278119680","article_published_time":"2023-11-14T14:20:05+00:00","article_modified_time":"2023-11-14T14:58:35+00:00","og_image":[{"width":1024,"height":768,"url":"http:\/\/sulsc.com\/wp-content\/uploads\/2023\/11\/Servidores-e-terceirizados-participam-de-capacitacao-sobre-seguranca-no-trabalho-em-Capivari-de-Baixo-02.jpg","type":"image\/jpeg"}],"author":"Reda\u00e7\u00e3o Sul SC","twitter_card":"summary_large_image","twitter_creator":"@https:\/\/twitter.com\/PortalSulSC","twitter_misc":{"Written by":"Reda\u00e7\u00e3o Sul SC","Est. reading time":"2 minutes"},"schema":{"@context":"https:\/\/schema.org","@graph":[{"@type":"WebPage","@id":"https:\/\/sulsc.com\/index.php\/2023\/11\/14\/servidores-e-terceirizados-participam-de-capacitacao-sobre-seguranca-no-trabalho-em-capivari-de-baixo\/","url":"https:\/\/sulsc.com\/index.php\/2023\/11\/14\/servidores-e-terceirizados-participam-de-capacitacao-sobre-seguranca-no-trabalho-em-capivari-de-baixo\/","name":"Servidores e terceirizados participam de capacita\u00e7\u00e3o -sobre seguran\u00e7a no trabalho, em Capivari de Baixo -","isPartOf":{"@id":"https:\/\/sulsc.com\/#website"},"datePublished":"2023-11-14T14:20:05+00:00","dateModified":"2023-11-14T14:58:35+00:00","author":{"@id":"https:\/\/sulsc.com\/#\/schema\/person\/84d2fc571684f6248ba83092f07750a3"},"breadcrumb":{"@id":"https:\/\/sulsc.com\/index.php\/2023\/11\/14\/servidores-e-terceirizados-participam-de-capacitacao-sobre-seguranca-no-trabalho-em-capivari-de-baixo\/#breadcrumb"},"inLanguage":"en-US","potentialAction":[{"@type":"ReadAction","target":["https:\/\/sulsc.com\/index.php\/2023\/11\/14\/servidores-e-terceirizados-participam-de-capacitacao-sobre-seguranca-no-trabalho-em-capivari-de-baixo\/"]}]},{"@type":"BreadcrumbList","@id":"https:\/\/sulsc.com\/index.php\/2023\/11\/14\/servidores-e-terceirizados-participam-de-capacitacao-sobre-seguranca-no-trabalho-em-capivari-de-baixo\/#breadcrumb","itemListElement":[{"@type":"ListItem","position":1,"name":"In\u00edcio","item":"https:\/\/sulsc.com\/"},{"@type":"ListItem","position":2,"name":"Servidores e terceirizados participam de capacita\u00e7\u00e3o -sobre seguran\u00e7a no trabalho, em Capivari de Baixo"}]},{"@type":"WebSite","@id":"https:\/\/sulsc.com\/#website","url":"https:\/\/sulsc.com\/","name":"","description":"","potentialAction":[{"@type":"SearchAction","target":{"@type":"EntryPoint","urlTemplate":"https:\/\/sulsc.com\/?s={search_term_string}"},"query-input":"required name=search_term_string"}],"inLanguage":"en-US"},{"@type":"Person","@id":"https:\/\/sulsc.com\/#\/schema\/person\/84d2fc571684f6248ba83092f07750a3","name":"Reda\u00e7\u00e3o Sul SC","image":{"@type":"ImageObject","inLanguage":"en-US","@id":"https:\/\/sulsc.com\/#\/schema\/person\/image\/e08d7fe2cc4ed596372063bbe852b8d0","url":"https:\/\/sulsc.com\/wp-content\/uploads\/2023\/09\/redacao.png","contentUrl":"https:\/\/sulsc.com\/wp-content\/uploads\/2023\/09\/redacao.png","caption":"Reda\u00e7\u00e3o Sul SC"},"description":"Foco em um jornalismo imparcial, voltado \u00e0 qualidade dos seus conte\u00fados e, assim, levar informa\u00e7\u00e3o de valor que agregue \u00e0 vida dos leitores. Esta \u00e9 grande miss\u00e3o do Portal de Not\u00edcias Sul SC. N\u00e3o \u00e9 quantidade que muda o mundo, sempre foi e seguir\u00e1 sendo qualidade!","sameAs":["https:\/\/sulsc.com\/","https:\/\/www.facebook.com\/profile.php?id=61559278119680","https:\/\/www.instagram.com\/sulscportal\/?hl=pt-br","https:\/\/twitter.com\/https:\/\/twitter.com\/PortalSulSC","https:\/\/www.youtube.com\/channel\/UCv_BE8GeySluDov2n8qhVmw"],"url":"https:\/\/sulsc.com\/index.php\/author\/redacao\/"}]}},"authors":[],"_links":{"self":[{"href":"https:\/\/sulsc.com\/index.php\/wp-json\/wp\/v2\/posts\/3766"}],"collection":[{"href":"https:\/\/sulsc.com\/index.php\/wp-json\/wp\/v2\/posts"}],"about":[{"href":"https:\/\/sulsc.com\/index.php\/wp-json\/wp\/v2\/types\/post"}],"author":[{"embeddable":true,"href":"https:\/\/sulsc.com\/index.php\/wp-json\/wp\/v2\/users\/3"}],"replies":[{"embeddable":true,"href":"https:\/\/sulsc.com\/index.php\/wp-json\/wp\/v2\/comments?post=3766"}],"version-history":[{"count":1,"href":"https:\/\/sulsc.com\/index.php\/wp-json\/wp\/v2\/posts\/3766\/revisions"}],"predecessor-version":[{"id":3769,"href":"https:\/\/sulsc.com\/index.php\/wp-json\/wp\/v2\/posts\/3766\/revisions\/3769"}],"wp:featuredmedia":[{"embeddable":true,"href":"https:\/\/sulsc.com\/index.php\/wp-json\/wp\/v2\/media\/3767"}],"wp:attachment":[{"href":"https:\/\/sulsc.com\/index.php\/wp-json\/wp\/v2\/media?parent=3766"}],"wp:term":[{"taxonomy":"category","embeddable":true,"href":"https:\/\/sulsc.com\/index.php\/wp-json\/wp\/v2\/categories?post=3766"},{"taxonomy":"post_tag","embeddable":true,"href":"https:\/\/sulsc.com\/index.php\/wp-json\/wp\/v2\/tags?post=3766"}],"curies":[{"name":"wp","href":"https:\/\/api.w.org\/{rel}","templated":true}]}}