{"id":3780,"date":"2023-11-14T14:30:24","date_gmt":"2023-11-14T17:30:24","guid":{"rendered":"https:\/\/sulsc.com\/?p=3780"},"modified":"2023-11-14T12:31:46","modified_gmt":"2023-11-14T15:31:46","slug":"repatriados-da-faixa-de-gaza-chegam-a-capital-do-brasil","status":"publish","type":"post","link":"https:\/\/sulsc.com\/index.php\/2023\/11\/14\/repatriados-da-faixa-de-gaza-chegam-a-capital-do-brasil\/","title":{"rendered":"Repatriados da Faixa de Gaza chegam a capital do Brasil"},"content":{"rendered":"<p>Os 32 brasileiros e seus familiares repatriados da Faixa de Gaza, no Oriente M\u00e9dio, acabam de chegar a capital do Brasil. O d\u00e9cimo voo da Opera\u00e7\u00e3o Voltando em Paz pousou na Base A\u00e9rea de Bras\u00edlia (DF), na noite desta segunda-feira (13), e foi recepcionado pelo presidente da Rep\u00fablica, Luiz In\u00e1cio Lula da Silva.<\/p>\n<p>O grupo com 17 crian\u00e7as, nove mulheres e seis homens deixou a Faixa de Gaza na manh\u00e3 de domingo (12), ap\u00f3s um per\u00edodo intenso de negocia\u00e7\u00f5es entre o governo brasileiro e autoridades do Oriente M\u00e9dio. Al\u00e9m do translado, a opera\u00e7\u00e3o de acolhimento na chegada ao Pa\u00eds conta com uma estrutura preparada para prestar assist\u00eancia m\u00e9dica, psicol\u00f3gica, de imuniza\u00e7\u00e3o, servi\u00e7os de abrigo, documenta\u00e7\u00e3o e alimenta\u00e7\u00e3o aos cidad\u00e3os repatriados.<\/p>\n<p>\u201cEu s\u00f3 queria dizer a voc\u00eas que a chegada desse d\u00e9cimo avi\u00e3o aqui no Brasil \u00e9 o coroamento de trabalho muito s\u00e9rio que a gente deve a muita gente&#8221;, afirmou o presidente, em refer\u00eancia a diplomatas, ministros, For\u00e7a A\u00e9rea e toda uma articula\u00e7\u00e3o mobilizada para garantir o retorno e o cuidado com os brasileiros da zona de conflito.<\/p>\n<p>Lula se comprometeu em seguir com a Opera\u00e7\u00e3o Voltando em Paz e cobrou das autoridades que intensifiquem as negocia\u00e7\u00f5es para trazer o restante dos brasileiros que ainda est\u00e3o na regi\u00e3o de conflito. &#8220;Enquanto tiver lista e possibilidade de tirar as pessoas da Faixa de Gaza, vamos cuidar para tirar todos de l\u00e1. Esse \u00e9 um compromisso que fazemos\u201d, garantiu Lula.<\/p>\n<p>Um dos repatriados, Hasan Rabee, agradeceu ao apoio do Brasil e destacou o suporte do governo no enfrentamento a situa\u00e7\u00e3o vivida na regi\u00e3o de Gaza. \u201cFicamos l\u00e1 37 dias, vivemos muito sofrimento, passamos fome e sede, mas tivemos bastante suporte do governo brasileiro. Recebemos alimenta\u00e7\u00e3o, recursos para comprar comida. Agora gostar\u00edamos que o Brasil pudesse tirar nossos familiares daquela situa\u00e7\u00e3o que est\u00e3o vivendo\u201d, afirmou.<\/p>\n<p>O ministro das Rela\u00e7\u00f5es Exteriores, Mauro Vieira, garantiu que o Brasil vai continuar trabalhando com as embaixadas para trazer todos que quiserem retornar ao Pa\u00eds e destacou que vai continuar buscando medidas junto ao Conselho de Seguran\u00e7a da Organiza\u00e7\u00e3o das Na\u00e7\u00f5es Unidas (ONU), onde o Brasil ocupa uma vaga at\u00e9 dezembro deste ano, para estabelecer uma pausa humanit\u00e1ria que possa permitir que as pessoas saiam da regi\u00e3o de conflito.<\/p>\n<p>&#8220;Vamos continuar trabalhando atrav\u00e9s das nossas embaixadas em Ramallah, em Tel Aviv e no Cairo para localizar outros brasileiros que estejam na regi\u00e3o e queiram voltar, da mesma forma que vamos continuar trabalhando no Conselho de Seguran\u00e7a da ONU para encontrar uma solu\u00e7\u00e3o diplom\u00e1tica, que crie um corredor humanit\u00e1rio e permita que os feridos, ref\u00e9ns e tamb\u00e9m os nacionais possam deixar Gaza&#8221;, ressaltou.<\/p>\n<p><img fetchpriority=\"high\" decoding=\"async\" class=\"alignnone size-full wp-image-3781\" src=\"http:\/\/sulsc.com\/wp-content\/uploads\/2023\/11\/Repatriados-da-Faixa-de-Gaza-chegam-a-capital-do-Brasil.jpeg\" alt=\"\" width=\"768\" height=\"420\" srcset=\"https:\/\/sulsc.com\/wp-content\/uploads\/2023\/11\/Repatriados-da-Faixa-de-Gaza-chegam-a-capital-do-Brasil.jpeg 768w, https:\/\/sulsc.com\/wp-content\/uploads\/2023\/11\/Repatriados-da-Faixa-de-Gaza-chegam-a-capital-do-Brasil-300x164.jpeg 300w\" sizes=\"(max-width: 768px) 100vw, 768px\" \/><\/p>\n<p><strong>Brasileiros na Faixa de Gaza<\/strong><\/p>\n<p>Durante o per\u00edodo em Gaza, os brasileiros tiveram acompanhamento di\u00e1rio da diplomacia brasileira. Receberam recursos para garantir alimenta\u00e7\u00e3o, \u00e1gua pot\u00e1vel, g\u00e1s de cozinha e medicamentos e tiveram acesso a atendimento m\u00e9dico e psicol\u00f3gico de forma online. Al\u00e9m disso, foram hospedados em resid\u00eancias alugadas pelo Governo Federal em Khan Yunis e Rafah e fizeram deslocamentos seguros em \u00f4nibus fretados pela representa\u00e7\u00e3o brasileira em Ramallah, na Cisjord\u00e2nia.<\/p>\n<p>Tanto os ve\u00edculos quanto os im\u00f3veis eram identificados e informados \u00e0s autoridades de Gaza e de Israel para evitar bombardeios. Por meio de aplicativos, os diplomatas mantinham contatos di\u00e1rios com o grupo para identificar necessidades e garantir, dentro da realidade de uma zona conflagrada, que todos estivessem nas melhores condi\u00e7\u00f5es de sa\u00fade.<\/p>\n<p>&nbsp;<\/p>\n<p>Fonte: Ag\u00eancia Gov.<\/p>\n","protected":false},"excerpt":{"rendered":"<p>Os 32 brasileiros e seus familiares repatriados da Faixa de Gaza, no Oriente M\u00e9dio, acabam de chegar a capital do Brasil. O d\u00e9cimo voo da Opera\u00e7\u00e3o Voltando em Paz pousou na Base A\u00e9rea de Bras\u00edlia (DF), na noite desta segunda-feira (13), e foi recepcionado pelo presidente da Rep\u00fablica, Luiz In\u00e1cio Lula da Silva. O grupo &hellip;<\/p>\n<p class=\"read-more\"> <a class=\"\" href=\"https:\/\/sulsc.com\/index.php\/2023\/11\/14\/repatriados-da-faixa-de-gaza-chegam-a-capital-do-brasil\/\"> <span class=\"screen-reader-text\">Repatriados da Faixa de Gaza chegam a capital do Brasil<\/span> Read More &raquo;<\/a><\/p>\n","protected":false},"author":3,"featured_media":3781,"comment_status":"open","ping_status":"open","sticky":false,"template":"","format":"standard","meta":{"site-sidebar-layout":"default","site-content-layout":"","ast-site-content-layout":"default","site-content-style":"default","site-sidebar-style":"default","ast-global-header-display":"","ast-banner-title-visibility":"","ast-main-header-display":"","ast-hfb-above-header-display":"","ast-hfb-below-header-display":"","ast-hfb-mobile-header-display":"","site-post-title":"","ast-breadcrumbs-content":"","ast-featured-img":"","footer-sml-layout":"","theme-transparent-header-meta":"default","adv-header-id-meta":"","stick-header-meta":"","header-above-stick-meta":"","header-main-stick-meta":"","header-below-stick-meta":"","astra-migrate-meta-layouts":"set","footnotes":""},"categories":[16],"tags":[],"yoast_head":"<!-- This site is optimized with the Yoast SEO plugin v21.4 - https:\/\/yoast.com\/wordpress\/plugins\/seo\/ -->\n<title>Repatriados da Faixa de Gaza chegam a capital do Brasil -<\/title>\n<meta name=\"robots\" content=\"index, follow, max-snippet:-1, max-image-preview:large, max-video-preview:-1\" \/>\n<link rel=\"canonical\" href=\"https:\/\/sulsc.com\/index.php\/2023\/11\/14\/repatriados-da-faixa-de-gaza-chegam-a-capital-do-brasil\/\" \/>\n<meta property=\"og:locale\" content=\"en_US\" \/>\n<meta property=\"og:type\" content=\"article\" \/>\n<meta property=\"og:title\" content=\"Repatriados da Faixa de Gaza chegam a capital do Brasil -\" \/>\n<meta property=\"og:description\" content=\"Os 32 brasileiros e seus familiares repatriados da Faixa de Gaza, no Oriente M\u00e9dio, acabam de chegar a capital do Brasil. O d\u00e9cimo voo da Opera\u00e7\u00e3o Voltando em Paz pousou na Base A\u00e9rea de Bras\u00edlia (DF), na noite desta segunda-feira (13), e foi recepcionado pelo presidente da Rep\u00fablica, Luiz In\u00e1cio Lula da Silva. O grupo &hellip; Repatriados da Faixa de Gaza chegam a capital do Brasil Read More &raquo;\" \/>\n<meta property=\"og:url\" content=\"https:\/\/sulsc.com\/index.php\/2023\/11\/14\/repatriados-da-faixa-de-gaza-chegam-a-capital-do-brasil\/\" \/>\n<meta property=\"article:author\" content=\"https:\/\/www.facebook.com\/profile.php?id=61559278119680\" \/>\n<meta property=\"article:published_time\" content=\"2023-11-14T17:30:24+00:00\" \/>\n<meta property=\"article:modified_time\" content=\"2023-11-14T15:31:46+00:00\" \/>\n<meta property=\"og:image\" content=\"https:\/\/sulsc.com\/wp-content\/uploads\/2023\/11\/Repatriados-da-Faixa-de-Gaza-chegam-a-capital-do-Brasil.jpeg\" \/>\n\t<meta property=\"og:image:width\" content=\"768\" \/>\n\t<meta property=\"og:image:height\" content=\"420\" \/>\n\t<meta property=\"og:image:type\" content=\"image\/jpeg\" \/>\n<meta name=\"author\" content=\"Reda\u00e7\u00e3o Sul SC\" \/>\n<meta name=\"twitter:card\" content=\"summary_large_image\" \/>\n<meta name=\"twitter:creator\" content=\"@https:\/\/twitter.com\/PortalSulSC\" \/>\n<meta name=\"twitter:label1\" content=\"Written by\" \/>\n\t<meta name=\"twitter:data1\" content=\"Reda\u00e7\u00e3o Sul SC\" \/>\n\t<meta name=\"twitter:label2\" content=\"Est. reading time\" \/>\n\t<meta name=\"twitter:data2\" content=\"4 minutes\" \/>\n<script type=\"application\/ld+json\" class=\"yoast-schema-graph\">{\"@context\":\"https:\/\/schema.org\",\"@graph\":[{\"@type\":\"WebPage\",\"@id\":\"https:\/\/sulsc.com\/index.php\/2023\/11\/14\/repatriados-da-faixa-de-gaza-chegam-a-capital-do-brasil\/\",\"url\":\"https:\/\/sulsc.com\/index.php\/2023\/11\/14\/repatriados-da-faixa-de-gaza-chegam-a-capital-do-brasil\/\",\"name\":\"Repatriados da Faixa de Gaza chegam a capital do Brasil -\",\"isPartOf\":{\"@id\":\"https:\/\/sulsc.com\/#website\"},\"datePublished\":\"2023-11-14T17:30:24+00:00\",\"dateModified\":\"2023-11-14T15:31:46+00:00\",\"author\":{\"@id\":\"https:\/\/sulsc.com\/#\/schema\/person\/84d2fc571684f6248ba83092f07750a3\"},\"breadcrumb\":{\"@id\":\"https:\/\/sulsc.com\/index.php\/2023\/11\/14\/repatriados-da-faixa-de-gaza-chegam-a-capital-do-brasil\/#breadcrumb\"},\"inLanguage\":\"en-US\",\"potentialAction\":[{\"@type\":\"ReadAction\",\"target\":[\"https:\/\/sulsc.com\/index.php\/2023\/11\/14\/repatriados-da-faixa-de-gaza-chegam-a-capital-do-brasil\/\"]}]},{\"@type\":\"BreadcrumbList\",\"@id\":\"https:\/\/sulsc.com\/index.php\/2023\/11\/14\/repatriados-da-faixa-de-gaza-chegam-a-capital-do-brasil\/#breadcrumb\",\"itemListElement\":[{\"@type\":\"ListItem\",\"position\":1,\"name\":\"In\u00edcio\",\"item\":\"https:\/\/sulsc.com\/\"},{\"@type\":\"ListItem\",\"position\":2,\"name\":\"Repatriados da Faixa de Gaza chegam a capital do Brasil\"}]},{\"@type\":\"WebSite\",\"@id\":\"https:\/\/sulsc.com\/#website\",\"url\":\"https:\/\/sulsc.com\/\",\"name\":\"\",\"description\":\"\",\"potentialAction\":[{\"@type\":\"SearchAction\",\"target\":{\"@type\":\"EntryPoint\",\"urlTemplate\":\"https:\/\/sulsc.com\/?s={search_term_string}\"},\"query-input\":\"required name=search_term_string\"}],\"inLanguage\":\"en-US\"},{\"@type\":\"Person\",\"@id\":\"https:\/\/sulsc.com\/#\/schema\/person\/84d2fc571684f6248ba83092f07750a3\",\"name\":\"Reda\u00e7\u00e3o Sul SC\",\"image\":{\"@type\":\"ImageObject\",\"inLanguage\":\"en-US\",\"@id\":\"https:\/\/sulsc.com\/#\/schema\/person\/image\/e08d7fe2cc4ed596372063bbe852b8d0\",\"url\":\"https:\/\/sulsc.com\/wp-content\/uploads\/2023\/09\/redacao.png\",\"contentUrl\":\"https:\/\/sulsc.com\/wp-content\/uploads\/2023\/09\/redacao.png\",\"caption\":\"Reda\u00e7\u00e3o Sul SC\"},\"description\":\"Foco em um jornalismo imparcial, voltado \u00e0 qualidade dos seus conte\u00fados e, assim, levar informa\u00e7\u00e3o de valor que agregue \u00e0 vida dos leitores. Esta \u00e9 grande miss\u00e3o do Portal de Not\u00edcias Sul SC. N\u00e3o \u00e9 quantidade que muda o mundo, sempre foi e seguir\u00e1 sendo qualidade!\",\"sameAs\":[\"https:\/\/sulsc.com\/\",\"https:\/\/www.facebook.com\/profile.php?id=61559278119680\",\"https:\/\/www.instagram.com\/sulscportal\/?hl=pt-br\",\"https:\/\/twitter.com\/https:\/\/twitter.com\/PortalSulSC\",\"https:\/\/www.youtube.com\/channel\/UCv_BE8GeySluDov2n8qhVmw\"],\"url\":\"https:\/\/sulsc.com\/index.php\/author\/redacao\/\"}]}<\/script>\n<!-- \/ Yoast SEO plugin. -->","yoast_head_json":{"title":"Repatriados da Faixa de Gaza chegam a capital do Brasil -","robots":{"index":"index","follow":"follow","max-snippet":"max-snippet:-1","max-image-preview":"max-image-preview:large","max-video-preview":"max-video-preview:-1"},"canonical":"https:\/\/sulsc.com\/index.php\/2023\/11\/14\/repatriados-da-faixa-de-gaza-chegam-a-capital-do-brasil\/","og_locale":"en_US","og_type":"article","og_title":"Repatriados da Faixa de Gaza chegam a capital do Brasil -","og_description":"Os 32 brasileiros e seus familiares repatriados da Faixa de Gaza, no Oriente M\u00e9dio, acabam de chegar a capital do Brasil. O d\u00e9cimo voo da Opera\u00e7\u00e3o Voltando em Paz pousou na Base A\u00e9rea de Bras\u00edlia (DF), na noite desta segunda-feira (13), e foi recepcionado pelo presidente da Rep\u00fablica, Luiz In\u00e1cio Lula da Silva. O grupo &hellip; Repatriados da Faixa de Gaza chegam a capital do Brasil Read More &raquo;","og_url":"https:\/\/sulsc.com\/index.php\/2023\/11\/14\/repatriados-da-faixa-de-gaza-chegam-a-capital-do-brasil\/","article_author":"https:\/\/www.facebook.com\/profile.php?id=61559278119680","article_published_time":"2023-11-14T17:30:24+00:00","article_modified_time":"2023-11-14T15:31:46+00:00","og_image":[{"width":768,"height":420,"url":"https:\/\/sulsc.com\/wp-content\/uploads\/2023\/11\/Repatriados-da-Faixa-de-Gaza-chegam-a-capital-do-Brasil.jpeg","type":"image\/jpeg"}],"author":"Reda\u00e7\u00e3o Sul SC","twitter_card":"summary_large_image","twitter_creator":"@https:\/\/twitter.com\/PortalSulSC","twitter_misc":{"Written by":"Reda\u00e7\u00e3o Sul SC","Est. reading time":"4 minutes"},"schema":{"@context":"https:\/\/schema.org","@graph":[{"@type":"WebPage","@id":"https:\/\/sulsc.com\/index.php\/2023\/11\/14\/repatriados-da-faixa-de-gaza-chegam-a-capital-do-brasil\/","url":"https:\/\/sulsc.com\/index.php\/2023\/11\/14\/repatriados-da-faixa-de-gaza-chegam-a-capital-do-brasil\/","name":"Repatriados da Faixa de Gaza chegam a capital do Brasil -","isPartOf":{"@id":"https:\/\/sulsc.com\/#website"},"datePublished":"2023-11-14T17:30:24+00:00","dateModified":"2023-11-14T15:31:46+00:00","author":{"@id":"https:\/\/sulsc.com\/#\/schema\/person\/84d2fc571684f6248ba83092f07750a3"},"breadcrumb":{"@id":"https:\/\/sulsc.com\/index.php\/2023\/11\/14\/repatriados-da-faixa-de-gaza-chegam-a-capital-do-brasil\/#breadcrumb"},"inLanguage":"en-US","potentialAction":[{"@type":"ReadAction","target":["https:\/\/sulsc.com\/index.php\/2023\/11\/14\/repatriados-da-faixa-de-gaza-chegam-a-capital-do-brasil\/"]}]},{"@type":"BreadcrumbList","@id":"https:\/\/sulsc.com\/index.php\/2023\/11\/14\/repatriados-da-faixa-de-gaza-chegam-a-capital-do-brasil\/#breadcrumb","itemListElement":[{"@type":"ListItem","position":1,"name":"In\u00edcio","item":"https:\/\/sulsc.com\/"},{"@type":"ListItem","position":2,"name":"Repatriados da Faixa de Gaza chegam a capital do Brasil"}]},{"@type":"WebSite","@id":"https:\/\/sulsc.com\/#website","url":"https:\/\/sulsc.com\/","name":"","description":"","potentialAction":[{"@type":"SearchAction","target":{"@type":"EntryPoint","urlTemplate":"https:\/\/sulsc.com\/?s={search_term_string}"},"query-input":"required name=search_term_string"}],"inLanguage":"en-US"},{"@type":"Person","@id":"https:\/\/sulsc.com\/#\/schema\/person\/84d2fc571684f6248ba83092f07750a3","name":"Reda\u00e7\u00e3o Sul SC","image":{"@type":"ImageObject","inLanguage":"en-US","@id":"https:\/\/sulsc.com\/#\/schema\/person\/image\/e08d7fe2cc4ed596372063bbe852b8d0","url":"https:\/\/sulsc.com\/wp-content\/uploads\/2023\/09\/redacao.png","contentUrl":"https:\/\/sulsc.com\/wp-content\/uploads\/2023\/09\/redacao.png","caption":"Reda\u00e7\u00e3o Sul SC"},"description":"Foco em um jornalismo imparcial, voltado \u00e0 qualidade dos seus conte\u00fados e, assim, levar informa\u00e7\u00e3o de valor que agregue \u00e0 vida dos leitores. Esta \u00e9 grande miss\u00e3o do Portal de Not\u00edcias Sul SC. N\u00e3o \u00e9 quantidade que muda o mundo, sempre foi e seguir\u00e1 sendo qualidade!","sameAs":["https:\/\/sulsc.com\/","https:\/\/www.facebook.com\/profile.php?id=61559278119680","https:\/\/www.instagram.com\/sulscportal\/?hl=pt-br","https:\/\/twitter.com\/https:\/\/twitter.com\/PortalSulSC","https:\/\/www.youtube.com\/channel\/UCv_BE8GeySluDov2n8qhVmw"],"url":"https:\/\/sulsc.com\/index.php\/author\/redacao\/"}]}},"authors":[],"_links":{"self":[{"href":"https:\/\/sulsc.com\/index.php\/wp-json\/wp\/v2\/posts\/3780"}],"collection":[{"href":"https:\/\/sulsc.com\/index.php\/wp-json\/wp\/v2\/posts"}],"about":[{"href":"https:\/\/sulsc.com\/index.php\/wp-json\/wp\/v2\/types\/post"}],"author":[{"embeddable":true,"href":"https:\/\/sulsc.com\/index.php\/wp-json\/wp\/v2\/users\/3"}],"replies":[{"embeddable":true,"href":"https:\/\/sulsc.com\/index.php\/wp-json\/wp\/v2\/comments?post=3780"}],"version-history":[{"count":1,"href":"https:\/\/sulsc.com\/index.php\/wp-json\/wp\/v2\/posts\/3780\/revisions"}],"predecessor-version":[{"id":3782,"href":"https:\/\/sulsc.com\/index.php\/wp-json\/wp\/v2\/posts\/3780\/revisions\/3782"}],"wp:featuredmedia":[{"embeddable":true,"href":"https:\/\/sulsc.com\/index.php\/wp-json\/wp\/v2\/media\/3781"}],"wp:attachment":[{"href":"https:\/\/sulsc.com\/index.php\/wp-json\/wp\/v2\/media?parent=3780"}],"wp:term":[{"taxonomy":"category","embeddable":true,"href":"https:\/\/sulsc.com\/index.php\/wp-json\/wp\/v2\/categories?post=3780"},{"taxonomy":"post_tag","embeddable":true,"href":"https:\/\/sulsc.com\/index.php\/wp-json\/wp\/v2\/tags?post=3780"}],"curies":[{"name":"wp","href":"https:\/\/api.w.org\/{rel}","templated":true}]}}