{"id":3783,"date":"2023-11-14T16:30:39","date_gmt":"2023-11-14T19:30:39","guid":{"rendered":"https:\/\/sulsc.com\/?p=3783"},"modified":"2023-11-14T15:08:38","modified_gmt":"2023-11-14T18:08:38","slug":"conheca-a-tecnologia-por-tras-do-monitoramento-do-tempo-em-sc","status":"publish","type":"post","link":"https:\/\/sulsc.com\/index.php\/2023\/11\/14\/conheca-a-tecnologia-por-tras-do-monitoramento-do-tempo-em-sc\/","title":{"rendered":"Conhe\u00e7a a tecnologia por tr\u00e1s do monitoramento do tempo em SC"},"content":{"rendered":"<p>Em Santa Catarina, o monitoramento agrometeorol\u00f3gico \u00e9 realizado por uma rede de mais de 250 esta\u00e7\u00f5es de monitoramento espalhadas estrategicamente por todo o territ\u00f3rio catarinense e mantidas pela Epagri\/Ciram, \u00f3rg\u00e3o oficial respons\u00e1vel pelo monitoramento do tempo e do clima no Estado. S\u00e3o mais de R$14 milh\u00f5es em infraestrutura instalada no campo, que coleta dados 24 horas por dia e os transmite em tempo real para a sociedade. O trabalho envolve uma equipe de cerca de 40 profissionais multidisciplinares, muita tecnologia e investimentos cont\u00ednuos na manuten\u00e7\u00e3o e na melhoria das estruturas.<\/p>\n<p>Os equipamentos eletr\u00f4nicos ficam expostos a todo tipo de intemp\u00e9rie e por isso devem ser substitu\u00eddos ao fim de sua vida \u00fatil. \u201cAl\u00e9m disso, com o passar do tempo, as estruturas devem ser modernizadas. Um exemplo \u00e9 o padr\u00e3o de tecnologia de rede m\u00f3vel para transmiss\u00e3o de dados, que na d\u00e9cada de 1990 era 2G e hoje j\u00e1 est\u00e1 em 5G. Por isso nossos investimentos s\u00e3o cont\u00ednuos, para que o servi\u00e7o n\u00e3o seja interrompido\u201d, explica Hamilton. O pesquisador revela que os recursos para isso t\u00eam sido garantidos a cada ano principalmente com o apoio do governo de Santa Catarina, como tamb\u00e9m por meio de contratos com organiza\u00e7\u00f5es que necessitam dos dados para suas respectivas opera\u00e7\u00f5es, como portos, empresas de saneamento ou gera\u00e7\u00e3o de energia, dentre outras.<\/p>\n<div class=\"wp-block-image\">\n<figure class=\"aligncenter size-full\">\n<p><figure id=\"attachment_6488\" aria-describedby=\"caption-attachment-6488\" style=\"width: 640px\" class=\"wp-caption alignnone\"><img fetchpriority=\"high\" decoding=\"async\" class=\"wp-image-6488\" src=\"https:\/\/blog.epagri.sc.gov.br\/wp-content\/uploads\/2023\/11\/monitomento-ambiental-ciram-1.jpg\" sizes=\"(max-width: 640px) 100vw, 640px\" srcset=\"https:\/\/blog.epagri.sc.gov.br\/wp-content\/uploads\/2023\/11\/monitomento-ambiental-ciram-1.jpg 640w, https:\/\/blog.epagri.sc.gov.br\/wp-content\/uploads\/2023\/11\/monitomento-ambiental-ciram-1-300x225.jpg 300w\" alt=\"\" width=\"640\" height=\"480\" \/><figcaption id=\"caption-attachment-6488\" class=\"wp-caption-text\">Dados registrados pelas esta\u00e7\u00f5es hidrometeorol\u00f3gicas permitem a divulga\u00e7\u00e3o de avisos e alertas de situa\u00e7\u00f5es adversas para a cidade e o campo (Foto: Epagri\/Ciram)<\/figcaption><\/figure><\/figure>\n<\/div>\n<p>Segundo o gerente da Epagri\/Ciram, Luis Hamilton Garbossa, existe um desafio cont\u00ednuo em obter recursos para pe\u00e7as de reposi\u00e7\u00e3o, equipamentos de campo e sistemas computacionais para garantir o funcionamento da rede, que fica em torno de R$1 milh\u00e3o anuais. \u201cSomado a isso, temos demanda tamb\u00e9m para modernizar todo o sistema de transmiss\u00e3o de dados. A boa not\u00edcia \u00e9 que o governo garante a presen\u00e7a dos profissionais envolvidos na manuten\u00e7\u00e3o da rede de monitoramento, pois s\u00e3o funcion\u00e1rios p\u00fablicos da Epagri\u201d, diz Garbossa.<\/p>\n<p>&nbsp;<\/p>\n<p><strong>Refer\u00eancia nacional em informa\u00e7\u00f5es meteorol\u00f3gicas<\/strong><\/p>\n<p>Santa Catarina \u00e9 refer\u00eancia no pa\u00eds pela quantidade e qualidade das informa\u00e7\u00f5es ambientais geradas. A rede de monitoramento no Estado registra vari\u00e1veis como temperatura, umidade relativa do ar, press\u00e3o atmosf\u00e9rica, velocidade e dire\u00e7\u00e3o do vento, umidade e temperatura do solo, precipita\u00e7\u00e3o (chuva), a umidade da folha e a radia\u00e7\u00e3o solar. Ao todo chegam diariamente nos servidores da Epagri mais de 86 mil registros dessas vari\u00e1veis ambientais, que est\u00e3o dispon\u00edveis para a popula\u00e7\u00e3o catarinense e usadas no planejamento de diversas \u00e1reas.<\/p>\n<div class=\"wp-block-image\">\n<figure class=\"aligncenter size-full\">\n<p><figure id=\"attachment_6485\" aria-describedby=\"caption-attachment-6485\" style=\"width: 640px\" class=\"wp-caption alignnone\"><img decoding=\"async\" class=\"wp-image-6485\" src=\"https:\/\/blog.epagri.sc.gov.br\/wp-content\/uploads\/2023\/11\/site-ciram-agroconnect.jpg\" sizes=\"(max-width: 640px) 100vw, 640px\" srcset=\"https:\/\/blog.epagri.sc.gov.br\/wp-content\/uploads\/2023\/11\/site-ciram-agroconnect.jpg 640w, https:\/\/blog.epagri.sc.gov.br\/wp-content\/uploads\/2023\/11\/site-ciram-agroconnect-300x225.jpg 300w\" alt=\"\" width=\"640\" height=\"480\" \/><figcaption id=\"caption-attachment-6485\" class=\"wp-caption-text\">S\u00e3o mais de 86 mil registros di\u00e1rios de vari\u00e1veis ambientais disponibilizados no site da Epagri\/Ciram<\/figcaption><\/figure><\/figure>\n<\/div>\n<p>As esta\u00e7\u00f5es meteorol\u00f3gicas autom\u00e1ticas registram esses dados por sensores e os enviam para a nuvem. Ao chegar nos servidores da Epagri, s\u00e3o processados por programas de computador especiais e publicados no site na Epagri\/Ciram para distribui\u00e7\u00e3o e acesso dos usu\u00e1rios.<\/p>\n<p>Os dados geram informa\u00e7\u00f5es sobre as condi\u00e7\u00f5es do tempo e do mar, permitem a divulga\u00e7\u00e3o de avisos e alertas de situa\u00e7\u00f5es adversas para a cidade e o campo, al\u00e9m de oferecer uma s\u00e9rie de\u00a0produtos para a agricultura. Para a meteorologista da Epagri\/Ciram Laura Rodrigues, as chuvas de outubro refor\u00e7aram o quanto o conhecimento das vari\u00e1veis meteorol\u00f3gicas \u00e9 importante nas tomadas de decis\u00e3o em uma propriedade agr\u00edcola.<\/p>\n<div class=\"wp-block-image\">\n<figure class=\"aligncenter size-full\">\n<p><figure id=\"attachment_3394\" aria-describedby=\"caption-attachment-3394\" style=\"width: 640px\" class=\"wp-caption alignnone\"><img decoding=\"async\" class=\"wp-image-3394\" src=\"https:\/\/blog.epagri.sc.gov.br\/wp-content\/uploads\/2022\/10\/SPDH-plantio-direto-de-hortalicas-sustentabilidade.png\" sizes=\"(max-width: 640px) 100vw, 640px\" srcset=\"https:\/\/blog.epagri.sc.gov.br\/wp-content\/uploads\/2022\/10\/SPDH-plantio-direto-de-hortalicas-sustentabilidade.png 640w, https:\/\/blog.epagri.sc.gov.br\/wp-content\/uploads\/2022\/10\/SPDH-plantio-direto-de-hortalicas-sustentabilidade-300x225.png 300w\" alt=\"Plantio direto de hortali\u00e7as em SC\" width=\"640\" height=\"480\" \/><figcaption id=\"caption-attachment-3394\" class=\"wp-caption-text\">O conhecimento da vari\u00e1veis meteorol\u00f3gicas \u00e9 importante nas tomadas de decis\u00e3o em uma propriedade agr\u00edcola (Foto: Divulga\u00e7\u00e3o\/Epagri)<\/figcaption><\/figure><\/figure>\n<\/div>\n<p>\u201cEssas informa\u00e7\u00f5es podem definir a produtividade das lavouras e o sucesso do empreendimento, pois \u00e9 poss\u00edvel planejar a data de plantio, colheita, aduba\u00e7\u00e3o, irriga\u00e7\u00e3o, aplica\u00e7\u00e3o de defensivos e entrada de m\u00e1quinas no campo com precis\u00e3o\u201d, cita ela. Sem contar que os dados s\u00e3o usados para a seguran\u00e7a da popula\u00e7\u00e3o por meio da Defesa Civil, que \u00e9 uma grande usu\u00e1ria das informa\u00e7\u00f5es geradas pela Epagri\/Ciram.<\/p>\n<p>&nbsp;<\/p>\n<p><strong>Moderniza\u00e7\u00e3o na estrutura<\/strong><\/p>\n<p>A instala\u00e7\u00e3o das primeiras esta\u00e7\u00f5es meteorol\u00f3gicas no Estado sob a responsabilidade da Empresa de Pesquisa Agropecu\u00e1ria de SC (Empasc), antecessora da Epagri, aconteceu na d\u00e9cada de 1970. Na \u00e9poca, essas unidades n\u00e3o eram automatizadas, ou seja, era necess\u00e1rio um profissional para fazer a leitura dos dados em cada uma delas, em diferentes hor\u00e1rios do dia. A\u00a0<strong><a role=\"link\" href=\"https:\/\/www.epagri.sc.gov.br\/index.php\/2019\/01\/14\/rede-de-estacoes-meteorologicas-da-epagri-triplica-de-2009-a-2018\/\" target=\"_blank\" rel=\"noreferrer noopener\">amplia\u00e7\u00e3o das esta\u00e7\u00f5es<\/a><\/strong>\u00a0se deu na d\u00e9cada seguinte, mas foi no final dos anos de 1990 que as esta\u00e7\u00f5es autom\u00e1ticas come\u00e7aram a ser instaladas no Estado. \u201cA primeira delas foi no Porto de Itaja\u00ed, em 1998\u201d, conta Hamilton.<\/p>\n<div class=\"wp-block-image\">\n<figure class=\"aligncenter size-full\">\n<p><figure id=\"attachment_6486\" aria-describedby=\"caption-attachment-6486\" style=\"width: 640px\" class=\"wp-caption alignnone\"><img loading=\"lazy\" decoding=\"async\" class=\"wp-image-6486\" src=\"https:\/\/blog.epagri.sc.gov.br\/wp-content\/uploads\/2023\/11\/monitomento-ambiental-ciram-3.jpg\" sizes=\"(max-width: 640px) 100vw, 640px\" srcset=\"https:\/\/blog.epagri.sc.gov.br\/wp-content\/uploads\/2023\/11\/monitomento-ambiental-ciram-3.jpg 640w, https:\/\/blog.epagri.sc.gov.br\/wp-content\/uploads\/2023\/11\/monitomento-ambiental-ciram-3-300x225.jpg 300w\" alt=\"\" width=\"640\" height=\"480\" \/><figcaption id=\"caption-attachment-6486\" class=\"wp-caption-text\">As esta\u00e7\u00f5es autom\u00e1ticas come\u00e7aram a ser instaladas em SC a partir de 1998 (Foto: Epagri\/Ciram)<\/figcaption><\/figure><\/figure>\n<\/div>\n<p>Os primeiros dados de monitoramento meteorol\u00f3gico do Estado s\u00e3o do ano de 1911 e est\u00e3o arquivados em um banco de dados da Epagri\/Ciram, que permite um registro hist\u00f3rico das condi\u00e7\u00f5es clim\u00e1ticas em Santa Catarina. Essas informa\u00e7\u00f5es tamb\u00e9m s\u00e3o usadas em\u00a0<strong><a role=\"link\" href=\"https:\/\/ciram.epagri.sc.gov.br\/ciram_arquivos\/site\/regimentos_normas_procedimentos_laudos_ambientais.pdf\" target=\"_blank\" rel=\"noreferrer noopener\">laudos t\u00e9cnicos<\/a><\/strong>\u00a0para comprovar perdas na agricultura provocadas por eventos clim\u00e1ticos.<\/p>\n<div class=\"wp-block-image\">\n<figure class=\"aligncenter size-full\">\n<p><figure id=\"attachment_6490\" aria-describedby=\"caption-attachment-6490\" style=\"width: 640px\" class=\"wp-caption alignnone\"><img loading=\"lazy\" decoding=\"async\" class=\"wp-image-6490\" src=\"https:\/\/blog.epagri.sc.gov.br\/wp-content\/uploads\/2023\/11\/monitomento-ambiental-ciram-5.jpg\" sizes=\"(max-width: 640px) 100vw, 640px\" srcset=\"https:\/\/blog.epagri.sc.gov.br\/wp-content\/uploads\/2023\/11\/monitomento-ambiental-ciram-5.jpg 640w, https:\/\/blog.epagri.sc.gov.br\/wp-content\/uploads\/2023\/11\/monitomento-ambiental-ciram-5-300x225.jpg 300w\" alt=\"\" width=\"640\" height=\"480\" \/><figcaption id=\"caption-attachment-6490\" class=\"wp-caption-text\">A manuten\u00e7\u00e3o das esta\u00e7\u00f5es meteorol\u00f3gicas \u00e9 feita pelos t\u00e9cnicos da Epagri\/Ciram periodicamente (Foto: Divulga\u00e7\u00e3o \/ Epagri\/Ciram)<\/figcaption><\/figure><\/figure>\n<\/div>\n<p>Dentre as institui\u00e7\u00f5es p\u00fablicas parceiras no monitoramento de Santa Catarina podemos citar o Inmet (Instituto Nacional de Meteorologia), a Defesa Civil Estadual, os portos, a ANA (Ag\u00eancia Nacional de \u00c1guas e Saneamento B\u00e1sicos) universidades e prefeituras.<\/p>\n<p>&nbsp;<\/p>\n<p>Fonte: Gov. SC<\/p>\n","protected":false},"excerpt":{"rendered":"<p>Em Santa Catarina, o monitoramento agrometeorol\u00f3gico \u00e9 realizado por uma rede de mais de 250 esta\u00e7\u00f5es de monitoramento espalhadas estrategicamente por todo o territ\u00f3rio catarinense e mantidas pela Epagri\/Ciram, \u00f3rg\u00e3o oficial respons\u00e1vel pelo monitoramento do tempo e do clima no Estado. S\u00e3o mais de R$14 milh\u00f5es em infraestrutura instalada no campo, que coleta dados 24 &hellip;<\/p>\n<p class=\"read-more\"> <a class=\"\" href=\"https:\/\/sulsc.com\/index.php\/2023\/11\/14\/conheca-a-tecnologia-por-tras-do-monitoramento-do-tempo-em-sc\/\"> <span class=\"screen-reader-text\">Conhe\u00e7a a tecnologia por tr\u00e1s do monitoramento do tempo em SC<\/span> Read More &raquo;<\/a><\/p>\n","protected":false},"author":3,"featured_media":3784,"comment_status":"open","ping_status":"open","sticky":false,"template":"","format":"standard","meta":{"site-sidebar-layout":"default","site-content-layout":"","ast-site-content-layout":"default","site-content-style":"default","site-sidebar-style":"default","ast-global-header-display":"","ast-banner-title-visibility":"","ast-main-header-display":"","ast-hfb-above-header-display":"","ast-hfb-below-header-display":"","ast-hfb-mobile-header-display":"","site-post-title":"","ast-breadcrumbs-content":"","ast-featured-img":"","footer-sml-layout":"","theme-transparent-header-meta":"default","adv-header-id-meta":"","stick-header-meta":"","header-above-stick-meta":"","header-main-stick-meta":"","header-below-stick-meta":"","astra-migrate-meta-layouts":"set","footnotes":""},"categories":[40],"tags":[],"yoast_head":"<!-- This site is optimized with the Yoast SEO plugin v21.4 - https:\/\/yoast.com\/wordpress\/plugins\/seo\/ -->\n<title>Conhe\u00e7a a tecnologia por tr\u00e1s do monitoramento do tempo em SC -<\/title>\n<meta name=\"robots\" content=\"index, follow, max-snippet:-1, max-image-preview:large, max-video-preview:-1\" \/>\n<link rel=\"canonical\" href=\"https:\/\/sulsc.com\/index.php\/2023\/11\/14\/conheca-a-tecnologia-por-tras-do-monitoramento-do-tempo-em-sc\/\" \/>\n<meta property=\"og:locale\" content=\"en_US\" \/>\n<meta property=\"og:type\" content=\"article\" \/>\n<meta property=\"og:title\" content=\"Conhe\u00e7a a tecnologia por tr\u00e1s do monitoramento do tempo em SC -\" \/>\n<meta property=\"og:description\" content=\"Em Santa Catarina, o monitoramento agrometeorol\u00f3gico \u00e9 realizado por uma rede de mais de 250 esta\u00e7\u00f5es de monitoramento espalhadas estrategicamente por todo o territ\u00f3rio catarinense e mantidas pela Epagri\/Ciram, \u00f3rg\u00e3o oficial respons\u00e1vel pelo monitoramento do tempo e do clima no Estado. S\u00e3o mais de R$14 milh\u00f5es em infraestrutura instalada no campo, que coleta dados 24 &hellip; Conhe\u00e7a a tecnologia por tr\u00e1s do monitoramento do tempo em SC Read More &raquo;\" \/>\n<meta property=\"og:url\" content=\"https:\/\/sulsc.com\/index.php\/2023\/11\/14\/conheca-a-tecnologia-por-tras-do-monitoramento-do-tempo-em-sc\/\" \/>\n<meta property=\"article:author\" content=\"https:\/\/www.facebook.com\/profile.php?id=61559278119680\" \/>\n<meta property=\"article:published_time\" content=\"2023-11-14T19:30:39+00:00\" \/>\n<meta property=\"article:modified_time\" content=\"2023-11-14T18:08:38+00:00\" \/>\n<meta property=\"og:image\" content=\"https:\/\/sulsc.com\/wp-content\/uploads\/2023\/11\/Conheca-a-tecnologia-por-tras-do-monitoramento-do-tempo-em-SC.jpg\" \/>\n\t<meta property=\"og:image:width\" content=\"640\" \/>\n\t<meta property=\"og:image:height\" content=\"480\" \/>\n\t<meta property=\"og:image:type\" content=\"image\/jpeg\" \/>\n<meta name=\"author\" content=\"Reda\u00e7\u00e3o Sul SC\" \/>\n<meta name=\"twitter:card\" content=\"summary_large_image\" \/>\n<meta name=\"twitter:creator\" content=\"@https:\/\/twitter.com\/PortalSulSC\" \/>\n<meta name=\"twitter:label1\" content=\"Written by\" \/>\n\t<meta name=\"twitter:data1\" content=\"Reda\u00e7\u00e3o Sul SC\" \/>\n\t<meta name=\"twitter:label2\" content=\"Est. reading time\" \/>\n\t<meta name=\"twitter:data2\" content=\"6 minutes\" \/>\n<script type=\"application\/ld+json\" class=\"yoast-schema-graph\">{\"@context\":\"https:\/\/schema.org\",\"@graph\":[{\"@type\":\"WebPage\",\"@id\":\"https:\/\/sulsc.com\/index.php\/2023\/11\/14\/conheca-a-tecnologia-por-tras-do-monitoramento-do-tempo-em-sc\/\",\"url\":\"https:\/\/sulsc.com\/index.php\/2023\/11\/14\/conheca-a-tecnologia-por-tras-do-monitoramento-do-tempo-em-sc\/\",\"name\":\"Conhe\u00e7a a tecnologia por tr\u00e1s do monitoramento do tempo em SC -\",\"isPartOf\":{\"@id\":\"https:\/\/sulsc.com\/#website\"},\"datePublished\":\"2023-11-14T19:30:39+00:00\",\"dateModified\":\"2023-11-14T18:08:38+00:00\",\"author\":{\"@id\":\"https:\/\/sulsc.com\/#\/schema\/person\/84d2fc571684f6248ba83092f07750a3\"},\"breadcrumb\":{\"@id\":\"https:\/\/sulsc.com\/index.php\/2023\/11\/14\/conheca-a-tecnologia-por-tras-do-monitoramento-do-tempo-em-sc\/#breadcrumb\"},\"inLanguage\":\"en-US\",\"potentialAction\":[{\"@type\":\"ReadAction\",\"target\":[\"https:\/\/sulsc.com\/index.php\/2023\/11\/14\/conheca-a-tecnologia-por-tras-do-monitoramento-do-tempo-em-sc\/\"]}]},{\"@type\":\"BreadcrumbList\",\"@id\":\"https:\/\/sulsc.com\/index.php\/2023\/11\/14\/conheca-a-tecnologia-por-tras-do-monitoramento-do-tempo-em-sc\/#breadcrumb\",\"itemListElement\":[{\"@type\":\"ListItem\",\"position\":1,\"name\":\"In\u00edcio\",\"item\":\"https:\/\/sulsc.com\/\"},{\"@type\":\"ListItem\",\"position\":2,\"name\":\"Conhe\u00e7a a tecnologia por tr\u00e1s do monitoramento do tempo em SC\"}]},{\"@type\":\"WebSite\",\"@id\":\"https:\/\/sulsc.com\/#website\",\"url\":\"https:\/\/sulsc.com\/\",\"name\":\"\",\"description\":\"\",\"potentialAction\":[{\"@type\":\"SearchAction\",\"target\":{\"@type\":\"EntryPoint\",\"urlTemplate\":\"https:\/\/sulsc.com\/?s={search_term_string}\"},\"query-input\":\"required name=search_term_string\"}],\"inLanguage\":\"en-US\"},{\"@type\":\"Person\",\"@id\":\"https:\/\/sulsc.com\/#\/schema\/person\/84d2fc571684f6248ba83092f07750a3\",\"name\":\"Reda\u00e7\u00e3o Sul SC\",\"image\":{\"@type\":\"ImageObject\",\"inLanguage\":\"en-US\",\"@id\":\"https:\/\/sulsc.com\/#\/schema\/person\/image\/e08d7fe2cc4ed596372063bbe852b8d0\",\"url\":\"https:\/\/sulsc.com\/wp-content\/uploads\/2023\/09\/redacao.png\",\"contentUrl\":\"https:\/\/sulsc.com\/wp-content\/uploads\/2023\/09\/redacao.png\",\"caption\":\"Reda\u00e7\u00e3o Sul SC\"},\"description\":\"Foco em um jornalismo imparcial, voltado \u00e0 qualidade dos seus conte\u00fados e, assim, levar informa\u00e7\u00e3o de valor que agregue \u00e0 vida dos leitores. Esta \u00e9 grande miss\u00e3o do Portal de Not\u00edcias Sul SC. N\u00e3o \u00e9 quantidade que muda o mundo, sempre foi e seguir\u00e1 sendo qualidade!\",\"sameAs\":[\"https:\/\/sulsc.com\/\",\"https:\/\/www.facebook.com\/profile.php?id=61559278119680\",\"https:\/\/www.instagram.com\/sulscportal\/?hl=pt-br\",\"https:\/\/twitter.com\/https:\/\/twitter.com\/PortalSulSC\",\"https:\/\/www.youtube.com\/channel\/UCv_BE8GeySluDov2n8qhVmw\"],\"url\":\"https:\/\/sulsc.com\/index.php\/author\/redacao\/\"}]}<\/script>\n<!-- \/ Yoast SEO plugin. -->","yoast_head_json":{"title":"Conhe\u00e7a a tecnologia por tr\u00e1s do monitoramento do tempo em SC -","robots":{"index":"index","follow":"follow","max-snippet":"max-snippet:-1","max-image-preview":"max-image-preview:large","max-video-preview":"max-video-preview:-1"},"canonical":"https:\/\/sulsc.com\/index.php\/2023\/11\/14\/conheca-a-tecnologia-por-tras-do-monitoramento-do-tempo-em-sc\/","og_locale":"en_US","og_type":"article","og_title":"Conhe\u00e7a a tecnologia por tr\u00e1s do monitoramento do tempo em SC -","og_description":"Em Santa Catarina, o monitoramento agrometeorol\u00f3gico \u00e9 realizado por uma rede de mais de 250 esta\u00e7\u00f5es de monitoramento espalhadas estrategicamente por todo o territ\u00f3rio catarinense e mantidas pela Epagri\/Ciram, \u00f3rg\u00e3o oficial respons\u00e1vel pelo monitoramento do tempo e do clima no Estado. S\u00e3o mais de R$14 milh\u00f5es em infraestrutura instalada no campo, que coleta dados 24 &hellip; Conhe\u00e7a a tecnologia por tr\u00e1s do monitoramento do tempo em SC Read More &raquo;","og_url":"https:\/\/sulsc.com\/index.php\/2023\/11\/14\/conheca-a-tecnologia-por-tras-do-monitoramento-do-tempo-em-sc\/","article_author":"https:\/\/www.facebook.com\/profile.php?id=61559278119680","article_published_time":"2023-11-14T19:30:39+00:00","article_modified_time":"2023-11-14T18:08:38+00:00","og_image":[{"width":640,"height":480,"url":"https:\/\/sulsc.com\/wp-content\/uploads\/2023\/11\/Conheca-a-tecnologia-por-tras-do-monitoramento-do-tempo-em-SC.jpg","type":"image\/jpeg"}],"author":"Reda\u00e7\u00e3o Sul SC","twitter_card":"summary_large_image","twitter_creator":"@https:\/\/twitter.com\/PortalSulSC","twitter_misc":{"Written by":"Reda\u00e7\u00e3o Sul SC","Est. reading time":"6 minutes"},"schema":{"@context":"https:\/\/schema.org","@graph":[{"@type":"WebPage","@id":"https:\/\/sulsc.com\/index.php\/2023\/11\/14\/conheca-a-tecnologia-por-tras-do-monitoramento-do-tempo-em-sc\/","url":"https:\/\/sulsc.com\/index.php\/2023\/11\/14\/conheca-a-tecnologia-por-tras-do-monitoramento-do-tempo-em-sc\/","name":"Conhe\u00e7a a tecnologia por tr\u00e1s do monitoramento do tempo em SC -","isPartOf":{"@id":"https:\/\/sulsc.com\/#website"},"datePublished":"2023-11-14T19:30:39+00:00","dateModified":"2023-11-14T18:08:38+00:00","author":{"@id":"https:\/\/sulsc.com\/#\/schema\/person\/84d2fc571684f6248ba83092f07750a3"},"breadcrumb":{"@id":"https:\/\/sulsc.com\/index.php\/2023\/11\/14\/conheca-a-tecnologia-por-tras-do-monitoramento-do-tempo-em-sc\/#breadcrumb"},"inLanguage":"en-US","potentialAction":[{"@type":"ReadAction","target":["https:\/\/sulsc.com\/index.php\/2023\/11\/14\/conheca-a-tecnologia-por-tras-do-monitoramento-do-tempo-em-sc\/"]}]},{"@type":"BreadcrumbList","@id":"https:\/\/sulsc.com\/index.php\/2023\/11\/14\/conheca-a-tecnologia-por-tras-do-monitoramento-do-tempo-em-sc\/#breadcrumb","itemListElement":[{"@type":"ListItem","position":1,"name":"In\u00edcio","item":"https:\/\/sulsc.com\/"},{"@type":"ListItem","position":2,"name":"Conhe\u00e7a a tecnologia por tr\u00e1s do monitoramento do tempo em SC"}]},{"@type":"WebSite","@id":"https:\/\/sulsc.com\/#website","url":"https:\/\/sulsc.com\/","name":"","description":"","potentialAction":[{"@type":"SearchAction","target":{"@type":"EntryPoint","urlTemplate":"https:\/\/sulsc.com\/?s={search_term_string}"},"query-input":"required name=search_term_string"}],"inLanguage":"en-US"},{"@type":"Person","@id":"https:\/\/sulsc.com\/#\/schema\/person\/84d2fc571684f6248ba83092f07750a3","name":"Reda\u00e7\u00e3o Sul SC","image":{"@type":"ImageObject","inLanguage":"en-US","@id":"https:\/\/sulsc.com\/#\/schema\/person\/image\/e08d7fe2cc4ed596372063bbe852b8d0","url":"https:\/\/sulsc.com\/wp-content\/uploads\/2023\/09\/redacao.png","contentUrl":"https:\/\/sulsc.com\/wp-content\/uploads\/2023\/09\/redacao.png","caption":"Reda\u00e7\u00e3o Sul SC"},"description":"Foco em um jornalismo imparcial, voltado \u00e0 qualidade dos seus conte\u00fados e, assim, levar informa\u00e7\u00e3o de valor que agregue \u00e0 vida dos leitores. Esta \u00e9 grande miss\u00e3o do Portal de Not\u00edcias Sul SC. N\u00e3o \u00e9 quantidade que muda o mundo, sempre foi e seguir\u00e1 sendo qualidade!","sameAs":["https:\/\/sulsc.com\/","https:\/\/www.facebook.com\/profile.php?id=61559278119680","https:\/\/www.instagram.com\/sulscportal\/?hl=pt-br","https:\/\/twitter.com\/https:\/\/twitter.com\/PortalSulSC","https:\/\/www.youtube.com\/channel\/UCv_BE8GeySluDov2n8qhVmw"],"url":"https:\/\/sulsc.com\/index.php\/author\/redacao\/"}]}},"authors":[],"_links":{"self":[{"href":"https:\/\/sulsc.com\/index.php\/wp-json\/wp\/v2\/posts\/3783"}],"collection":[{"href":"https:\/\/sulsc.com\/index.php\/wp-json\/wp\/v2\/posts"}],"about":[{"href":"https:\/\/sulsc.com\/index.php\/wp-json\/wp\/v2\/types\/post"}],"author":[{"embeddable":true,"href":"https:\/\/sulsc.com\/index.php\/wp-json\/wp\/v2\/users\/3"}],"replies":[{"embeddable":true,"href":"https:\/\/sulsc.com\/index.php\/wp-json\/wp\/v2\/comments?post=3783"}],"version-history":[{"count":1,"href":"https:\/\/sulsc.com\/index.php\/wp-json\/wp\/v2\/posts\/3783\/revisions"}],"predecessor-version":[{"id":3785,"href":"https:\/\/sulsc.com\/index.php\/wp-json\/wp\/v2\/posts\/3783\/revisions\/3785"}],"wp:featuredmedia":[{"embeddable":true,"href":"https:\/\/sulsc.com\/index.php\/wp-json\/wp\/v2\/media\/3784"}],"wp:attachment":[{"href":"https:\/\/sulsc.com\/index.php\/wp-json\/wp\/v2\/media?parent=3783"}],"wp:term":[{"taxonomy":"category","embeddable":true,"href":"https:\/\/sulsc.com\/index.php\/wp-json\/wp\/v2\/categories?post=3783"},{"taxonomy":"post_tag","embeddable":true,"href":"https:\/\/sulsc.com\/index.php\/wp-json\/wp\/v2\/tags?post=3783"}],"curies":[{"name":"wp","href":"https:\/\/api.w.org\/{rel}","templated":true}]}}