{"id":3866,"date":"2023-11-16T18:40:20","date_gmt":"2023-11-16T21:40:20","guid":{"rendered":"https:\/\/sulsc.com\/?p=3866"},"modified":"2023-11-16T18:12:52","modified_gmt":"2023-11-16T21:12:52","slug":"tubarao-podera-ter-em-tres-dias-o-equivalente-a-um-mes-inteiro-ou-mais-de-chuvas","status":"publish","type":"post","link":"https:\/\/sulsc.com\/index.php\/2023\/11\/16\/tubarao-podera-ter-em-tres-dias-o-equivalente-a-um-mes-inteiro-ou-mais-de-chuvas\/","title":{"rendered":"Tubar\u00e3o poder\u00e1 ter em tr\u00eas dias o equivalente a um m\u00eas inteiro ou mais de chuvas"},"content":{"rendered":"<p>Um grande volume de chuva voltou \u00e0 Santa Catarina desde esta quarta-feira (15), em diversas regi\u00f5es. Para os pr\u00f3ximos dias existe a possibilidade de a situa\u00e7\u00e3o se repetir, inclusive para a regi\u00e3o de Tubar\u00e3o.<\/p>\n<p>A Secretaria da Prote\u00e7\u00e3o e Defesa Civil do estado e a Epagri\/Ciram informou que entre esta quinta-feira (16) e s\u00e1bado (18), o Litoral Sul poder\u00e1 ter de 120mm a 180mm de chuva. A m\u00e9dia hist\u00f3rica de chuvas no m\u00eas de novembro para Tubar\u00e3o \u00e9 de 100mm.<\/p>\n<p>Assim, se as previs\u00f5es se confirmarem, a Cidade Azul poder\u00e1 ter em tr\u00eas dias o equivalente a um m\u00eas inteiro ou mais de chuvas. Com isso, a Coordenadoria de Prote\u00e7\u00e3o e Defesa Civil est\u00e1 mais uma vez a postos para eventuais situa\u00e7\u00f5es de emerg\u00eancia ou que possam gerar sensa\u00e7\u00e3o de inseguran\u00e7a para a popula\u00e7\u00e3o.<\/p>\n<p>Vale lembrar que os telefones de emerg\u00eancia da Defesa Civil s\u00e3o 48 3621.9060 e o 3621.9061. Al\u00e9m disso, o n\u00famero de telefone 193, do Corpo de Bombeiros, tamb\u00e9m est\u00e1 \u00e0 disposi\u00e7\u00e3o.<\/p>\n<p><img fetchpriority=\"high\" decoding=\"async\" class=\"alignnone size-full wp-image-3867\" src=\"http:\/\/sulsc.com\/wp-content\/uploads\/2023\/11\/TELEFONE-DEFESA-CIVIL.png\" alt=\"\" width=\"800\" height=\"445\" srcset=\"https:\/\/sulsc.com\/wp-content\/uploads\/2023\/11\/TELEFONE-DEFESA-CIVIL.png 800w, https:\/\/sulsc.com\/wp-content\/uploads\/2023\/11\/TELEFONE-DEFESA-CIVIL-300x167.png 300w, https:\/\/sulsc.com\/wp-content\/uploads\/2023\/11\/TELEFONE-DEFESA-CIVIL-768x427.png 768w\" sizes=\"(max-width: 800px) 100vw, 800px\" \/><\/p>\n<p>Fonte: Pref. Tubar\u00e3o<\/p>\n","protected":false},"excerpt":{"rendered":"<p>Um grande volume de chuva voltou \u00e0 Santa Catarina desde esta quarta-feira (15), em diversas regi\u00f5es. Para os pr\u00f3ximos dias existe a possibilidade de a situa\u00e7\u00e3o se repetir, inclusive para a regi\u00e3o de Tubar\u00e3o. A Secretaria da Prote\u00e7\u00e3o e Defesa Civil do estado e a Epagri\/Ciram informou que entre esta quinta-feira (16) e s\u00e1bado (18), &hellip;<\/p>\n<p class=\"read-more\"> <a class=\"\" href=\"https:\/\/sulsc.com\/index.php\/2023\/11\/16\/tubarao-podera-ter-em-tres-dias-o-equivalente-a-um-mes-inteiro-ou-mais-de-chuvas\/\"> <span class=\"screen-reader-text\">Tubar\u00e3o poder\u00e1 ter em tr\u00eas dias o equivalente a um m\u00eas inteiro ou mais de chuvas<\/span> Read More &raquo;<\/a><\/p>\n","protected":false},"author":3,"featured_media":3867,"comment_status":"open","ping_status":"open","sticky":false,"template":"","format":"standard","meta":{"site-sidebar-layout":"default","site-content-layout":"","ast-site-content-layout":"default","site-content-style":"default","site-sidebar-style":"default","ast-global-header-display":"","ast-banner-title-visibility":"","ast-main-header-display":"","ast-hfb-above-header-display":"","ast-hfb-below-header-display":"","ast-hfb-mobile-header-display":"","site-post-title":"","ast-breadcrumbs-content":"","ast-featured-img":"","footer-sml-layout":"","theme-transparent-header-meta":"default","adv-header-id-meta":"","stick-header-meta":"","header-above-stick-meta":"","header-main-stick-meta":"","header-below-stick-meta":"","astra-migrate-meta-layouts":"set","footnotes":""},"categories":[21],"tags":[],"yoast_head":"<!-- This site is optimized with the Yoast SEO plugin v21.4 - https:\/\/yoast.com\/wordpress\/plugins\/seo\/ -->\n<title>Tubar\u00e3o poder\u00e1 ter em tr\u00eas dias o equivalente a um m\u00eas inteiro ou mais de chuvas -<\/title>\n<meta name=\"robots\" content=\"index, follow, max-snippet:-1, max-image-preview:large, max-video-preview:-1\" \/>\n<link rel=\"canonical\" href=\"https:\/\/sulsc.com\/index.php\/2023\/11\/16\/tubarao-podera-ter-em-tres-dias-o-equivalente-a-um-mes-inteiro-ou-mais-de-chuvas\/\" \/>\n<meta property=\"og:locale\" content=\"en_US\" \/>\n<meta property=\"og:type\" content=\"article\" \/>\n<meta property=\"og:title\" content=\"Tubar\u00e3o poder\u00e1 ter em tr\u00eas dias o equivalente a um m\u00eas inteiro ou mais de chuvas -\" \/>\n<meta property=\"og:description\" content=\"Um grande volume de chuva voltou \u00e0 Santa Catarina desde esta quarta-feira (15), em diversas regi\u00f5es. Para os pr\u00f3ximos dias existe a possibilidade de a situa\u00e7\u00e3o se repetir, inclusive para a regi\u00e3o de Tubar\u00e3o. A Secretaria da Prote\u00e7\u00e3o e Defesa Civil do estado e a Epagri\/Ciram informou que entre esta quinta-feira (16) e s\u00e1bado (18), &hellip; Tubar\u00e3o poder\u00e1 ter em tr\u00eas dias o equivalente a um m\u00eas inteiro ou mais de chuvas Read More &raquo;\" \/>\n<meta property=\"og:url\" content=\"https:\/\/sulsc.com\/index.php\/2023\/11\/16\/tubarao-podera-ter-em-tres-dias-o-equivalente-a-um-mes-inteiro-ou-mais-de-chuvas\/\" \/>\n<meta property=\"article:author\" content=\"https:\/\/www.facebook.com\/profile.php?id=61559278119680\" \/>\n<meta property=\"article:published_time\" content=\"2023-11-16T21:40:20+00:00\" \/>\n<meta property=\"article:modified_time\" content=\"2023-11-16T21:12:52+00:00\" \/>\n<meta property=\"og:image\" content=\"https:\/\/sulsc.com\/wp-content\/uploads\/2023\/11\/TELEFONE-DEFESA-CIVIL.png\" \/>\n\t<meta property=\"og:image:width\" content=\"800\" \/>\n\t<meta property=\"og:image:height\" content=\"445\" \/>\n\t<meta property=\"og:image:type\" content=\"image\/png\" \/>\n<meta name=\"author\" content=\"Reda\u00e7\u00e3o Sul SC\" \/>\n<meta name=\"twitter:card\" content=\"summary_large_image\" \/>\n<meta name=\"twitter:creator\" content=\"@https:\/\/twitter.com\/PortalSulSC\" \/>\n<meta name=\"twitter:label1\" content=\"Written by\" \/>\n\t<meta name=\"twitter:data1\" content=\"Reda\u00e7\u00e3o Sul SC\" \/>\n\t<meta name=\"twitter:label2\" content=\"Est. reading time\" \/>\n\t<meta name=\"twitter:data2\" content=\"2 minutes\" \/>\n<script type=\"application\/ld+json\" class=\"yoast-schema-graph\">{\"@context\":\"https:\/\/schema.org\",\"@graph\":[{\"@type\":\"WebPage\",\"@id\":\"https:\/\/sulsc.com\/index.php\/2023\/11\/16\/tubarao-podera-ter-em-tres-dias-o-equivalente-a-um-mes-inteiro-ou-mais-de-chuvas\/\",\"url\":\"https:\/\/sulsc.com\/index.php\/2023\/11\/16\/tubarao-podera-ter-em-tres-dias-o-equivalente-a-um-mes-inteiro-ou-mais-de-chuvas\/\",\"name\":\"Tubar\u00e3o poder\u00e1 ter em tr\u00eas dias o equivalente a um m\u00eas inteiro ou mais de chuvas -\",\"isPartOf\":{\"@id\":\"https:\/\/sulsc.com\/#website\"},\"datePublished\":\"2023-11-16T21:40:20+00:00\",\"dateModified\":\"2023-11-16T21:12:52+00:00\",\"author\":{\"@id\":\"https:\/\/sulsc.com\/#\/schema\/person\/84d2fc571684f6248ba83092f07750a3\"},\"breadcrumb\":{\"@id\":\"https:\/\/sulsc.com\/index.php\/2023\/11\/16\/tubarao-podera-ter-em-tres-dias-o-equivalente-a-um-mes-inteiro-ou-mais-de-chuvas\/#breadcrumb\"},\"inLanguage\":\"en-US\",\"potentialAction\":[{\"@type\":\"ReadAction\",\"target\":[\"https:\/\/sulsc.com\/index.php\/2023\/11\/16\/tubarao-podera-ter-em-tres-dias-o-equivalente-a-um-mes-inteiro-ou-mais-de-chuvas\/\"]}]},{\"@type\":\"BreadcrumbList\",\"@id\":\"https:\/\/sulsc.com\/index.php\/2023\/11\/16\/tubarao-podera-ter-em-tres-dias-o-equivalente-a-um-mes-inteiro-ou-mais-de-chuvas\/#breadcrumb\",\"itemListElement\":[{\"@type\":\"ListItem\",\"position\":1,\"name\":\"In\u00edcio\",\"item\":\"https:\/\/sulsc.com\/\"},{\"@type\":\"ListItem\",\"position\":2,\"name\":\"Tubar\u00e3o poder\u00e1 ter em tr\u00eas dias o equivalente a um m\u00eas inteiro ou mais de chuvas\"}]},{\"@type\":\"WebSite\",\"@id\":\"https:\/\/sulsc.com\/#website\",\"url\":\"https:\/\/sulsc.com\/\",\"name\":\"\",\"description\":\"\",\"potentialAction\":[{\"@type\":\"SearchAction\",\"target\":{\"@type\":\"EntryPoint\",\"urlTemplate\":\"https:\/\/sulsc.com\/?s={search_term_string}\"},\"query-input\":\"required name=search_term_string\"}],\"inLanguage\":\"en-US\"},{\"@type\":\"Person\",\"@id\":\"https:\/\/sulsc.com\/#\/schema\/person\/84d2fc571684f6248ba83092f07750a3\",\"name\":\"Reda\u00e7\u00e3o Sul SC\",\"image\":{\"@type\":\"ImageObject\",\"inLanguage\":\"en-US\",\"@id\":\"https:\/\/sulsc.com\/#\/schema\/person\/image\/e08d7fe2cc4ed596372063bbe852b8d0\",\"url\":\"https:\/\/sulsc.com\/wp-content\/uploads\/2023\/09\/redacao.png\",\"contentUrl\":\"https:\/\/sulsc.com\/wp-content\/uploads\/2023\/09\/redacao.png\",\"caption\":\"Reda\u00e7\u00e3o Sul SC\"},\"description\":\"Foco em um jornalismo imparcial, voltado \u00e0 qualidade dos seus conte\u00fados e, assim, levar informa\u00e7\u00e3o de valor que agregue \u00e0 vida dos leitores. Esta \u00e9 grande miss\u00e3o do Portal de Not\u00edcias Sul SC. N\u00e3o \u00e9 quantidade que muda o mundo, sempre foi e seguir\u00e1 sendo qualidade!\",\"sameAs\":[\"https:\/\/sulsc.com\/\",\"https:\/\/www.facebook.com\/profile.php?id=61559278119680\",\"https:\/\/www.instagram.com\/sulscportal\/?hl=pt-br\",\"https:\/\/twitter.com\/https:\/\/twitter.com\/PortalSulSC\",\"https:\/\/www.youtube.com\/channel\/UCv_BE8GeySluDov2n8qhVmw\"],\"url\":\"https:\/\/sulsc.com\/index.php\/author\/redacao\/\"}]}<\/script>\n<!-- \/ Yoast SEO plugin. -->","yoast_head_json":{"title":"Tubar\u00e3o poder\u00e1 ter em tr\u00eas dias o equivalente a um m\u00eas inteiro ou mais de chuvas -","robots":{"index":"index","follow":"follow","max-snippet":"max-snippet:-1","max-image-preview":"max-image-preview:large","max-video-preview":"max-video-preview:-1"},"canonical":"https:\/\/sulsc.com\/index.php\/2023\/11\/16\/tubarao-podera-ter-em-tres-dias-o-equivalente-a-um-mes-inteiro-ou-mais-de-chuvas\/","og_locale":"en_US","og_type":"article","og_title":"Tubar\u00e3o poder\u00e1 ter em tr\u00eas dias o equivalente a um m\u00eas inteiro ou mais de chuvas -","og_description":"Um grande volume de chuva voltou \u00e0 Santa Catarina desde esta quarta-feira (15), em diversas regi\u00f5es. Para os pr\u00f3ximos dias existe a possibilidade de a situa\u00e7\u00e3o se repetir, inclusive para a regi\u00e3o de Tubar\u00e3o. A Secretaria da Prote\u00e7\u00e3o e Defesa Civil do estado e a Epagri\/Ciram informou que entre esta quinta-feira (16) e s\u00e1bado (18), &hellip; Tubar\u00e3o poder\u00e1 ter em tr\u00eas dias o equivalente a um m\u00eas inteiro ou mais de chuvas Read More &raquo;","og_url":"https:\/\/sulsc.com\/index.php\/2023\/11\/16\/tubarao-podera-ter-em-tres-dias-o-equivalente-a-um-mes-inteiro-ou-mais-de-chuvas\/","article_author":"https:\/\/www.facebook.com\/profile.php?id=61559278119680","article_published_time":"2023-11-16T21:40:20+00:00","article_modified_time":"2023-11-16T21:12:52+00:00","og_image":[{"width":800,"height":445,"url":"https:\/\/sulsc.com\/wp-content\/uploads\/2023\/11\/TELEFONE-DEFESA-CIVIL.png","type":"image\/png"}],"author":"Reda\u00e7\u00e3o Sul SC","twitter_card":"summary_large_image","twitter_creator":"@https:\/\/twitter.com\/PortalSulSC","twitter_misc":{"Written by":"Reda\u00e7\u00e3o Sul SC","Est. reading time":"2 minutes"},"schema":{"@context":"https:\/\/schema.org","@graph":[{"@type":"WebPage","@id":"https:\/\/sulsc.com\/index.php\/2023\/11\/16\/tubarao-podera-ter-em-tres-dias-o-equivalente-a-um-mes-inteiro-ou-mais-de-chuvas\/","url":"https:\/\/sulsc.com\/index.php\/2023\/11\/16\/tubarao-podera-ter-em-tres-dias-o-equivalente-a-um-mes-inteiro-ou-mais-de-chuvas\/","name":"Tubar\u00e3o poder\u00e1 ter em tr\u00eas dias o equivalente a um m\u00eas inteiro ou mais de chuvas -","isPartOf":{"@id":"https:\/\/sulsc.com\/#website"},"datePublished":"2023-11-16T21:40:20+00:00","dateModified":"2023-11-16T21:12:52+00:00","author":{"@id":"https:\/\/sulsc.com\/#\/schema\/person\/84d2fc571684f6248ba83092f07750a3"},"breadcrumb":{"@id":"https:\/\/sulsc.com\/index.php\/2023\/11\/16\/tubarao-podera-ter-em-tres-dias-o-equivalente-a-um-mes-inteiro-ou-mais-de-chuvas\/#breadcrumb"},"inLanguage":"en-US","potentialAction":[{"@type":"ReadAction","target":["https:\/\/sulsc.com\/index.php\/2023\/11\/16\/tubarao-podera-ter-em-tres-dias-o-equivalente-a-um-mes-inteiro-ou-mais-de-chuvas\/"]}]},{"@type":"BreadcrumbList","@id":"https:\/\/sulsc.com\/index.php\/2023\/11\/16\/tubarao-podera-ter-em-tres-dias-o-equivalente-a-um-mes-inteiro-ou-mais-de-chuvas\/#breadcrumb","itemListElement":[{"@type":"ListItem","position":1,"name":"In\u00edcio","item":"https:\/\/sulsc.com\/"},{"@type":"ListItem","position":2,"name":"Tubar\u00e3o poder\u00e1 ter em tr\u00eas dias o equivalente a um m\u00eas inteiro ou mais de chuvas"}]},{"@type":"WebSite","@id":"https:\/\/sulsc.com\/#website","url":"https:\/\/sulsc.com\/","name":"","description":"","potentialAction":[{"@type":"SearchAction","target":{"@type":"EntryPoint","urlTemplate":"https:\/\/sulsc.com\/?s={search_term_string}"},"query-input":"required name=search_term_string"}],"inLanguage":"en-US"},{"@type":"Person","@id":"https:\/\/sulsc.com\/#\/schema\/person\/84d2fc571684f6248ba83092f07750a3","name":"Reda\u00e7\u00e3o Sul SC","image":{"@type":"ImageObject","inLanguage":"en-US","@id":"https:\/\/sulsc.com\/#\/schema\/person\/image\/e08d7fe2cc4ed596372063bbe852b8d0","url":"https:\/\/sulsc.com\/wp-content\/uploads\/2023\/09\/redacao.png","contentUrl":"https:\/\/sulsc.com\/wp-content\/uploads\/2023\/09\/redacao.png","caption":"Reda\u00e7\u00e3o Sul SC"},"description":"Foco em um jornalismo imparcial, voltado \u00e0 qualidade dos seus conte\u00fados e, assim, levar informa\u00e7\u00e3o de valor que agregue \u00e0 vida dos leitores. Esta \u00e9 grande miss\u00e3o do Portal de Not\u00edcias Sul SC. N\u00e3o \u00e9 quantidade que muda o mundo, sempre foi e seguir\u00e1 sendo qualidade!","sameAs":["https:\/\/sulsc.com\/","https:\/\/www.facebook.com\/profile.php?id=61559278119680","https:\/\/www.instagram.com\/sulscportal\/?hl=pt-br","https:\/\/twitter.com\/https:\/\/twitter.com\/PortalSulSC","https:\/\/www.youtube.com\/channel\/UCv_BE8GeySluDov2n8qhVmw"],"url":"https:\/\/sulsc.com\/index.php\/author\/redacao\/"}]}},"authors":[],"_links":{"self":[{"href":"https:\/\/sulsc.com\/index.php\/wp-json\/wp\/v2\/posts\/3866"}],"collection":[{"href":"https:\/\/sulsc.com\/index.php\/wp-json\/wp\/v2\/posts"}],"about":[{"href":"https:\/\/sulsc.com\/index.php\/wp-json\/wp\/v2\/types\/post"}],"author":[{"embeddable":true,"href":"https:\/\/sulsc.com\/index.php\/wp-json\/wp\/v2\/users\/3"}],"replies":[{"embeddable":true,"href":"https:\/\/sulsc.com\/index.php\/wp-json\/wp\/v2\/comments?post=3866"}],"version-history":[{"count":1,"href":"https:\/\/sulsc.com\/index.php\/wp-json\/wp\/v2\/posts\/3866\/revisions"}],"predecessor-version":[{"id":3868,"href":"https:\/\/sulsc.com\/index.php\/wp-json\/wp\/v2\/posts\/3866\/revisions\/3868"}],"wp:featuredmedia":[{"embeddable":true,"href":"https:\/\/sulsc.com\/index.php\/wp-json\/wp\/v2\/media\/3867"}],"wp:attachment":[{"href":"https:\/\/sulsc.com\/index.php\/wp-json\/wp\/v2\/media?parent=3866"}],"wp:term":[{"taxonomy":"category","embeddable":true,"href":"https:\/\/sulsc.com\/index.php\/wp-json\/wp\/v2\/categories?post=3866"},{"taxonomy":"post_tag","embeddable":true,"href":"https:\/\/sulsc.com\/index.php\/wp-json\/wp\/v2\/tags?post=3866"}],"curies":[{"name":"wp","href":"https:\/\/api.w.org\/{rel}","templated":true}]}}