{"id":3873,"date":"2023-11-17T08:00:29","date_gmt":"2023-11-17T11:00:29","guid":{"rendered":"https:\/\/sulsc.com\/?p=3873"},"modified":"2023-11-17T07:56:03","modified_gmt":"2023-11-17T10:56:03","slug":"casa-de-apoio-e-alvo-de-furto-em-tubarao","status":"publish","type":"post","link":"https:\/\/sulsc.com\/index.php\/2023\/11\/17\/casa-de-apoio-e-alvo-de-furto-em-tubarao\/","title":{"rendered":"Casa de apoio \u00e9 alvo de furto, em Tubar\u00e3o"},"content":{"rendered":"<p>Um furto foi registrado na manh\u00e3 desta quinta-feira (16), em Tubar\u00e3o. A guarni\u00e7\u00e3o da Pol\u00edcia Militar foi acionada, via Central Regional de Emerg\u00eancias para atender a ocorr\u00eancia, por volta das 6h.<\/p>\n<p>Ao chegar ao local, os policiais conversaram com um homem. Ele contou que \u00e9 monitor da casa de apoio Jo\u00e3o 3:16, que hoje, fechou os port\u00f5es do local, por volta de meia noite. Pela manh\u00e3 percebeu que haviam arrombado a porta e subtra\u00eddo diversos pertences das pessoas que est\u00e3o acolhidas no local.<\/p>\n<p>Ele disse tamb\u00e9m que acredita que os autores s\u00e3o pessoas que j\u00e1 frequentaram o local e conhecem a rotina. Al\u00e9m disso, o monitor informou que nenhum dos acolhidos percebeu a a\u00e7\u00e3o criminosa.<\/p>\n<p><img fetchpriority=\"high\" decoding=\"async\" class=\"alignnone size-full wp-image-2017\" src=\"http:\/\/sulsc.com\/wp-content\/uploads\/2023\/10\/giroflex-3.jpg\" alt=\"\" width=\"714\" height=\"480\" srcset=\"https:\/\/sulsc.com\/wp-content\/uploads\/2023\/10\/giroflex-3.jpg 714w, https:\/\/sulsc.com\/wp-content\/uploads\/2023\/10\/giroflex-3-300x202.jpg 300w\" sizes=\"(max-width: 714px) 100vw, 714px\" \/><\/p>\n","protected":false},"excerpt":{"rendered":"<p>Um furto foi registrado na manh\u00e3 desta quinta-feira (16), em Tubar\u00e3o. A guarni\u00e7\u00e3o da Pol\u00edcia Militar foi acionada, via Central Regional de Emerg\u00eancias para atender a ocorr\u00eancia, por volta das 6h. Ao chegar ao local, os policiais conversaram com um homem. Ele contou que \u00e9 monitor da casa de apoio Jo\u00e3o 3:16, que hoje, fechou &hellip;<\/p>\n<p class=\"read-more\"> <a class=\"\" href=\"https:\/\/sulsc.com\/index.php\/2023\/11\/17\/casa-de-apoio-e-alvo-de-furto-em-tubarao\/\"> <span class=\"screen-reader-text\">Casa de apoio \u00e9 alvo de furto, em Tubar\u00e3o<\/span> Read More &raquo;<\/a><\/p>\n","protected":false},"author":3,"featured_media":2017,"comment_status":"open","ping_status":"open","sticky":false,"template":"","format":"standard","meta":{"site-sidebar-layout":"default","site-content-layout":"","ast-site-content-layout":"default","site-content-style":"default","site-sidebar-style":"default","ast-global-header-display":"","ast-banner-title-visibility":"","ast-main-header-display":"","ast-hfb-above-header-display":"","ast-hfb-below-header-display":"","ast-hfb-mobile-header-display":"","site-post-title":"","ast-breadcrumbs-content":"","ast-featured-img":"","footer-sml-layout":"","theme-transparent-header-meta":"default","adv-header-id-meta":"","stick-header-meta":"","header-above-stick-meta":"","header-main-stick-meta":"","header-below-stick-meta":"","astra-migrate-meta-layouts":"set","footnotes":""},"categories":[8,21],"tags":[],"yoast_head":"<!-- This site is optimized with the Yoast SEO plugin v21.4 - https:\/\/yoast.com\/wordpress\/plugins\/seo\/ -->\n<title>Casa de apoio \u00e9 alvo de furto, em Tubar\u00e3o -<\/title>\n<meta name=\"robots\" content=\"index, follow, max-snippet:-1, max-image-preview:large, max-video-preview:-1\" \/>\n<link rel=\"canonical\" href=\"https:\/\/sulsc.com\/index.php\/2023\/11\/17\/casa-de-apoio-e-alvo-de-furto-em-tubarao\/\" \/>\n<meta property=\"og:locale\" content=\"en_US\" \/>\n<meta property=\"og:type\" content=\"article\" \/>\n<meta property=\"og:title\" content=\"Casa de apoio \u00e9 alvo de furto, em Tubar\u00e3o -\" \/>\n<meta property=\"og:description\" content=\"Um furto foi registrado na manh\u00e3 desta quinta-feira (16), em Tubar\u00e3o. A guarni\u00e7\u00e3o da Pol\u00edcia Militar foi acionada, via Central Regional de Emerg\u00eancias para atender a ocorr\u00eancia, por volta das 6h. Ao chegar ao local, os policiais conversaram com um homem. Ele contou que \u00e9 monitor da casa de apoio Jo\u00e3o 3:16, que hoje, fechou &hellip; Casa de apoio \u00e9 alvo de furto, em Tubar\u00e3o Read More &raquo;\" \/>\n<meta property=\"og:url\" content=\"https:\/\/sulsc.com\/index.php\/2023\/11\/17\/casa-de-apoio-e-alvo-de-furto-em-tubarao\/\" \/>\n<meta property=\"article:author\" content=\"https:\/\/www.facebook.com\/profile.php?id=61559278119680\" \/>\n<meta property=\"article:published_time\" content=\"2023-11-17T11:00:29+00:00\" \/>\n<meta property=\"article:modified_time\" content=\"2023-11-17T10:56:03+00:00\" \/>\n<meta property=\"og:image\" content=\"https:\/\/sulsc.com\/wp-content\/uploads\/2023\/10\/giroflex-3.jpg\" \/>\n\t<meta property=\"og:image:width\" content=\"714\" \/>\n\t<meta property=\"og:image:height\" content=\"480\" \/>\n\t<meta property=\"og:image:type\" content=\"image\/jpeg\" \/>\n<meta name=\"author\" content=\"Reda\u00e7\u00e3o Sul SC\" \/>\n<meta name=\"twitter:card\" content=\"summary_large_image\" \/>\n<meta name=\"twitter:creator\" content=\"@https:\/\/twitter.com\/PortalSulSC\" \/>\n<meta name=\"twitter:label1\" content=\"Written by\" \/>\n\t<meta name=\"twitter:data1\" content=\"Reda\u00e7\u00e3o Sul SC\" \/>\n\t<meta name=\"twitter:label2\" content=\"Est. reading time\" \/>\n\t<meta name=\"twitter:data2\" content=\"1 minute\" \/>\n<script type=\"application\/ld+json\" class=\"yoast-schema-graph\">{\"@context\":\"https:\/\/schema.org\",\"@graph\":[{\"@type\":\"WebPage\",\"@id\":\"https:\/\/sulsc.com\/index.php\/2023\/11\/17\/casa-de-apoio-e-alvo-de-furto-em-tubarao\/\",\"url\":\"https:\/\/sulsc.com\/index.php\/2023\/11\/17\/casa-de-apoio-e-alvo-de-furto-em-tubarao\/\",\"name\":\"Casa de apoio \u00e9 alvo de furto, em Tubar\u00e3o -\",\"isPartOf\":{\"@id\":\"https:\/\/sulsc.com\/#website\"},\"datePublished\":\"2023-11-17T11:00:29+00:00\",\"dateModified\":\"2023-11-17T10:56:03+00:00\",\"author\":{\"@id\":\"https:\/\/sulsc.com\/#\/schema\/person\/84d2fc571684f6248ba83092f07750a3\"},\"breadcrumb\":{\"@id\":\"https:\/\/sulsc.com\/index.php\/2023\/11\/17\/casa-de-apoio-e-alvo-de-furto-em-tubarao\/#breadcrumb\"},\"inLanguage\":\"en-US\",\"potentialAction\":[{\"@type\":\"ReadAction\",\"target\":[\"https:\/\/sulsc.com\/index.php\/2023\/11\/17\/casa-de-apoio-e-alvo-de-furto-em-tubarao\/\"]}]},{\"@type\":\"BreadcrumbList\",\"@id\":\"https:\/\/sulsc.com\/index.php\/2023\/11\/17\/casa-de-apoio-e-alvo-de-furto-em-tubarao\/#breadcrumb\",\"itemListElement\":[{\"@type\":\"ListItem\",\"position\":1,\"name\":\"In\u00edcio\",\"item\":\"https:\/\/sulsc.com\/\"},{\"@type\":\"ListItem\",\"position\":2,\"name\":\"Casa de apoio \u00e9 alvo de furto, em Tubar\u00e3o\"}]},{\"@type\":\"WebSite\",\"@id\":\"https:\/\/sulsc.com\/#website\",\"url\":\"https:\/\/sulsc.com\/\",\"name\":\"\",\"description\":\"\",\"potentialAction\":[{\"@type\":\"SearchAction\",\"target\":{\"@type\":\"EntryPoint\",\"urlTemplate\":\"https:\/\/sulsc.com\/?s={search_term_string}\"},\"query-input\":\"required name=search_term_string\"}],\"inLanguage\":\"en-US\"},{\"@type\":\"Person\",\"@id\":\"https:\/\/sulsc.com\/#\/schema\/person\/84d2fc571684f6248ba83092f07750a3\",\"name\":\"Reda\u00e7\u00e3o Sul SC\",\"image\":{\"@type\":\"ImageObject\",\"inLanguage\":\"en-US\",\"@id\":\"https:\/\/sulsc.com\/#\/schema\/person\/image\/e08d7fe2cc4ed596372063bbe852b8d0\",\"url\":\"https:\/\/sulsc.com\/wp-content\/uploads\/2023\/09\/redacao.png\",\"contentUrl\":\"https:\/\/sulsc.com\/wp-content\/uploads\/2023\/09\/redacao.png\",\"caption\":\"Reda\u00e7\u00e3o Sul SC\"},\"description\":\"Foco em um jornalismo imparcial, voltado \u00e0 qualidade dos seus conte\u00fados e, assim, levar informa\u00e7\u00e3o de valor que agregue \u00e0 vida dos leitores. Esta \u00e9 grande miss\u00e3o do Portal de Not\u00edcias Sul SC. N\u00e3o \u00e9 quantidade que muda o mundo, sempre foi e seguir\u00e1 sendo qualidade!\",\"sameAs\":[\"https:\/\/sulsc.com\/\",\"https:\/\/www.facebook.com\/profile.php?id=61559278119680\",\"https:\/\/www.instagram.com\/sulscportal\/?hl=pt-br\",\"https:\/\/twitter.com\/https:\/\/twitter.com\/PortalSulSC\",\"https:\/\/www.youtube.com\/channel\/UCv_BE8GeySluDov2n8qhVmw\"],\"url\":\"https:\/\/sulsc.com\/index.php\/author\/redacao\/\"}]}<\/script>\n<!-- \/ Yoast SEO plugin. -->","yoast_head_json":{"title":"Casa de apoio \u00e9 alvo de furto, em Tubar\u00e3o -","robots":{"index":"index","follow":"follow","max-snippet":"max-snippet:-1","max-image-preview":"max-image-preview:large","max-video-preview":"max-video-preview:-1"},"canonical":"https:\/\/sulsc.com\/index.php\/2023\/11\/17\/casa-de-apoio-e-alvo-de-furto-em-tubarao\/","og_locale":"en_US","og_type":"article","og_title":"Casa de apoio \u00e9 alvo de furto, em Tubar\u00e3o -","og_description":"Um furto foi registrado na manh\u00e3 desta quinta-feira (16), em Tubar\u00e3o. A guarni\u00e7\u00e3o da Pol\u00edcia Militar foi acionada, via Central Regional de Emerg\u00eancias para atender a ocorr\u00eancia, por volta das 6h. Ao chegar ao local, os policiais conversaram com um homem. Ele contou que \u00e9 monitor da casa de apoio Jo\u00e3o 3:16, que hoje, fechou &hellip; Casa de apoio \u00e9 alvo de furto, em Tubar\u00e3o Read More &raquo;","og_url":"https:\/\/sulsc.com\/index.php\/2023\/11\/17\/casa-de-apoio-e-alvo-de-furto-em-tubarao\/","article_author":"https:\/\/www.facebook.com\/profile.php?id=61559278119680","article_published_time":"2023-11-17T11:00:29+00:00","article_modified_time":"2023-11-17T10:56:03+00:00","og_image":[{"width":714,"height":480,"url":"https:\/\/sulsc.com\/wp-content\/uploads\/2023\/10\/giroflex-3.jpg","type":"image\/jpeg"}],"author":"Reda\u00e7\u00e3o Sul SC","twitter_card":"summary_large_image","twitter_creator":"@https:\/\/twitter.com\/PortalSulSC","twitter_misc":{"Written by":"Reda\u00e7\u00e3o Sul SC","Est. reading time":"1 minute"},"schema":{"@context":"https:\/\/schema.org","@graph":[{"@type":"WebPage","@id":"https:\/\/sulsc.com\/index.php\/2023\/11\/17\/casa-de-apoio-e-alvo-de-furto-em-tubarao\/","url":"https:\/\/sulsc.com\/index.php\/2023\/11\/17\/casa-de-apoio-e-alvo-de-furto-em-tubarao\/","name":"Casa de apoio \u00e9 alvo de furto, em Tubar\u00e3o -","isPartOf":{"@id":"https:\/\/sulsc.com\/#website"},"datePublished":"2023-11-17T11:00:29+00:00","dateModified":"2023-11-17T10:56:03+00:00","author":{"@id":"https:\/\/sulsc.com\/#\/schema\/person\/84d2fc571684f6248ba83092f07750a3"},"breadcrumb":{"@id":"https:\/\/sulsc.com\/index.php\/2023\/11\/17\/casa-de-apoio-e-alvo-de-furto-em-tubarao\/#breadcrumb"},"inLanguage":"en-US","potentialAction":[{"@type":"ReadAction","target":["https:\/\/sulsc.com\/index.php\/2023\/11\/17\/casa-de-apoio-e-alvo-de-furto-em-tubarao\/"]}]},{"@type":"BreadcrumbList","@id":"https:\/\/sulsc.com\/index.php\/2023\/11\/17\/casa-de-apoio-e-alvo-de-furto-em-tubarao\/#breadcrumb","itemListElement":[{"@type":"ListItem","position":1,"name":"In\u00edcio","item":"https:\/\/sulsc.com\/"},{"@type":"ListItem","position":2,"name":"Casa de apoio \u00e9 alvo de furto, em Tubar\u00e3o"}]},{"@type":"WebSite","@id":"https:\/\/sulsc.com\/#website","url":"https:\/\/sulsc.com\/","name":"","description":"","potentialAction":[{"@type":"SearchAction","target":{"@type":"EntryPoint","urlTemplate":"https:\/\/sulsc.com\/?s={search_term_string}"},"query-input":"required name=search_term_string"}],"inLanguage":"en-US"},{"@type":"Person","@id":"https:\/\/sulsc.com\/#\/schema\/person\/84d2fc571684f6248ba83092f07750a3","name":"Reda\u00e7\u00e3o Sul SC","image":{"@type":"ImageObject","inLanguage":"en-US","@id":"https:\/\/sulsc.com\/#\/schema\/person\/image\/e08d7fe2cc4ed596372063bbe852b8d0","url":"https:\/\/sulsc.com\/wp-content\/uploads\/2023\/09\/redacao.png","contentUrl":"https:\/\/sulsc.com\/wp-content\/uploads\/2023\/09\/redacao.png","caption":"Reda\u00e7\u00e3o Sul SC"},"description":"Foco em um jornalismo imparcial, voltado \u00e0 qualidade dos seus conte\u00fados e, assim, levar informa\u00e7\u00e3o de valor que agregue \u00e0 vida dos leitores. Esta \u00e9 grande miss\u00e3o do Portal de Not\u00edcias Sul SC. N\u00e3o \u00e9 quantidade que muda o mundo, sempre foi e seguir\u00e1 sendo qualidade!","sameAs":["https:\/\/sulsc.com\/","https:\/\/www.facebook.com\/profile.php?id=61559278119680","https:\/\/www.instagram.com\/sulscportal\/?hl=pt-br","https:\/\/twitter.com\/https:\/\/twitter.com\/PortalSulSC","https:\/\/www.youtube.com\/channel\/UCv_BE8GeySluDov2n8qhVmw"],"url":"https:\/\/sulsc.com\/index.php\/author\/redacao\/"}]}},"authors":[],"_links":{"self":[{"href":"https:\/\/sulsc.com\/index.php\/wp-json\/wp\/v2\/posts\/3873"}],"collection":[{"href":"https:\/\/sulsc.com\/index.php\/wp-json\/wp\/v2\/posts"}],"about":[{"href":"https:\/\/sulsc.com\/index.php\/wp-json\/wp\/v2\/types\/post"}],"author":[{"embeddable":true,"href":"https:\/\/sulsc.com\/index.php\/wp-json\/wp\/v2\/users\/3"}],"replies":[{"embeddable":true,"href":"https:\/\/sulsc.com\/index.php\/wp-json\/wp\/v2\/comments?post=3873"}],"version-history":[{"count":2,"href":"https:\/\/sulsc.com\/index.php\/wp-json\/wp\/v2\/posts\/3873\/revisions"}],"predecessor-version":[{"id":3875,"href":"https:\/\/sulsc.com\/index.php\/wp-json\/wp\/v2\/posts\/3873\/revisions\/3875"}],"wp:featuredmedia":[{"embeddable":true,"href":"https:\/\/sulsc.com\/index.php\/wp-json\/wp\/v2\/media\/2017"}],"wp:attachment":[{"href":"https:\/\/sulsc.com\/index.php\/wp-json\/wp\/v2\/media?parent=3873"}],"wp:term":[{"taxonomy":"category","embeddable":true,"href":"https:\/\/sulsc.com\/index.php\/wp-json\/wp\/v2\/categories?post=3873"},{"taxonomy":"post_tag","embeddable":true,"href":"https:\/\/sulsc.com\/index.php\/wp-json\/wp\/v2\/tags?post=3873"}],"curies":[{"name":"wp","href":"https:\/\/api.w.org\/{rel}","templated":true}]}}