{"id":3876,"date":"2023-11-17T08:30:09","date_gmt":"2023-11-17T11:30:09","guid":{"rendered":"https:\/\/sulsc.com\/?p=3876"},"modified":"2023-11-17T07:59:16","modified_gmt":"2023-11-17T10:59:16","slug":"processo-de-cassacao-contra-rosenvaldo-junior-em-imbituba-e-arquivado-por-erro-de-procedimento","status":"publish","type":"post","link":"https:\/\/sulsc.com\/index.php\/2023\/11\/17\/processo-de-cassacao-contra-rosenvaldo-junior-em-imbituba-e-arquivado-por-erro-de-procedimento\/","title":{"rendered":"Processo de cassa\u00e7\u00e3o contra Rosenvaldo J\u00fanior, em Imbituba, \u00e9 arquivado por erro de procedimento"},"content":{"rendered":"<p>A sess\u00e3o extraordin\u00e1ria que cassou mandato do Prefeito de Imbituba, Rosenvaldo da Silva J\u00fanior, na \u00faltima ter\u00e7a-feira (14), foi anulada nesta quinta-feira (16). Na mesma sess\u00e3o, a maioria dos vereadores presentes optou pela extin\u00e7\u00e3o do processo de cassa\u00e7\u00e3o. Com o resultado, Rosenvaldo J\u00fanior volta a chefia do Poder Executivo Municipal.<\/p>\n<p>Por volta das 17 horas, quatro vereadores apresentaram tr\u00eas requerimentos ao presidente da casa, Leonir de Souza. Nos documentos, algumas irregularidades foram apresentadas.<\/p>\n<p>Entre os equ\u00edvocos apontados, os legisladores destacaram a falta de proporcionalidade na composi\u00e7\u00e3o da comiss\u00e3o processante (havia dois vereadores do mesmo partido na comiss\u00e3o). Al\u00e9m disso, a forma de vota\u00e7\u00e3o, feita por sorteio e n\u00e3o por ordem alfab\u00e9tica, e, a intima\u00e7\u00e3o dos vereadores para a sess\u00e3o feita por meio eletr\u00f4nico e n\u00e3o por requerimento, como prev\u00ea o regimento interno.<\/p>\n<p>Dois dos pleitos foram acatados pelos vereadores presentes. O equ\u00edvoco na forma de vota\u00e7\u00e3o contou com nove votos favor\u00e1veis ao requerimento, dois contr\u00e1rios, uma absten\u00e7\u00e3o e uma aus\u00eancia. J\u00e1 a falta de proporcionalidade na composi\u00e7\u00e3o da comiss\u00e3o processante teve a maioria dos votos favor\u00e1veis ao requerimento.<\/p>\n<p>\u201c\u00c9 importante destacarmos o bom trabalho dos vereadores, que diante das irregularidades apontadas, reconheceram os erros e deram aten\u00e7\u00e3o ao devido processo legal\u201d, disse o advogado de defesa, Diogo Martins, que na sess\u00e3o estava acompanhado da advogada Camila Fermino.<\/p>\n","protected":false},"excerpt":{"rendered":"<p>A sess\u00e3o extraordin\u00e1ria que cassou mandato do Prefeito de Imbituba, Rosenvaldo da Silva J\u00fanior, na \u00faltima ter\u00e7a-feira (14), foi anulada nesta quinta-feira (16). Na mesma sess\u00e3o, a maioria dos vereadores presentes optou pela extin\u00e7\u00e3o do processo de cassa\u00e7\u00e3o. Com o resultado, Rosenvaldo J\u00fanior volta a chefia do Poder Executivo Municipal. Por volta das 17 horas, &hellip;<\/p>\n<p class=\"read-more\"> <a class=\"\" href=\"https:\/\/sulsc.com\/index.php\/2023\/11\/17\/processo-de-cassacao-contra-rosenvaldo-junior-em-imbituba-e-arquivado-por-erro-de-procedimento\/\"> <span class=\"screen-reader-text\">Processo de cassa\u00e7\u00e3o contra Rosenvaldo J\u00fanior, em Imbituba, \u00e9 arquivado por erro de procedimento<\/span> Read More &raquo;<\/a><\/p>\n","protected":false},"author":3,"featured_media":3877,"comment_status":"open","ping_status":"open","sticky":false,"template":"","format":"standard","meta":{"site-sidebar-layout":"default","site-content-layout":"","ast-site-content-layout":"default","site-content-style":"default","site-sidebar-style":"default","ast-global-header-display":"","ast-banner-title-visibility":"","ast-main-header-display":"","ast-hfb-above-header-display":"","ast-hfb-below-header-display":"","ast-hfb-mobile-header-display":"","site-post-title":"","ast-breadcrumbs-content":"","ast-featured-img":"","footer-sml-layout":"","theme-transparent-header-meta":"default","adv-header-id-meta":"","stick-header-meta":"","header-above-stick-meta":"","header-main-stick-meta":"","header-below-stick-meta":"","astra-migrate-meta-layouts":"set","footnotes":""},"categories":[41],"tags":[],"yoast_head":"<!-- This site is optimized with the Yoast SEO plugin v21.4 - https:\/\/yoast.com\/wordpress\/plugins\/seo\/ -->\n<title>Processo de cassa\u00e7\u00e3o contra Rosenvaldo J\u00fanior, em Imbituba, \u00e9 arquivado por erro de procedimento -<\/title>\n<meta name=\"robots\" content=\"index, follow, max-snippet:-1, max-image-preview:large, max-video-preview:-1\" \/>\n<link rel=\"canonical\" href=\"https:\/\/sulsc.com\/index.php\/2023\/11\/17\/processo-de-cassacao-contra-rosenvaldo-junior-em-imbituba-e-arquivado-por-erro-de-procedimento\/\" \/>\n<meta property=\"og:locale\" content=\"en_US\" \/>\n<meta property=\"og:type\" content=\"article\" \/>\n<meta property=\"og:title\" content=\"Processo de cassa\u00e7\u00e3o contra Rosenvaldo J\u00fanior, em Imbituba, \u00e9 arquivado por erro de procedimento -\" \/>\n<meta property=\"og:description\" content=\"A sess\u00e3o extraordin\u00e1ria que cassou mandato do Prefeito de Imbituba, Rosenvaldo da Silva J\u00fanior, na \u00faltima ter\u00e7a-feira (14), foi anulada nesta quinta-feira (16). Na mesma sess\u00e3o, a maioria dos vereadores presentes optou pela extin\u00e7\u00e3o do processo de cassa\u00e7\u00e3o. Com o resultado, Rosenvaldo J\u00fanior volta a chefia do Poder Executivo Municipal. Por volta das 17 horas, &hellip; Processo de cassa\u00e7\u00e3o contra Rosenvaldo J\u00fanior, em Imbituba, \u00e9 arquivado por erro de procedimento Read More &raquo;\" \/>\n<meta property=\"og:url\" content=\"https:\/\/sulsc.com\/index.php\/2023\/11\/17\/processo-de-cassacao-contra-rosenvaldo-junior-em-imbituba-e-arquivado-por-erro-de-procedimento\/\" \/>\n<meta property=\"article:author\" content=\"https:\/\/www.facebook.com\/profile.php?id=61559278119680\" \/>\n<meta property=\"article:published_time\" content=\"2023-11-17T11:30:09+00:00\" \/>\n<meta property=\"article:modified_time\" content=\"2023-11-17T10:59:16+00:00\" \/>\n<meta property=\"og:image\" content=\"https:\/\/sulsc.com\/wp-content\/uploads\/2023\/11\/WhatsApp-Image-2023-11-16-at-22.56.12.jpeg\" \/>\n\t<meta property=\"og:image:width\" content=\"901\" \/>\n\t<meta property=\"og:image:height\" content=\"660\" \/>\n\t<meta property=\"og:image:type\" content=\"image\/jpeg\" \/>\n<meta name=\"author\" content=\"Reda\u00e7\u00e3o Sul SC\" \/>\n<meta name=\"twitter:card\" content=\"summary_large_image\" \/>\n<meta name=\"twitter:creator\" content=\"@https:\/\/twitter.com\/PortalSulSC\" \/>\n<meta name=\"twitter:label1\" content=\"Written by\" \/>\n\t<meta name=\"twitter:data1\" content=\"Reda\u00e7\u00e3o Sul SC\" \/>\n\t<meta name=\"twitter:label2\" content=\"Est. reading time\" \/>\n\t<meta name=\"twitter:data2\" content=\"2 minutes\" \/>\n<script type=\"application\/ld+json\" class=\"yoast-schema-graph\">{\"@context\":\"https:\/\/schema.org\",\"@graph\":[{\"@type\":\"WebPage\",\"@id\":\"https:\/\/sulsc.com\/index.php\/2023\/11\/17\/processo-de-cassacao-contra-rosenvaldo-junior-em-imbituba-e-arquivado-por-erro-de-procedimento\/\",\"url\":\"https:\/\/sulsc.com\/index.php\/2023\/11\/17\/processo-de-cassacao-contra-rosenvaldo-junior-em-imbituba-e-arquivado-por-erro-de-procedimento\/\",\"name\":\"Processo de cassa\u00e7\u00e3o contra Rosenvaldo J\u00fanior, em Imbituba, \u00e9 arquivado por erro de procedimento -\",\"isPartOf\":{\"@id\":\"https:\/\/sulsc.com\/#website\"},\"datePublished\":\"2023-11-17T11:30:09+00:00\",\"dateModified\":\"2023-11-17T10:59:16+00:00\",\"author\":{\"@id\":\"https:\/\/sulsc.com\/#\/schema\/person\/84d2fc571684f6248ba83092f07750a3\"},\"breadcrumb\":{\"@id\":\"https:\/\/sulsc.com\/index.php\/2023\/11\/17\/processo-de-cassacao-contra-rosenvaldo-junior-em-imbituba-e-arquivado-por-erro-de-procedimento\/#breadcrumb\"},\"inLanguage\":\"en-US\",\"potentialAction\":[{\"@type\":\"ReadAction\",\"target\":[\"https:\/\/sulsc.com\/index.php\/2023\/11\/17\/processo-de-cassacao-contra-rosenvaldo-junior-em-imbituba-e-arquivado-por-erro-de-procedimento\/\"]}]},{\"@type\":\"BreadcrumbList\",\"@id\":\"https:\/\/sulsc.com\/index.php\/2023\/11\/17\/processo-de-cassacao-contra-rosenvaldo-junior-em-imbituba-e-arquivado-por-erro-de-procedimento\/#breadcrumb\",\"itemListElement\":[{\"@type\":\"ListItem\",\"position\":1,\"name\":\"In\u00edcio\",\"item\":\"https:\/\/sulsc.com\/\"},{\"@type\":\"ListItem\",\"position\":2,\"name\":\"Processo de cassa\u00e7\u00e3o contra Rosenvaldo J\u00fanior, em Imbituba, \u00e9 arquivado por erro de procedimento\"}]},{\"@type\":\"WebSite\",\"@id\":\"https:\/\/sulsc.com\/#website\",\"url\":\"https:\/\/sulsc.com\/\",\"name\":\"\",\"description\":\"\",\"potentialAction\":[{\"@type\":\"SearchAction\",\"target\":{\"@type\":\"EntryPoint\",\"urlTemplate\":\"https:\/\/sulsc.com\/?s={search_term_string}\"},\"query-input\":\"required name=search_term_string\"}],\"inLanguage\":\"en-US\"},{\"@type\":\"Person\",\"@id\":\"https:\/\/sulsc.com\/#\/schema\/person\/84d2fc571684f6248ba83092f07750a3\",\"name\":\"Reda\u00e7\u00e3o Sul SC\",\"image\":{\"@type\":\"ImageObject\",\"inLanguage\":\"en-US\",\"@id\":\"https:\/\/sulsc.com\/#\/schema\/person\/image\/e08d7fe2cc4ed596372063bbe852b8d0\",\"url\":\"https:\/\/sulsc.com\/wp-content\/uploads\/2023\/09\/redacao.png\",\"contentUrl\":\"https:\/\/sulsc.com\/wp-content\/uploads\/2023\/09\/redacao.png\",\"caption\":\"Reda\u00e7\u00e3o Sul SC\"},\"description\":\"Foco em um jornalismo imparcial, voltado \u00e0 qualidade dos seus conte\u00fados e, assim, levar informa\u00e7\u00e3o de valor que agregue \u00e0 vida dos leitores. Esta \u00e9 grande miss\u00e3o do Portal de Not\u00edcias Sul SC. N\u00e3o \u00e9 quantidade que muda o mundo, sempre foi e seguir\u00e1 sendo qualidade!\",\"sameAs\":[\"https:\/\/sulsc.com\/\",\"https:\/\/www.facebook.com\/profile.php?id=61559278119680\",\"https:\/\/www.instagram.com\/sulscportal\/?hl=pt-br\",\"https:\/\/twitter.com\/https:\/\/twitter.com\/PortalSulSC\",\"https:\/\/www.youtube.com\/channel\/UCv_BE8GeySluDov2n8qhVmw\"],\"url\":\"https:\/\/sulsc.com\/index.php\/author\/redacao\/\"}]}<\/script>\n<!-- \/ Yoast SEO plugin. -->","yoast_head_json":{"title":"Processo de cassa\u00e7\u00e3o contra Rosenvaldo J\u00fanior, em Imbituba, \u00e9 arquivado por erro de procedimento -","robots":{"index":"index","follow":"follow","max-snippet":"max-snippet:-1","max-image-preview":"max-image-preview:large","max-video-preview":"max-video-preview:-1"},"canonical":"https:\/\/sulsc.com\/index.php\/2023\/11\/17\/processo-de-cassacao-contra-rosenvaldo-junior-em-imbituba-e-arquivado-por-erro-de-procedimento\/","og_locale":"en_US","og_type":"article","og_title":"Processo de cassa\u00e7\u00e3o contra Rosenvaldo J\u00fanior, em Imbituba, \u00e9 arquivado por erro de procedimento -","og_description":"A sess\u00e3o extraordin\u00e1ria que cassou mandato do Prefeito de Imbituba, Rosenvaldo da Silva J\u00fanior, na \u00faltima ter\u00e7a-feira (14), foi anulada nesta quinta-feira (16). Na mesma sess\u00e3o, a maioria dos vereadores presentes optou pela extin\u00e7\u00e3o do processo de cassa\u00e7\u00e3o. Com o resultado, Rosenvaldo J\u00fanior volta a chefia do Poder Executivo Municipal. Por volta das 17 horas, &hellip; Processo de cassa\u00e7\u00e3o contra Rosenvaldo J\u00fanior, em Imbituba, \u00e9 arquivado por erro de procedimento Read More &raquo;","og_url":"https:\/\/sulsc.com\/index.php\/2023\/11\/17\/processo-de-cassacao-contra-rosenvaldo-junior-em-imbituba-e-arquivado-por-erro-de-procedimento\/","article_author":"https:\/\/www.facebook.com\/profile.php?id=61559278119680","article_published_time":"2023-11-17T11:30:09+00:00","article_modified_time":"2023-11-17T10:59:16+00:00","og_image":[{"width":901,"height":660,"url":"https:\/\/sulsc.com\/wp-content\/uploads\/2023\/11\/WhatsApp-Image-2023-11-16-at-22.56.12.jpeg","type":"image\/jpeg"}],"author":"Reda\u00e7\u00e3o Sul SC","twitter_card":"summary_large_image","twitter_creator":"@https:\/\/twitter.com\/PortalSulSC","twitter_misc":{"Written by":"Reda\u00e7\u00e3o Sul SC","Est. reading time":"2 minutes"},"schema":{"@context":"https:\/\/schema.org","@graph":[{"@type":"WebPage","@id":"https:\/\/sulsc.com\/index.php\/2023\/11\/17\/processo-de-cassacao-contra-rosenvaldo-junior-em-imbituba-e-arquivado-por-erro-de-procedimento\/","url":"https:\/\/sulsc.com\/index.php\/2023\/11\/17\/processo-de-cassacao-contra-rosenvaldo-junior-em-imbituba-e-arquivado-por-erro-de-procedimento\/","name":"Processo de cassa\u00e7\u00e3o contra Rosenvaldo J\u00fanior, em Imbituba, \u00e9 arquivado por erro de procedimento -","isPartOf":{"@id":"https:\/\/sulsc.com\/#website"},"datePublished":"2023-11-17T11:30:09+00:00","dateModified":"2023-11-17T10:59:16+00:00","author":{"@id":"https:\/\/sulsc.com\/#\/schema\/person\/84d2fc571684f6248ba83092f07750a3"},"breadcrumb":{"@id":"https:\/\/sulsc.com\/index.php\/2023\/11\/17\/processo-de-cassacao-contra-rosenvaldo-junior-em-imbituba-e-arquivado-por-erro-de-procedimento\/#breadcrumb"},"inLanguage":"en-US","potentialAction":[{"@type":"ReadAction","target":["https:\/\/sulsc.com\/index.php\/2023\/11\/17\/processo-de-cassacao-contra-rosenvaldo-junior-em-imbituba-e-arquivado-por-erro-de-procedimento\/"]}]},{"@type":"BreadcrumbList","@id":"https:\/\/sulsc.com\/index.php\/2023\/11\/17\/processo-de-cassacao-contra-rosenvaldo-junior-em-imbituba-e-arquivado-por-erro-de-procedimento\/#breadcrumb","itemListElement":[{"@type":"ListItem","position":1,"name":"In\u00edcio","item":"https:\/\/sulsc.com\/"},{"@type":"ListItem","position":2,"name":"Processo de cassa\u00e7\u00e3o contra Rosenvaldo J\u00fanior, em Imbituba, \u00e9 arquivado por erro de procedimento"}]},{"@type":"WebSite","@id":"https:\/\/sulsc.com\/#website","url":"https:\/\/sulsc.com\/","name":"","description":"","potentialAction":[{"@type":"SearchAction","target":{"@type":"EntryPoint","urlTemplate":"https:\/\/sulsc.com\/?s={search_term_string}"},"query-input":"required name=search_term_string"}],"inLanguage":"en-US"},{"@type":"Person","@id":"https:\/\/sulsc.com\/#\/schema\/person\/84d2fc571684f6248ba83092f07750a3","name":"Reda\u00e7\u00e3o Sul SC","image":{"@type":"ImageObject","inLanguage":"en-US","@id":"https:\/\/sulsc.com\/#\/schema\/person\/image\/e08d7fe2cc4ed596372063bbe852b8d0","url":"https:\/\/sulsc.com\/wp-content\/uploads\/2023\/09\/redacao.png","contentUrl":"https:\/\/sulsc.com\/wp-content\/uploads\/2023\/09\/redacao.png","caption":"Reda\u00e7\u00e3o Sul SC"},"description":"Foco em um jornalismo imparcial, voltado \u00e0 qualidade dos seus conte\u00fados e, assim, levar informa\u00e7\u00e3o de valor que agregue \u00e0 vida dos leitores. Esta \u00e9 grande miss\u00e3o do Portal de Not\u00edcias Sul SC. N\u00e3o \u00e9 quantidade que muda o mundo, sempre foi e seguir\u00e1 sendo qualidade!","sameAs":["https:\/\/sulsc.com\/","https:\/\/www.facebook.com\/profile.php?id=61559278119680","https:\/\/www.instagram.com\/sulscportal\/?hl=pt-br","https:\/\/twitter.com\/https:\/\/twitter.com\/PortalSulSC","https:\/\/www.youtube.com\/channel\/UCv_BE8GeySluDov2n8qhVmw"],"url":"https:\/\/sulsc.com\/index.php\/author\/redacao\/"}]}},"authors":[],"_links":{"self":[{"href":"https:\/\/sulsc.com\/index.php\/wp-json\/wp\/v2\/posts\/3876"}],"collection":[{"href":"https:\/\/sulsc.com\/index.php\/wp-json\/wp\/v2\/posts"}],"about":[{"href":"https:\/\/sulsc.com\/index.php\/wp-json\/wp\/v2\/types\/post"}],"author":[{"embeddable":true,"href":"https:\/\/sulsc.com\/index.php\/wp-json\/wp\/v2\/users\/3"}],"replies":[{"embeddable":true,"href":"https:\/\/sulsc.com\/index.php\/wp-json\/wp\/v2\/comments?post=3876"}],"version-history":[{"count":1,"href":"https:\/\/sulsc.com\/index.php\/wp-json\/wp\/v2\/posts\/3876\/revisions"}],"predecessor-version":[{"id":3878,"href":"https:\/\/sulsc.com\/index.php\/wp-json\/wp\/v2\/posts\/3876\/revisions\/3878"}],"wp:featuredmedia":[{"embeddable":true,"href":"https:\/\/sulsc.com\/index.php\/wp-json\/wp\/v2\/media\/3877"}],"wp:attachment":[{"href":"https:\/\/sulsc.com\/index.php\/wp-json\/wp\/v2\/media?parent=3876"}],"wp:term":[{"taxonomy":"category","embeddable":true,"href":"https:\/\/sulsc.com\/index.php\/wp-json\/wp\/v2\/categories?post=3876"},{"taxonomy":"post_tag","embeddable":true,"href":"https:\/\/sulsc.com\/index.php\/wp-json\/wp\/v2\/tags?post=3876"}],"curies":[{"name":"wp","href":"https:\/\/api.w.org\/{rel}","templated":true}]}}