{"id":3890,"date":"2023-11-17T16:20:54","date_gmt":"2023-11-17T19:20:54","guid":{"rendered":"https:\/\/sulsc.com\/?p=3890"},"modified":"2023-11-17T14:31:21","modified_gmt":"2023-11-17T17:31:21","slug":"criciuma-conquista-selo-ouro-de-transparencia-publica-em-levantamento-nacional","status":"publish","type":"post","link":"https:\/\/sulsc.com\/index.php\/2023\/11\/17\/criciuma-conquista-selo-ouro-de-transparencia-publica-em-levantamento-nacional\/","title":{"rendered":"Crici\u00fama conquista Selo Ouro de transpar\u00eancia p\u00fablica em levantamento nacional"},"content":{"rendered":"<p>Crici\u00fama conquistou Selo Ouro de efici\u00eancia em transpar\u00eancia p\u00fablica pelo segundo ano consecutivo. Os dados s\u00e3o do Radar Nacional de Transpar\u00eancia P\u00fablica (RNTP), realizado pela Associa\u00e7\u00e3o dos Membros dos Tribunais de Contas do Brasil (Atricon). Dentre as cidades com mais de 100 mil habitantes, Crici\u00fama foi o munic\u00edpio melhor avaliado em Santa Catarina e o s\u00e9timo melhor no Sul do Brasil, com \u00edndice de transpar\u00eancia de 90,63%.<\/p>\n<p>\u201cEsse reconhecimento representa o compromisso da Administra\u00e7\u00e3o Municipal com o cidad\u00e3o, mostrando a responsabilidade com os recursos, voltados para as a\u00e7\u00f5es governamentais. A transpar\u00eancia \u00e9 um pilar fundamental para fortalecer a confian\u00e7a entre o governo e os cidad\u00e3os\u201d, ressaltou o prefeito de Crici\u00fama, Cl\u00e9sio Salvaro.<\/p>\n<p>Para o secret\u00e1rio-geral da Prefeitura de Crici\u00fama, Arleu da Silveira, a transpar\u00eancia contribui para uma administra\u00e7\u00e3o p\u00fablica mais eficiente e respons\u00e1vel. \u201cContinuaremos dedicados a manter elevados padr\u00f5es de transpar\u00eancia, buscando sempre aprimorar nossos servi\u00e7os em prol do munic\u00edpio de Crici\u00fama\u201d, afirmou.<\/p>\n<p>O levantamento da Atricon faz parte do Programa Nacional de Transpar\u00eancia P\u00fablica. O objetivo \u00e9 examinar o n\u00edvel de transpar\u00eancia dos sites institucionais do poder p\u00fablico, sejam esses endere\u00e7os da Uni\u00e3o, dos estados ou dos munic\u00edpios. O radar \u00e9 uma ferramenta que serve, ainda, como portal de entrada para os portais da transpar\u00eancia dos \u00f3rg\u00e3os p\u00fablicos, que participam do levantamento nacional. Os dados e resultados podem ser acessados por meio da ferramenta \u201c<a href=\"http:\/\/shre.ink\/T0Cl\">Radar da Transpar\u00eancia Nacional<\/a>\u201d.<\/p>\n<p>O Portal da Transpar\u00eancia de Crici\u00fama, canal onde s\u00e3o disponibilizadas informa\u00e7\u00f5es p\u00fablicas aos cidad\u00e3os, \u00e9 um dos fatores que contribu\u00edram para o destaque do munic\u00edpio no ranking. Para a avalia\u00e7\u00e3o, foram considerados t\u00f3picos do sistema como acessibilidade, contratos, despesas, informa\u00e7\u00f5es institucionais, informa\u00e7\u00f5es priorit\u00e1rias, LGPD de Governan\u00e7a Digital, obras e ouvidoria.<\/p>\n<p>Segundo o secret\u00e1rio municipal de Governan\u00e7a, Tiago Pavan, o Portal da Transpar\u00eancia de Crici\u00fama passou por uma reestrutura\u00e7\u00e3o em 2019, com o objetivo de facilitar o acesso aos usu\u00e1rios. \u201cTudo foi pensado de acordo com a experi\u00eancia que o cidad\u00e3o teria ao utilizar o servi\u00e7o, para torn\u00e1-la mais clara e objetiva. Ent\u00e3o, foi feita a distribui\u00e7\u00e3o das informa\u00e7\u00f5es por categorias, com textos de apoio para facilitar o entendimento dos usu\u00e1rios. Pensamos, tamb\u00e9m, nas quest\u00f5es voltadas \u00e0 acessibilidade, utilizando elementos que tornaram a ferramenta mais inclusiva, para que ningu\u00e9m se sinta exclu\u00eddo ao procurar os servi\u00e7os da prefeitura\u201d, explicou.<\/p>\n<p><img fetchpriority=\"high\" decoding=\"async\" class=\"alignnone size-large wp-image-3891\" src=\"http:\/\/sulsc.com\/wp-content\/uploads\/2023\/11\/Criciuma-conquista-Selo-Ouro-de-transparencia-publica-em-levantamento-nacional-1024x576.jpeg\" alt=\"\" width=\"1024\" height=\"576\" srcset=\"https:\/\/sulsc.com\/wp-content\/uploads\/2023\/11\/Criciuma-conquista-Selo-Ouro-de-transparencia-publica-em-levantamento-nacional-1024x576.jpeg 1024w, https:\/\/sulsc.com\/wp-content\/uploads\/2023\/11\/Criciuma-conquista-Selo-Ouro-de-transparencia-publica-em-levantamento-nacional-300x169.jpeg 300w, https:\/\/sulsc.com\/wp-content\/uploads\/2023\/11\/Criciuma-conquista-Selo-Ouro-de-transparencia-publica-em-levantamento-nacional-768x432.jpeg 768w, https:\/\/sulsc.com\/wp-content\/uploads\/2023\/11\/Criciuma-conquista-Selo-Ouro-de-transparencia-publica-em-levantamento-nacional-1536x864.jpeg 1536w, https:\/\/sulsc.com\/wp-content\/uploads\/2023\/11\/Criciuma-conquista-Selo-Ouro-de-transparencia-publica-em-levantamento-nacional.jpeg 1600w\" sizes=\"(max-width: 1024px) 100vw, 1024px\" \/><\/p>\n<p><strong>Sobre a avalia\u00e7\u00e3o da Atricon<\/strong><\/p>\n<p>A avalia\u00e7\u00e3o \u00e9 fundamentada nas normativas de transpar\u00eancia estabelecidas pelas leis de Responsabilidade Fiscal e de Acesso \u00e0 Informa\u00e7\u00e3o. Durante esse processo, os Tribunais de Contas fiscalizam diversos crit\u00e9rios, incluindo a transpar\u00eancia na divulga\u00e7\u00e3o de dados relacionados \u00e0 execu\u00e7\u00e3o or\u00e7ament\u00e1ria e financeira.<\/p>\n<p>Al\u00e9m disso, s\u00e3o analisados aspectos como a disponibilidade de informa\u00e7\u00f5es em locais de f\u00e1cil acesso nos portais, bem como a oferta de dados abertos que sejam atuais, abrangentes e de f\u00e1cil compreens\u00e3o. Os portais analisados foram classificados conforme percentual de crit\u00e9rios atendidos. Para conquistar um dos selos de transpar\u00eancia, os sites ou portais precisaram cumprir 100% dos crit\u00e9rios considerados essenciais.<\/p>\n<p>&nbsp;<\/p>\n<p><strong>Outros certificados<\/strong><\/p>\n<p>O Portal da Transpar\u00eancia de Crici\u00fama tamb\u00e9m j\u00e1 foi reconhecido em outras avalia\u00e7\u00f5es. Em 2021, a cidade foi considerada a mais transparente de Santa Catarina, recebendo nota 9,95 de dez na Escala Brasil Transparente, avalia\u00e7\u00e3o da Controladoria Geral da Uni\u00e3o (CGU), que analisa a transpar\u00eancia ativa, n\u00e3o obrigat\u00f3ria por lei, e a transpar\u00eancia passiva, obrigat\u00f3ria e prevista na legisla\u00e7\u00e3o. Em 2019, o portal tamb\u00e9m foi premiado como \u201cProjeto Inovador\u201d no 7\u00ba Congresso Paranaense de Cidades Digitais.<\/p>\n<p>&nbsp;<\/p>\n<p><strong>Ranking de munic\u00edpios com mais de 100 mil habitantes em Santa Catarina (RNTP)<\/strong><\/p>\n<p>Crici\u00fama &#8211; 90,63%<br \/>\nBlumenau &#8211; 86,24%<br \/>\nFlorian\u00f3polis &#8211; 85,77%<br \/>\nJaragu\u00e1 do Sul &#8211; 84,37%<br \/>\nFlorian\u00f3polis &#8211; 80,38%<br \/>\nJoinville &#8211; 78,48%<br \/>\nChapec\u00f3 &#8211; 68,15%<br \/>\nItaja\u00ed &#8211; 62,70%<br \/>\nBalne\u00e1rio Cambori\u00fa &#8211; 60,14%<br \/>\nTubar\u00e3o &#8211; 39,19%<\/p>\n<p>&nbsp;<\/p>\n<p>Fonte: Pref. Crici\u00fama<\/p>\n","protected":false},"excerpt":{"rendered":"<p>Crici\u00fama conquistou Selo Ouro de efici\u00eancia em transpar\u00eancia p\u00fablica pelo segundo ano consecutivo. Os dados s\u00e3o do Radar Nacional de Transpar\u00eancia P\u00fablica (RNTP), realizado pela Associa\u00e7\u00e3o dos Membros dos Tribunais de Contas do Brasil (Atricon). Dentre as cidades com mais de 100 mil habitantes, Crici\u00fama foi o munic\u00edpio melhor avaliado em Santa Catarina e o &hellip;<\/p>\n<p class=\"read-more\"> <a class=\"\" href=\"https:\/\/sulsc.com\/index.php\/2023\/11\/17\/criciuma-conquista-selo-ouro-de-transparencia-publica-em-levantamento-nacional\/\"> <span class=\"screen-reader-text\">Crici\u00fama conquista Selo Ouro de transpar\u00eancia p\u00fablica em levantamento nacional<\/span> Read More &raquo;<\/a><\/p>\n","protected":false},"author":3,"featured_media":3891,"comment_status":"open","ping_status":"open","sticky":false,"template":"","format":"standard","meta":{"site-sidebar-layout":"default","site-content-layout":"","ast-site-content-layout":"default","site-content-style":"default","site-sidebar-style":"default","ast-global-header-display":"","ast-banner-title-visibility":"","ast-main-header-display":"","ast-hfb-above-header-display":"","ast-hfb-below-header-display":"","ast-hfb-mobile-header-display":"","site-post-title":"","ast-breadcrumbs-content":"","ast-featured-img":"","footer-sml-layout":"","theme-transparent-header-meta":"default","adv-header-id-meta":"","stick-header-meta":"","header-above-stick-meta":"","header-main-stick-meta":"","header-below-stick-meta":"","astra-migrate-meta-layouts":"set","footnotes":""},"categories":[23],"tags":[],"yoast_head":"<!-- This site is optimized with the Yoast SEO plugin v21.4 - https:\/\/yoast.com\/wordpress\/plugins\/seo\/ -->\n<title>Crici\u00fama conquista Selo Ouro de transpar\u00eancia p\u00fablica em levantamento nacional -<\/title>\n<meta name=\"robots\" content=\"index, follow, max-snippet:-1, max-image-preview:large, max-video-preview:-1\" \/>\n<link rel=\"canonical\" href=\"https:\/\/sulsc.com\/index.php\/2023\/11\/17\/criciuma-conquista-selo-ouro-de-transparencia-publica-em-levantamento-nacional\/\" \/>\n<meta property=\"og:locale\" content=\"en_US\" \/>\n<meta property=\"og:type\" content=\"article\" \/>\n<meta property=\"og:title\" content=\"Crici\u00fama conquista Selo Ouro de transpar\u00eancia p\u00fablica em levantamento nacional -\" \/>\n<meta property=\"og:description\" content=\"Crici\u00fama conquistou Selo Ouro de efici\u00eancia em transpar\u00eancia p\u00fablica pelo segundo ano consecutivo. Os dados s\u00e3o do Radar Nacional de Transpar\u00eancia P\u00fablica (RNTP), realizado pela Associa\u00e7\u00e3o dos Membros dos Tribunais de Contas do Brasil (Atricon). Dentre as cidades com mais de 100 mil habitantes, Crici\u00fama foi o munic\u00edpio melhor avaliado em Santa Catarina e o &hellip; Crici\u00fama conquista Selo Ouro de transpar\u00eancia p\u00fablica em levantamento nacional Read More &raquo;\" \/>\n<meta property=\"og:url\" content=\"https:\/\/sulsc.com\/index.php\/2023\/11\/17\/criciuma-conquista-selo-ouro-de-transparencia-publica-em-levantamento-nacional\/\" \/>\n<meta property=\"article:author\" content=\"https:\/\/www.facebook.com\/profile.php?id=61559278119680\" \/>\n<meta property=\"article:published_time\" content=\"2023-11-17T19:20:54+00:00\" \/>\n<meta property=\"article:modified_time\" content=\"2023-11-17T17:31:21+00:00\" \/>\n<meta property=\"og:image\" content=\"https:\/\/sulsc.com\/wp-content\/uploads\/2023\/11\/Criciuma-conquista-Selo-Ouro-de-transparencia-publica-em-levantamento-nacional.jpeg\" \/>\n\t<meta property=\"og:image:width\" content=\"1600\" \/>\n\t<meta property=\"og:image:height\" content=\"900\" \/>\n\t<meta property=\"og:image:type\" content=\"image\/jpeg\" \/>\n<meta name=\"author\" content=\"Reda\u00e7\u00e3o Sul SC\" \/>\n<meta name=\"twitter:card\" content=\"summary_large_image\" \/>\n<meta name=\"twitter:creator\" content=\"@https:\/\/twitter.com\/PortalSulSC\" \/>\n<meta name=\"twitter:label1\" content=\"Written by\" \/>\n\t<meta name=\"twitter:data1\" content=\"Reda\u00e7\u00e3o Sul SC\" \/>\n\t<meta name=\"twitter:label2\" content=\"Est. reading time\" \/>\n\t<meta name=\"twitter:data2\" content=\"4 minutes\" \/>\n<script type=\"application\/ld+json\" class=\"yoast-schema-graph\">{\"@context\":\"https:\/\/schema.org\",\"@graph\":[{\"@type\":\"WebPage\",\"@id\":\"https:\/\/sulsc.com\/index.php\/2023\/11\/17\/criciuma-conquista-selo-ouro-de-transparencia-publica-em-levantamento-nacional\/\",\"url\":\"https:\/\/sulsc.com\/index.php\/2023\/11\/17\/criciuma-conquista-selo-ouro-de-transparencia-publica-em-levantamento-nacional\/\",\"name\":\"Crici\u00fama conquista Selo Ouro de transpar\u00eancia p\u00fablica em levantamento nacional -\",\"isPartOf\":{\"@id\":\"https:\/\/sulsc.com\/#website\"},\"datePublished\":\"2023-11-17T19:20:54+00:00\",\"dateModified\":\"2023-11-17T17:31:21+00:00\",\"author\":{\"@id\":\"https:\/\/sulsc.com\/#\/schema\/person\/84d2fc571684f6248ba83092f07750a3\"},\"breadcrumb\":{\"@id\":\"https:\/\/sulsc.com\/index.php\/2023\/11\/17\/criciuma-conquista-selo-ouro-de-transparencia-publica-em-levantamento-nacional\/#breadcrumb\"},\"inLanguage\":\"en-US\",\"potentialAction\":[{\"@type\":\"ReadAction\",\"target\":[\"https:\/\/sulsc.com\/index.php\/2023\/11\/17\/criciuma-conquista-selo-ouro-de-transparencia-publica-em-levantamento-nacional\/\"]}]},{\"@type\":\"BreadcrumbList\",\"@id\":\"https:\/\/sulsc.com\/index.php\/2023\/11\/17\/criciuma-conquista-selo-ouro-de-transparencia-publica-em-levantamento-nacional\/#breadcrumb\",\"itemListElement\":[{\"@type\":\"ListItem\",\"position\":1,\"name\":\"In\u00edcio\",\"item\":\"https:\/\/sulsc.com\/\"},{\"@type\":\"ListItem\",\"position\":2,\"name\":\"Crici\u00fama conquista Selo Ouro de transpar\u00eancia p\u00fablica em levantamento nacional\"}]},{\"@type\":\"WebSite\",\"@id\":\"https:\/\/sulsc.com\/#website\",\"url\":\"https:\/\/sulsc.com\/\",\"name\":\"\",\"description\":\"\",\"potentialAction\":[{\"@type\":\"SearchAction\",\"target\":{\"@type\":\"EntryPoint\",\"urlTemplate\":\"https:\/\/sulsc.com\/?s={search_term_string}\"},\"query-input\":\"required name=search_term_string\"}],\"inLanguage\":\"en-US\"},{\"@type\":\"Person\",\"@id\":\"https:\/\/sulsc.com\/#\/schema\/person\/84d2fc571684f6248ba83092f07750a3\",\"name\":\"Reda\u00e7\u00e3o Sul SC\",\"image\":{\"@type\":\"ImageObject\",\"inLanguage\":\"en-US\",\"@id\":\"https:\/\/sulsc.com\/#\/schema\/person\/image\/e08d7fe2cc4ed596372063bbe852b8d0\",\"url\":\"https:\/\/sulsc.com\/wp-content\/uploads\/2023\/09\/redacao.png\",\"contentUrl\":\"https:\/\/sulsc.com\/wp-content\/uploads\/2023\/09\/redacao.png\",\"caption\":\"Reda\u00e7\u00e3o Sul SC\"},\"description\":\"Foco em um jornalismo imparcial, voltado \u00e0 qualidade dos seus conte\u00fados e, assim, levar informa\u00e7\u00e3o de valor que agregue \u00e0 vida dos leitores. Esta \u00e9 grande miss\u00e3o do Portal de Not\u00edcias Sul SC. N\u00e3o \u00e9 quantidade que muda o mundo, sempre foi e seguir\u00e1 sendo qualidade!\",\"sameAs\":[\"https:\/\/sulsc.com\/\",\"https:\/\/www.facebook.com\/profile.php?id=61559278119680\",\"https:\/\/www.instagram.com\/sulscportal\/?hl=pt-br\",\"https:\/\/twitter.com\/https:\/\/twitter.com\/PortalSulSC\",\"https:\/\/www.youtube.com\/channel\/UCv_BE8GeySluDov2n8qhVmw\"],\"url\":\"https:\/\/sulsc.com\/index.php\/author\/redacao\/\"}]}<\/script>\n<!-- \/ Yoast SEO plugin. -->","yoast_head_json":{"title":"Crici\u00fama conquista Selo Ouro de transpar\u00eancia p\u00fablica em levantamento nacional -","robots":{"index":"index","follow":"follow","max-snippet":"max-snippet:-1","max-image-preview":"max-image-preview:large","max-video-preview":"max-video-preview:-1"},"canonical":"https:\/\/sulsc.com\/index.php\/2023\/11\/17\/criciuma-conquista-selo-ouro-de-transparencia-publica-em-levantamento-nacional\/","og_locale":"en_US","og_type":"article","og_title":"Crici\u00fama conquista Selo Ouro de transpar\u00eancia p\u00fablica em levantamento nacional -","og_description":"Crici\u00fama conquistou Selo Ouro de efici\u00eancia em transpar\u00eancia p\u00fablica pelo segundo ano consecutivo. Os dados s\u00e3o do Radar Nacional de Transpar\u00eancia P\u00fablica (RNTP), realizado pela Associa\u00e7\u00e3o dos Membros dos Tribunais de Contas do Brasil (Atricon). Dentre as cidades com mais de 100 mil habitantes, Crici\u00fama foi o munic\u00edpio melhor avaliado em Santa Catarina e o &hellip; Crici\u00fama conquista Selo Ouro de transpar\u00eancia p\u00fablica em levantamento nacional Read More &raquo;","og_url":"https:\/\/sulsc.com\/index.php\/2023\/11\/17\/criciuma-conquista-selo-ouro-de-transparencia-publica-em-levantamento-nacional\/","article_author":"https:\/\/www.facebook.com\/profile.php?id=61559278119680","article_published_time":"2023-11-17T19:20:54+00:00","article_modified_time":"2023-11-17T17:31:21+00:00","og_image":[{"width":1600,"height":900,"url":"https:\/\/sulsc.com\/wp-content\/uploads\/2023\/11\/Criciuma-conquista-Selo-Ouro-de-transparencia-publica-em-levantamento-nacional.jpeg","type":"image\/jpeg"}],"author":"Reda\u00e7\u00e3o Sul SC","twitter_card":"summary_large_image","twitter_creator":"@https:\/\/twitter.com\/PortalSulSC","twitter_misc":{"Written by":"Reda\u00e7\u00e3o Sul SC","Est. reading time":"4 minutes"},"schema":{"@context":"https:\/\/schema.org","@graph":[{"@type":"WebPage","@id":"https:\/\/sulsc.com\/index.php\/2023\/11\/17\/criciuma-conquista-selo-ouro-de-transparencia-publica-em-levantamento-nacional\/","url":"https:\/\/sulsc.com\/index.php\/2023\/11\/17\/criciuma-conquista-selo-ouro-de-transparencia-publica-em-levantamento-nacional\/","name":"Crici\u00fama conquista Selo Ouro de transpar\u00eancia p\u00fablica em levantamento nacional -","isPartOf":{"@id":"https:\/\/sulsc.com\/#website"},"datePublished":"2023-11-17T19:20:54+00:00","dateModified":"2023-11-17T17:31:21+00:00","author":{"@id":"https:\/\/sulsc.com\/#\/schema\/person\/84d2fc571684f6248ba83092f07750a3"},"breadcrumb":{"@id":"https:\/\/sulsc.com\/index.php\/2023\/11\/17\/criciuma-conquista-selo-ouro-de-transparencia-publica-em-levantamento-nacional\/#breadcrumb"},"inLanguage":"en-US","potentialAction":[{"@type":"ReadAction","target":["https:\/\/sulsc.com\/index.php\/2023\/11\/17\/criciuma-conquista-selo-ouro-de-transparencia-publica-em-levantamento-nacional\/"]}]},{"@type":"BreadcrumbList","@id":"https:\/\/sulsc.com\/index.php\/2023\/11\/17\/criciuma-conquista-selo-ouro-de-transparencia-publica-em-levantamento-nacional\/#breadcrumb","itemListElement":[{"@type":"ListItem","position":1,"name":"In\u00edcio","item":"https:\/\/sulsc.com\/"},{"@type":"ListItem","position":2,"name":"Crici\u00fama conquista Selo Ouro de transpar\u00eancia p\u00fablica em levantamento nacional"}]},{"@type":"WebSite","@id":"https:\/\/sulsc.com\/#website","url":"https:\/\/sulsc.com\/","name":"","description":"","potentialAction":[{"@type":"SearchAction","target":{"@type":"EntryPoint","urlTemplate":"https:\/\/sulsc.com\/?s={search_term_string}"},"query-input":"required name=search_term_string"}],"inLanguage":"en-US"},{"@type":"Person","@id":"https:\/\/sulsc.com\/#\/schema\/person\/84d2fc571684f6248ba83092f07750a3","name":"Reda\u00e7\u00e3o Sul SC","image":{"@type":"ImageObject","inLanguage":"en-US","@id":"https:\/\/sulsc.com\/#\/schema\/person\/image\/e08d7fe2cc4ed596372063bbe852b8d0","url":"https:\/\/sulsc.com\/wp-content\/uploads\/2023\/09\/redacao.png","contentUrl":"https:\/\/sulsc.com\/wp-content\/uploads\/2023\/09\/redacao.png","caption":"Reda\u00e7\u00e3o Sul SC"},"description":"Foco em um jornalismo imparcial, voltado \u00e0 qualidade dos seus conte\u00fados e, assim, levar informa\u00e7\u00e3o de valor que agregue \u00e0 vida dos leitores. Esta \u00e9 grande miss\u00e3o do Portal de Not\u00edcias Sul SC. N\u00e3o \u00e9 quantidade que muda o mundo, sempre foi e seguir\u00e1 sendo qualidade!","sameAs":["https:\/\/sulsc.com\/","https:\/\/www.facebook.com\/profile.php?id=61559278119680","https:\/\/www.instagram.com\/sulscportal\/?hl=pt-br","https:\/\/twitter.com\/https:\/\/twitter.com\/PortalSulSC","https:\/\/www.youtube.com\/channel\/UCv_BE8GeySluDov2n8qhVmw"],"url":"https:\/\/sulsc.com\/index.php\/author\/redacao\/"}]}},"authors":[],"_links":{"self":[{"href":"https:\/\/sulsc.com\/index.php\/wp-json\/wp\/v2\/posts\/3890"}],"collection":[{"href":"https:\/\/sulsc.com\/index.php\/wp-json\/wp\/v2\/posts"}],"about":[{"href":"https:\/\/sulsc.com\/index.php\/wp-json\/wp\/v2\/types\/post"}],"author":[{"embeddable":true,"href":"https:\/\/sulsc.com\/index.php\/wp-json\/wp\/v2\/users\/3"}],"replies":[{"embeddable":true,"href":"https:\/\/sulsc.com\/index.php\/wp-json\/wp\/v2\/comments?post=3890"}],"version-history":[{"count":1,"href":"https:\/\/sulsc.com\/index.php\/wp-json\/wp\/v2\/posts\/3890\/revisions"}],"predecessor-version":[{"id":3892,"href":"https:\/\/sulsc.com\/index.php\/wp-json\/wp\/v2\/posts\/3890\/revisions\/3892"}],"wp:featuredmedia":[{"embeddable":true,"href":"https:\/\/sulsc.com\/index.php\/wp-json\/wp\/v2\/media\/3891"}],"wp:attachment":[{"href":"https:\/\/sulsc.com\/index.php\/wp-json\/wp\/v2\/media?parent=3890"}],"wp:term":[{"taxonomy":"category","embeddable":true,"href":"https:\/\/sulsc.com\/index.php\/wp-json\/wp\/v2\/categories?post=3890"},{"taxonomy":"post_tag","embeddable":true,"href":"https:\/\/sulsc.com\/index.php\/wp-json\/wp\/v2\/tags?post=3890"}],"curies":[{"name":"wp","href":"https:\/\/api.w.org\/{rel}","templated":true}]}}