{"id":3897,"date":"2023-11-17T15:40:33","date_gmt":"2023-11-17T18:40:33","guid":{"rendered":"https:\/\/sulsc.com\/?p=3897"},"modified":"2023-11-17T14:31:08","modified_gmt":"2023-11-17T17:31:08","slug":"condutora-quebra-parede-ao-colidir-carro-contra-imovel-em-urussanga","status":"publish","type":"post","link":"https:\/\/sulsc.com\/index.php\/2023\/11\/17\/condutora-quebra-parede-ao-colidir-carro-contra-imovel-em-urussanga\/","title":{"rendered":"Condutora quebra parede ao colidir carro contra im\u00f3vel, em Urussanga"},"content":{"rendered":"<p>Um acidente de tr\u00e2nsito foi registrado na noite esta quinta-feira (16), em Urussanga. O acidente resultou em uma parede de um im\u00f3vel quebrada e uma condutora ferida. O fato ocorreu por volta das 22h45.<\/p>\n<p>Uma mulher, de 44 anos, era a condutora do Fiat Palio. A colis\u00e3o ocorreu contra um edif\u00edcio na rua Vidal Ramos, no Centro.\u00a0Conforme o Corpo de Bombeiros, ap\u00f3s o dimensionamento da cena, a motorista, que se encontrava ainda dentro do ve\u00edculo, estava consciente, orientada e com sinais vitais normais.<\/p>\n<p>Ela apresentava corte no joelho direito, escoria\u00e7\u00f5es na cabe\u00e7a e corte na regi\u00e3o da boca. A v\u00edtima foi conduzida ao Hospital Nossa Senhora da Concei\u00e7\u00e3o, em Urussanga.<\/p>\n<p><img fetchpriority=\"high\" decoding=\"async\" class=\"alignnone size-full wp-image-3898\" src=\"http:\/\/sulsc.com\/wp-content\/uploads\/2023\/11\/Condutora-quebra-parede-ao-colidir-carro-contra-imovel-em-Urussanga.jpg\" alt=\"\" width=\"800\" height=\"600\" srcset=\"https:\/\/sulsc.com\/wp-content\/uploads\/2023\/11\/Condutora-quebra-parede-ao-colidir-carro-contra-imovel-em-Urussanga.jpg 800w, https:\/\/sulsc.com\/wp-content\/uploads\/2023\/11\/Condutora-quebra-parede-ao-colidir-carro-contra-imovel-em-Urussanga-300x225.jpg 300w, https:\/\/sulsc.com\/wp-content\/uploads\/2023\/11\/Condutora-quebra-parede-ao-colidir-carro-contra-imovel-em-Urussanga-768x576.jpg 768w\" sizes=\"(max-width: 800px) 100vw, 800px\" \/><\/p>\n<p>Fonte: Engeplus<\/p>\n","protected":false},"excerpt":{"rendered":"<p>Um acidente de tr\u00e2nsito foi registrado na noite esta quinta-feira (16), em Urussanga. O acidente resultou em uma parede de um im\u00f3vel quebrada e uma condutora ferida. O fato ocorreu por volta das 22h45. Uma mulher, de 44 anos, era a condutora do Fiat Palio. A colis\u00e3o ocorreu contra um edif\u00edcio na rua Vidal Ramos, &hellip;<\/p>\n<p class=\"read-more\"> <a class=\"\" href=\"https:\/\/sulsc.com\/index.php\/2023\/11\/17\/condutora-quebra-parede-ao-colidir-carro-contra-imovel-em-urussanga\/\"> <span class=\"screen-reader-text\">Condutora quebra parede ao colidir carro contra im\u00f3vel, em Urussanga<\/span> Read More &raquo;<\/a><\/p>\n","protected":false},"author":3,"featured_media":3898,"comment_status":"open","ping_status":"open","sticky":false,"template":"","format":"standard","meta":{"site-sidebar-layout":"default","site-content-layout":"","ast-site-content-layout":"default","site-content-style":"default","site-sidebar-style":"default","ast-global-header-display":"","ast-banner-title-visibility":"","ast-main-header-display":"","ast-hfb-above-header-display":"","ast-hfb-below-header-display":"","ast-hfb-mobile-header-display":"","site-post-title":"","ast-breadcrumbs-content":"","ast-featured-img":"","footer-sml-layout":"","theme-transparent-header-meta":"default","adv-header-id-meta":"","stick-header-meta":"","header-above-stick-meta":"","header-main-stick-meta":"","header-below-stick-meta":"","astra-migrate-meta-layouts":"set","footnotes":""},"categories":[8],"tags":[],"yoast_head":"<!-- This site is optimized with the Yoast SEO plugin v21.4 - https:\/\/yoast.com\/wordpress\/plugins\/seo\/ -->\n<title>Condutora quebra parede ao colidir carro contra im\u00f3vel, em Urussanga -<\/title>\n<meta name=\"robots\" content=\"index, follow, max-snippet:-1, max-image-preview:large, max-video-preview:-1\" \/>\n<link rel=\"canonical\" href=\"https:\/\/sulsc.com\/index.php\/2023\/11\/17\/condutora-quebra-parede-ao-colidir-carro-contra-imovel-em-urussanga\/\" \/>\n<meta property=\"og:locale\" content=\"en_US\" \/>\n<meta property=\"og:type\" content=\"article\" \/>\n<meta property=\"og:title\" content=\"Condutora quebra parede ao colidir carro contra im\u00f3vel, em Urussanga -\" \/>\n<meta property=\"og:description\" content=\"Um acidente de tr\u00e2nsito foi registrado na noite esta quinta-feira (16), em Urussanga. O acidente resultou em uma parede de um im\u00f3vel quebrada e uma condutora ferida. O fato ocorreu por volta das 22h45. Uma mulher, de 44 anos, era a condutora do Fiat Palio. A colis\u00e3o ocorreu contra um edif\u00edcio na rua Vidal Ramos, &hellip; Condutora quebra parede ao colidir carro contra im\u00f3vel, em Urussanga Read More &raquo;\" \/>\n<meta property=\"og:url\" content=\"https:\/\/sulsc.com\/index.php\/2023\/11\/17\/condutora-quebra-parede-ao-colidir-carro-contra-imovel-em-urussanga\/\" \/>\n<meta property=\"article:author\" content=\"https:\/\/www.facebook.com\/profile.php?id=61559278119680\" \/>\n<meta property=\"article:published_time\" content=\"2023-11-17T18:40:33+00:00\" \/>\n<meta property=\"article:modified_time\" content=\"2023-11-17T17:31:08+00:00\" \/>\n<meta property=\"og:image\" content=\"https:\/\/sulsc.com\/wp-content\/uploads\/2023\/11\/Condutora-quebra-parede-ao-colidir-carro-contra-imovel-em-Urussanga.jpg\" \/>\n\t<meta property=\"og:image:width\" content=\"800\" \/>\n\t<meta property=\"og:image:height\" content=\"600\" \/>\n\t<meta property=\"og:image:type\" content=\"image\/jpeg\" \/>\n<meta name=\"author\" content=\"Reda\u00e7\u00e3o Sul SC\" \/>\n<meta name=\"twitter:card\" content=\"summary_large_image\" \/>\n<meta name=\"twitter:creator\" content=\"@https:\/\/twitter.com\/PortalSulSC\" \/>\n<meta name=\"twitter:label1\" content=\"Written by\" \/>\n\t<meta name=\"twitter:data1\" content=\"Reda\u00e7\u00e3o Sul SC\" \/>\n\t<meta name=\"twitter:label2\" content=\"Est. reading time\" \/>\n\t<meta name=\"twitter:data2\" content=\"1 minute\" \/>\n<script type=\"application\/ld+json\" class=\"yoast-schema-graph\">{\"@context\":\"https:\/\/schema.org\",\"@graph\":[{\"@type\":\"WebPage\",\"@id\":\"https:\/\/sulsc.com\/index.php\/2023\/11\/17\/condutora-quebra-parede-ao-colidir-carro-contra-imovel-em-urussanga\/\",\"url\":\"https:\/\/sulsc.com\/index.php\/2023\/11\/17\/condutora-quebra-parede-ao-colidir-carro-contra-imovel-em-urussanga\/\",\"name\":\"Condutora quebra parede ao colidir carro contra im\u00f3vel, em Urussanga -\",\"isPartOf\":{\"@id\":\"https:\/\/sulsc.com\/#website\"},\"datePublished\":\"2023-11-17T18:40:33+00:00\",\"dateModified\":\"2023-11-17T17:31:08+00:00\",\"author\":{\"@id\":\"https:\/\/sulsc.com\/#\/schema\/person\/84d2fc571684f6248ba83092f07750a3\"},\"breadcrumb\":{\"@id\":\"https:\/\/sulsc.com\/index.php\/2023\/11\/17\/condutora-quebra-parede-ao-colidir-carro-contra-imovel-em-urussanga\/#breadcrumb\"},\"inLanguage\":\"en-US\",\"potentialAction\":[{\"@type\":\"ReadAction\",\"target\":[\"https:\/\/sulsc.com\/index.php\/2023\/11\/17\/condutora-quebra-parede-ao-colidir-carro-contra-imovel-em-urussanga\/\"]}]},{\"@type\":\"BreadcrumbList\",\"@id\":\"https:\/\/sulsc.com\/index.php\/2023\/11\/17\/condutora-quebra-parede-ao-colidir-carro-contra-imovel-em-urussanga\/#breadcrumb\",\"itemListElement\":[{\"@type\":\"ListItem\",\"position\":1,\"name\":\"In\u00edcio\",\"item\":\"https:\/\/sulsc.com\/\"},{\"@type\":\"ListItem\",\"position\":2,\"name\":\"Condutora quebra parede ao colidir carro contra im\u00f3vel, em Urussanga\"}]},{\"@type\":\"WebSite\",\"@id\":\"https:\/\/sulsc.com\/#website\",\"url\":\"https:\/\/sulsc.com\/\",\"name\":\"\",\"description\":\"\",\"potentialAction\":[{\"@type\":\"SearchAction\",\"target\":{\"@type\":\"EntryPoint\",\"urlTemplate\":\"https:\/\/sulsc.com\/?s={search_term_string}\"},\"query-input\":\"required name=search_term_string\"}],\"inLanguage\":\"en-US\"},{\"@type\":\"Person\",\"@id\":\"https:\/\/sulsc.com\/#\/schema\/person\/84d2fc571684f6248ba83092f07750a3\",\"name\":\"Reda\u00e7\u00e3o Sul SC\",\"image\":{\"@type\":\"ImageObject\",\"inLanguage\":\"en-US\",\"@id\":\"https:\/\/sulsc.com\/#\/schema\/person\/image\/e08d7fe2cc4ed596372063bbe852b8d0\",\"url\":\"https:\/\/sulsc.com\/wp-content\/uploads\/2023\/09\/redacao.png\",\"contentUrl\":\"https:\/\/sulsc.com\/wp-content\/uploads\/2023\/09\/redacao.png\",\"caption\":\"Reda\u00e7\u00e3o Sul SC\"},\"description\":\"Foco em um jornalismo imparcial, voltado \u00e0 qualidade dos seus conte\u00fados e, assim, levar informa\u00e7\u00e3o de valor que agregue \u00e0 vida dos leitores. Esta \u00e9 grande miss\u00e3o do Portal de Not\u00edcias Sul SC. N\u00e3o \u00e9 quantidade que muda o mundo, sempre foi e seguir\u00e1 sendo qualidade!\",\"sameAs\":[\"https:\/\/sulsc.com\/\",\"https:\/\/www.facebook.com\/profile.php?id=61559278119680\",\"https:\/\/www.instagram.com\/sulscportal\/?hl=pt-br\",\"https:\/\/twitter.com\/https:\/\/twitter.com\/PortalSulSC\",\"https:\/\/www.youtube.com\/channel\/UCv_BE8GeySluDov2n8qhVmw\"],\"url\":\"https:\/\/sulsc.com\/index.php\/author\/redacao\/\"}]}<\/script>\n<!-- \/ Yoast SEO plugin. -->","yoast_head_json":{"title":"Condutora quebra parede ao colidir carro contra im\u00f3vel, em Urussanga -","robots":{"index":"index","follow":"follow","max-snippet":"max-snippet:-1","max-image-preview":"max-image-preview:large","max-video-preview":"max-video-preview:-1"},"canonical":"https:\/\/sulsc.com\/index.php\/2023\/11\/17\/condutora-quebra-parede-ao-colidir-carro-contra-imovel-em-urussanga\/","og_locale":"en_US","og_type":"article","og_title":"Condutora quebra parede ao colidir carro contra im\u00f3vel, em Urussanga -","og_description":"Um acidente de tr\u00e2nsito foi registrado na noite esta quinta-feira (16), em Urussanga. O acidente resultou em uma parede de um im\u00f3vel quebrada e uma condutora ferida. O fato ocorreu por volta das 22h45. Uma mulher, de 44 anos, era a condutora do Fiat Palio. A colis\u00e3o ocorreu contra um edif\u00edcio na rua Vidal Ramos, &hellip; Condutora quebra parede ao colidir carro contra im\u00f3vel, em Urussanga Read More &raquo;","og_url":"https:\/\/sulsc.com\/index.php\/2023\/11\/17\/condutora-quebra-parede-ao-colidir-carro-contra-imovel-em-urussanga\/","article_author":"https:\/\/www.facebook.com\/profile.php?id=61559278119680","article_published_time":"2023-11-17T18:40:33+00:00","article_modified_time":"2023-11-17T17:31:08+00:00","og_image":[{"width":800,"height":600,"url":"https:\/\/sulsc.com\/wp-content\/uploads\/2023\/11\/Condutora-quebra-parede-ao-colidir-carro-contra-imovel-em-Urussanga.jpg","type":"image\/jpeg"}],"author":"Reda\u00e7\u00e3o Sul SC","twitter_card":"summary_large_image","twitter_creator":"@https:\/\/twitter.com\/PortalSulSC","twitter_misc":{"Written by":"Reda\u00e7\u00e3o Sul SC","Est. reading time":"1 minute"},"schema":{"@context":"https:\/\/schema.org","@graph":[{"@type":"WebPage","@id":"https:\/\/sulsc.com\/index.php\/2023\/11\/17\/condutora-quebra-parede-ao-colidir-carro-contra-imovel-em-urussanga\/","url":"https:\/\/sulsc.com\/index.php\/2023\/11\/17\/condutora-quebra-parede-ao-colidir-carro-contra-imovel-em-urussanga\/","name":"Condutora quebra parede ao colidir carro contra im\u00f3vel, em Urussanga -","isPartOf":{"@id":"https:\/\/sulsc.com\/#website"},"datePublished":"2023-11-17T18:40:33+00:00","dateModified":"2023-11-17T17:31:08+00:00","author":{"@id":"https:\/\/sulsc.com\/#\/schema\/person\/84d2fc571684f6248ba83092f07750a3"},"breadcrumb":{"@id":"https:\/\/sulsc.com\/index.php\/2023\/11\/17\/condutora-quebra-parede-ao-colidir-carro-contra-imovel-em-urussanga\/#breadcrumb"},"inLanguage":"en-US","potentialAction":[{"@type":"ReadAction","target":["https:\/\/sulsc.com\/index.php\/2023\/11\/17\/condutora-quebra-parede-ao-colidir-carro-contra-imovel-em-urussanga\/"]}]},{"@type":"BreadcrumbList","@id":"https:\/\/sulsc.com\/index.php\/2023\/11\/17\/condutora-quebra-parede-ao-colidir-carro-contra-imovel-em-urussanga\/#breadcrumb","itemListElement":[{"@type":"ListItem","position":1,"name":"In\u00edcio","item":"https:\/\/sulsc.com\/"},{"@type":"ListItem","position":2,"name":"Condutora quebra parede ao colidir carro contra im\u00f3vel, em Urussanga"}]},{"@type":"WebSite","@id":"https:\/\/sulsc.com\/#website","url":"https:\/\/sulsc.com\/","name":"","description":"","potentialAction":[{"@type":"SearchAction","target":{"@type":"EntryPoint","urlTemplate":"https:\/\/sulsc.com\/?s={search_term_string}"},"query-input":"required name=search_term_string"}],"inLanguage":"en-US"},{"@type":"Person","@id":"https:\/\/sulsc.com\/#\/schema\/person\/84d2fc571684f6248ba83092f07750a3","name":"Reda\u00e7\u00e3o Sul SC","image":{"@type":"ImageObject","inLanguage":"en-US","@id":"https:\/\/sulsc.com\/#\/schema\/person\/image\/e08d7fe2cc4ed596372063bbe852b8d0","url":"https:\/\/sulsc.com\/wp-content\/uploads\/2023\/09\/redacao.png","contentUrl":"https:\/\/sulsc.com\/wp-content\/uploads\/2023\/09\/redacao.png","caption":"Reda\u00e7\u00e3o Sul SC"},"description":"Foco em um jornalismo imparcial, voltado \u00e0 qualidade dos seus conte\u00fados e, assim, levar informa\u00e7\u00e3o de valor que agregue \u00e0 vida dos leitores. Esta \u00e9 grande miss\u00e3o do Portal de Not\u00edcias Sul SC. N\u00e3o \u00e9 quantidade que muda o mundo, sempre foi e seguir\u00e1 sendo qualidade!","sameAs":["https:\/\/sulsc.com\/","https:\/\/www.facebook.com\/profile.php?id=61559278119680","https:\/\/www.instagram.com\/sulscportal\/?hl=pt-br","https:\/\/twitter.com\/https:\/\/twitter.com\/PortalSulSC","https:\/\/www.youtube.com\/channel\/UCv_BE8GeySluDov2n8qhVmw"],"url":"https:\/\/sulsc.com\/index.php\/author\/redacao\/"}]}},"authors":[],"_links":{"self":[{"href":"https:\/\/sulsc.com\/index.php\/wp-json\/wp\/v2\/posts\/3897"}],"collection":[{"href":"https:\/\/sulsc.com\/index.php\/wp-json\/wp\/v2\/posts"}],"about":[{"href":"https:\/\/sulsc.com\/index.php\/wp-json\/wp\/v2\/types\/post"}],"author":[{"embeddable":true,"href":"https:\/\/sulsc.com\/index.php\/wp-json\/wp\/v2\/users\/3"}],"replies":[{"embeddable":true,"href":"https:\/\/sulsc.com\/index.php\/wp-json\/wp\/v2\/comments?post=3897"}],"version-history":[{"count":1,"href":"https:\/\/sulsc.com\/index.php\/wp-json\/wp\/v2\/posts\/3897\/revisions"}],"predecessor-version":[{"id":3899,"href":"https:\/\/sulsc.com\/index.php\/wp-json\/wp\/v2\/posts\/3897\/revisions\/3899"}],"wp:featuredmedia":[{"embeddable":true,"href":"https:\/\/sulsc.com\/index.php\/wp-json\/wp\/v2\/media\/3898"}],"wp:attachment":[{"href":"https:\/\/sulsc.com\/index.php\/wp-json\/wp\/v2\/media?parent=3897"}],"wp:term":[{"taxonomy":"category","embeddable":true,"href":"https:\/\/sulsc.com\/index.php\/wp-json\/wp\/v2\/categories?post=3897"},{"taxonomy":"post_tag","embeddable":true,"href":"https:\/\/sulsc.com\/index.php\/wp-json\/wp\/v2\/tags?post=3897"}],"curies":[{"name":"wp","href":"https:\/\/api.w.org\/{rel}","templated":true}]}}