{"id":3900,"date":"2023-11-17T11:57:03","date_gmt":"2023-11-17T14:57:03","guid":{"rendered":"https:\/\/sulsc.com\/?p=3900"},"modified":"2023-11-17T11:57:03","modified_gmt":"2023-11-17T14:57:03","slug":"chuva-forte-e-registrada-esta-manha-em-concordia","status":"publish","type":"post","link":"https:\/\/sulsc.com\/index.php\/2023\/11\/17\/chuva-forte-e-registrada-esta-manha-em-concordia\/","title":{"rendered":"Chuva forte \u00e9 registrada esta manh\u00e3 em Conc\u00f3rdia"},"content":{"rendered":"<p>As precipita\u00e7\u00f5es de chuvas intensas nas \u00faltimas horas desta sexta-feira (17), atingem todo o estado de Santa Catarina. Em Conc\u00f3rdia, o deputado Federal Ismael dos Santos postou em sua p\u00e1gina do instagram imagens desta manh\u00e3. Al\u00e9m disso, comentou que o tempo potencializou a ocorr\u00eancia de deslizamentos, sobretudo com as constru\u00e7\u00f5es junto as encostas de morros.<\/p>\n<p>Confira ao v\u00eddeo abaixo:<\/p>\n<div class=\"ast-oembed-container\" style=\"height: 100%;\"><iframe title=\"Chuva forte \u00e9 registrada esta manh\u00e3 em Conc\u00f3rdia\" width=\"500\" height=\"375\" src=\"https:\/\/www.youtube.com\/embed\/xZRDZC6IoUw?feature=oembed\" frameborder=\"0\" allow=\"accelerometer; autoplay; clipboard-write; encrypted-media; gyroscope; picture-in-picture; web-share\" allowfullscreen><\/iframe><\/div>\n<p>&nbsp;<\/p>\n","protected":false},"excerpt":{"rendered":"<p>As precipita\u00e7\u00f5es de chuvas intensas nas \u00faltimas horas desta sexta-feira (17), atingem todo o estado de Santa Catarina. Em Conc\u00f3rdia, o deputado Federal Ismael dos Santos postou em sua p\u00e1gina do instagram imagens desta manh\u00e3. Al\u00e9m disso, comentou que o tempo potencializou a ocorr\u00eancia de deslizamentos, sobretudo com as constru\u00e7\u00f5es junto as encostas de morros. &hellip;<\/p>\n<p class=\"read-more\"> <a class=\"\" href=\"https:\/\/sulsc.com\/index.php\/2023\/11\/17\/chuva-forte-e-registrada-esta-manha-em-concordia\/\"> <span class=\"screen-reader-text\">Chuva forte \u00e9 registrada esta manh\u00e3 em Conc\u00f3rdia<\/span> Read More &raquo;<\/a><\/p>\n","protected":false},"author":3,"featured_media":3901,"comment_status":"open","ping_status":"open","sticky":false,"template":"","format":"standard","meta":{"site-sidebar-layout":"default","site-content-layout":"","ast-site-content-layout":"default","site-content-style":"default","site-sidebar-style":"default","ast-global-header-display":"","ast-banner-title-visibility":"","ast-main-header-display":"","ast-hfb-above-header-display":"","ast-hfb-below-header-display":"","ast-hfb-mobile-header-display":"","site-post-title":"","ast-breadcrumbs-content":"","ast-featured-img":"","footer-sml-layout":"","theme-transparent-header-meta":"default","adv-header-id-meta":"","stick-header-meta":"","header-above-stick-meta":"","header-main-stick-meta":"","header-below-stick-meta":"","astra-migrate-meta-layouts":"set","footnotes":""},"categories":[38],"tags":[],"yoast_head":"<!-- This site is optimized with the Yoast SEO plugin v21.4 - https:\/\/yoast.com\/wordpress\/plugins\/seo\/ -->\n<title>Chuva forte \u00e9 registrada esta manh\u00e3 em Conc\u00f3rdia -<\/title>\n<meta name=\"robots\" content=\"index, follow, max-snippet:-1, max-image-preview:large, max-video-preview:-1\" \/>\n<link rel=\"canonical\" href=\"https:\/\/sulsc.com\/index.php\/2023\/11\/17\/chuva-forte-e-registrada-esta-manha-em-concordia\/\" \/>\n<meta property=\"og:locale\" content=\"en_US\" \/>\n<meta property=\"og:type\" content=\"article\" \/>\n<meta property=\"og:title\" content=\"Chuva forte \u00e9 registrada esta manh\u00e3 em Conc\u00f3rdia -\" \/>\n<meta property=\"og:description\" content=\"As precipita\u00e7\u00f5es de chuvas intensas nas \u00faltimas horas desta sexta-feira (17), atingem todo o estado de Santa Catarina. Em Conc\u00f3rdia, o deputado Federal Ismael dos Santos postou em sua p\u00e1gina do instagram imagens desta manh\u00e3. Al\u00e9m disso, comentou que o tempo potencializou a ocorr\u00eancia de deslizamentos, sobretudo com as constru\u00e7\u00f5es junto as encostas de morros. &hellip; Chuva forte \u00e9 registrada esta manh\u00e3 em Conc\u00f3rdia Read More &raquo;\" \/>\n<meta property=\"og:url\" content=\"https:\/\/sulsc.com\/index.php\/2023\/11\/17\/chuva-forte-e-registrada-esta-manha-em-concordia\/\" \/>\n<meta property=\"article:author\" content=\"https:\/\/www.facebook.com\/profile.php?id=61559278119680\" \/>\n<meta property=\"article:published_time\" content=\"2023-11-17T14:57:03+00:00\" \/>\n<meta property=\"og:image\" content=\"http:\/\/sulsc.com\/wp-content\/uploads\/2023\/11\/WhatsApp-Image-2023-11-17-at-11.56.38.jpeg\" \/>\n\t<meta property=\"og:image:width\" content=\"412\" \/>\n\t<meta property=\"og:image:height\" content=\"413\" \/>\n\t<meta property=\"og:image:type\" content=\"image\/jpeg\" \/>\n<meta name=\"author\" content=\"Reda\u00e7\u00e3o Sul SC\" \/>\n<meta name=\"twitter:card\" content=\"summary_large_image\" \/>\n<meta name=\"twitter:creator\" content=\"@https:\/\/twitter.com\/PortalSulSC\" \/>\n<meta name=\"twitter:label1\" content=\"Written by\" \/>\n\t<meta name=\"twitter:data1\" content=\"Reda\u00e7\u00e3o Sul SC\" \/>\n\t<meta name=\"twitter:label2\" content=\"Est. reading time\" \/>\n\t<meta name=\"twitter:data2\" content=\"1 minute\" \/>\n<script type=\"application\/ld+json\" class=\"yoast-schema-graph\">{\"@context\":\"https:\/\/schema.org\",\"@graph\":[{\"@type\":\"WebPage\",\"@id\":\"https:\/\/sulsc.com\/index.php\/2023\/11\/17\/chuva-forte-e-registrada-esta-manha-em-concordia\/\",\"url\":\"https:\/\/sulsc.com\/index.php\/2023\/11\/17\/chuva-forte-e-registrada-esta-manha-em-concordia\/\",\"name\":\"Chuva forte \u00e9 registrada esta manh\u00e3 em Conc\u00f3rdia -\",\"isPartOf\":{\"@id\":\"https:\/\/sulsc.com\/#website\"},\"datePublished\":\"2023-11-17T14:57:03+00:00\",\"dateModified\":\"2023-11-17T14:57:03+00:00\",\"author\":{\"@id\":\"https:\/\/sulsc.com\/#\/schema\/person\/84d2fc571684f6248ba83092f07750a3\"},\"breadcrumb\":{\"@id\":\"https:\/\/sulsc.com\/index.php\/2023\/11\/17\/chuva-forte-e-registrada-esta-manha-em-concordia\/#breadcrumb\"},\"inLanguage\":\"en-US\",\"potentialAction\":[{\"@type\":\"ReadAction\",\"target\":[\"https:\/\/sulsc.com\/index.php\/2023\/11\/17\/chuva-forte-e-registrada-esta-manha-em-concordia\/\"]}]},{\"@type\":\"BreadcrumbList\",\"@id\":\"https:\/\/sulsc.com\/index.php\/2023\/11\/17\/chuva-forte-e-registrada-esta-manha-em-concordia\/#breadcrumb\",\"itemListElement\":[{\"@type\":\"ListItem\",\"position\":1,\"name\":\"In\u00edcio\",\"item\":\"https:\/\/sulsc.com\/\"},{\"@type\":\"ListItem\",\"position\":2,\"name\":\"Chuva forte \u00e9 registrada esta manh\u00e3 em Conc\u00f3rdia\"}]},{\"@type\":\"WebSite\",\"@id\":\"https:\/\/sulsc.com\/#website\",\"url\":\"https:\/\/sulsc.com\/\",\"name\":\"\",\"description\":\"\",\"potentialAction\":[{\"@type\":\"SearchAction\",\"target\":{\"@type\":\"EntryPoint\",\"urlTemplate\":\"https:\/\/sulsc.com\/?s={search_term_string}\"},\"query-input\":\"required name=search_term_string\"}],\"inLanguage\":\"en-US\"},{\"@type\":\"Person\",\"@id\":\"https:\/\/sulsc.com\/#\/schema\/person\/84d2fc571684f6248ba83092f07750a3\",\"name\":\"Reda\u00e7\u00e3o Sul SC\",\"image\":{\"@type\":\"ImageObject\",\"inLanguage\":\"en-US\",\"@id\":\"https:\/\/sulsc.com\/#\/schema\/person\/image\/e08d7fe2cc4ed596372063bbe852b8d0\",\"url\":\"https:\/\/sulsc.com\/wp-content\/uploads\/2023\/09\/redacao.png\",\"contentUrl\":\"https:\/\/sulsc.com\/wp-content\/uploads\/2023\/09\/redacao.png\",\"caption\":\"Reda\u00e7\u00e3o Sul SC\"},\"description\":\"Foco em um jornalismo imparcial, voltado \u00e0 qualidade dos seus conte\u00fados e, assim, levar informa\u00e7\u00e3o de valor que agregue \u00e0 vida dos leitores. Esta \u00e9 grande miss\u00e3o do Portal de Not\u00edcias Sul SC. N\u00e3o \u00e9 quantidade que muda o mundo, sempre foi e seguir\u00e1 sendo qualidade!\",\"sameAs\":[\"https:\/\/sulsc.com\/\",\"https:\/\/www.facebook.com\/profile.php?id=61559278119680\",\"https:\/\/www.instagram.com\/sulscportal\/?hl=pt-br\",\"https:\/\/twitter.com\/https:\/\/twitter.com\/PortalSulSC\",\"https:\/\/www.youtube.com\/channel\/UCv_BE8GeySluDov2n8qhVmw\"],\"url\":\"https:\/\/sulsc.com\/index.php\/author\/redacao\/\"}]}<\/script>\n<!-- \/ Yoast SEO plugin. -->","yoast_head_json":{"title":"Chuva forte \u00e9 registrada esta manh\u00e3 em Conc\u00f3rdia -","robots":{"index":"index","follow":"follow","max-snippet":"max-snippet:-1","max-image-preview":"max-image-preview:large","max-video-preview":"max-video-preview:-1"},"canonical":"https:\/\/sulsc.com\/index.php\/2023\/11\/17\/chuva-forte-e-registrada-esta-manha-em-concordia\/","og_locale":"en_US","og_type":"article","og_title":"Chuva forte \u00e9 registrada esta manh\u00e3 em Conc\u00f3rdia -","og_description":"As precipita\u00e7\u00f5es de chuvas intensas nas \u00faltimas horas desta sexta-feira (17), atingem todo o estado de Santa Catarina. Em Conc\u00f3rdia, o deputado Federal Ismael dos Santos postou em sua p\u00e1gina do instagram imagens desta manh\u00e3. Al\u00e9m disso, comentou que o tempo potencializou a ocorr\u00eancia de deslizamentos, sobretudo com as constru\u00e7\u00f5es junto as encostas de morros. &hellip; Chuva forte \u00e9 registrada esta manh\u00e3 em Conc\u00f3rdia Read More &raquo;","og_url":"https:\/\/sulsc.com\/index.php\/2023\/11\/17\/chuva-forte-e-registrada-esta-manha-em-concordia\/","article_author":"https:\/\/www.facebook.com\/profile.php?id=61559278119680","article_published_time":"2023-11-17T14:57:03+00:00","og_image":[{"width":412,"height":413,"url":"http:\/\/sulsc.com\/wp-content\/uploads\/2023\/11\/WhatsApp-Image-2023-11-17-at-11.56.38.jpeg","type":"image\/jpeg"}],"author":"Reda\u00e7\u00e3o Sul SC","twitter_card":"summary_large_image","twitter_creator":"@https:\/\/twitter.com\/PortalSulSC","twitter_misc":{"Written by":"Reda\u00e7\u00e3o Sul SC","Est. reading time":"1 minute"},"schema":{"@context":"https:\/\/schema.org","@graph":[{"@type":"WebPage","@id":"https:\/\/sulsc.com\/index.php\/2023\/11\/17\/chuva-forte-e-registrada-esta-manha-em-concordia\/","url":"https:\/\/sulsc.com\/index.php\/2023\/11\/17\/chuva-forte-e-registrada-esta-manha-em-concordia\/","name":"Chuva forte \u00e9 registrada esta manh\u00e3 em Conc\u00f3rdia -","isPartOf":{"@id":"https:\/\/sulsc.com\/#website"},"datePublished":"2023-11-17T14:57:03+00:00","dateModified":"2023-11-17T14:57:03+00:00","author":{"@id":"https:\/\/sulsc.com\/#\/schema\/person\/84d2fc571684f6248ba83092f07750a3"},"breadcrumb":{"@id":"https:\/\/sulsc.com\/index.php\/2023\/11\/17\/chuva-forte-e-registrada-esta-manha-em-concordia\/#breadcrumb"},"inLanguage":"en-US","potentialAction":[{"@type":"ReadAction","target":["https:\/\/sulsc.com\/index.php\/2023\/11\/17\/chuva-forte-e-registrada-esta-manha-em-concordia\/"]}]},{"@type":"BreadcrumbList","@id":"https:\/\/sulsc.com\/index.php\/2023\/11\/17\/chuva-forte-e-registrada-esta-manha-em-concordia\/#breadcrumb","itemListElement":[{"@type":"ListItem","position":1,"name":"In\u00edcio","item":"https:\/\/sulsc.com\/"},{"@type":"ListItem","position":2,"name":"Chuva forte \u00e9 registrada esta manh\u00e3 em Conc\u00f3rdia"}]},{"@type":"WebSite","@id":"https:\/\/sulsc.com\/#website","url":"https:\/\/sulsc.com\/","name":"","description":"","potentialAction":[{"@type":"SearchAction","target":{"@type":"EntryPoint","urlTemplate":"https:\/\/sulsc.com\/?s={search_term_string}"},"query-input":"required name=search_term_string"}],"inLanguage":"en-US"},{"@type":"Person","@id":"https:\/\/sulsc.com\/#\/schema\/person\/84d2fc571684f6248ba83092f07750a3","name":"Reda\u00e7\u00e3o Sul SC","image":{"@type":"ImageObject","inLanguage":"en-US","@id":"https:\/\/sulsc.com\/#\/schema\/person\/image\/e08d7fe2cc4ed596372063bbe852b8d0","url":"https:\/\/sulsc.com\/wp-content\/uploads\/2023\/09\/redacao.png","contentUrl":"https:\/\/sulsc.com\/wp-content\/uploads\/2023\/09\/redacao.png","caption":"Reda\u00e7\u00e3o Sul SC"},"description":"Foco em um jornalismo imparcial, voltado \u00e0 qualidade dos seus conte\u00fados e, assim, levar informa\u00e7\u00e3o de valor que agregue \u00e0 vida dos leitores. Esta \u00e9 grande miss\u00e3o do Portal de Not\u00edcias Sul SC. N\u00e3o \u00e9 quantidade que muda o mundo, sempre foi e seguir\u00e1 sendo qualidade!","sameAs":["https:\/\/sulsc.com\/","https:\/\/www.facebook.com\/profile.php?id=61559278119680","https:\/\/www.instagram.com\/sulscportal\/?hl=pt-br","https:\/\/twitter.com\/https:\/\/twitter.com\/PortalSulSC","https:\/\/www.youtube.com\/channel\/UCv_BE8GeySluDov2n8qhVmw"],"url":"https:\/\/sulsc.com\/index.php\/author\/redacao\/"}]}},"authors":[],"_links":{"self":[{"href":"https:\/\/sulsc.com\/index.php\/wp-json\/wp\/v2\/posts\/3900"}],"collection":[{"href":"https:\/\/sulsc.com\/index.php\/wp-json\/wp\/v2\/posts"}],"about":[{"href":"https:\/\/sulsc.com\/index.php\/wp-json\/wp\/v2\/types\/post"}],"author":[{"embeddable":true,"href":"https:\/\/sulsc.com\/index.php\/wp-json\/wp\/v2\/users\/3"}],"replies":[{"embeddable":true,"href":"https:\/\/sulsc.com\/index.php\/wp-json\/wp\/v2\/comments?post=3900"}],"version-history":[{"count":1,"href":"https:\/\/sulsc.com\/index.php\/wp-json\/wp\/v2\/posts\/3900\/revisions"}],"predecessor-version":[{"id":3902,"href":"https:\/\/sulsc.com\/index.php\/wp-json\/wp\/v2\/posts\/3900\/revisions\/3902"}],"wp:featuredmedia":[{"embeddable":true,"href":"https:\/\/sulsc.com\/index.php\/wp-json\/wp\/v2\/media\/3901"}],"wp:attachment":[{"href":"https:\/\/sulsc.com\/index.php\/wp-json\/wp\/v2\/media?parent=3900"}],"wp:term":[{"taxonomy":"category","embeddable":true,"href":"https:\/\/sulsc.com\/index.php\/wp-json\/wp\/v2\/categories?post=3900"},{"taxonomy":"post_tag","embeddable":true,"href":"https:\/\/sulsc.com\/index.php\/wp-json\/wp\/v2\/tags?post=3900"}],"curies":[{"name":"wp","href":"https:\/\/api.w.org\/{rel}","templated":true}]}}