{"id":3903,"date":"2023-11-17T18:40:28","date_gmt":"2023-11-17T21:40:28","guid":{"rendered":"https:\/\/sulsc.com\/?p=3903"},"modified":"2023-11-17T17:28:12","modified_gmt":"2023-11-17T20:28:12","slug":"a-beira-do-colapso","status":"publish","type":"post","link":"https:\/\/sulsc.com\/index.php\/2023\/11\/17\/a-beira-do-colapso\/","title":{"rendered":"A beira do colapso"},"content":{"rendered":"<p>A ag\u00eancia da Celesc em Laguna est\u00e1 um verdadeiro caos. O pr\u00e9dio, tombado pelo Iphan, hoje encontra-se totalmente deteriorado por falta das devidas manuten\u00e7\u00f5es que n\u00e3o ocorreram no governo passado. O que chama aten\u00e7\u00e3o \u00e9 que ap\u00f3s, a Gerencia Regional da Celesc de Tubar\u00e3o anunciar a retirada da loja de atendimento do pr\u00e9dio, por estar totalmente insalubre para os seus colaboradores e seus clientes, o fato foi destorcido por alguns pol\u00edticos, formadores de opini\u00e3o da cidade e do pr\u00f3prio chefe do atendimento da loja, Luiz Carlos Remor Neto. Criaram fatos inexistentes como: no im\u00f3vel basta somente uma pintura, o setor de atendimento ser\u00e1 fechado e mais alguma falas infundadas. Na realidade \u00e9 que no pr\u00e9dio n\u00e3o basta somente pintura, existe problemas estruturais, infiltra\u00e7\u00f5es, deformidade no telhado e problemas para estacionar, j\u00e1 que se encontra em uma \u00e1rea muito movimentada. Na realidade, recebi algumas imagens e fui pessoalmente at\u00e9 o local. L\u00e1 constei realmente que o estado que se encontra o im\u00f3vel \u00e9 assustador. Al\u00e9m disso, o que se fala nos bastidores \u00e9 que o novo local da loja de atendimento ser\u00e1 de conceito aberto, n\u00e3o vai mais ter a famosa sala do chefe para atendimentos particulares, ou seja, o chefe n\u00e3o ter\u00e1 mais sua sala exclusiva no piso superior.<\/p>\n<p><img fetchpriority=\"high\" decoding=\"async\" class=\"alignnone wp-image-3918 size-medium\" src=\"http:\/\/sulsc.com\/wp-content\/uploads\/2023\/11\/A-beira-do-colapso-1-169x300.jpeg\" alt=\"\" width=\"169\" height=\"300\" srcset=\"https:\/\/sulsc.com\/wp-content\/uploads\/2023\/11\/A-beira-do-colapso-1-169x300.jpeg 169w, https:\/\/sulsc.com\/wp-content\/uploads\/2023\/11\/A-beira-do-colapso-1-577x1024.jpeg 577w, https:\/\/sulsc.com\/wp-content\/uploads\/2023\/11\/A-beira-do-colapso-1-768x1362.jpeg 768w, https:\/\/sulsc.com\/wp-content\/uploads\/2023\/11\/A-beira-do-colapso-1-866x1536.jpeg 866w, https:\/\/sulsc.com\/wp-content\/uploads\/2023\/11\/A-beira-do-colapso-1.jpeg 902w\" sizes=\"(max-width: 169px) 100vw, 169px\" \/>\u00a0 \u00a0\u00a0 <img decoding=\"async\" class=\"alignnone wp-image-3920 size-medium\" src=\"http:\/\/sulsc.com\/wp-content\/uploads\/2023\/11\/A-beira-do-colapso-3-169x300.jpeg\" alt=\"\" width=\"169\" height=\"300\" srcset=\"https:\/\/sulsc.com\/wp-content\/uploads\/2023\/11\/A-beira-do-colapso-3-169x300.jpeg 169w, https:\/\/sulsc.com\/wp-content\/uploads\/2023\/11\/A-beira-do-colapso-3-576x1024.jpeg 576w, https:\/\/sulsc.com\/wp-content\/uploads\/2023\/11\/A-beira-do-colapso-3-768x1365.jpeg 768w, https:\/\/sulsc.com\/wp-content\/uploads\/2023\/11\/A-beira-do-colapso-3-864x1536.jpeg 864w, https:\/\/sulsc.com\/wp-content\/uploads\/2023\/11\/A-beira-do-colapso-3.jpeg 900w\" sizes=\"(max-width: 169px) 100vw, 169px\" \/>\u00a0 \u00a0\u00a0 <img decoding=\"async\" class=\"alignnone wp-image-3921 size-medium\" src=\"http:\/\/sulsc.com\/wp-content\/uploads\/2023\/11\/A-beira-do-colapso-4-169x300.jpeg\" alt=\"\" width=\"169\" height=\"300\" srcset=\"https:\/\/sulsc.com\/wp-content\/uploads\/2023\/11\/A-beira-do-colapso-4-169x300.jpeg 169w, https:\/\/sulsc.com\/wp-content\/uploads\/2023\/11\/A-beira-do-colapso-4-577x1024.jpeg 577w, https:\/\/sulsc.com\/wp-content\/uploads\/2023\/11\/A-beira-do-colapso-4-768x1362.jpeg 768w, https:\/\/sulsc.com\/wp-content\/uploads\/2023\/11\/A-beira-do-colapso-4-866x1536.jpeg 866w, https:\/\/sulsc.com\/wp-content\/uploads\/2023\/11\/A-beira-do-colapso-4.jpeg 902w\" sizes=\"(max-width: 169px) 100vw, 169px\" \/>\u00a0 \u00a0\u00a0 <img loading=\"lazy\" decoding=\"async\" class=\"alignnone wp-image-3922 size-medium\" src=\"http:\/\/sulsc.com\/wp-content\/uploads\/2023\/11\/A-beira-do-colapso-5-169x300.jpeg\" alt=\"\" width=\"169\" height=\"300\" srcset=\"https:\/\/sulsc.com\/wp-content\/uploads\/2023\/11\/A-beira-do-colapso-5-169x300.jpeg 169w, https:\/\/sulsc.com\/wp-content\/uploads\/2023\/11\/A-beira-do-colapso-5-577x1024.jpeg 577w, https:\/\/sulsc.com\/wp-content\/uploads\/2023\/11\/A-beira-do-colapso-5-768x1362.jpeg 768w, https:\/\/sulsc.com\/wp-content\/uploads\/2023\/11\/A-beira-do-colapso-5-866x1536.jpeg 866w, https:\/\/sulsc.com\/wp-content\/uploads\/2023\/11\/A-beira-do-colapso-5.jpeg 902w\" sizes=\"(max-width: 169px) 100vw, 169px\" \/><\/p>\n<p>&nbsp;<\/p>\n<p><strong>No m\u00ednimo intrigante<\/strong><\/p>\n<p>E n\u00e3o parou por ai, h\u00e1 alguns dias pessoas muito pr\u00f3ximas ao chefe da loja Luiz Carlos Remor Neto, mais conhecido como Luiz Remor, estiveram em comitiva na Celesc em Florian\u00f3polis, pedindo a perman\u00eancia da loja de atendimento no pr\u00e9dio colapsado pelo tempo. Agora uma curiosidade paira no ar: 1\u00ba) Que movimenta\u00e7\u00e3o \u00e9 essa que Remor est\u00e1 fazendo? 2\u00ba) Por que essa verdadeira romaria at\u00e9 capital pedindo a perman\u00eancia da loja da Celesc nesse pr\u00e9dio? e, 3\u00ba)Por que Remor no governo passado de Carlos Moises j\u00e1 que continuou na loja como chefe, n\u00e3o fez a mesma romaria com seus aliados pol\u00edticos para pedir a reforma necess\u00e1ria do im\u00f3vel?<\/p>\n<p><img loading=\"lazy\" decoding=\"async\" class=\"alignnone wp-image-3924 size-medium\" src=\"http:\/\/sulsc.com\/wp-content\/uploads\/2023\/11\/A-beira-do-colapso-7-169x300.jpeg\" alt=\"\" width=\"169\" height=\"300\" srcset=\"https:\/\/sulsc.com\/wp-content\/uploads\/2023\/11\/A-beira-do-colapso-7-169x300.jpeg 169w, https:\/\/sulsc.com\/wp-content\/uploads\/2023\/11\/A-beira-do-colapso-7-576x1024.jpeg 576w, https:\/\/sulsc.com\/wp-content\/uploads\/2023\/11\/A-beira-do-colapso-7-768x1365.jpeg 768w, https:\/\/sulsc.com\/wp-content\/uploads\/2023\/11\/A-beira-do-colapso-7-864x1536.jpeg 864w, https:\/\/sulsc.com\/wp-content\/uploads\/2023\/11\/A-beira-do-colapso-7.jpeg 900w\" sizes=\"(max-width: 169px) 100vw, 169px\" \/>\u00a0\u00a0 \u00a0 <img loading=\"lazy\" decoding=\"async\" class=\"alignnone wp-image-3925 size-medium\" src=\"http:\/\/sulsc.com\/wp-content\/uploads\/2023\/11\/A-beira-do-colapso-8-169x300.jpeg\" alt=\"\" width=\"169\" height=\"300\" srcset=\"https:\/\/sulsc.com\/wp-content\/uploads\/2023\/11\/A-beira-do-colapso-8-169x300.jpeg 169w, https:\/\/sulsc.com\/wp-content\/uploads\/2023\/11\/A-beira-do-colapso-8-577x1024.jpeg 577w, https:\/\/sulsc.com\/wp-content\/uploads\/2023\/11\/A-beira-do-colapso-8-768x1362.jpeg 768w, https:\/\/sulsc.com\/wp-content\/uploads\/2023\/11\/A-beira-do-colapso-8-866x1536.jpeg 866w, https:\/\/sulsc.com\/wp-content\/uploads\/2023\/11\/A-beira-do-colapso-8.jpeg 902w\" sizes=\"(max-width: 169px) 100vw, 169px\" \/> \u00a0 \u00a0 <img loading=\"lazy\" decoding=\"async\" class=\"alignnone wp-image-3926 size-medium\" src=\"http:\/\/sulsc.com\/wp-content\/uploads\/2023\/11\/A-beira-do-colapso-9-169x300.jpeg\" alt=\"\" width=\"169\" height=\"300\" srcset=\"https:\/\/sulsc.com\/wp-content\/uploads\/2023\/11\/A-beira-do-colapso-9-169x300.jpeg 169w, https:\/\/sulsc.com\/wp-content\/uploads\/2023\/11\/A-beira-do-colapso-9-576x1024.jpeg 576w, https:\/\/sulsc.com\/wp-content\/uploads\/2023\/11\/A-beira-do-colapso-9-768x1365.jpeg 768w, https:\/\/sulsc.com\/wp-content\/uploads\/2023\/11\/A-beira-do-colapso-9-864x1536.jpeg 864w, https:\/\/sulsc.com\/wp-content\/uploads\/2023\/11\/A-beira-do-colapso-9.jpeg 900w\" sizes=\"(max-width: 169px) 100vw, 169px\" \/> \u00a0 \u00a0 <img loading=\"lazy\" decoding=\"async\" class=\"alignnone wp-image-3923 size-medium\" src=\"http:\/\/sulsc.com\/wp-content\/uploads\/2023\/11\/A-beira-do-colapso-6-169x300.jpeg\" alt=\"\" width=\"169\" height=\"300\" srcset=\"https:\/\/sulsc.com\/wp-content\/uploads\/2023\/11\/A-beira-do-colapso-6-169x300.jpeg 169w, https:\/\/sulsc.com\/wp-content\/uploads\/2023\/11\/A-beira-do-colapso-6-577x1024.jpeg 577w, https:\/\/sulsc.com\/wp-content\/uploads\/2023\/11\/A-beira-do-colapso-6-768x1362.jpeg 768w, https:\/\/sulsc.com\/wp-content\/uploads\/2023\/11\/A-beira-do-colapso-6-866x1536.jpeg 866w, https:\/\/sulsc.com\/wp-content\/uploads\/2023\/11\/A-beira-do-colapso-6.jpeg 902w\" sizes=\"(max-width: 169px) 100vw, 169px\" \/><\/p>\n<p>&nbsp;<\/p>\n<p><img loading=\"lazy\" decoding=\"async\" class=\"alignleft wp-image-3904 size-medium\" src=\"http:\/\/sulsc.com\/wp-content\/uploads\/2023\/11\/diversas-pessoas-trabalhando-no-escritorio-300x169.jpg\" alt=\"\" width=\"300\" height=\"169\" srcset=\"https:\/\/sulsc.com\/wp-content\/uploads\/2023\/11\/diversas-pessoas-trabalhando-no-escritorio-300x169.jpg 300w, https:\/\/sulsc.com\/wp-content\/uploads\/2023\/11\/diversas-pessoas-trabalhando-no-escritorio-1024x576.jpg 1024w, https:\/\/sulsc.com\/wp-content\/uploads\/2023\/11\/diversas-pessoas-trabalhando-no-escritorio-768x432.jpg 768w, https:\/\/sulsc.com\/wp-content\/uploads\/2023\/11\/diversas-pessoas-trabalhando-no-escritorio-1536x864.jpg 1536w, https:\/\/sulsc.com\/wp-content\/uploads\/2023\/11\/diversas-pessoas-trabalhando-no-escritorio-2048x1152.jpg 2048w\" sizes=\"(max-width: 300px) 100vw, 300px\" \/><\/p>\n<p><strong>Conceito Aberto<\/strong><\/p>\n<p>Dizem que as novas instala\u00e7\u00f5es da nova loja da Celesc em Laguna vai ser muito ampla, confort\u00e1vel, segura e o atendimento ser\u00e1 em total conceito aberto. Ou seja agora os clientes, quando forem at\u00e9 a loja, al\u00e9m de contar com o profissionalismo e o bom atendimento dos atendentes ter\u00e3o ao seu inteiro dispor a presen\u00e7a em tempo integral do chefe da loja. Bendito conceito aberto.<\/p>\n<p>&nbsp;<\/p>\n<p><strong><img loading=\"lazy\" decoding=\"async\" class=\"wp-image-3927 size-medium alignleft\" src=\"http:\/\/sulsc.com\/wp-content\/uploads\/2023\/11\/WhatsApp-Image-2023-11-17-at-16.46.06-300x295.jpeg\" alt=\"\" width=\"300\" height=\"295\" srcset=\"https:\/\/sulsc.com\/wp-content\/uploads\/2023\/11\/WhatsApp-Image-2023-11-17-at-16.46.06-300x295.jpeg 300w, https:\/\/sulsc.com\/wp-content\/uploads\/2023\/11\/WhatsApp-Image-2023-11-17-at-16.46.06-1024x1008.jpeg 1024w, https:\/\/sulsc.com\/wp-content\/uploads\/2023\/11\/WhatsApp-Image-2023-11-17-at-16.46.06-768x756.jpeg 768w, https:\/\/sulsc.com\/wp-content\/uploads\/2023\/11\/WhatsApp-Image-2023-11-17-at-16.46.06.jpeg 1080w\" sizes=\"(max-width: 300px) 100vw, 300px\" \/>Jo\u00e3o Fernandes, o amigo do governador<\/strong><\/p>\n<p>Jo\u00e3o Fernandes vem intensificando sua caminha rumo a prefeitura de Tubar\u00e3o, o que se sabe principalmente no meio politico \u00e9 que realmente Jo\u00e3o \u00e9 amigo do governador Jorginho Mello j\u00e1 a muito tempo. Um tempo l\u00e1 atr\u00e1s, quando se ouvia falar muito pouco em Jorginho Mello, Jo\u00e3o Fernandes j\u00e1 falava que se tratava de um grande politico e um dia seria Governador do nosso estado. E esse dia realmente chegou, agora Jo\u00e3o Fernandes confirma sua pr\u00e9-candidatura nas redes sociais ao lado do governador. Se Jo\u00e3o Fernandes realmente vai ser o candidato pelo Partido Liberal do governador, s\u00f3 o tempo ira dizer, at\u00e9 por que por baixo da famosa ponte das elei\u00e7\u00f5es municipais de 2024 vai passar muita \u00e1gua. E n\u00e3o podemos deixar de fora do p\u00e1reo o Deputado Estadual Estener Soratto da Silva Junior e o Presidente da Coopagro Dion\u00edsio Bressan, todos no Partido Liberal Tubaronense. Mas segundo fontes da capital, al\u00e9m da grande a proximidade de Jo\u00e3o com Governador ele conta tamb\u00e9m com apoio Felipe Mello.<\/p>\n<p>&nbsp;<\/p>\n<p><img loading=\"lazy\" decoding=\"async\" class=\"alignleft wp-image-3905 size-medium\" src=\"http:\/\/sulsc.com\/wp-content\/uploads\/2023\/11\/foto-vertical-da-pupa-budworm-pendurada-em-um-galho-de-uma-arvore-na-america-do-norte-240x300.jpg\" alt=\"\" width=\"240\" height=\"300\" srcset=\"https:\/\/sulsc.com\/wp-content\/uploads\/2023\/11\/foto-vertical-da-pupa-budworm-pendurada-em-um-galho-de-uma-arvore-na-america-do-norte-240x300.jpg 240w, https:\/\/sulsc.com\/wp-content\/uploads\/2023\/11\/foto-vertical-da-pupa-budworm-pendurada-em-um-galho-de-uma-arvore-na-america-do-norte-819x1024.jpg 819w, https:\/\/sulsc.com\/wp-content\/uploads\/2023\/11\/foto-vertical-da-pupa-budworm-pendurada-em-um-galho-de-uma-arvore-na-america-do-norte-768x960.jpg 768w, https:\/\/sulsc.com\/wp-content\/uploads\/2023\/11\/foto-vertical-da-pupa-budworm-pendurada-em-um-galho-de-uma-arvore-na-america-do-norte-1229x1536.jpg 1229w, https:\/\/sulsc.com\/wp-content\/uploads\/2023\/11\/foto-vertical-da-pupa-budworm-pendurada-em-um-galho-de-uma-arvore-na-america-do-norte-1638x2048.jpg 1638w, https:\/\/sulsc.com\/wp-content\/uploads\/2023\/11\/foto-vertical-da-pupa-budworm-pendurada-em-um-galho-de-uma-arvore-na-america-do-norte-scaled.jpg 2048w\" sizes=\"(max-width: 240px) 100vw, 240px\" \/><\/p>\n<p><strong>Saindo do casulo<\/strong><\/p>\n<p>Com aproxima\u00e7\u00e3o das elei\u00e7\u00f5es municipais de 2024 \u00e9 not\u00f3rio o trabalho de alguns vereadores interessados a permanecer ou concorrer a uma cadeira no legislativo. O que est\u00e1 acontecendo \u00e9 uma verdadeira metamorfose, vereadores eleitos na gest\u00e3o passada que at\u00e9 alguns dias atr\u00e1s estavam fora dos olhos e alcance da popula\u00e7\u00e3o, hoje est\u00e3o atuantes como nunca. Acho que o correto era termos elei\u00e7\u00f5es anuais, s\u00f3 assim mostrariam trabalho. Agora chegou a sua hora eleitor, de dar o troco tratando esses oportunistas como eles merecem analisando seu feito nos \u00faltimos tr\u00eas anos.<\/p>\n<p>&nbsp;<\/p>\n<p>&nbsp;<\/p>\n<p><strong>Atua\u00e7\u00e3o no legislativo municipal<\/strong><\/p>\n<p>Para voc\u00ea que est\u00e1 pensando em reeleger um vereador ou vereadora em 2024, fa\u00e7a uma verdadeira opera\u00e7\u00e3o. Calma n\u00e3o precisa ser uma estilo \u201cOPERA\u00c7\u00c3O MENSAGEIRO\u201d. Mas busque informa\u00e7\u00f5es atrav\u00e9s da casa do povo, a C\u00e2mara de vereadores, pedindo informa\u00e7\u00f5es do mandato do seu candidato ou candidata como: n\u00fameros de assessores, quantas faltas teve nas se\u00e7\u00f5es durante o mandato, quantas vezes votou a favor dos projetos encaminhados pelo executivo (Prefeito), se esses projetos foram ben\u00e9ficos para a popula\u00e7\u00e3o, ou para o seu pr\u00f3prio interesse, quantos cargos esse vereador ou vereadora possui ou possuiu atrav\u00e9s de indica\u00e7\u00e3o na maquina publica (Prefeitura) e, para finalizarmos, quantos projetos a favor da cidade e do povo ele ou ela apresentou e conseguiu botar em pratica.<\/p>\n<p>&nbsp;<\/p>\n<p><strong><img loading=\"lazy\" decoding=\"async\" class=\"alignleft wp-image-3928 size-medium\" src=\"http:\/\/sulsc.com\/wp-content\/uploads\/2023\/11\/WhatsApp-Image-2023-11-17-at-16.54.08-249x300.jpeg\" alt=\"\" width=\"249\" height=\"300\" srcset=\"https:\/\/sulsc.com\/wp-content\/uploads\/2023\/11\/WhatsApp-Image-2023-11-17-at-16.54.08-249x300.jpeg 249w, https:\/\/sulsc.com\/wp-content\/uploads\/2023\/11\/WhatsApp-Image-2023-11-17-at-16.54.08-851x1024.jpeg 851w, https:\/\/sulsc.com\/wp-content\/uploads\/2023\/11\/WhatsApp-Image-2023-11-17-at-16.54.08-768x924.jpeg 768w, https:\/\/sulsc.com\/wp-content\/uploads\/2023\/11\/WhatsApp-Image-2023-11-17-at-16.54.08.jpeg 1080w\" sizes=\"(max-width: 249px) 100vw, 249px\" \/>Cada mergulho um fleche<\/strong><\/p>\n<p>O pr\u00e9-candidato a prefeito de Laguna Preto Cripa deixa muito not\u00e1vel que tem uma verdadeira adora\u00e7\u00e3o por c\u00e2meras de v\u00eddeo e fotogr\u00e1fica. Preto deixa muito claro sua intimidade com as c\u00e2meras. Agora, ser\u00e1 que ter\u00e1 a mesma desenvoltura que possui com as lentes nas pr\u00f3ximas elei\u00e7\u00f5es? At\u00e9 por que, h\u00e1 quem diga que seu maior objetivo n\u00e3o seria chegar a prefeitura, mas ser um dia um dos participantes do \u201cBig Brodher Brasil\u201d.<\/p>\n<p>&nbsp;<\/p>\n<p>&nbsp;<\/p>\n<p>&nbsp;<\/p>\n<p><strong>Corre a Boca Pequena<\/strong><\/p>\n<p>Que se for para escolher entre prefeitura de Laguna e ser um dos participantes do Big Bhodher, Preto fica com a segunda op\u00e7\u00e3o disparado.<\/p>\n","protected":false},"excerpt":{"rendered":"<p>A ag\u00eancia da Celesc em Laguna est\u00e1 um verdadeiro caos. O pr\u00e9dio, tombado pelo Iphan, hoje encontra-se totalmente deteriorado por falta das devidas manuten\u00e7\u00f5es que n\u00e3o ocorreram no governo passado. O que chama aten\u00e7\u00e3o \u00e9 que ap\u00f3s, a Gerencia Regional da Celesc de Tubar\u00e3o anunciar a retirada da loja de atendimento do pr\u00e9dio, por estar &hellip;<\/p>\n<p class=\"read-more\"> <a class=\"\" href=\"https:\/\/sulsc.com\/index.php\/2023\/11\/17\/a-beira-do-colapso\/\"> <span class=\"screen-reader-text\">A beira do colapso<\/span> Read More &raquo;<\/a><\/p>\n","protected":false},"author":9,"featured_media":3933,"comment_status":"open","ping_status":"open","sticky":false,"template":"","format":"standard","meta":{"site-sidebar-layout":"default","site-content-layout":"","ast-site-content-layout":"default","site-content-style":"default","site-sidebar-style":"default","ast-global-header-display":"","ast-banner-title-visibility":"","ast-main-header-display":"","ast-hfb-above-header-display":"","ast-hfb-below-header-display":"","ast-hfb-mobile-header-display":"","site-post-title":"","ast-breadcrumbs-content":"","ast-featured-img":"","footer-sml-layout":"","theme-transparent-header-meta":"default","adv-header-id-meta":"","stick-header-meta":"","header-above-stick-meta":"","header-main-stick-meta":"","header-below-stick-meta":"","astra-migrate-meta-layouts":"set","footnotes":""},"categories":[13],"tags":[],"yoast_head":"<!-- This site is optimized with the Yoast SEO plugin v21.4 - https:\/\/yoast.com\/wordpress\/plugins\/seo\/ -->\n<title>A beira do colapso -<\/title>\n<meta name=\"robots\" content=\"index, follow, max-snippet:-1, max-image-preview:large, max-video-preview:-1\" \/>\n<link rel=\"canonical\" href=\"https:\/\/sulsc.com\/index.php\/2023\/11\/17\/a-beira-do-colapso\/\" \/>\n<meta property=\"og:locale\" content=\"en_US\" \/>\n<meta property=\"og:type\" content=\"article\" \/>\n<meta property=\"og:title\" content=\"A beira do colapso -\" \/>\n<meta property=\"og:description\" content=\"A ag\u00eancia da Celesc em Laguna est\u00e1 um verdadeiro caos. O pr\u00e9dio, tombado pelo Iphan, hoje encontra-se totalmente deteriorado por falta das devidas manuten\u00e7\u00f5es que n\u00e3o ocorreram no governo passado. O que chama aten\u00e7\u00e3o \u00e9 que ap\u00f3s, a Gerencia Regional da Celesc de Tubar\u00e3o anunciar a retirada da loja de atendimento do pr\u00e9dio, por estar &hellip; A beira do colapso Read More &raquo;\" \/>\n<meta property=\"og:url\" content=\"https:\/\/sulsc.com\/index.php\/2023\/11\/17\/a-beira-do-colapso\/\" \/>\n<meta property=\"article:published_time\" content=\"2023-11-17T21:40:28+00:00\" \/>\n<meta property=\"article:modified_time\" content=\"2023-11-17T20:28:12+00:00\" \/>\n<meta property=\"og:image\" content=\"https:\/\/sulsc.com\/wp-content\/uploads\/2023\/11\/Copia-de-Copia-de-Copia-de-Copia-de-Inserir-um-titulo-1.png\" \/>\n\t<meta property=\"og:image:width\" content=\"1080\" \/>\n\t<meta property=\"og:image:height\" content=\"1080\" \/>\n\t<meta property=\"og:image:type\" content=\"image\/png\" \/>\n<meta name=\"author\" content=\"Barnney Netto\" \/>\n<meta name=\"twitter:card\" content=\"summary_large_image\" \/>\n<meta name=\"twitter:label1\" content=\"Written by\" \/>\n\t<meta name=\"twitter:data1\" content=\"Barnney Netto\" \/>\n\t<meta name=\"twitter:label2\" content=\"Est. reading time\" \/>\n\t<meta name=\"twitter:data2\" content=\"8 minutes\" \/>\n<script type=\"application\/ld+json\" class=\"yoast-schema-graph\">{\"@context\":\"https:\/\/schema.org\",\"@graph\":[{\"@type\":\"WebPage\",\"@id\":\"https:\/\/sulsc.com\/index.php\/2023\/11\/17\/a-beira-do-colapso\/\",\"url\":\"https:\/\/sulsc.com\/index.php\/2023\/11\/17\/a-beira-do-colapso\/\",\"name\":\"A beira do colapso -\",\"isPartOf\":{\"@id\":\"https:\/\/sulsc.com\/#website\"},\"datePublished\":\"2023-11-17T21:40:28+00:00\",\"dateModified\":\"2023-11-17T20:28:12+00:00\",\"author\":{\"@id\":\"https:\/\/sulsc.com\/#\/schema\/person\/fe4478fb3906e8eff7a933b2da6a5261\"},\"breadcrumb\":{\"@id\":\"https:\/\/sulsc.com\/index.php\/2023\/11\/17\/a-beira-do-colapso\/#breadcrumb\"},\"inLanguage\":\"en-US\",\"potentialAction\":[{\"@type\":\"ReadAction\",\"target\":[\"https:\/\/sulsc.com\/index.php\/2023\/11\/17\/a-beira-do-colapso\/\"]}]},{\"@type\":\"BreadcrumbList\",\"@id\":\"https:\/\/sulsc.com\/index.php\/2023\/11\/17\/a-beira-do-colapso\/#breadcrumb\",\"itemListElement\":[{\"@type\":\"ListItem\",\"position\":1,\"name\":\"In\u00edcio\",\"item\":\"https:\/\/sulsc.com\/\"},{\"@type\":\"ListItem\",\"position\":2,\"name\":\"A beira do colapso\"}]},{\"@type\":\"WebSite\",\"@id\":\"https:\/\/sulsc.com\/#website\",\"url\":\"https:\/\/sulsc.com\/\",\"name\":\"\",\"description\":\"\",\"potentialAction\":[{\"@type\":\"SearchAction\",\"target\":{\"@type\":\"EntryPoint\",\"urlTemplate\":\"https:\/\/sulsc.com\/?s={search_term_string}\"},\"query-input\":\"required name=search_term_string\"}],\"inLanguage\":\"en-US\"},{\"@type\":\"Person\",\"@id\":\"https:\/\/sulsc.com\/#\/schema\/person\/fe4478fb3906e8eff7a933b2da6a5261\",\"name\":\"Barnney Netto\",\"image\":{\"@type\":\"ImageObject\",\"inLanguage\":\"en-US\",\"@id\":\"https:\/\/sulsc.com\/#\/schema\/person\/image\/9e6f1765ae4529a028677df8fe67c737\",\"url\":\"https:\/\/sulsc.com\/wp-content\/uploads\/2024\/06\/Colunistas-icones.png\",\"contentUrl\":\"https:\/\/sulsc.com\/wp-content\/uploads\/2024\/06\/Colunistas-icones.png\",\"caption\":\"Barnney Netto\"},\"url\":\"https:\/\/sulsc.com\/index.php\/author\/barnney-netto\/\"}]}<\/script>\n<!-- \/ Yoast SEO plugin. -->","yoast_head_json":{"title":"A beira do colapso -","robots":{"index":"index","follow":"follow","max-snippet":"max-snippet:-1","max-image-preview":"max-image-preview:large","max-video-preview":"max-video-preview:-1"},"canonical":"https:\/\/sulsc.com\/index.php\/2023\/11\/17\/a-beira-do-colapso\/","og_locale":"en_US","og_type":"article","og_title":"A beira do colapso -","og_description":"A ag\u00eancia da Celesc em Laguna est\u00e1 um verdadeiro caos. O pr\u00e9dio, tombado pelo Iphan, hoje encontra-se totalmente deteriorado por falta das devidas manuten\u00e7\u00f5es que n\u00e3o ocorreram no governo passado. O que chama aten\u00e7\u00e3o \u00e9 que ap\u00f3s, a Gerencia Regional da Celesc de Tubar\u00e3o anunciar a retirada da loja de atendimento do pr\u00e9dio, por estar &hellip; A beira do colapso Read More &raquo;","og_url":"https:\/\/sulsc.com\/index.php\/2023\/11\/17\/a-beira-do-colapso\/","article_published_time":"2023-11-17T21:40:28+00:00","article_modified_time":"2023-11-17T20:28:12+00:00","og_image":[{"width":1080,"height":1080,"url":"https:\/\/sulsc.com\/wp-content\/uploads\/2023\/11\/Copia-de-Copia-de-Copia-de-Copia-de-Inserir-um-titulo-1.png","type":"image\/png"}],"author":"Barnney Netto","twitter_card":"summary_large_image","twitter_misc":{"Written by":"Barnney Netto","Est. reading time":"8 minutes"},"schema":{"@context":"https:\/\/schema.org","@graph":[{"@type":"WebPage","@id":"https:\/\/sulsc.com\/index.php\/2023\/11\/17\/a-beira-do-colapso\/","url":"https:\/\/sulsc.com\/index.php\/2023\/11\/17\/a-beira-do-colapso\/","name":"A beira do colapso -","isPartOf":{"@id":"https:\/\/sulsc.com\/#website"},"datePublished":"2023-11-17T21:40:28+00:00","dateModified":"2023-11-17T20:28:12+00:00","author":{"@id":"https:\/\/sulsc.com\/#\/schema\/person\/fe4478fb3906e8eff7a933b2da6a5261"},"breadcrumb":{"@id":"https:\/\/sulsc.com\/index.php\/2023\/11\/17\/a-beira-do-colapso\/#breadcrumb"},"inLanguage":"en-US","potentialAction":[{"@type":"ReadAction","target":["https:\/\/sulsc.com\/index.php\/2023\/11\/17\/a-beira-do-colapso\/"]}]},{"@type":"BreadcrumbList","@id":"https:\/\/sulsc.com\/index.php\/2023\/11\/17\/a-beira-do-colapso\/#breadcrumb","itemListElement":[{"@type":"ListItem","position":1,"name":"In\u00edcio","item":"https:\/\/sulsc.com\/"},{"@type":"ListItem","position":2,"name":"A beira do colapso"}]},{"@type":"WebSite","@id":"https:\/\/sulsc.com\/#website","url":"https:\/\/sulsc.com\/","name":"","description":"","potentialAction":[{"@type":"SearchAction","target":{"@type":"EntryPoint","urlTemplate":"https:\/\/sulsc.com\/?s={search_term_string}"},"query-input":"required name=search_term_string"}],"inLanguage":"en-US"},{"@type":"Person","@id":"https:\/\/sulsc.com\/#\/schema\/person\/fe4478fb3906e8eff7a933b2da6a5261","name":"Barnney Netto","image":{"@type":"ImageObject","inLanguage":"en-US","@id":"https:\/\/sulsc.com\/#\/schema\/person\/image\/9e6f1765ae4529a028677df8fe67c737","url":"https:\/\/sulsc.com\/wp-content\/uploads\/2024\/06\/Colunistas-icones.png","contentUrl":"https:\/\/sulsc.com\/wp-content\/uploads\/2024\/06\/Colunistas-icones.png","caption":"Barnney Netto"},"url":"https:\/\/sulsc.com\/index.php\/author\/barnney-netto\/"}]}},"authors":[],"_links":{"self":[{"href":"https:\/\/sulsc.com\/index.php\/wp-json\/wp\/v2\/posts\/3903"}],"collection":[{"href":"https:\/\/sulsc.com\/index.php\/wp-json\/wp\/v2\/posts"}],"about":[{"href":"https:\/\/sulsc.com\/index.php\/wp-json\/wp\/v2\/types\/post"}],"author":[{"embeddable":true,"href":"https:\/\/sulsc.com\/index.php\/wp-json\/wp\/v2\/users\/9"}],"replies":[{"embeddable":true,"href":"https:\/\/sulsc.com\/index.php\/wp-json\/wp\/v2\/comments?post=3903"}],"version-history":[{"count":4,"href":"https:\/\/sulsc.com\/index.php\/wp-json\/wp\/v2\/posts\/3903\/revisions"}],"predecessor-version":[{"id":3932,"href":"https:\/\/sulsc.com\/index.php\/wp-json\/wp\/v2\/posts\/3903\/revisions\/3932"}],"wp:featuredmedia":[{"embeddable":true,"href":"https:\/\/sulsc.com\/index.php\/wp-json\/wp\/v2\/media\/3933"}],"wp:attachment":[{"href":"https:\/\/sulsc.com\/index.php\/wp-json\/wp\/v2\/media?parent=3903"}],"wp:term":[{"taxonomy":"category","embeddable":true,"href":"https:\/\/sulsc.com\/index.php\/wp-json\/wp\/v2\/categories?post=3903"},{"taxonomy":"post_tag","embeddable":true,"href":"https:\/\/sulsc.com\/index.php\/wp-json\/wp\/v2\/tags?post=3903"}],"curies":[{"name":"wp","href":"https:\/\/api.w.org\/{rel}","templated":true}]}}