{"id":3907,"date":"2023-11-17T15:00:35","date_gmt":"2023-11-17T18:00:35","guid":{"rendered":"https:\/\/sulsc.com\/?p=3907"},"modified":"2023-11-17T14:30:52","modified_gmt":"2023-11-17T17:30:52","slug":"em-sc-governador-se-reune-com-grupo-de-acoes-coordenadas-para-avaliar-a-situacao-das-chuvas","status":"publish","type":"post","link":"https:\/\/sulsc.com\/index.php\/2023\/11\/17\/em-sc-governador-se-reune-com-grupo-de-acoes-coordenadas-para-avaliar-a-situacao-das-chuvas\/","title":{"rendered":"Em SC: Governador se re\u00fane com Grupo de A\u00e7\u00f5es Coordenadas para avaliar a situa\u00e7\u00e3o das chuvas"},"content":{"rendered":"<p data-raofz=\"16\">O governador Jorginho Mello esteve na sede da Defesa Civil em Florian\u00f3polis, na manh\u00e3 desta sexta-feira (17), para analisar a situa\u00e7\u00e3o das chuvas em Santa Catarina. Desde ontem a chuva \u00e9 intensa em todo o estado. Uma situa\u00e7\u00e3o que a Defesa Civil j\u00e1 vinha alertando e pedindo aten\u00e7\u00e3o dos moradores. A previs\u00e3o \u00e9 de chuvas intensas e volumosas at\u00e9 s\u00e1bado, 18. Esta \u00e9 a sexta onda de fortes chuvas que os catarinenses enfrentam em um m\u00eas e meio.<\/p>\n<p data-raofz=\"16\">\u201cTodos os servi\u00e7os de assist\u00eancia social, de abrigo, Defesa Civil, Bombeiros, Samu, Infraestrutura, todas as for\u00e7as est\u00e3o atuando juntas para minimizar as dificuldades das pessoas. Vim aqui hoje para avaliar com o Grupo de A\u00e7\u00f5es Coordenadas a situa\u00e7\u00e3o no estado. Estamos dando toda a aten\u00e7\u00e3o necess\u00e1ria, acolhendo, ajudando, fornecendo alimenta\u00e7\u00e3o, \u00e1gua e colch\u00f5es para os abrigos. A nossa estrutura de governo est\u00e1 unida ajudando e antecipando o que possa ocorrer para que os catarinenses se protejam. \u00c9 essa antecipa\u00e7\u00e3o que salva vidas. Isso \u00e9 um diferencial de Santa Catarina, a preven\u00e7\u00e3o e a prepara\u00e7\u00e3o dos munic\u00edpios para que seja poss\u00edvel atender as pessoas.\u201d, comentou o governador Jorginho Mello.<\/p>\n<p data-raofz=\"16\">Em novembro, contando com o evento desta semana, chega a 23 o n\u00famero de munic\u00edpios em situa\u00e7\u00e3o de emerg\u00eancia. Hoje pela manh\u00e3 Dion\u00edsio Cerqueira entrou nessa lista. Al\u00e9m das chuvas, o munic\u00edpio foi bastante impactado pelo granizo. Os bombeiros est\u00e3o realizando opera\u00e7\u00f5es nas cidades mais afetadas com refor\u00e7o de efetivo.<\/p>\n<p data-raofz=\"16\">Quanto as barragens, hoje pela manh\u00e3 equipes da Defesa Civil se deslocaram para Jos\u00e9 Boiteux para o fechamento de uma segunda comporta. O n\u00edvel da barragem estava em 42%. A barragem de Tai\u00f3 est\u00e1 com 59% e as sete comportas fechadas e Ituporanga com 62% e quatro comportas fechadas.<\/p>\n<p data-raofz=\"16\">\u201cN\u00f3s tivemos a intensifica\u00e7\u00e3o das chuvas, como j\u00e1 era previsto. Nesta quinta-feira come\u00e7amos o dia com muita chuva, principalmente no Oeste, Planalto Sul e Sul do estado, mas ao longo do dia ela se estendeu para o Vale do Itaja\u00ed, com maior concentra\u00e7\u00e3o no Alto Vale. E essa a condi\u00e7\u00e3o se mant\u00e9m nesta sexta-feira, 17, por isso refor\u00e7amos o pedido para que as pessoas fiquem atentas, principalmente aquelas que moram em \u00e1reas de risco. Existe a possibilidade de enchentes, mas n\u00e3o na mesma propor\u00e7\u00e3o que o m\u00eas de outubro, mas vale o refor\u00e7o para os moradores ficarem atentos. Importante subir os m\u00f3veis e retirar o que for poss\u00edvel\u201d, refor\u00e7ou o Coronel Armando Schroeder, secret\u00e1rio de Prote\u00e7\u00e3o e Defesa Civil.<\/p>\n<p data-raofz=\"16\">A chuva j\u00e1 deixou desabrigados pelo estado e por conta disso os munic\u00edpios mais atingidos j\u00e1 se mobilizaram para a abertura de abrigos. A secret\u00e1ria de Estado a Assist\u00eancia Social, Maria Helena Zimmermann, informou que abrigos j\u00e1 est\u00e3o operando em pelo menos 15 cidades. S\u00e3o elas: Capinzal, Presidente Get\u00falio, Mirim doce, S\u00e3o Jos\u00e9 do Cerrito, Lontras, Botuver\u00e1, Lages, Pouso Alegre, Tai\u00f3, Jabor\u00e1, Rio do Sul, Ouro, Ituporanga, Aurora, Agron\u00f4mica. Segundo a documenta\u00e7\u00e3o solicitando ajuda humanit\u00e1ria j\u00e1 foi encaminhada para o Governo Federal.<\/p>\n<p data-raofz=\"16\">A Defesa Civil refor\u00e7a os alertas e a import\u00e2ncia das pessoas ficaram atentas aos avisos. J\u00e1 houve v\u00e1rios registros de deslizamentos de terra em \u00e1reas urbanas e pelo menos vinte interven\u00e7\u00f5es em rodovias. Tamb\u00e9m foi confirmada a morte de duas idosas em Tai\u00f3, ap\u00f3s um carro ser arrastado pela \u00e1gua.<\/p>\n<p>Na reuni\u00e3o de hoje participaram integrantes da Defesa Civil, a secret\u00e1ria de Estado da Sa\u00fade, Carmen Zanotto; a secret\u00e1ria de Estado da Assist\u00eancia Social, Mulher e Fam\u00edlia, Maria Helena Zimmermann; o secret\u00e1rio de Estado da Comunica\u00e7\u00e3o, Jo\u00e3o Evaristo Debiasi; o secret\u00e1rio de Estado da Casa Civil, Est\u00eaner Soratto e o secret\u00e1rio adjunto da Infraestrutura e Mobilidade, Ricardo Grando.<\/p>\n<p data-raofz=\"16\"><img fetchpriority=\"high\" decoding=\"async\" class=\"alignnone size-full wp-image-3908\" src=\"http:\/\/sulsc.com\/wp-content\/uploads\/2023\/11\/Em-SC-Governador-se-reune-com-Grupo-de-Acoes-Coordenadas-para-avaliar-a-situacao-das-chuvas.jpg\" alt=\"\" width=\"1024\" height=\"683\" srcset=\"https:\/\/sulsc.com\/wp-content\/uploads\/2023\/11\/Em-SC-Governador-se-reune-com-Grupo-de-Acoes-Coordenadas-para-avaliar-a-situacao-das-chuvas.jpg 1024w, https:\/\/sulsc.com\/wp-content\/uploads\/2023\/11\/Em-SC-Governador-se-reune-com-Grupo-de-Acoes-Coordenadas-para-avaliar-a-situacao-das-chuvas-300x200.jpg 300w, https:\/\/sulsc.com\/wp-content\/uploads\/2023\/11\/Em-SC-Governador-se-reune-com-Grupo-de-Acoes-Coordenadas-para-avaliar-a-situacao-das-chuvas-768x512.jpg 768w\" sizes=\"(max-width: 1024px) 100vw, 1024px\" \/><\/p>\n<p data-raofz=\"16\"><strong>Previs\u00e3o e alerta<\/strong><\/p>\n<p data-raofz=\"16\">At\u00e9 o s\u00e1bado (18), a Defesa Civil de Santa Catarina mant\u00e9m a condi\u00e7\u00e3o para temporais e chuva volumosa no estado. O risco \u00e9 alto para ocorr\u00eancias associadas a chuva volumosa, como alagamentos, enxurradas, deslizamentos e inunda\u00e7\u00f5es graduais, sobretudo entre o Vale do Itaja\u00ed e o Sul catarinense. Al\u00e9m disso, permanece o risco alto para ocorr\u00eancias associadas aos temporais com raios, vendavais e granizo, como destelhamentos, danos na rede el\u00e9trica, queda de galhos e de \u00e1rvores.<\/p>\n<p data-raofz=\"16\">Os temporais perdem intensidade do Centro ao Leste com per\u00edodos sem chuva. Mas a partir do final do dia de hoje, retornam as condi\u00e7\u00f5es para temporais com chance de tempestades severas que se estendem pelo s\u00e1bado (18). Os acumulados previstos para o per\u00edodo entre esta sexta-feira (17) e o s\u00e1bado (18) s\u00e3o mostrados abaixo. Vale ressaltar que pontuais acima podem ser observados em todas as regi\u00f5es, especialmente nas \u00e1reas pr\u00f3ximas \u00e0 divisa com o RS:<\/p>\n<p data-raofz=\"16\">80 -110 mm no Planalto Sul;<br \/>\n110 \u2013 140 mm no Litoral Sul;<br \/>\n100 \u2013 150 mm no Alto Vale e Grande Oeste e Grande Florian\u00f3polis;<br \/>\n20 \u2013 40 mm no Planalto Norte, Litoral Norte, M\u00e9dio e Baixo Vale do Itaja\u00ed;<\/p>\n<p data-raofz=\"16\">\n<p data-raofz=\"16\"><strong>Acompanhe a atualiza\u00e7\u00e3o dos Avisos Meteorol\u00f3gicos e dos Alertas emitidos em tempo real pela Defesa Civil de SC atrav\u00e9s do site e redes sociais oficiais.<\/strong><\/p>\n<p data-raofz=\"16\">Fonte: Gov. SC<\/p>\n","protected":false},"excerpt":{"rendered":"<p>O governador Jorginho Mello esteve na sede da Defesa Civil em Florian\u00f3polis, na manh\u00e3 desta sexta-feira (17), para analisar a situa\u00e7\u00e3o das chuvas em Santa Catarina. Desde ontem a chuva \u00e9 intensa em todo o estado. Uma situa\u00e7\u00e3o que a Defesa Civil j\u00e1 vinha alertando e pedindo aten\u00e7\u00e3o dos moradores. A previs\u00e3o \u00e9 de chuvas &hellip;<\/p>\n<p class=\"read-more\"> <a class=\"\" href=\"https:\/\/sulsc.com\/index.php\/2023\/11\/17\/em-sc-governador-se-reune-com-grupo-de-acoes-coordenadas-para-avaliar-a-situacao-das-chuvas\/\"> <span class=\"screen-reader-text\">Em SC: Governador se re\u00fane com Grupo de A\u00e7\u00f5es Coordenadas para avaliar a situa\u00e7\u00e3o das chuvas<\/span> Read More &raquo;<\/a><\/p>\n","protected":false},"author":3,"featured_media":3908,"comment_status":"open","ping_status":"open","sticky":false,"template":"","format":"standard","meta":{"site-sidebar-layout":"default","site-content-layout":"","ast-site-content-layout":"default","site-content-style":"default","site-sidebar-style":"default","ast-global-header-display":"","ast-banner-title-visibility":"","ast-main-header-display":"","ast-hfb-above-header-display":"","ast-hfb-below-header-display":"","ast-hfb-mobile-header-display":"","site-post-title":"","ast-breadcrumbs-content":"","ast-featured-img":"","footer-sml-layout":"","theme-transparent-header-meta":"default","adv-header-id-meta":"","stick-header-meta":"","header-above-stick-meta":"","header-main-stick-meta":"","header-below-stick-meta":"","astra-migrate-meta-layouts":"set","footnotes":""},"categories":[1],"tags":[],"yoast_head":"<!-- This site is optimized with the Yoast SEO plugin v21.4 - https:\/\/yoast.com\/wordpress\/plugins\/seo\/ -->\n<title>Em SC: Governador se re\u00fane com Grupo de A\u00e7\u00f5es Coordenadas para avaliar a situa\u00e7\u00e3o das chuvas -<\/title>\n<meta name=\"robots\" content=\"index, follow, max-snippet:-1, max-image-preview:large, max-video-preview:-1\" \/>\n<link rel=\"canonical\" href=\"https:\/\/sulsc.com\/index.php\/2023\/11\/17\/em-sc-governador-se-reune-com-grupo-de-acoes-coordenadas-para-avaliar-a-situacao-das-chuvas\/\" \/>\n<meta property=\"og:locale\" content=\"en_US\" \/>\n<meta property=\"og:type\" content=\"article\" \/>\n<meta property=\"og:title\" content=\"Em SC: Governador se re\u00fane com Grupo de A\u00e7\u00f5es Coordenadas para avaliar a situa\u00e7\u00e3o das chuvas -\" \/>\n<meta property=\"og:description\" content=\"O governador Jorginho Mello esteve na sede da Defesa Civil em Florian\u00f3polis, na manh\u00e3 desta sexta-feira (17), para analisar a situa\u00e7\u00e3o das chuvas em Santa Catarina. Desde ontem a chuva \u00e9 intensa em todo o estado. Uma situa\u00e7\u00e3o que a Defesa Civil j\u00e1 vinha alertando e pedindo aten\u00e7\u00e3o dos moradores. A previs\u00e3o \u00e9 de chuvas &hellip; Em SC: Governador se re\u00fane com Grupo de A\u00e7\u00f5es Coordenadas para avaliar a situa\u00e7\u00e3o das chuvas Read More &raquo;\" \/>\n<meta property=\"og:url\" content=\"https:\/\/sulsc.com\/index.php\/2023\/11\/17\/em-sc-governador-se-reune-com-grupo-de-acoes-coordenadas-para-avaliar-a-situacao-das-chuvas\/\" \/>\n<meta property=\"article:author\" content=\"https:\/\/www.facebook.com\/profile.php?id=61559278119680\" \/>\n<meta property=\"article:published_time\" content=\"2023-11-17T18:00:35+00:00\" \/>\n<meta property=\"article:modified_time\" content=\"2023-11-17T17:30:52+00:00\" \/>\n<meta property=\"og:image\" content=\"https:\/\/sulsc.com\/wp-content\/uploads\/2023\/11\/Em-SC-Governador-se-reune-com-Grupo-de-Acoes-Coordenadas-para-avaliar-a-situacao-das-chuvas.jpg\" \/>\n\t<meta property=\"og:image:width\" content=\"1024\" \/>\n\t<meta property=\"og:image:height\" content=\"683\" \/>\n\t<meta property=\"og:image:type\" content=\"image\/jpeg\" \/>\n<meta name=\"author\" content=\"Reda\u00e7\u00e3o Sul SC\" \/>\n<meta name=\"twitter:card\" content=\"summary_large_image\" \/>\n<meta name=\"twitter:creator\" content=\"@https:\/\/twitter.com\/PortalSulSC\" \/>\n<meta name=\"twitter:label1\" content=\"Written by\" \/>\n\t<meta name=\"twitter:data1\" content=\"Reda\u00e7\u00e3o Sul SC\" \/>\n\t<meta name=\"twitter:label2\" content=\"Est. reading time\" \/>\n\t<meta name=\"twitter:data2\" content=\"5 minutes\" \/>\n<script type=\"application\/ld+json\" class=\"yoast-schema-graph\">{\"@context\":\"https:\/\/schema.org\",\"@graph\":[{\"@type\":\"WebPage\",\"@id\":\"https:\/\/sulsc.com\/index.php\/2023\/11\/17\/em-sc-governador-se-reune-com-grupo-de-acoes-coordenadas-para-avaliar-a-situacao-das-chuvas\/\",\"url\":\"https:\/\/sulsc.com\/index.php\/2023\/11\/17\/em-sc-governador-se-reune-com-grupo-de-acoes-coordenadas-para-avaliar-a-situacao-das-chuvas\/\",\"name\":\"Em SC: Governador se re\u00fane com Grupo de A\u00e7\u00f5es Coordenadas para avaliar a situa\u00e7\u00e3o das chuvas -\",\"isPartOf\":{\"@id\":\"https:\/\/sulsc.com\/#website\"},\"datePublished\":\"2023-11-17T18:00:35+00:00\",\"dateModified\":\"2023-11-17T17:30:52+00:00\",\"author\":{\"@id\":\"https:\/\/sulsc.com\/#\/schema\/person\/84d2fc571684f6248ba83092f07750a3\"},\"breadcrumb\":{\"@id\":\"https:\/\/sulsc.com\/index.php\/2023\/11\/17\/em-sc-governador-se-reune-com-grupo-de-acoes-coordenadas-para-avaliar-a-situacao-das-chuvas\/#breadcrumb\"},\"inLanguage\":\"en-US\",\"potentialAction\":[{\"@type\":\"ReadAction\",\"target\":[\"https:\/\/sulsc.com\/index.php\/2023\/11\/17\/em-sc-governador-se-reune-com-grupo-de-acoes-coordenadas-para-avaliar-a-situacao-das-chuvas\/\"]}]},{\"@type\":\"BreadcrumbList\",\"@id\":\"https:\/\/sulsc.com\/index.php\/2023\/11\/17\/em-sc-governador-se-reune-com-grupo-de-acoes-coordenadas-para-avaliar-a-situacao-das-chuvas\/#breadcrumb\",\"itemListElement\":[{\"@type\":\"ListItem\",\"position\":1,\"name\":\"In\u00edcio\",\"item\":\"https:\/\/sulsc.com\/\"},{\"@type\":\"ListItem\",\"position\":2,\"name\":\"Em SC: Governador se re\u00fane com Grupo de A\u00e7\u00f5es Coordenadas para avaliar a situa\u00e7\u00e3o das chuvas\"}]},{\"@type\":\"WebSite\",\"@id\":\"https:\/\/sulsc.com\/#website\",\"url\":\"https:\/\/sulsc.com\/\",\"name\":\"\",\"description\":\"\",\"potentialAction\":[{\"@type\":\"SearchAction\",\"target\":{\"@type\":\"EntryPoint\",\"urlTemplate\":\"https:\/\/sulsc.com\/?s={search_term_string}\"},\"query-input\":\"required name=search_term_string\"}],\"inLanguage\":\"en-US\"},{\"@type\":\"Person\",\"@id\":\"https:\/\/sulsc.com\/#\/schema\/person\/84d2fc571684f6248ba83092f07750a3\",\"name\":\"Reda\u00e7\u00e3o Sul SC\",\"image\":{\"@type\":\"ImageObject\",\"inLanguage\":\"en-US\",\"@id\":\"https:\/\/sulsc.com\/#\/schema\/person\/image\/e08d7fe2cc4ed596372063bbe852b8d0\",\"url\":\"https:\/\/sulsc.com\/wp-content\/uploads\/2023\/09\/redacao.png\",\"contentUrl\":\"https:\/\/sulsc.com\/wp-content\/uploads\/2023\/09\/redacao.png\",\"caption\":\"Reda\u00e7\u00e3o Sul SC\"},\"description\":\"Foco em um jornalismo imparcial, voltado \u00e0 qualidade dos seus conte\u00fados e, assim, levar informa\u00e7\u00e3o de valor que agregue \u00e0 vida dos leitores. Esta \u00e9 grande miss\u00e3o do Portal de Not\u00edcias Sul SC. N\u00e3o \u00e9 quantidade que muda o mundo, sempre foi e seguir\u00e1 sendo qualidade!\",\"sameAs\":[\"https:\/\/sulsc.com\/\",\"https:\/\/www.facebook.com\/profile.php?id=61559278119680\",\"https:\/\/www.instagram.com\/sulscportal\/?hl=pt-br\",\"https:\/\/twitter.com\/https:\/\/twitter.com\/PortalSulSC\",\"https:\/\/www.youtube.com\/channel\/UCv_BE8GeySluDov2n8qhVmw\"],\"url\":\"https:\/\/sulsc.com\/index.php\/author\/redacao\/\"}]}<\/script>\n<!-- \/ Yoast SEO plugin. -->","yoast_head_json":{"title":"Em SC: Governador se re\u00fane com Grupo de A\u00e7\u00f5es Coordenadas para avaliar a situa\u00e7\u00e3o das chuvas -","robots":{"index":"index","follow":"follow","max-snippet":"max-snippet:-1","max-image-preview":"max-image-preview:large","max-video-preview":"max-video-preview:-1"},"canonical":"https:\/\/sulsc.com\/index.php\/2023\/11\/17\/em-sc-governador-se-reune-com-grupo-de-acoes-coordenadas-para-avaliar-a-situacao-das-chuvas\/","og_locale":"en_US","og_type":"article","og_title":"Em SC: Governador se re\u00fane com Grupo de A\u00e7\u00f5es Coordenadas para avaliar a situa\u00e7\u00e3o das chuvas -","og_description":"O governador Jorginho Mello esteve na sede da Defesa Civil em Florian\u00f3polis, na manh\u00e3 desta sexta-feira (17), para analisar a situa\u00e7\u00e3o das chuvas em Santa Catarina. Desde ontem a chuva \u00e9 intensa em todo o estado. Uma situa\u00e7\u00e3o que a Defesa Civil j\u00e1 vinha alertando e pedindo aten\u00e7\u00e3o dos moradores. A previs\u00e3o \u00e9 de chuvas &hellip; Em SC: Governador se re\u00fane com Grupo de A\u00e7\u00f5es Coordenadas para avaliar a situa\u00e7\u00e3o das chuvas Read More &raquo;","og_url":"https:\/\/sulsc.com\/index.php\/2023\/11\/17\/em-sc-governador-se-reune-com-grupo-de-acoes-coordenadas-para-avaliar-a-situacao-das-chuvas\/","article_author":"https:\/\/www.facebook.com\/profile.php?id=61559278119680","article_published_time":"2023-11-17T18:00:35+00:00","article_modified_time":"2023-11-17T17:30:52+00:00","og_image":[{"width":1024,"height":683,"url":"https:\/\/sulsc.com\/wp-content\/uploads\/2023\/11\/Em-SC-Governador-se-reune-com-Grupo-de-Acoes-Coordenadas-para-avaliar-a-situacao-das-chuvas.jpg","type":"image\/jpeg"}],"author":"Reda\u00e7\u00e3o Sul SC","twitter_card":"summary_large_image","twitter_creator":"@https:\/\/twitter.com\/PortalSulSC","twitter_misc":{"Written by":"Reda\u00e7\u00e3o Sul SC","Est. reading time":"5 minutes"},"schema":{"@context":"https:\/\/schema.org","@graph":[{"@type":"WebPage","@id":"https:\/\/sulsc.com\/index.php\/2023\/11\/17\/em-sc-governador-se-reune-com-grupo-de-acoes-coordenadas-para-avaliar-a-situacao-das-chuvas\/","url":"https:\/\/sulsc.com\/index.php\/2023\/11\/17\/em-sc-governador-se-reune-com-grupo-de-acoes-coordenadas-para-avaliar-a-situacao-das-chuvas\/","name":"Em SC: Governador se re\u00fane com Grupo de A\u00e7\u00f5es Coordenadas para avaliar a situa\u00e7\u00e3o das chuvas -","isPartOf":{"@id":"https:\/\/sulsc.com\/#website"},"datePublished":"2023-11-17T18:00:35+00:00","dateModified":"2023-11-17T17:30:52+00:00","author":{"@id":"https:\/\/sulsc.com\/#\/schema\/person\/84d2fc571684f6248ba83092f07750a3"},"breadcrumb":{"@id":"https:\/\/sulsc.com\/index.php\/2023\/11\/17\/em-sc-governador-se-reune-com-grupo-de-acoes-coordenadas-para-avaliar-a-situacao-das-chuvas\/#breadcrumb"},"inLanguage":"en-US","potentialAction":[{"@type":"ReadAction","target":["https:\/\/sulsc.com\/index.php\/2023\/11\/17\/em-sc-governador-se-reune-com-grupo-de-acoes-coordenadas-para-avaliar-a-situacao-das-chuvas\/"]}]},{"@type":"BreadcrumbList","@id":"https:\/\/sulsc.com\/index.php\/2023\/11\/17\/em-sc-governador-se-reune-com-grupo-de-acoes-coordenadas-para-avaliar-a-situacao-das-chuvas\/#breadcrumb","itemListElement":[{"@type":"ListItem","position":1,"name":"In\u00edcio","item":"https:\/\/sulsc.com\/"},{"@type":"ListItem","position":2,"name":"Em SC: Governador se re\u00fane com Grupo de A\u00e7\u00f5es Coordenadas para avaliar a situa\u00e7\u00e3o das chuvas"}]},{"@type":"WebSite","@id":"https:\/\/sulsc.com\/#website","url":"https:\/\/sulsc.com\/","name":"","description":"","potentialAction":[{"@type":"SearchAction","target":{"@type":"EntryPoint","urlTemplate":"https:\/\/sulsc.com\/?s={search_term_string}"},"query-input":"required name=search_term_string"}],"inLanguage":"en-US"},{"@type":"Person","@id":"https:\/\/sulsc.com\/#\/schema\/person\/84d2fc571684f6248ba83092f07750a3","name":"Reda\u00e7\u00e3o Sul SC","image":{"@type":"ImageObject","inLanguage":"en-US","@id":"https:\/\/sulsc.com\/#\/schema\/person\/image\/e08d7fe2cc4ed596372063bbe852b8d0","url":"https:\/\/sulsc.com\/wp-content\/uploads\/2023\/09\/redacao.png","contentUrl":"https:\/\/sulsc.com\/wp-content\/uploads\/2023\/09\/redacao.png","caption":"Reda\u00e7\u00e3o Sul SC"},"description":"Foco em um jornalismo imparcial, voltado \u00e0 qualidade dos seus conte\u00fados e, assim, levar informa\u00e7\u00e3o de valor que agregue \u00e0 vida dos leitores. Esta \u00e9 grande miss\u00e3o do Portal de Not\u00edcias Sul SC. N\u00e3o \u00e9 quantidade que muda o mundo, sempre foi e seguir\u00e1 sendo qualidade!","sameAs":["https:\/\/sulsc.com\/","https:\/\/www.facebook.com\/profile.php?id=61559278119680","https:\/\/www.instagram.com\/sulscportal\/?hl=pt-br","https:\/\/twitter.com\/https:\/\/twitter.com\/PortalSulSC","https:\/\/www.youtube.com\/channel\/UCv_BE8GeySluDov2n8qhVmw"],"url":"https:\/\/sulsc.com\/index.php\/author\/redacao\/"}]}},"authors":[],"_links":{"self":[{"href":"https:\/\/sulsc.com\/index.php\/wp-json\/wp\/v2\/posts\/3907"}],"collection":[{"href":"https:\/\/sulsc.com\/index.php\/wp-json\/wp\/v2\/posts"}],"about":[{"href":"https:\/\/sulsc.com\/index.php\/wp-json\/wp\/v2\/types\/post"}],"author":[{"embeddable":true,"href":"https:\/\/sulsc.com\/index.php\/wp-json\/wp\/v2\/users\/3"}],"replies":[{"embeddable":true,"href":"https:\/\/sulsc.com\/index.php\/wp-json\/wp\/v2\/comments?post=3907"}],"version-history":[{"count":1,"href":"https:\/\/sulsc.com\/index.php\/wp-json\/wp\/v2\/posts\/3907\/revisions"}],"predecessor-version":[{"id":3909,"href":"https:\/\/sulsc.com\/index.php\/wp-json\/wp\/v2\/posts\/3907\/revisions\/3909"}],"wp:featuredmedia":[{"embeddable":true,"href":"https:\/\/sulsc.com\/index.php\/wp-json\/wp\/v2\/media\/3908"}],"wp:attachment":[{"href":"https:\/\/sulsc.com\/index.php\/wp-json\/wp\/v2\/media?parent=3907"}],"wp:term":[{"taxonomy":"category","embeddable":true,"href":"https:\/\/sulsc.com\/index.php\/wp-json\/wp\/v2\/categories?post=3907"},{"taxonomy":"post_tag","embeddable":true,"href":"https:\/\/sulsc.com\/index.php\/wp-json\/wp\/v2\/tags?post=3907"}],"curies":[{"name":"wp","href":"https:\/\/api.w.org\/{rel}","templated":true}]}}