{"id":3944,"date":"2023-11-19T12:30:15","date_gmt":"2023-11-19T15:30:15","guid":{"rendered":"https:\/\/sulsc.com\/?p=3944"},"modified":"2023-11-19T12:35:05","modified_gmt":"2023-11-19T15:35:05","slug":"operacao-mensageiro-condenado-nucleo-empresarial-da-organizacao-criminosa","status":"publish","type":"post","link":"https:\/\/sulsc.com\/index.php\/2023\/11\/19\/operacao-mensageiro-condenado-nucleo-empresarial-da-organizacao-criminosa\/","title":{"rendered":"Opera\u00e7\u00e3o Mensageiro: condenado n\u00facleo empresarial da organiza\u00e7\u00e3o criminosa"},"content":{"rendered":"<p>Menos de um ano ap\u00f3s o Minist\u00e9rio P\u00fablico de Santa Catarina (MPSC) deflagrar a primeira fase da sua maior opera\u00e7\u00e3o de combate \u00e0 corrup\u00e7\u00e3o, a 5\u00aa C\u00e2mara de Direito Criminal do Tribunal de Justi\u00e7a (TJSC) julgou e condenou pelo crime de organiza\u00e7\u00e3o criminosa, por unanimidade, todos os 14 r\u00e9us do n\u00facleo empresarial envolvidos na Opera\u00e7\u00e3o Mensageiro.<\/p>\n<p>O Subprocurador-Geral de Justi\u00e7a para Assuntos Jur\u00eddicos, Durval da Silva Amorim, representou o MPSC e fez sustenta\u00e7\u00e3o oral no in\u00edcio da sess\u00e3o de julgamento. Com a decis\u00e3o, o Poder Judici\u00e1rio Catarinense reconhece a constitui\u00e7\u00e3o da organiza\u00e7\u00e3o criminosa, que atuou desde o ano de 2014 at\u00e9 a deflagra\u00e7\u00e3o da Opera\u00e7\u00e3o Mensageiro, em 6 de dezembro de 2022.<\/p>\n<p>A condena\u00e7\u00e3o acolheu a \u00edntegra dos requerimentos do Minist\u00e9rio P\u00fablico feitos nas alega\u00e7\u00f5es finais orais, apresentadas em audi\u00eancia ao final da instru\u00e7\u00e3o, que indicou o vasto material probat\u00f3rio colhido, confirmando a exist\u00eancia da organiza\u00e7\u00e3o criminosa, em seus dois eixos (p\u00fablico e privado), sua estrutura\u00e7\u00e3o, a log\u00edstica para arrecada\u00e7\u00e3o e distribui\u00e7\u00e3o de propina, a divis\u00e3o de tarefas entre seus integrantes e a forma de ingresso dos agentes p\u00fablicos.<\/p>\n<p>Conforme a decis\u00e3o condenat\u00f3ria, restou comprovado que o l\u00edder do grupo criminoso &#8220;estruturou e comandou uma complexa organiza\u00e7\u00e3o criminosa, de maneira ordenada, e caracterizada pela divis\u00e3o de tarefas com diversos funcion\u00e1rios, ainda que informais, do Grupo Serrana, o qual \u00e9 s\u00f3cio-majorit\u00e1rio, integrada ainda com diversos agentes p\u00fablicos, notadamente, prefeitos e secret\u00e1rios municipais, imprescind\u00edveis para o exaurimento da finalidade do grupo criminoso, consistente notadamente em pr\u00e1ticas de corrup\u00e7\u00e3o (arts. 317 e 333 do CP) e fraudes \u00e0 licita\u00e7\u00e3o (art. 337-F do CP)&#8221;.<\/p>\n<p>Considerando as circunst\u00e2ncias judiciais desfavor\u00e1veis, o l\u00edder do grupo teve a pena inicial fixada no m\u00e1ximo legal previsto para o crime de organiza\u00e7\u00e3o criminosa, que varia de tr\u00eas a oito anos de reclus\u00e3o. Em raz\u00e3o da colabora\u00e7\u00e3o premiada, sua san\u00e7\u00e3o foi reduzida para quatro anos, por\u00e9m mantido o regime fechado. A pena n\u00e3o \u00e9 definitiva, pois os integrantes do grupo empresarial ainda respondem a outras 21 a\u00e7\u00f5es penais pela pr\u00e1tica de in\u00fameros atos de corrup\u00e7\u00e3o e fraudes \u00e0 licita\u00e7\u00e3o, cujas san\u00e7\u00f5es individuais variam de dois a 12 anos de reclus\u00e3o.<\/p>\n<p>A colabora\u00e7\u00e3o do empres\u00e1rio e funcion\u00e1rios confirmou os fatos apurados na investiga\u00e7\u00e3o e possibilitou a descoberta de centenas de outros crimes praticados por prefeitos municipais, secret\u00e1rios municipais e outros servidores p\u00fablicos que enriqueceram com o dinheiro p\u00fablico. Al\u00e9m disso, com as assinaturas dos acordos, j\u00e1 ficou garantida, pelo menos, a devolu\u00e7\u00e3o de 53 milh\u00f5es de reais aos munic\u00edpios lesados. Considerando todos os investigados, j\u00e1 foram bloqueados para ressarcimento ao todo R$ 282 milh\u00f5es.<\/p>\n<p>O nome dos condenados n\u00e3o pode ser divulgado por determina\u00e7\u00e3o legal, em raz\u00e3o de colabora\u00e7\u00e3o premiada.<\/p>\n<p><img fetchpriority=\"high\" decoding=\"async\" class=\"alignnone size-full wp-image-1844\" src=\"http:\/\/sulsc.com\/wp-content\/uploads\/2023\/10\/Justica-condenacao.jpg\" alt=\"\" width=\"500\" height=\"334\" srcset=\"https:\/\/sulsc.com\/wp-content\/uploads\/2023\/10\/Justica-condenacao.jpg 500w, https:\/\/sulsc.com\/wp-content\/uploads\/2023\/10\/Justica-condenacao-300x200.jpg 300w\" sizes=\"(max-width: 500px) 100vw, 500px\" \/><\/p>\n<p>&nbsp;<\/p>\n<p><strong>A Opera\u00e7\u00e3o Mensageiro<\/strong><\/p>\n<p>A primeira fase da &#8220;Mensageiro&#8221; foi deflagrada em 6 de dezembro de 2022 pela Subprocuradoria-Geral de Justi\u00e7a para Assuntos Jur\u00eddicos, ap\u00f3s investiga\u00e7\u00e3o feita pelos grupos especializados do MPSC para atua\u00e7\u00e3o na \u00e1rea, que s\u00e3o o Grupo Especial Anticorrup\u00e7\u00e3o (GEAC) e o Grupo de Atua\u00e7\u00e3o Especial de Combate \u00e0s Organiza\u00e7\u00f5es Criminosas (GAECO).<\/p>\n<p>Para fazer frente ao crescente volume de trabalho decorrente da Opera\u00e7\u00e3o, no m\u00eas de agosto de 2022, a Procuradoria-Geral de Justi\u00e7a instituiu uma for\u00e7a-tarefa tanto para o acompanhamento das a\u00e7\u00f5es que tramitam perante o Segundo Grau, como para aquelas que foram declinadas para o Primeiro Grau em raz\u00e3o da perda da prerrogativa de foro por parte dos agentes p\u00fablicos.<\/p>\n<p>A equipe que atualmente atua em conjunto com o Subprocurador-Geral de Justi\u00e7a para Assuntos Jur\u00eddicos, Durval da Silva Amorim, s\u00e3o os Promotores de Justi\u00e7a Marcio Andre Zattar Cota, Marina Modesto Rebelo, Gilberto Assink de Souza, Diego Roberto Barbiero, Juliana Ramthun Frasson, Daniele Garcia Moritz, Marcelo Sebasti\u00e3o Netto de Campos e Roberta Trentini Machado Gon\u00e7alves.<\/p>\n<p>O grupo est\u00e1 incumbido da investiga\u00e7\u00e3o de diversos novos fatos, oitiva de investigados e colaboradores, proposi\u00e7\u00e3o de novas a\u00e7\u00f5es penais, acompanhamento de Habeas Corpus e recursos perante os Tribunais Superiores, elabora\u00e7\u00e3o de memoriais, al\u00e9m de prestar todo o apoio aos Promotores de Justi\u00e7a das comarcas nas a\u00e7\u00f5es que foram declinadas para o Primeiro Grau, inclusive participa\u00e7\u00e3o nas audi\u00eancias de instru\u00e7\u00e3o e julgamento e elabora\u00e7\u00e3o das alega\u00e7\u00f5es finais. Ao todo, a for\u00e7a-tarefa j\u00e1 realizou 746 audi\u00eancias extrajudiciais e judiciais, que totalizam mais de trezentas horas de grava\u00e7\u00e3o.<\/p>\n<p>&nbsp;<\/p>\n<p><strong>A\u00e7\u00f5es ajuizadas<\/strong><\/p>\n<p>At\u00e9 o momento h\u00e1 22 a\u00e7\u00f5es penais por condutas praticadas nos munic\u00edpios de Balne\u00e1rio Barra do Sul, Bela Vista do Toldo, Bra\u00e7o do Norte, Canoinhas, Capivari de Baixo, Corup\u00e1, Gravatal, Guaramirim, Ibirama, Imaru\u00ed, Itapo\u00e1, Lages, Major Vieira, Massaranduba, Papanduva, Pescaria Brava, Presidente Get\u00falio, Schroeder, Tr\u00eas Barras e Tubar\u00e3o, sendo 6 no Tribunal de Justi\u00e7a de Santa Catarina e 16 nas Comarcas. Cabe recurso da decis\u00e3o desta quinta-feira.<\/p>\n<p>Esta \u00e9 segunda das a\u00e7\u00f5es a ser julgada. A primeira foi relativa ao munic\u00edpio de Itapo\u00e1 pelos crimes de organiza\u00e7\u00e3o criminosa do agente p\u00fablico, corrup\u00e7\u00e3o ativa e corrup\u00e7\u00e3o passiva. As demais a\u00e7\u00f5es est\u00e3o em fases adiantadas da instru\u00e7\u00e3o.<\/p>\n<p>&nbsp;<\/p>\n<p>Fonte: MPSC<\/p>\n","protected":false},"excerpt":{"rendered":"<p>Menos de um ano ap\u00f3s o Minist\u00e9rio P\u00fablico de Santa Catarina (MPSC) deflagrar a primeira fase da sua maior opera\u00e7\u00e3o de combate \u00e0 corrup\u00e7\u00e3o, a 5\u00aa C\u00e2mara de Direito Criminal do Tribunal de Justi\u00e7a (TJSC) julgou e condenou pelo crime de organiza\u00e7\u00e3o criminosa, por unanimidade, todos os 14 r\u00e9us do n\u00facleo empresarial envolvidos na Opera\u00e7\u00e3o &hellip;<\/p>\n<p class=\"read-more\"> <a class=\"\" href=\"https:\/\/sulsc.com\/index.php\/2023\/11\/19\/operacao-mensageiro-condenado-nucleo-empresarial-da-organizacao-criminosa\/\"> <span class=\"screen-reader-text\">Opera\u00e7\u00e3o Mensageiro: condenado n\u00facleo empresarial da organiza\u00e7\u00e3o criminosa<\/span> Read More &raquo;<\/a><\/p>\n","protected":false},"author":3,"featured_media":3946,"comment_status":"open","ping_status":"open","sticky":false,"template":"","format":"standard","meta":{"site-sidebar-layout":"default","site-content-layout":"","ast-site-content-layout":"default","site-content-style":"default","site-sidebar-style":"default","ast-global-header-display":"","ast-banner-title-visibility":"","ast-main-header-display":"","ast-hfb-above-header-display":"","ast-hfb-below-header-display":"","ast-hfb-mobile-header-display":"","site-post-title":"","ast-breadcrumbs-content":"","ast-featured-img":"","footer-sml-layout":"","theme-transparent-header-meta":"default","adv-header-id-meta":"","stick-header-meta":"","header-above-stick-meta":"","header-main-stick-meta":"","header-below-stick-meta":"","astra-migrate-meta-layouts":"set","footnotes":""},"categories":[1],"tags":[],"yoast_head":"<!-- This site is optimized with the Yoast SEO plugin v21.4 - https:\/\/yoast.com\/wordpress\/plugins\/seo\/ -->\n<title>Opera\u00e7\u00e3o Mensageiro: condenado n\u00facleo empresarial da organiza\u00e7\u00e3o criminosa -<\/title>\n<meta name=\"robots\" content=\"index, follow, max-snippet:-1, max-image-preview:large, max-video-preview:-1\" \/>\n<link rel=\"canonical\" href=\"https:\/\/sulsc.com\/index.php\/2023\/11\/19\/operacao-mensageiro-condenado-nucleo-empresarial-da-organizacao-criminosa\/\" \/>\n<meta property=\"og:locale\" content=\"en_US\" \/>\n<meta property=\"og:type\" content=\"article\" \/>\n<meta property=\"og:title\" content=\"Opera\u00e7\u00e3o Mensageiro: condenado n\u00facleo empresarial da organiza\u00e7\u00e3o criminosa -\" \/>\n<meta property=\"og:description\" content=\"Menos de um ano ap\u00f3s o Minist\u00e9rio P\u00fablico de Santa Catarina (MPSC) deflagrar a primeira fase da sua maior opera\u00e7\u00e3o de combate \u00e0 corrup\u00e7\u00e3o, a 5\u00aa C\u00e2mara de Direito Criminal do Tribunal de Justi\u00e7a (TJSC) julgou e condenou pelo crime de organiza\u00e7\u00e3o criminosa, por unanimidade, todos os 14 r\u00e9us do n\u00facleo empresarial envolvidos na Opera\u00e7\u00e3o &hellip; Opera\u00e7\u00e3o Mensageiro: condenado n\u00facleo empresarial da organiza\u00e7\u00e3o criminosa Read More &raquo;\" \/>\n<meta property=\"og:url\" content=\"https:\/\/sulsc.com\/index.php\/2023\/11\/19\/operacao-mensageiro-condenado-nucleo-empresarial-da-organizacao-criminosa\/\" \/>\n<meta property=\"article:author\" content=\"https:\/\/www.facebook.com\/profile.php?id=61559278119680\" \/>\n<meta property=\"article:published_time\" content=\"2023-11-19T15:30:15+00:00\" \/>\n<meta property=\"article:modified_time\" content=\"2023-11-19T15:35:05+00:00\" \/>\n<meta property=\"og:image\" content=\"http:\/\/sulsc.com\/wp-content\/uploads\/2023\/11\/MPSC.jpeg\" \/>\n\t<meta property=\"og:image:width\" content=\"1200\" \/>\n\t<meta property=\"og:image:height\" content=\"675\" \/>\n\t<meta property=\"og:image:type\" content=\"image\/jpeg\" \/>\n<meta name=\"author\" content=\"Reda\u00e7\u00e3o Sul SC\" \/>\n<meta name=\"twitter:card\" content=\"summary_large_image\" \/>\n<meta name=\"twitter:creator\" content=\"@https:\/\/twitter.com\/PortalSulSC\" \/>\n<meta name=\"twitter:label1\" content=\"Written by\" \/>\n\t<meta name=\"twitter:data1\" content=\"Reda\u00e7\u00e3o Sul SC\" \/>\n\t<meta name=\"twitter:label2\" content=\"Est. reading time\" \/>\n\t<meta name=\"twitter:data2\" content=\"5 minutes\" \/>\n<script type=\"application\/ld+json\" class=\"yoast-schema-graph\">{\"@context\":\"https:\/\/schema.org\",\"@graph\":[{\"@type\":\"WebPage\",\"@id\":\"https:\/\/sulsc.com\/index.php\/2023\/11\/19\/operacao-mensageiro-condenado-nucleo-empresarial-da-organizacao-criminosa\/\",\"url\":\"https:\/\/sulsc.com\/index.php\/2023\/11\/19\/operacao-mensageiro-condenado-nucleo-empresarial-da-organizacao-criminosa\/\",\"name\":\"Opera\u00e7\u00e3o Mensageiro: condenado n\u00facleo empresarial da organiza\u00e7\u00e3o criminosa -\",\"isPartOf\":{\"@id\":\"https:\/\/sulsc.com\/#website\"},\"datePublished\":\"2023-11-19T15:30:15+00:00\",\"dateModified\":\"2023-11-19T15:35:05+00:00\",\"author\":{\"@id\":\"https:\/\/sulsc.com\/#\/schema\/person\/84d2fc571684f6248ba83092f07750a3\"},\"breadcrumb\":{\"@id\":\"https:\/\/sulsc.com\/index.php\/2023\/11\/19\/operacao-mensageiro-condenado-nucleo-empresarial-da-organizacao-criminosa\/#breadcrumb\"},\"inLanguage\":\"en-US\",\"potentialAction\":[{\"@type\":\"ReadAction\",\"target\":[\"https:\/\/sulsc.com\/index.php\/2023\/11\/19\/operacao-mensageiro-condenado-nucleo-empresarial-da-organizacao-criminosa\/\"]}]},{\"@type\":\"BreadcrumbList\",\"@id\":\"https:\/\/sulsc.com\/index.php\/2023\/11\/19\/operacao-mensageiro-condenado-nucleo-empresarial-da-organizacao-criminosa\/#breadcrumb\",\"itemListElement\":[{\"@type\":\"ListItem\",\"position\":1,\"name\":\"In\u00edcio\",\"item\":\"https:\/\/sulsc.com\/\"},{\"@type\":\"ListItem\",\"position\":2,\"name\":\"Opera\u00e7\u00e3o Mensageiro: condenado n\u00facleo empresarial da organiza\u00e7\u00e3o criminosa\"}]},{\"@type\":\"WebSite\",\"@id\":\"https:\/\/sulsc.com\/#website\",\"url\":\"https:\/\/sulsc.com\/\",\"name\":\"\",\"description\":\"\",\"potentialAction\":[{\"@type\":\"SearchAction\",\"target\":{\"@type\":\"EntryPoint\",\"urlTemplate\":\"https:\/\/sulsc.com\/?s={search_term_string}\"},\"query-input\":\"required name=search_term_string\"}],\"inLanguage\":\"en-US\"},{\"@type\":\"Person\",\"@id\":\"https:\/\/sulsc.com\/#\/schema\/person\/84d2fc571684f6248ba83092f07750a3\",\"name\":\"Reda\u00e7\u00e3o Sul SC\",\"image\":{\"@type\":\"ImageObject\",\"inLanguage\":\"en-US\",\"@id\":\"https:\/\/sulsc.com\/#\/schema\/person\/image\/e08d7fe2cc4ed596372063bbe852b8d0\",\"url\":\"https:\/\/sulsc.com\/wp-content\/uploads\/2023\/09\/redacao.png\",\"contentUrl\":\"https:\/\/sulsc.com\/wp-content\/uploads\/2023\/09\/redacao.png\",\"caption\":\"Reda\u00e7\u00e3o Sul SC\"},\"description\":\"Foco em um jornalismo imparcial, voltado \u00e0 qualidade dos seus conte\u00fados e, assim, levar informa\u00e7\u00e3o de valor que agregue \u00e0 vida dos leitores. Esta \u00e9 grande miss\u00e3o do Portal de Not\u00edcias Sul SC. N\u00e3o \u00e9 quantidade que muda o mundo, sempre foi e seguir\u00e1 sendo qualidade!\",\"sameAs\":[\"https:\/\/sulsc.com\/\",\"https:\/\/www.facebook.com\/profile.php?id=61559278119680\",\"https:\/\/www.instagram.com\/sulscportal\/?hl=pt-br\",\"https:\/\/twitter.com\/https:\/\/twitter.com\/PortalSulSC\",\"https:\/\/www.youtube.com\/channel\/UCv_BE8GeySluDov2n8qhVmw\"],\"url\":\"https:\/\/sulsc.com\/index.php\/author\/redacao\/\"}]}<\/script>\n<!-- \/ Yoast SEO plugin. -->","yoast_head_json":{"title":"Opera\u00e7\u00e3o Mensageiro: condenado n\u00facleo empresarial da organiza\u00e7\u00e3o criminosa -","robots":{"index":"index","follow":"follow","max-snippet":"max-snippet:-1","max-image-preview":"max-image-preview:large","max-video-preview":"max-video-preview:-1"},"canonical":"https:\/\/sulsc.com\/index.php\/2023\/11\/19\/operacao-mensageiro-condenado-nucleo-empresarial-da-organizacao-criminosa\/","og_locale":"en_US","og_type":"article","og_title":"Opera\u00e7\u00e3o Mensageiro: condenado n\u00facleo empresarial da organiza\u00e7\u00e3o criminosa -","og_description":"Menos de um ano ap\u00f3s o Minist\u00e9rio P\u00fablico de Santa Catarina (MPSC) deflagrar a primeira fase da sua maior opera\u00e7\u00e3o de combate \u00e0 corrup\u00e7\u00e3o, a 5\u00aa C\u00e2mara de Direito Criminal do Tribunal de Justi\u00e7a (TJSC) julgou e condenou pelo crime de organiza\u00e7\u00e3o criminosa, por unanimidade, todos os 14 r\u00e9us do n\u00facleo empresarial envolvidos na Opera\u00e7\u00e3o &hellip; Opera\u00e7\u00e3o Mensageiro: condenado n\u00facleo empresarial da organiza\u00e7\u00e3o criminosa Read More &raquo;","og_url":"https:\/\/sulsc.com\/index.php\/2023\/11\/19\/operacao-mensageiro-condenado-nucleo-empresarial-da-organizacao-criminosa\/","article_author":"https:\/\/www.facebook.com\/profile.php?id=61559278119680","article_published_time":"2023-11-19T15:30:15+00:00","article_modified_time":"2023-11-19T15:35:05+00:00","og_image":[{"width":1200,"height":675,"url":"http:\/\/sulsc.com\/wp-content\/uploads\/2023\/11\/MPSC.jpeg","type":"image\/jpeg"}],"author":"Reda\u00e7\u00e3o Sul SC","twitter_card":"summary_large_image","twitter_creator":"@https:\/\/twitter.com\/PortalSulSC","twitter_misc":{"Written by":"Reda\u00e7\u00e3o Sul SC","Est. reading time":"5 minutes"},"schema":{"@context":"https:\/\/schema.org","@graph":[{"@type":"WebPage","@id":"https:\/\/sulsc.com\/index.php\/2023\/11\/19\/operacao-mensageiro-condenado-nucleo-empresarial-da-organizacao-criminosa\/","url":"https:\/\/sulsc.com\/index.php\/2023\/11\/19\/operacao-mensageiro-condenado-nucleo-empresarial-da-organizacao-criminosa\/","name":"Opera\u00e7\u00e3o Mensageiro: condenado n\u00facleo empresarial da organiza\u00e7\u00e3o criminosa -","isPartOf":{"@id":"https:\/\/sulsc.com\/#website"},"datePublished":"2023-11-19T15:30:15+00:00","dateModified":"2023-11-19T15:35:05+00:00","author":{"@id":"https:\/\/sulsc.com\/#\/schema\/person\/84d2fc571684f6248ba83092f07750a3"},"breadcrumb":{"@id":"https:\/\/sulsc.com\/index.php\/2023\/11\/19\/operacao-mensageiro-condenado-nucleo-empresarial-da-organizacao-criminosa\/#breadcrumb"},"inLanguage":"en-US","potentialAction":[{"@type":"ReadAction","target":["https:\/\/sulsc.com\/index.php\/2023\/11\/19\/operacao-mensageiro-condenado-nucleo-empresarial-da-organizacao-criminosa\/"]}]},{"@type":"BreadcrumbList","@id":"https:\/\/sulsc.com\/index.php\/2023\/11\/19\/operacao-mensageiro-condenado-nucleo-empresarial-da-organizacao-criminosa\/#breadcrumb","itemListElement":[{"@type":"ListItem","position":1,"name":"In\u00edcio","item":"https:\/\/sulsc.com\/"},{"@type":"ListItem","position":2,"name":"Opera\u00e7\u00e3o Mensageiro: condenado n\u00facleo empresarial da organiza\u00e7\u00e3o criminosa"}]},{"@type":"WebSite","@id":"https:\/\/sulsc.com\/#website","url":"https:\/\/sulsc.com\/","name":"","description":"","potentialAction":[{"@type":"SearchAction","target":{"@type":"EntryPoint","urlTemplate":"https:\/\/sulsc.com\/?s={search_term_string}"},"query-input":"required name=search_term_string"}],"inLanguage":"en-US"},{"@type":"Person","@id":"https:\/\/sulsc.com\/#\/schema\/person\/84d2fc571684f6248ba83092f07750a3","name":"Reda\u00e7\u00e3o Sul SC","image":{"@type":"ImageObject","inLanguage":"en-US","@id":"https:\/\/sulsc.com\/#\/schema\/person\/image\/e08d7fe2cc4ed596372063bbe852b8d0","url":"https:\/\/sulsc.com\/wp-content\/uploads\/2023\/09\/redacao.png","contentUrl":"https:\/\/sulsc.com\/wp-content\/uploads\/2023\/09\/redacao.png","caption":"Reda\u00e7\u00e3o Sul SC"},"description":"Foco em um jornalismo imparcial, voltado \u00e0 qualidade dos seus conte\u00fados e, assim, levar informa\u00e7\u00e3o de valor que agregue \u00e0 vida dos leitores. Esta \u00e9 grande miss\u00e3o do Portal de Not\u00edcias Sul SC. N\u00e3o \u00e9 quantidade que muda o mundo, sempre foi e seguir\u00e1 sendo qualidade!","sameAs":["https:\/\/sulsc.com\/","https:\/\/www.facebook.com\/profile.php?id=61559278119680","https:\/\/www.instagram.com\/sulscportal\/?hl=pt-br","https:\/\/twitter.com\/https:\/\/twitter.com\/PortalSulSC","https:\/\/www.youtube.com\/channel\/UCv_BE8GeySluDov2n8qhVmw"],"url":"https:\/\/sulsc.com\/index.php\/author\/redacao\/"}]}},"authors":[],"_links":{"self":[{"href":"https:\/\/sulsc.com\/index.php\/wp-json\/wp\/v2\/posts\/3944"}],"collection":[{"href":"https:\/\/sulsc.com\/index.php\/wp-json\/wp\/v2\/posts"}],"about":[{"href":"https:\/\/sulsc.com\/index.php\/wp-json\/wp\/v2\/types\/post"}],"author":[{"embeddable":true,"href":"https:\/\/sulsc.com\/index.php\/wp-json\/wp\/v2\/users\/3"}],"replies":[{"embeddable":true,"href":"https:\/\/sulsc.com\/index.php\/wp-json\/wp\/v2\/comments?post=3944"}],"version-history":[{"count":1,"href":"https:\/\/sulsc.com\/index.php\/wp-json\/wp\/v2\/posts\/3944\/revisions"}],"predecessor-version":[{"id":3945,"href":"https:\/\/sulsc.com\/index.php\/wp-json\/wp\/v2\/posts\/3944\/revisions\/3945"}],"wp:featuredmedia":[{"embeddable":true,"href":"https:\/\/sulsc.com\/index.php\/wp-json\/wp\/v2\/media\/3946"}],"wp:attachment":[{"href":"https:\/\/sulsc.com\/index.php\/wp-json\/wp\/v2\/media?parent=3944"}],"wp:term":[{"taxonomy":"category","embeddable":true,"href":"https:\/\/sulsc.com\/index.php\/wp-json\/wp\/v2\/categories?post=3944"},{"taxonomy":"post_tag","embeddable":true,"href":"https:\/\/sulsc.com\/index.php\/wp-json\/wp\/v2\/tags?post=3944"}],"curies":[{"name":"wp","href":"https:\/\/api.w.org\/{rel}","templated":true}]}}