{"id":3963,"date":"2023-11-20T10:40:37","date_gmt":"2023-11-20T13:40:37","guid":{"rendered":"https:\/\/sulsc.com\/?p=3963"},"modified":"2023-11-20T11:09:26","modified_gmt":"2023-11-20T14:09:26","slug":"defesa-civil-do-estado-confirma-ocorrencia-de-tornado-em-urupema-no-sabado","status":"publish","type":"post","link":"https:\/\/sulsc.com\/index.php\/2023\/11\/20\/defesa-civil-do-estado-confirma-ocorrencia-de-tornado-em-urupema-no-sabado\/","title":{"rendered":"Defesa Civil do Estado confirma ocorr\u00eancia de tornado em Urupema no s\u00e1bado"},"content":{"rendered":"<p>Na manh\u00e3 do s\u00e1bado (18), um aglomerado de tempestades severas avan\u00e7aram pela regi\u00e3o do Planalto Sul de Santa Catarina. Estas tempestades possu\u00edam potencial para provocar danos associados a ventos e chuvas intensas, como destelhamentos, quedas de \u00e1rvores, danos na rede el\u00e9trica, assim como alagamentos.<\/p>\n<p>Nesta an\u00e1lise, destacam-se as ocorr\u00eancias registradas no munic\u00edpio de Urupema, especificamente na comunidade de Cedro. Ap\u00f3s a passagem da tempestade, uma resid\u00eancia foi parcialmente destru\u00edda. Al\u00e9m disso, a estrutura do telhado foi completamente arrancada. Os destro\u00e7os foram encontrados distantes da resid\u00eancia, indicando que foram arremessados. Nos entornos, diversas \u00e1rvores de grande porte foram torcidas e tombadas.<\/p>\n<p>Nas imagens do Radar Meteorol\u00f3gico do Morro da Igreja, foram observadas intensas tempestades se aproximando do munic\u00edpio por volta das 09h, como mostra a figura abaixo. Estas tempestades avan\u00e7aram rapidamente, atuando sobre a regi\u00e3o em um curto per\u00edodo de tempo. Quanto aos ventos, o radar subestimou a velocidade dos ventos na regi\u00e3o dos danos.<\/p>\n<div class=\"wp-block-image\" data-raofz=\"16\">\n<figure class=\"aligncenter\">\n<p><figure id=\"attachment_91538\" aria-describedby=\"caption-attachment-91538\" style=\"width: 1024px\" class=\"wp-caption alignnone\"><a role=\"link\" href=\"https:\/\/www.defesacivil.sc.gov.br\/wp-content\/uploads\/2023\/11\/imagens2.png\" data-raofz=\"16\"><img fetchpriority=\"high\" decoding=\"async\" class=\"wp-image-91538\" src=\"https:\/\/www.defesacivil.sc.gov.br\/wp-content\/uploads\/2023\/11\/imagens2-1024x445.png\" alt=\"\" width=\"1024\" height=\"445\" \/><\/a><figcaption id=\"caption-attachment-91538\" class=\"wp-caption-text\">Figura 2: Imagens do Radar Meteorol\u00f3gico do Morro da Igreja, \u00e0s 09h30 hora local nos campos de (a) CAPPI (dBZ), (b) CAPPI V.\u00a0Fonte:\u00a0Defesa Civil de Santa Catarina.<\/figcaption><\/figure><\/figure>\n<\/div>\n<p data-raofz=\"16\">O produto GLM (<em>Geostationary Lightning Mapper<\/em>), do sat\u00e9lite GOES-16 utilizado para o monitoramento das descargas el\u00e9tricas atmosf\u00e9ricas em tempo real, refor\u00e7a as caracter\u00edsticas de tempo severo do sistema. Na figura abaixo, \u00e9 poss\u00edvel observar uma grande quantidade de raios no per\u00edodo, indicado pelos c\u00edrculos coloridos.<\/p>\n<p data-raofz=\"16\">A imagem, do hor\u00e1rio das 09h30, mostra os raios dos 10 minutos anteriores ao evento nos tons de amarelo, laranja, vermelho e roxo, enquanto as cores azuis e verde mostram raios que ocorreram entre 10 a 30 minutos. Pelas cores, \u00e9 poss\u00edvel observar que em 20 minutos a regi\u00e3o mais intensa do sistema percorreu o munic\u00edpio por inteiro. Neste per\u00edodo, foram observados por volta de 200 raios na regi\u00e3o como um todo.<\/p>\n<div class=\"wp-block-image\" data-raofz=\"16\">\n<figure class=\"aligncenter\">\n<p><figure id=\"attachment_91539\" aria-describedby=\"caption-attachment-91539\" style=\"width: 1024px\" class=\"wp-caption alignnone\"><a role=\"link\" href=\"https:\/\/www.defesacivil.sc.gov.br\/wp-content\/uploads\/2023\/11\/Capturar3-1.png\" data-raofz=\"16\"><img decoding=\"async\" class=\"wp-image-91539\" src=\"https:\/\/www.defesacivil.sc.gov.br\/wp-content\/uploads\/2023\/11\/Capturar3-1-1024x625.png\" alt=\"\" width=\"1024\" height=\"625\" \/><\/a><figcaption id=\"caption-attachment-91539\" class=\"wp-caption-text\">Figura 3:\u00a0\u00a0Descargas el\u00e9tricas observadas entre \u00e0s 09 e 09h30 do dia 18\/11, segundo o produto \u201cGeostationary Lightning Mapper\u201d (GLM).\u00a0Fonte:\u00a0Defesa Civil de Santa Catarina.<\/figcaption><\/figure><\/figure>\n<\/div>\n<p data-raofz=\"16\">Na esta\u00e7\u00e3o meteorol\u00f3gica de Urupema, os ventos come\u00e7aram a acelerar com a aproxima\u00e7\u00e3o dos sistemas, entretanto, teve seu pico no hor\u00e1rio entre \u00e0s 09h e 10h, como mostra o gr\u00e1fico abaixo, onde alcan\u00e7ou valores de 107 km\/h. Vale lembrar que as esta\u00e7\u00f5es meteorol\u00f3gicas s\u00e3o representativas em sua proximidade, isto quer dizer que o sistema como um todo provocou ventos intensos, entretanto, na localidade dos danos os valores devem ter sido ainda mais altos.<\/p>\n<div class=\"wp-block-image\" data-raofz=\"16\">\n<figure class=\"aligncenter\">\n<p><figure id=\"attachment_91540\" aria-describedby=\"caption-attachment-91540\" style=\"width: 1024px\" class=\"wp-caption alignnone\"><a role=\"link\" href=\"https:\/\/www.defesacivil.sc.gov.br\/wp-content\/uploads\/2023\/11\/estacao2.png\" data-raofz=\"16\"><img decoding=\"async\" class=\"wp-image-91540\" src=\"https:\/\/www.defesacivil.sc.gov.br\/wp-content\/uploads\/2023\/11\/estacao2-1024x600.png\" alt=\"\" width=\"1024\" height=\"600\" \/><\/a><figcaption id=\"caption-attachment-91540\" class=\"wp-caption-text\">Figura 4: Velocidade do vento observado na esta\u00e7\u00e3o de Urupema no dia 18 de novembro de 2023.\u00a0Fonte:\u00a0Epagri\/CIRAM<\/figcaption><\/figure><\/figure>\n<\/div>\n<p data-raofz=\"16\">Em resumo, no dia 18 de novembro, por volta das 9h, um aglomerado de tempestades avan\u00e7ou sobre a regi\u00e3o do Planalto Sul. O evento foi bastante destrutivo na comunidade de Cedro, em Urupema, com a destrui\u00e7\u00e3o parcial de uma resid\u00eancia e destro\u00e7os que foram arremessados por uma dist\u00e2ncia significativa, assim como \u00e1rvores de grande porte que foram torcidas e tombadas.<\/p>\n<p data-raofz=\"16\">Pela an\u00e1lise dos danos, \u00e9 poss\u00edvel concluir que os estragos foram resultados da atua\u00e7\u00e3o de um tornado. Os dados mostram que a velocidade do vento na regi\u00e3o superou os 100km\/h, mas devem ter sido ainda mais intensos na localidade afetada.<\/p>\n<p data-raofz=\"16\">\n<p data-raofz=\"16\">Fonte: Gov. SC<\/p>\n","protected":false},"excerpt":{"rendered":"<p>Na manh\u00e3 do s\u00e1bado (18), um aglomerado de tempestades severas avan\u00e7aram pela regi\u00e3o do Planalto Sul de Santa Catarina. Estas tempestades possu\u00edam potencial para provocar danos associados a ventos e chuvas intensas, como destelhamentos, quedas de \u00e1rvores, danos na rede el\u00e9trica, assim como alagamentos. Nesta an\u00e1lise, destacam-se as ocorr\u00eancias registradas no munic\u00edpio de Urupema, especificamente &hellip;<\/p>\n<p class=\"read-more\"> <a class=\"\" href=\"https:\/\/sulsc.com\/index.php\/2023\/11\/20\/defesa-civil-do-estado-confirma-ocorrencia-de-tornado-em-urupema-no-sabado\/\"> <span class=\"screen-reader-text\">Defesa Civil do Estado confirma ocorr\u00eancia de tornado em Urupema no s\u00e1bado<\/span> Read More &raquo;<\/a><\/p>\n","protected":false},"author":3,"featured_media":3964,"comment_status":"open","ping_status":"open","sticky":false,"template":"","format":"standard","meta":{"site-sidebar-layout":"default","site-content-layout":"","ast-site-content-layout":"default","site-content-style":"default","site-sidebar-style":"default","ast-global-header-display":"","ast-banner-title-visibility":"","ast-main-header-display":"","ast-hfb-above-header-display":"","ast-hfb-below-header-display":"","ast-hfb-mobile-header-display":"","site-post-title":"","ast-breadcrumbs-content":"","ast-featured-img":"","footer-sml-layout":"","theme-transparent-header-meta":"default","adv-header-id-meta":"","stick-header-meta":"","header-above-stick-meta":"","header-main-stick-meta":"","header-below-stick-meta":"","astra-migrate-meta-layouts":"set","footnotes":""},"categories":[38],"tags":[],"yoast_head":"<!-- This site is optimized with the Yoast SEO plugin v21.4 - https:\/\/yoast.com\/wordpress\/plugins\/seo\/ -->\n<title>Defesa Civil do Estado confirma ocorr\u00eancia de tornado em Urupema no s\u00e1bado -<\/title>\n<meta name=\"robots\" content=\"index, follow, max-snippet:-1, max-image-preview:large, max-video-preview:-1\" \/>\n<link rel=\"canonical\" href=\"https:\/\/sulsc.com\/index.php\/2023\/11\/20\/defesa-civil-do-estado-confirma-ocorrencia-de-tornado-em-urupema-no-sabado\/\" \/>\n<meta property=\"og:locale\" content=\"en_US\" \/>\n<meta property=\"og:type\" content=\"article\" \/>\n<meta property=\"og:title\" content=\"Defesa Civil do Estado confirma ocorr\u00eancia de tornado em Urupema no s\u00e1bado -\" \/>\n<meta property=\"og:description\" content=\"Na manh\u00e3 do s\u00e1bado (18), um aglomerado de tempestades severas avan\u00e7aram pela regi\u00e3o do Planalto Sul de Santa Catarina. Estas tempestades possu\u00edam potencial para provocar danos associados a ventos e chuvas intensas, como destelhamentos, quedas de \u00e1rvores, danos na rede el\u00e9trica, assim como alagamentos. Nesta an\u00e1lise, destacam-se as ocorr\u00eancias registradas no munic\u00edpio de Urupema, especificamente &hellip; Defesa Civil do Estado confirma ocorr\u00eancia de tornado em Urupema no s\u00e1bado Read More &raquo;\" \/>\n<meta property=\"og:url\" content=\"https:\/\/sulsc.com\/index.php\/2023\/11\/20\/defesa-civil-do-estado-confirma-ocorrencia-de-tornado-em-urupema-no-sabado\/\" \/>\n<meta property=\"article:author\" content=\"https:\/\/www.facebook.com\/profile.php?id=61559278119680\" \/>\n<meta property=\"article:published_time\" content=\"2023-11-20T13:40:37+00:00\" \/>\n<meta property=\"article:modified_time\" content=\"2023-11-20T14:09:26+00:00\" \/>\n<meta property=\"og:image\" content=\"http:\/\/sulsc.com\/wp-content\/uploads\/2023\/11\/imagens1-1024x814-1.jpg\" \/>\n\t<meta property=\"og:image:width\" content=\"1024\" \/>\n\t<meta property=\"og:image:height\" content=\"814\" \/>\n\t<meta property=\"og:image:type\" content=\"image\/jpeg\" \/>\n<meta name=\"author\" content=\"Reda\u00e7\u00e3o Sul SC\" \/>\n<meta name=\"twitter:card\" content=\"summary_large_image\" \/>\n<meta name=\"twitter:creator\" content=\"@https:\/\/twitter.com\/PortalSulSC\" \/>\n<meta name=\"twitter:label1\" content=\"Written by\" \/>\n\t<meta name=\"twitter:data1\" content=\"Reda\u00e7\u00e3o Sul SC\" \/>\n\t<meta name=\"twitter:label2\" content=\"Est. reading time\" \/>\n\t<meta name=\"twitter:data2\" content=\"4 minutes\" \/>\n<script type=\"application\/ld+json\" class=\"yoast-schema-graph\">{\"@context\":\"https:\/\/schema.org\",\"@graph\":[{\"@type\":\"WebPage\",\"@id\":\"https:\/\/sulsc.com\/index.php\/2023\/11\/20\/defesa-civil-do-estado-confirma-ocorrencia-de-tornado-em-urupema-no-sabado\/\",\"url\":\"https:\/\/sulsc.com\/index.php\/2023\/11\/20\/defesa-civil-do-estado-confirma-ocorrencia-de-tornado-em-urupema-no-sabado\/\",\"name\":\"Defesa Civil do Estado confirma ocorr\u00eancia de tornado em Urupema no s\u00e1bado -\",\"isPartOf\":{\"@id\":\"https:\/\/sulsc.com\/#website\"},\"datePublished\":\"2023-11-20T13:40:37+00:00\",\"dateModified\":\"2023-11-20T14:09:26+00:00\",\"author\":{\"@id\":\"https:\/\/sulsc.com\/#\/schema\/person\/84d2fc571684f6248ba83092f07750a3\"},\"breadcrumb\":{\"@id\":\"https:\/\/sulsc.com\/index.php\/2023\/11\/20\/defesa-civil-do-estado-confirma-ocorrencia-de-tornado-em-urupema-no-sabado\/#breadcrumb\"},\"inLanguage\":\"en-US\",\"potentialAction\":[{\"@type\":\"ReadAction\",\"target\":[\"https:\/\/sulsc.com\/index.php\/2023\/11\/20\/defesa-civil-do-estado-confirma-ocorrencia-de-tornado-em-urupema-no-sabado\/\"]}]},{\"@type\":\"BreadcrumbList\",\"@id\":\"https:\/\/sulsc.com\/index.php\/2023\/11\/20\/defesa-civil-do-estado-confirma-ocorrencia-de-tornado-em-urupema-no-sabado\/#breadcrumb\",\"itemListElement\":[{\"@type\":\"ListItem\",\"position\":1,\"name\":\"In\u00edcio\",\"item\":\"https:\/\/sulsc.com\/\"},{\"@type\":\"ListItem\",\"position\":2,\"name\":\"Defesa Civil do Estado confirma ocorr\u00eancia de tornado em Urupema no s\u00e1bado\"}]},{\"@type\":\"WebSite\",\"@id\":\"https:\/\/sulsc.com\/#website\",\"url\":\"https:\/\/sulsc.com\/\",\"name\":\"\",\"description\":\"\",\"potentialAction\":[{\"@type\":\"SearchAction\",\"target\":{\"@type\":\"EntryPoint\",\"urlTemplate\":\"https:\/\/sulsc.com\/?s={search_term_string}\"},\"query-input\":\"required name=search_term_string\"}],\"inLanguage\":\"en-US\"},{\"@type\":\"Person\",\"@id\":\"https:\/\/sulsc.com\/#\/schema\/person\/84d2fc571684f6248ba83092f07750a3\",\"name\":\"Reda\u00e7\u00e3o Sul SC\",\"image\":{\"@type\":\"ImageObject\",\"inLanguage\":\"en-US\",\"@id\":\"https:\/\/sulsc.com\/#\/schema\/person\/image\/e08d7fe2cc4ed596372063bbe852b8d0\",\"url\":\"https:\/\/sulsc.com\/wp-content\/uploads\/2023\/09\/redacao.png\",\"contentUrl\":\"https:\/\/sulsc.com\/wp-content\/uploads\/2023\/09\/redacao.png\",\"caption\":\"Reda\u00e7\u00e3o Sul SC\"},\"description\":\"Foco em um jornalismo imparcial, voltado \u00e0 qualidade dos seus conte\u00fados e, assim, levar informa\u00e7\u00e3o de valor que agregue \u00e0 vida dos leitores. Esta \u00e9 grande miss\u00e3o do Portal de Not\u00edcias Sul SC. N\u00e3o \u00e9 quantidade que muda o mundo, sempre foi e seguir\u00e1 sendo qualidade!\",\"sameAs\":[\"https:\/\/sulsc.com\/\",\"https:\/\/www.facebook.com\/profile.php?id=61559278119680\",\"https:\/\/www.instagram.com\/sulscportal\/?hl=pt-br\",\"https:\/\/twitter.com\/https:\/\/twitter.com\/PortalSulSC\",\"https:\/\/www.youtube.com\/channel\/UCv_BE8GeySluDov2n8qhVmw\"],\"url\":\"https:\/\/sulsc.com\/index.php\/author\/redacao\/\"}]}<\/script>\n<!-- \/ Yoast SEO plugin. -->","yoast_head_json":{"title":"Defesa Civil do Estado confirma ocorr\u00eancia de tornado em Urupema no s\u00e1bado -","robots":{"index":"index","follow":"follow","max-snippet":"max-snippet:-1","max-image-preview":"max-image-preview:large","max-video-preview":"max-video-preview:-1"},"canonical":"https:\/\/sulsc.com\/index.php\/2023\/11\/20\/defesa-civil-do-estado-confirma-ocorrencia-de-tornado-em-urupema-no-sabado\/","og_locale":"en_US","og_type":"article","og_title":"Defesa Civil do Estado confirma ocorr\u00eancia de tornado em Urupema no s\u00e1bado -","og_description":"Na manh\u00e3 do s\u00e1bado (18), um aglomerado de tempestades severas avan\u00e7aram pela regi\u00e3o do Planalto Sul de Santa Catarina. Estas tempestades possu\u00edam potencial para provocar danos associados a ventos e chuvas intensas, como destelhamentos, quedas de \u00e1rvores, danos na rede el\u00e9trica, assim como alagamentos. Nesta an\u00e1lise, destacam-se as ocorr\u00eancias registradas no munic\u00edpio de Urupema, especificamente &hellip; Defesa Civil do Estado confirma ocorr\u00eancia de tornado em Urupema no s\u00e1bado Read More &raquo;","og_url":"https:\/\/sulsc.com\/index.php\/2023\/11\/20\/defesa-civil-do-estado-confirma-ocorrencia-de-tornado-em-urupema-no-sabado\/","article_author":"https:\/\/www.facebook.com\/profile.php?id=61559278119680","article_published_time":"2023-11-20T13:40:37+00:00","article_modified_time":"2023-11-20T14:09:26+00:00","og_image":[{"width":1024,"height":814,"url":"http:\/\/sulsc.com\/wp-content\/uploads\/2023\/11\/imagens1-1024x814-1.jpg","type":"image\/jpeg"}],"author":"Reda\u00e7\u00e3o Sul SC","twitter_card":"summary_large_image","twitter_creator":"@https:\/\/twitter.com\/PortalSulSC","twitter_misc":{"Written by":"Reda\u00e7\u00e3o Sul SC","Est. reading time":"4 minutes"},"schema":{"@context":"https:\/\/schema.org","@graph":[{"@type":"WebPage","@id":"https:\/\/sulsc.com\/index.php\/2023\/11\/20\/defesa-civil-do-estado-confirma-ocorrencia-de-tornado-em-urupema-no-sabado\/","url":"https:\/\/sulsc.com\/index.php\/2023\/11\/20\/defesa-civil-do-estado-confirma-ocorrencia-de-tornado-em-urupema-no-sabado\/","name":"Defesa Civil do Estado confirma ocorr\u00eancia de tornado em Urupema no s\u00e1bado -","isPartOf":{"@id":"https:\/\/sulsc.com\/#website"},"datePublished":"2023-11-20T13:40:37+00:00","dateModified":"2023-11-20T14:09:26+00:00","author":{"@id":"https:\/\/sulsc.com\/#\/schema\/person\/84d2fc571684f6248ba83092f07750a3"},"breadcrumb":{"@id":"https:\/\/sulsc.com\/index.php\/2023\/11\/20\/defesa-civil-do-estado-confirma-ocorrencia-de-tornado-em-urupema-no-sabado\/#breadcrumb"},"inLanguage":"en-US","potentialAction":[{"@type":"ReadAction","target":["https:\/\/sulsc.com\/index.php\/2023\/11\/20\/defesa-civil-do-estado-confirma-ocorrencia-de-tornado-em-urupema-no-sabado\/"]}]},{"@type":"BreadcrumbList","@id":"https:\/\/sulsc.com\/index.php\/2023\/11\/20\/defesa-civil-do-estado-confirma-ocorrencia-de-tornado-em-urupema-no-sabado\/#breadcrumb","itemListElement":[{"@type":"ListItem","position":1,"name":"In\u00edcio","item":"https:\/\/sulsc.com\/"},{"@type":"ListItem","position":2,"name":"Defesa Civil do Estado confirma ocorr\u00eancia de tornado em Urupema no s\u00e1bado"}]},{"@type":"WebSite","@id":"https:\/\/sulsc.com\/#website","url":"https:\/\/sulsc.com\/","name":"","description":"","potentialAction":[{"@type":"SearchAction","target":{"@type":"EntryPoint","urlTemplate":"https:\/\/sulsc.com\/?s={search_term_string}"},"query-input":"required name=search_term_string"}],"inLanguage":"en-US"},{"@type":"Person","@id":"https:\/\/sulsc.com\/#\/schema\/person\/84d2fc571684f6248ba83092f07750a3","name":"Reda\u00e7\u00e3o Sul SC","image":{"@type":"ImageObject","inLanguage":"en-US","@id":"https:\/\/sulsc.com\/#\/schema\/person\/image\/e08d7fe2cc4ed596372063bbe852b8d0","url":"https:\/\/sulsc.com\/wp-content\/uploads\/2023\/09\/redacao.png","contentUrl":"https:\/\/sulsc.com\/wp-content\/uploads\/2023\/09\/redacao.png","caption":"Reda\u00e7\u00e3o Sul SC"},"description":"Foco em um jornalismo imparcial, voltado \u00e0 qualidade dos seus conte\u00fados e, assim, levar informa\u00e7\u00e3o de valor que agregue \u00e0 vida dos leitores. Esta \u00e9 grande miss\u00e3o do Portal de Not\u00edcias Sul SC. N\u00e3o \u00e9 quantidade que muda o mundo, sempre foi e seguir\u00e1 sendo qualidade!","sameAs":["https:\/\/sulsc.com\/","https:\/\/www.facebook.com\/profile.php?id=61559278119680","https:\/\/www.instagram.com\/sulscportal\/?hl=pt-br","https:\/\/twitter.com\/https:\/\/twitter.com\/PortalSulSC","https:\/\/www.youtube.com\/channel\/UCv_BE8GeySluDov2n8qhVmw"],"url":"https:\/\/sulsc.com\/index.php\/author\/redacao\/"}]}},"authors":[],"_links":{"self":[{"href":"https:\/\/sulsc.com\/index.php\/wp-json\/wp\/v2\/posts\/3963"}],"collection":[{"href":"https:\/\/sulsc.com\/index.php\/wp-json\/wp\/v2\/posts"}],"about":[{"href":"https:\/\/sulsc.com\/index.php\/wp-json\/wp\/v2\/types\/post"}],"author":[{"embeddable":true,"href":"https:\/\/sulsc.com\/index.php\/wp-json\/wp\/v2\/users\/3"}],"replies":[{"embeddable":true,"href":"https:\/\/sulsc.com\/index.php\/wp-json\/wp\/v2\/comments?post=3963"}],"version-history":[{"count":1,"href":"https:\/\/sulsc.com\/index.php\/wp-json\/wp\/v2\/posts\/3963\/revisions"}],"predecessor-version":[{"id":3965,"href":"https:\/\/sulsc.com\/index.php\/wp-json\/wp\/v2\/posts\/3963\/revisions\/3965"}],"wp:featuredmedia":[{"embeddable":true,"href":"https:\/\/sulsc.com\/index.php\/wp-json\/wp\/v2\/media\/3964"}],"wp:attachment":[{"href":"https:\/\/sulsc.com\/index.php\/wp-json\/wp\/v2\/media?parent=3963"}],"wp:term":[{"taxonomy":"category","embeddable":true,"href":"https:\/\/sulsc.com\/index.php\/wp-json\/wp\/v2\/categories?post=3963"},{"taxonomy":"post_tag","embeddable":true,"href":"https:\/\/sulsc.com\/index.php\/wp-json\/wp\/v2\/tags?post=3963"}],"curies":[{"name":"wp","href":"https:\/\/api.w.org\/{rel}","templated":true}]}}