{"id":3966,"date":"2023-11-20T11:20:24","date_gmt":"2023-11-20T14:20:24","guid":{"rendered":"https:\/\/sulsc.com\/?p=3966"},"modified":"2023-11-20T11:16:12","modified_gmt":"2023-11-20T14:16:12","slug":"brasil-conquista-ouro-no-ciclismo-no-parapan-de-santiago","status":"publish","type":"post","link":"https:\/\/sulsc.com\/index.php\/2023\/11\/20\/brasil-conquista-ouro-no-ciclismo-no-parapan-de-santiago\/","title":{"rendered":"Brasil conquista ouro no ciclismo no Parapan de Santiago"},"content":{"rendered":"<p>A primeira medalha brasileira, neste domingo (10), nos Jogos Parapan-Americanos de Santiago, saiu no paraciclismo. A paulista Bianca Canovas Garcia e sua piloto Nicolle Borges, da classe B2 (deficientes visuais), conquistaram o 20\u00ba ouro brasileiro ap\u00f3s percorrer o trajeto em 33:14:22.<\/p>\n<p>A atleta, que nasceu com retinose pigmentar e tem baixa vis\u00e3o, disputou a prova do contrarrel\u00f3gio do ciclismo de estrada da categoria B2 (atletas com defici\u00eancia visual). Ela finalizou o percurso com o tempo de 33 minutos, 19 segundos e 22 cent\u00e9simos. A prata ficou com a argentina Maria Jos\u00e9 Quiroga e o bronze tamb\u00e9m ficou com a Argentina, com a atleta Maria Agustina Cruce\u00f1o.<\/p>\n<p>As competidoras deram duas voltas no circuito de 21,6 quil\u00f4metros montado pelos organizadores nas Calles de Isla de Maipo, na capital chilena.\u00a0Na classe B2 do ciclismo paral\u00edmpico de estrada, as atletas utilizam uma bicicleta tandem, com dois lugares. A ciclista com defici\u00eancia visual senta no banco de tr\u00e1s e conta com o aux\u00edlio de uma guia, que fica na parte da frente da bicicleta.<\/p>\n<p>Al\u00e9m de Bianca, Lauro Chaman tamb\u00e9m levou a prata na classe C5 (defici\u00eancia f\u00edsico-motora e amputados) com o tempo de 27:06:06. No halterofilismo, na categoria 54kg, o Brasil somou mais duas medalhas. Bruno Carra colocou o ouro no peito ap\u00f3s levantar 161kg e se tornou bicampe\u00e3o parapan-Americano. Jo\u00e3o Maria Fran\u00e7a Jr., que levantou 160kg, ficou com o bronze.<\/p>\n<p>No feminino tamb\u00e9m tivemos p\u00f3dio. Maria de F\u00e1tima Castro, na categoria at\u00e9 67kg, comemorou a medalha de bronze ap\u00f3s levantar 110kg na sua segunda tentativa.\u00a0Na modalidade, competem homens e mulheres com defici\u00eancia nos membros inferiores (amputados e lesionados medulares) e paralisados cerebrais.<\/p>\n<p>Na nata\u00e7\u00e3o, o Time Brasil conquistou seis medalhas. Wendell Belarmino (S11) e Douglas Matera (S13) ficaram com o ouro. Ruan Lima (S10) garantiu a prata. J\u00e1 o trio Thomaz Matera (S12), Phelipe Rodrigues (S10) e Jos\u00e9 Luiz Perdig\u00e3o (S11) conquistaram o bronze.<\/p>\n<p>As classes de 1 a 10 s\u00e3o destinadas a atletas com limita\u00e7\u00f5es f\u00edsico-motoras. J\u00e1 entre 11 a 13 disputam os deficientes visuais. No basquete, as brasileiras venceram a Col\u00f4mbia com facilidade, aplicando 72 a 20. A partida foi realizada pela Fase de Grupos.<\/p>\n<p><img fetchpriority=\"high\" decoding=\"async\" class=\"alignnone size-large wp-image-3967\" src=\"http:\/\/sulsc.com\/wp-content\/uploads\/2023\/11\/Brasil-conquista-ouro-no-ciclismo-no-Parapan-de-Santiago-1024x613.webp\" alt=\"\" width=\"1024\" height=\"613\" srcset=\"https:\/\/sulsc.com\/wp-content\/uploads\/2023\/11\/Brasil-conquista-ouro-no-ciclismo-no-Parapan-de-Santiago-1024x613.webp 1024w, https:\/\/sulsc.com\/wp-content\/uploads\/2023\/11\/Brasil-conquista-ouro-no-ciclismo-no-Parapan-de-Santiago-300x179.webp 300w, https:\/\/sulsc.com\/wp-content\/uploads\/2023\/11\/Brasil-conquista-ouro-no-ciclismo-no-Parapan-de-Santiago-768x459.webp 768w, https:\/\/sulsc.com\/wp-content\/uploads\/2023\/11\/Brasil-conquista-ouro-no-ciclismo-no-Parapan-de-Santiago.webp 1170w\" sizes=\"(max-width: 1024px) 100vw, 1024px\" \/><\/p>\n<p>Fonte: Ag\u00eancia Brasil<\/p>\n","protected":false},"excerpt":{"rendered":"<p>A primeira medalha brasileira, neste domingo (10), nos Jogos Parapan-Americanos de Santiago, saiu no paraciclismo. A paulista Bianca Canovas Garcia e sua piloto Nicolle Borges, da classe B2 (deficientes visuais), conquistaram o 20\u00ba ouro brasileiro ap\u00f3s percorrer o trajeto em 33:14:22. A atleta, que nasceu com retinose pigmentar e tem baixa vis\u00e3o, disputou a prova &hellip;<\/p>\n<p class=\"read-more\"> <a class=\"\" href=\"https:\/\/sulsc.com\/index.php\/2023\/11\/20\/brasil-conquista-ouro-no-ciclismo-no-parapan-de-santiago\/\"> <span class=\"screen-reader-text\">Brasil conquista ouro no ciclismo no Parapan de Santiago<\/span> Read More &raquo;<\/a><\/p>\n","protected":false},"author":3,"featured_media":3967,"comment_status":"open","ping_status":"open","sticky":false,"template":"","format":"standard","meta":{"site-sidebar-layout":"default","site-content-layout":"","ast-site-content-layout":"default","site-content-style":"default","site-sidebar-style":"default","ast-global-header-display":"","ast-banner-title-visibility":"","ast-main-header-display":"","ast-hfb-above-header-display":"","ast-hfb-below-header-display":"","ast-hfb-mobile-header-display":"","site-post-title":"","ast-breadcrumbs-content":"","ast-featured-img":"","footer-sml-layout":"","theme-transparent-header-meta":"default","adv-header-id-meta":"","stick-header-meta":"","header-above-stick-meta":"","header-main-stick-meta":"","header-below-stick-meta":"","astra-migrate-meta-layouts":"set","footnotes":""},"categories":[10],"tags":[],"yoast_head":"<!-- This site is optimized with the Yoast SEO plugin v21.4 - https:\/\/yoast.com\/wordpress\/plugins\/seo\/ -->\n<title>Brasil conquista ouro no ciclismo no Parapan de Santiago -<\/title>\n<meta name=\"robots\" content=\"index, follow, max-snippet:-1, max-image-preview:large, max-video-preview:-1\" \/>\n<link rel=\"canonical\" href=\"https:\/\/sulsc.com\/index.php\/2023\/11\/20\/brasil-conquista-ouro-no-ciclismo-no-parapan-de-santiago\/\" \/>\n<meta property=\"og:locale\" content=\"en_US\" \/>\n<meta property=\"og:type\" content=\"article\" \/>\n<meta property=\"og:title\" content=\"Brasil conquista ouro no ciclismo no Parapan de Santiago -\" \/>\n<meta property=\"og:description\" content=\"A primeira medalha brasileira, neste domingo (10), nos Jogos Parapan-Americanos de Santiago, saiu no paraciclismo. A paulista Bianca Canovas Garcia e sua piloto Nicolle Borges, da classe B2 (deficientes visuais), conquistaram o 20\u00ba ouro brasileiro ap\u00f3s percorrer o trajeto em 33:14:22. A atleta, que nasceu com retinose pigmentar e tem baixa vis\u00e3o, disputou a prova &hellip; Brasil conquista ouro no ciclismo no Parapan de Santiago Read More &raquo;\" \/>\n<meta property=\"og:url\" content=\"https:\/\/sulsc.com\/index.php\/2023\/11\/20\/brasil-conquista-ouro-no-ciclismo-no-parapan-de-santiago\/\" \/>\n<meta property=\"article:author\" content=\"https:\/\/www.facebook.com\/profile.php?id=61559278119680\" \/>\n<meta property=\"article:published_time\" content=\"2023-11-20T14:20:24+00:00\" \/>\n<meta property=\"article:modified_time\" content=\"2023-11-20T14:16:12+00:00\" \/>\n<meta property=\"og:image\" content=\"https:\/\/sulsc.com\/wp-content\/uploads\/2023\/11\/Brasil-conquista-ouro-no-ciclismo-no-Parapan-de-Santiago.webp\" \/>\n\t<meta property=\"og:image:width\" content=\"1170\" \/>\n\t<meta property=\"og:image:height\" content=\"700\" \/>\n\t<meta property=\"og:image:type\" content=\"image\/webp\" \/>\n<meta name=\"author\" content=\"Reda\u00e7\u00e3o Sul SC\" \/>\n<meta name=\"twitter:card\" content=\"summary_large_image\" \/>\n<meta name=\"twitter:creator\" content=\"@https:\/\/twitter.com\/PortalSulSC\" \/>\n<meta name=\"twitter:label1\" content=\"Written by\" \/>\n\t<meta name=\"twitter:data1\" content=\"Reda\u00e7\u00e3o Sul SC\" \/>\n\t<meta name=\"twitter:label2\" content=\"Est. reading time\" \/>\n\t<meta name=\"twitter:data2\" content=\"3 minutes\" \/>\n<script type=\"application\/ld+json\" class=\"yoast-schema-graph\">{\"@context\":\"https:\/\/schema.org\",\"@graph\":[{\"@type\":\"WebPage\",\"@id\":\"https:\/\/sulsc.com\/index.php\/2023\/11\/20\/brasil-conquista-ouro-no-ciclismo-no-parapan-de-santiago\/\",\"url\":\"https:\/\/sulsc.com\/index.php\/2023\/11\/20\/brasil-conquista-ouro-no-ciclismo-no-parapan-de-santiago\/\",\"name\":\"Brasil conquista ouro no ciclismo no Parapan de Santiago -\",\"isPartOf\":{\"@id\":\"https:\/\/sulsc.com\/#website\"},\"datePublished\":\"2023-11-20T14:20:24+00:00\",\"dateModified\":\"2023-11-20T14:16:12+00:00\",\"author\":{\"@id\":\"https:\/\/sulsc.com\/#\/schema\/person\/84d2fc571684f6248ba83092f07750a3\"},\"breadcrumb\":{\"@id\":\"https:\/\/sulsc.com\/index.php\/2023\/11\/20\/brasil-conquista-ouro-no-ciclismo-no-parapan-de-santiago\/#breadcrumb\"},\"inLanguage\":\"en-US\",\"potentialAction\":[{\"@type\":\"ReadAction\",\"target\":[\"https:\/\/sulsc.com\/index.php\/2023\/11\/20\/brasil-conquista-ouro-no-ciclismo-no-parapan-de-santiago\/\"]}]},{\"@type\":\"BreadcrumbList\",\"@id\":\"https:\/\/sulsc.com\/index.php\/2023\/11\/20\/brasil-conquista-ouro-no-ciclismo-no-parapan-de-santiago\/#breadcrumb\",\"itemListElement\":[{\"@type\":\"ListItem\",\"position\":1,\"name\":\"In\u00edcio\",\"item\":\"https:\/\/sulsc.com\/\"},{\"@type\":\"ListItem\",\"position\":2,\"name\":\"Brasil conquista ouro no ciclismo no Parapan de Santiago\"}]},{\"@type\":\"WebSite\",\"@id\":\"https:\/\/sulsc.com\/#website\",\"url\":\"https:\/\/sulsc.com\/\",\"name\":\"\",\"description\":\"\",\"potentialAction\":[{\"@type\":\"SearchAction\",\"target\":{\"@type\":\"EntryPoint\",\"urlTemplate\":\"https:\/\/sulsc.com\/?s={search_term_string}\"},\"query-input\":\"required name=search_term_string\"}],\"inLanguage\":\"en-US\"},{\"@type\":\"Person\",\"@id\":\"https:\/\/sulsc.com\/#\/schema\/person\/84d2fc571684f6248ba83092f07750a3\",\"name\":\"Reda\u00e7\u00e3o Sul SC\",\"image\":{\"@type\":\"ImageObject\",\"inLanguage\":\"en-US\",\"@id\":\"https:\/\/sulsc.com\/#\/schema\/person\/image\/e08d7fe2cc4ed596372063bbe852b8d0\",\"url\":\"https:\/\/sulsc.com\/wp-content\/uploads\/2023\/09\/redacao.png\",\"contentUrl\":\"https:\/\/sulsc.com\/wp-content\/uploads\/2023\/09\/redacao.png\",\"caption\":\"Reda\u00e7\u00e3o Sul SC\"},\"description\":\"Foco em um jornalismo imparcial, voltado \u00e0 qualidade dos seus conte\u00fados e, assim, levar informa\u00e7\u00e3o de valor que agregue \u00e0 vida dos leitores. Esta \u00e9 grande miss\u00e3o do Portal de Not\u00edcias Sul SC. N\u00e3o \u00e9 quantidade que muda o mundo, sempre foi e seguir\u00e1 sendo qualidade!\",\"sameAs\":[\"https:\/\/sulsc.com\/\",\"https:\/\/www.facebook.com\/profile.php?id=61559278119680\",\"https:\/\/www.instagram.com\/sulscportal\/?hl=pt-br\",\"https:\/\/twitter.com\/https:\/\/twitter.com\/PortalSulSC\",\"https:\/\/www.youtube.com\/channel\/UCv_BE8GeySluDov2n8qhVmw\"],\"url\":\"https:\/\/sulsc.com\/index.php\/author\/redacao\/\"}]}<\/script>\n<!-- \/ Yoast SEO plugin. -->","yoast_head_json":{"title":"Brasil conquista ouro no ciclismo no Parapan de Santiago -","robots":{"index":"index","follow":"follow","max-snippet":"max-snippet:-1","max-image-preview":"max-image-preview:large","max-video-preview":"max-video-preview:-1"},"canonical":"https:\/\/sulsc.com\/index.php\/2023\/11\/20\/brasil-conquista-ouro-no-ciclismo-no-parapan-de-santiago\/","og_locale":"en_US","og_type":"article","og_title":"Brasil conquista ouro no ciclismo no Parapan de Santiago -","og_description":"A primeira medalha brasileira, neste domingo (10), nos Jogos Parapan-Americanos de Santiago, saiu no paraciclismo. A paulista Bianca Canovas Garcia e sua piloto Nicolle Borges, da classe B2 (deficientes visuais), conquistaram o 20\u00ba ouro brasileiro ap\u00f3s percorrer o trajeto em 33:14:22. A atleta, que nasceu com retinose pigmentar e tem baixa vis\u00e3o, disputou a prova &hellip; Brasil conquista ouro no ciclismo no Parapan de Santiago Read More &raquo;","og_url":"https:\/\/sulsc.com\/index.php\/2023\/11\/20\/brasil-conquista-ouro-no-ciclismo-no-parapan-de-santiago\/","article_author":"https:\/\/www.facebook.com\/profile.php?id=61559278119680","article_published_time":"2023-11-20T14:20:24+00:00","article_modified_time":"2023-11-20T14:16:12+00:00","og_image":[{"width":1170,"height":700,"url":"https:\/\/sulsc.com\/wp-content\/uploads\/2023\/11\/Brasil-conquista-ouro-no-ciclismo-no-Parapan-de-Santiago.webp","type":"image\/webp"}],"author":"Reda\u00e7\u00e3o Sul SC","twitter_card":"summary_large_image","twitter_creator":"@https:\/\/twitter.com\/PortalSulSC","twitter_misc":{"Written by":"Reda\u00e7\u00e3o Sul SC","Est. reading time":"3 minutes"},"schema":{"@context":"https:\/\/schema.org","@graph":[{"@type":"WebPage","@id":"https:\/\/sulsc.com\/index.php\/2023\/11\/20\/brasil-conquista-ouro-no-ciclismo-no-parapan-de-santiago\/","url":"https:\/\/sulsc.com\/index.php\/2023\/11\/20\/brasil-conquista-ouro-no-ciclismo-no-parapan-de-santiago\/","name":"Brasil conquista ouro no ciclismo no Parapan de Santiago -","isPartOf":{"@id":"https:\/\/sulsc.com\/#website"},"datePublished":"2023-11-20T14:20:24+00:00","dateModified":"2023-11-20T14:16:12+00:00","author":{"@id":"https:\/\/sulsc.com\/#\/schema\/person\/84d2fc571684f6248ba83092f07750a3"},"breadcrumb":{"@id":"https:\/\/sulsc.com\/index.php\/2023\/11\/20\/brasil-conquista-ouro-no-ciclismo-no-parapan-de-santiago\/#breadcrumb"},"inLanguage":"en-US","potentialAction":[{"@type":"ReadAction","target":["https:\/\/sulsc.com\/index.php\/2023\/11\/20\/brasil-conquista-ouro-no-ciclismo-no-parapan-de-santiago\/"]}]},{"@type":"BreadcrumbList","@id":"https:\/\/sulsc.com\/index.php\/2023\/11\/20\/brasil-conquista-ouro-no-ciclismo-no-parapan-de-santiago\/#breadcrumb","itemListElement":[{"@type":"ListItem","position":1,"name":"In\u00edcio","item":"https:\/\/sulsc.com\/"},{"@type":"ListItem","position":2,"name":"Brasil conquista ouro no ciclismo no Parapan de Santiago"}]},{"@type":"WebSite","@id":"https:\/\/sulsc.com\/#website","url":"https:\/\/sulsc.com\/","name":"","description":"","potentialAction":[{"@type":"SearchAction","target":{"@type":"EntryPoint","urlTemplate":"https:\/\/sulsc.com\/?s={search_term_string}"},"query-input":"required name=search_term_string"}],"inLanguage":"en-US"},{"@type":"Person","@id":"https:\/\/sulsc.com\/#\/schema\/person\/84d2fc571684f6248ba83092f07750a3","name":"Reda\u00e7\u00e3o Sul SC","image":{"@type":"ImageObject","inLanguage":"en-US","@id":"https:\/\/sulsc.com\/#\/schema\/person\/image\/e08d7fe2cc4ed596372063bbe852b8d0","url":"https:\/\/sulsc.com\/wp-content\/uploads\/2023\/09\/redacao.png","contentUrl":"https:\/\/sulsc.com\/wp-content\/uploads\/2023\/09\/redacao.png","caption":"Reda\u00e7\u00e3o Sul SC"},"description":"Foco em um jornalismo imparcial, voltado \u00e0 qualidade dos seus conte\u00fados e, assim, levar informa\u00e7\u00e3o de valor que agregue \u00e0 vida dos leitores. Esta \u00e9 grande miss\u00e3o do Portal de Not\u00edcias Sul SC. N\u00e3o \u00e9 quantidade que muda o mundo, sempre foi e seguir\u00e1 sendo qualidade!","sameAs":["https:\/\/sulsc.com\/","https:\/\/www.facebook.com\/profile.php?id=61559278119680","https:\/\/www.instagram.com\/sulscportal\/?hl=pt-br","https:\/\/twitter.com\/https:\/\/twitter.com\/PortalSulSC","https:\/\/www.youtube.com\/channel\/UCv_BE8GeySluDov2n8qhVmw"],"url":"https:\/\/sulsc.com\/index.php\/author\/redacao\/"}]}},"authors":[],"_links":{"self":[{"href":"https:\/\/sulsc.com\/index.php\/wp-json\/wp\/v2\/posts\/3966"}],"collection":[{"href":"https:\/\/sulsc.com\/index.php\/wp-json\/wp\/v2\/posts"}],"about":[{"href":"https:\/\/sulsc.com\/index.php\/wp-json\/wp\/v2\/types\/post"}],"author":[{"embeddable":true,"href":"https:\/\/sulsc.com\/index.php\/wp-json\/wp\/v2\/users\/3"}],"replies":[{"embeddable":true,"href":"https:\/\/sulsc.com\/index.php\/wp-json\/wp\/v2\/comments?post=3966"}],"version-history":[{"count":1,"href":"https:\/\/sulsc.com\/index.php\/wp-json\/wp\/v2\/posts\/3966\/revisions"}],"predecessor-version":[{"id":3968,"href":"https:\/\/sulsc.com\/index.php\/wp-json\/wp\/v2\/posts\/3966\/revisions\/3968"}],"wp:featuredmedia":[{"embeddable":true,"href":"https:\/\/sulsc.com\/index.php\/wp-json\/wp\/v2\/media\/3967"}],"wp:attachment":[{"href":"https:\/\/sulsc.com\/index.php\/wp-json\/wp\/v2\/media?parent=3966"}],"wp:term":[{"taxonomy":"category","embeddable":true,"href":"https:\/\/sulsc.com\/index.php\/wp-json\/wp\/v2\/categories?post=3966"},{"taxonomy":"post_tag","embeddable":true,"href":"https:\/\/sulsc.com\/index.php\/wp-json\/wp\/v2\/tags?post=3966"}],"curies":[{"name":"wp","href":"https:\/\/api.w.org\/{rel}","templated":true}]}}