{"id":3982,"date":"2023-11-21T08:10:41","date_gmt":"2023-11-21T11:10:41","guid":{"rendered":"https:\/\/sulsc.com\/?p=3982"},"modified":"2023-11-21T08:26:50","modified_gmt":"2023-11-21T11:26:50","slug":"apos-perseguicao-no-centro-de-garopaba-suspeito-da-pratica-de-crimes-e-preso","status":"publish","type":"post","link":"https:\/\/sulsc.com\/index.php\/2023\/11\/21\/apos-perseguicao-no-centro-de-garopaba-suspeito-da-pratica-de-crimes-e-preso\/","title":{"rendered":"Ap\u00f3s persegui\u00e7\u00e3o no Centro de Garopaba, suspeito da pr\u00e1tica de crimes \u00e9 preso"},"content":{"rendered":"<p>Um homem foi preso na tarde desta segunda-feira (20), em Garopaba. <span style=\"font-size: 16px;\">A a\u00e7\u00e3o ocorreu ap\u00f3s policiais civis da Delegacia de Pol\u00edcia do munic\u00edpio receberem informa\u00e7\u00e3o de que, ao meio dia de ontem, no campus da Universidade Federal de Santa Catarina (UFSC) de Florian\u00f3polis, teria havido um furto em um ve\u00edculo estacionado no local, do qual foram subtra\u00eddos um notebook e um aparelho celular. A informa\u00e7\u00e3o \u00e9 de que os autores teriam empreendido fuga em dire\u00e7\u00e3o ao sul do Estado.<\/span><\/p>\n<p>Feito o acompanhamento, a equipe policial localizou o ve\u00edculo, por volta de 16h, no centro de Garopaba. Os policiais deram ordem de parada que n\u00e3o foi obedecida. O ve\u00edculo, um Fiat Mobi, passou a empreender r\u00e1pida fuga pelas ruas da cidade, causando perigo a in\u00fameras pessoas.<\/p>\n<p>Ap\u00f3s uns 15 minutos e ao notar que o condutor empreendia cada vez mais velocidade, ao ponto de trafegar por cima de cal\u00e7adas, os policiais efetuaram disparos em dire\u00e7\u00e3o aos pneus do ve\u00edculo, o que fez com que seu condutor parasse ap\u00f3s um pneu estourar. O suspeito, de 22 anos, foi capturado e encaminhado \u00e0 Delegacia da Pol\u00edcia Civil em Garopaba, para os procedimentos cab\u00edveis.<\/p>\n<p>O ve\u00edculo ser\u00e1 periciado e, em seguida, restitu\u00eddo ao seu leg\u00edtimo propriet\u00e1rio, j\u00e1 que teria sido locado e n\u00e3o restitu\u00eddo \u00e0 locadora. Apurou-se que, al\u00e9m do furto na universidade, o indiv\u00edduo detido, juntamente de outros ainda n\u00e3o identificados, tamb\u00e9m teriam cometido outros delitos em Garopaba e Florian\u00f3polis, como apropria\u00e7\u00f5es ind\u00e9bitas, falsifica\u00e7\u00e3o de documento e estelionatos.<\/p>\n<p>A investiga\u00e7\u00e3o prossegue no intuito de apurar todas as circunst\u00e2ncias dos crimes. Vale ressaltar que a Pol\u00edcia Militar prestou apoio \u00e0 opera\u00e7\u00e3o.<\/p>\n<p><img fetchpriority=\"high\" decoding=\"async\" class=\"alignnone size-large wp-image-3984\" src=\"http:\/\/sulsc.com\/wp-content\/uploads\/2023\/11\/Apos-perseguicao-no-Centro-de-Garopaba-suspeito-da-pratica-de-crimes-e-preso-2-1024x768.jpeg\" alt=\"\" width=\"1024\" height=\"768\" srcset=\"https:\/\/sulsc.com\/wp-content\/uploads\/2023\/11\/Apos-perseguicao-no-Centro-de-Garopaba-suspeito-da-pratica-de-crimes-e-preso-2-1024x768.jpeg 1024w, https:\/\/sulsc.com\/wp-content\/uploads\/2023\/11\/Apos-perseguicao-no-Centro-de-Garopaba-suspeito-da-pratica-de-crimes-e-preso-2-300x225.jpeg 300w, https:\/\/sulsc.com\/wp-content\/uploads\/2023\/11\/Apos-perseguicao-no-Centro-de-Garopaba-suspeito-da-pratica-de-crimes-e-preso-2-768x576.jpeg 768w, https:\/\/sulsc.com\/wp-content\/uploads\/2023\/11\/Apos-perseguicao-no-Centro-de-Garopaba-suspeito-da-pratica-de-crimes-e-preso-2-1536x1152.jpeg 1536w, https:\/\/sulsc.com\/wp-content\/uploads\/2023\/11\/Apos-perseguicao-no-Centro-de-Garopaba-suspeito-da-pratica-de-crimes-e-preso-2.jpeg 1600w\" sizes=\"(max-width: 1024px) 100vw, 1024px\" \/><\/p>\n","protected":false},"excerpt":{"rendered":"<p>Um homem foi preso na tarde desta segunda-feira (20), em Garopaba. A a\u00e7\u00e3o ocorreu ap\u00f3s policiais civis da Delegacia de Pol\u00edcia do munic\u00edpio receberem informa\u00e7\u00e3o de que, ao meio dia de ontem, no campus da Universidade Federal de Santa Catarina (UFSC) de Florian\u00f3polis, teria havido um furto em um ve\u00edculo estacionado no local, do qual &hellip;<\/p>\n<p class=\"read-more\"> <a class=\"\" href=\"https:\/\/sulsc.com\/index.php\/2023\/11\/21\/apos-perseguicao-no-centro-de-garopaba-suspeito-da-pratica-de-crimes-e-preso\/\"> <span class=\"screen-reader-text\">Ap\u00f3s persegui\u00e7\u00e3o no Centro de Garopaba, suspeito da pr\u00e1tica de crimes \u00e9 preso<\/span> Read More &raquo;<\/a><\/p>\n","protected":false},"author":3,"featured_media":3983,"comment_status":"open","ping_status":"open","sticky":false,"template":"","format":"standard","meta":{"site-sidebar-layout":"default","site-content-layout":"","ast-site-content-layout":"default","site-content-style":"default","site-sidebar-style":"default","ast-global-header-display":"","ast-banner-title-visibility":"","ast-main-header-display":"","ast-hfb-above-header-display":"","ast-hfb-below-header-display":"","ast-hfb-mobile-header-display":"","site-post-title":"","ast-breadcrumbs-content":"","ast-featured-img":"","footer-sml-layout":"","theme-transparent-header-meta":"default","adv-header-id-meta":"","stick-header-meta":"","header-above-stick-meta":"","header-main-stick-meta":"","header-below-stick-meta":"","astra-migrate-meta-layouts":"set","footnotes":""},"categories":[8],"tags":[],"yoast_head":"<!-- This site is optimized with the Yoast SEO plugin v21.4 - https:\/\/yoast.com\/wordpress\/plugins\/seo\/ -->\n<title>Ap\u00f3s persegui\u00e7\u00e3o no Centro de Garopaba, suspeito da pr\u00e1tica de crimes \u00e9 preso -<\/title>\n<meta name=\"robots\" content=\"index, follow, max-snippet:-1, max-image-preview:large, max-video-preview:-1\" \/>\n<link rel=\"canonical\" href=\"https:\/\/sulsc.com\/index.php\/2023\/11\/21\/apos-perseguicao-no-centro-de-garopaba-suspeito-da-pratica-de-crimes-e-preso\/\" \/>\n<meta property=\"og:locale\" content=\"en_US\" \/>\n<meta property=\"og:type\" content=\"article\" \/>\n<meta property=\"og:title\" content=\"Ap\u00f3s persegui\u00e7\u00e3o no Centro de Garopaba, suspeito da pr\u00e1tica de crimes \u00e9 preso -\" \/>\n<meta property=\"og:description\" content=\"Um homem foi preso na tarde desta segunda-feira (20), em Garopaba. A a\u00e7\u00e3o ocorreu ap\u00f3s policiais civis da Delegacia de Pol\u00edcia do munic\u00edpio receberem informa\u00e7\u00e3o de que, ao meio dia de ontem, no campus da Universidade Federal de Santa Catarina (UFSC) de Florian\u00f3polis, teria havido um furto em um ve\u00edculo estacionado no local, do qual &hellip; Ap\u00f3s persegui\u00e7\u00e3o no Centro de Garopaba, suspeito da pr\u00e1tica de crimes \u00e9 preso Read More &raquo;\" \/>\n<meta property=\"og:url\" content=\"https:\/\/sulsc.com\/index.php\/2023\/11\/21\/apos-perseguicao-no-centro-de-garopaba-suspeito-da-pratica-de-crimes-e-preso\/\" \/>\n<meta property=\"article:author\" content=\"https:\/\/www.facebook.com\/profile.php?id=61559278119680\" \/>\n<meta property=\"article:published_time\" content=\"2023-11-21T11:10:41+00:00\" \/>\n<meta property=\"article:modified_time\" content=\"2023-11-21T11:26:50+00:00\" \/>\n<meta property=\"og:image\" content=\"http:\/\/sulsc.com\/wp-content\/uploads\/2023\/11\/Apos-perseguicao-no-Centro-de-Garopaba-suspeito-da-pratica-de-crimes-e-preso-1.jpeg\" \/>\n\t<meta property=\"og:image:width\" content=\"1600\" \/>\n\t<meta property=\"og:image:height\" content=\"1200\" \/>\n\t<meta property=\"og:image:type\" content=\"image\/jpeg\" \/>\n<meta name=\"author\" content=\"Reda\u00e7\u00e3o Sul SC\" \/>\n<meta name=\"twitter:card\" content=\"summary_large_image\" \/>\n<meta name=\"twitter:creator\" content=\"@https:\/\/twitter.com\/PortalSulSC\" \/>\n<meta name=\"twitter:label1\" content=\"Written by\" \/>\n\t<meta name=\"twitter:data1\" content=\"Reda\u00e7\u00e3o Sul SC\" \/>\n\t<meta name=\"twitter:label2\" content=\"Est. reading time\" \/>\n\t<meta name=\"twitter:data2\" content=\"2 minutes\" \/>\n<script type=\"application\/ld+json\" class=\"yoast-schema-graph\">{\"@context\":\"https:\/\/schema.org\",\"@graph\":[{\"@type\":\"WebPage\",\"@id\":\"https:\/\/sulsc.com\/index.php\/2023\/11\/21\/apos-perseguicao-no-centro-de-garopaba-suspeito-da-pratica-de-crimes-e-preso\/\",\"url\":\"https:\/\/sulsc.com\/index.php\/2023\/11\/21\/apos-perseguicao-no-centro-de-garopaba-suspeito-da-pratica-de-crimes-e-preso\/\",\"name\":\"Ap\u00f3s persegui\u00e7\u00e3o no Centro de Garopaba, suspeito da pr\u00e1tica de crimes \u00e9 preso -\",\"isPartOf\":{\"@id\":\"https:\/\/sulsc.com\/#website\"},\"datePublished\":\"2023-11-21T11:10:41+00:00\",\"dateModified\":\"2023-11-21T11:26:50+00:00\",\"author\":{\"@id\":\"https:\/\/sulsc.com\/#\/schema\/person\/84d2fc571684f6248ba83092f07750a3\"},\"breadcrumb\":{\"@id\":\"https:\/\/sulsc.com\/index.php\/2023\/11\/21\/apos-perseguicao-no-centro-de-garopaba-suspeito-da-pratica-de-crimes-e-preso\/#breadcrumb\"},\"inLanguage\":\"en-US\",\"potentialAction\":[{\"@type\":\"ReadAction\",\"target\":[\"https:\/\/sulsc.com\/index.php\/2023\/11\/21\/apos-perseguicao-no-centro-de-garopaba-suspeito-da-pratica-de-crimes-e-preso\/\"]}]},{\"@type\":\"BreadcrumbList\",\"@id\":\"https:\/\/sulsc.com\/index.php\/2023\/11\/21\/apos-perseguicao-no-centro-de-garopaba-suspeito-da-pratica-de-crimes-e-preso\/#breadcrumb\",\"itemListElement\":[{\"@type\":\"ListItem\",\"position\":1,\"name\":\"In\u00edcio\",\"item\":\"https:\/\/sulsc.com\/\"},{\"@type\":\"ListItem\",\"position\":2,\"name\":\"Ap\u00f3s persegui\u00e7\u00e3o no Centro de Garopaba, suspeito da pr\u00e1tica de crimes \u00e9 preso\"}]},{\"@type\":\"WebSite\",\"@id\":\"https:\/\/sulsc.com\/#website\",\"url\":\"https:\/\/sulsc.com\/\",\"name\":\"\",\"description\":\"\",\"potentialAction\":[{\"@type\":\"SearchAction\",\"target\":{\"@type\":\"EntryPoint\",\"urlTemplate\":\"https:\/\/sulsc.com\/?s={search_term_string}\"},\"query-input\":\"required name=search_term_string\"}],\"inLanguage\":\"en-US\"},{\"@type\":\"Person\",\"@id\":\"https:\/\/sulsc.com\/#\/schema\/person\/84d2fc571684f6248ba83092f07750a3\",\"name\":\"Reda\u00e7\u00e3o Sul SC\",\"image\":{\"@type\":\"ImageObject\",\"inLanguage\":\"en-US\",\"@id\":\"https:\/\/sulsc.com\/#\/schema\/person\/image\/e08d7fe2cc4ed596372063bbe852b8d0\",\"url\":\"https:\/\/sulsc.com\/wp-content\/uploads\/2023\/09\/redacao.png\",\"contentUrl\":\"https:\/\/sulsc.com\/wp-content\/uploads\/2023\/09\/redacao.png\",\"caption\":\"Reda\u00e7\u00e3o Sul SC\"},\"description\":\"Foco em um jornalismo imparcial, voltado \u00e0 qualidade dos seus conte\u00fados e, assim, levar informa\u00e7\u00e3o de valor que agregue \u00e0 vida dos leitores. Esta \u00e9 grande miss\u00e3o do Portal de Not\u00edcias Sul SC. N\u00e3o \u00e9 quantidade que muda o mundo, sempre foi e seguir\u00e1 sendo qualidade!\",\"sameAs\":[\"https:\/\/sulsc.com\/\",\"https:\/\/www.facebook.com\/profile.php?id=61559278119680\",\"https:\/\/www.instagram.com\/sulscportal\/?hl=pt-br\",\"https:\/\/twitter.com\/https:\/\/twitter.com\/PortalSulSC\",\"https:\/\/www.youtube.com\/channel\/UCv_BE8GeySluDov2n8qhVmw\"],\"url\":\"https:\/\/sulsc.com\/index.php\/author\/redacao\/\"}]}<\/script>\n<!-- \/ Yoast SEO plugin. -->","yoast_head_json":{"title":"Ap\u00f3s persegui\u00e7\u00e3o no Centro de Garopaba, suspeito da pr\u00e1tica de crimes \u00e9 preso -","robots":{"index":"index","follow":"follow","max-snippet":"max-snippet:-1","max-image-preview":"max-image-preview:large","max-video-preview":"max-video-preview:-1"},"canonical":"https:\/\/sulsc.com\/index.php\/2023\/11\/21\/apos-perseguicao-no-centro-de-garopaba-suspeito-da-pratica-de-crimes-e-preso\/","og_locale":"en_US","og_type":"article","og_title":"Ap\u00f3s persegui\u00e7\u00e3o no Centro de Garopaba, suspeito da pr\u00e1tica de crimes \u00e9 preso -","og_description":"Um homem foi preso na tarde desta segunda-feira (20), em Garopaba. A a\u00e7\u00e3o ocorreu ap\u00f3s policiais civis da Delegacia de Pol\u00edcia do munic\u00edpio receberem informa\u00e7\u00e3o de que, ao meio dia de ontem, no campus da Universidade Federal de Santa Catarina (UFSC) de Florian\u00f3polis, teria havido um furto em um ve\u00edculo estacionado no local, do qual &hellip; Ap\u00f3s persegui\u00e7\u00e3o no Centro de Garopaba, suspeito da pr\u00e1tica de crimes \u00e9 preso Read More &raquo;","og_url":"https:\/\/sulsc.com\/index.php\/2023\/11\/21\/apos-perseguicao-no-centro-de-garopaba-suspeito-da-pratica-de-crimes-e-preso\/","article_author":"https:\/\/www.facebook.com\/profile.php?id=61559278119680","article_published_time":"2023-11-21T11:10:41+00:00","article_modified_time":"2023-11-21T11:26:50+00:00","og_image":[{"width":1600,"height":1200,"url":"http:\/\/sulsc.com\/wp-content\/uploads\/2023\/11\/Apos-perseguicao-no-Centro-de-Garopaba-suspeito-da-pratica-de-crimes-e-preso-1.jpeg","type":"image\/jpeg"}],"author":"Reda\u00e7\u00e3o Sul SC","twitter_card":"summary_large_image","twitter_creator":"@https:\/\/twitter.com\/PortalSulSC","twitter_misc":{"Written by":"Reda\u00e7\u00e3o Sul SC","Est. reading time":"2 minutes"},"schema":{"@context":"https:\/\/schema.org","@graph":[{"@type":"WebPage","@id":"https:\/\/sulsc.com\/index.php\/2023\/11\/21\/apos-perseguicao-no-centro-de-garopaba-suspeito-da-pratica-de-crimes-e-preso\/","url":"https:\/\/sulsc.com\/index.php\/2023\/11\/21\/apos-perseguicao-no-centro-de-garopaba-suspeito-da-pratica-de-crimes-e-preso\/","name":"Ap\u00f3s persegui\u00e7\u00e3o no Centro de Garopaba, suspeito da pr\u00e1tica de crimes \u00e9 preso -","isPartOf":{"@id":"https:\/\/sulsc.com\/#website"},"datePublished":"2023-11-21T11:10:41+00:00","dateModified":"2023-11-21T11:26:50+00:00","author":{"@id":"https:\/\/sulsc.com\/#\/schema\/person\/84d2fc571684f6248ba83092f07750a3"},"breadcrumb":{"@id":"https:\/\/sulsc.com\/index.php\/2023\/11\/21\/apos-perseguicao-no-centro-de-garopaba-suspeito-da-pratica-de-crimes-e-preso\/#breadcrumb"},"inLanguage":"en-US","potentialAction":[{"@type":"ReadAction","target":["https:\/\/sulsc.com\/index.php\/2023\/11\/21\/apos-perseguicao-no-centro-de-garopaba-suspeito-da-pratica-de-crimes-e-preso\/"]}]},{"@type":"BreadcrumbList","@id":"https:\/\/sulsc.com\/index.php\/2023\/11\/21\/apos-perseguicao-no-centro-de-garopaba-suspeito-da-pratica-de-crimes-e-preso\/#breadcrumb","itemListElement":[{"@type":"ListItem","position":1,"name":"In\u00edcio","item":"https:\/\/sulsc.com\/"},{"@type":"ListItem","position":2,"name":"Ap\u00f3s persegui\u00e7\u00e3o no Centro de Garopaba, suspeito da pr\u00e1tica de crimes \u00e9 preso"}]},{"@type":"WebSite","@id":"https:\/\/sulsc.com\/#website","url":"https:\/\/sulsc.com\/","name":"","description":"","potentialAction":[{"@type":"SearchAction","target":{"@type":"EntryPoint","urlTemplate":"https:\/\/sulsc.com\/?s={search_term_string}"},"query-input":"required name=search_term_string"}],"inLanguage":"en-US"},{"@type":"Person","@id":"https:\/\/sulsc.com\/#\/schema\/person\/84d2fc571684f6248ba83092f07750a3","name":"Reda\u00e7\u00e3o Sul SC","image":{"@type":"ImageObject","inLanguage":"en-US","@id":"https:\/\/sulsc.com\/#\/schema\/person\/image\/e08d7fe2cc4ed596372063bbe852b8d0","url":"https:\/\/sulsc.com\/wp-content\/uploads\/2023\/09\/redacao.png","contentUrl":"https:\/\/sulsc.com\/wp-content\/uploads\/2023\/09\/redacao.png","caption":"Reda\u00e7\u00e3o Sul SC"},"description":"Foco em um jornalismo imparcial, voltado \u00e0 qualidade dos seus conte\u00fados e, assim, levar informa\u00e7\u00e3o de valor que agregue \u00e0 vida dos leitores. Esta \u00e9 grande miss\u00e3o do Portal de Not\u00edcias Sul SC. N\u00e3o \u00e9 quantidade que muda o mundo, sempre foi e seguir\u00e1 sendo qualidade!","sameAs":["https:\/\/sulsc.com\/","https:\/\/www.facebook.com\/profile.php?id=61559278119680","https:\/\/www.instagram.com\/sulscportal\/?hl=pt-br","https:\/\/twitter.com\/https:\/\/twitter.com\/PortalSulSC","https:\/\/www.youtube.com\/channel\/UCv_BE8GeySluDov2n8qhVmw"],"url":"https:\/\/sulsc.com\/index.php\/author\/redacao\/"}]}},"authors":[],"_links":{"self":[{"href":"https:\/\/sulsc.com\/index.php\/wp-json\/wp\/v2\/posts\/3982"}],"collection":[{"href":"https:\/\/sulsc.com\/index.php\/wp-json\/wp\/v2\/posts"}],"about":[{"href":"https:\/\/sulsc.com\/index.php\/wp-json\/wp\/v2\/types\/post"}],"author":[{"embeddable":true,"href":"https:\/\/sulsc.com\/index.php\/wp-json\/wp\/v2\/users\/3"}],"replies":[{"embeddable":true,"href":"https:\/\/sulsc.com\/index.php\/wp-json\/wp\/v2\/comments?post=3982"}],"version-history":[{"count":3,"href":"https:\/\/sulsc.com\/index.php\/wp-json\/wp\/v2\/posts\/3982\/revisions"}],"predecessor-version":[{"id":3990,"href":"https:\/\/sulsc.com\/index.php\/wp-json\/wp\/v2\/posts\/3982\/revisions\/3990"}],"wp:featuredmedia":[{"embeddable":true,"href":"https:\/\/sulsc.com\/index.php\/wp-json\/wp\/v2\/media\/3983"}],"wp:attachment":[{"href":"https:\/\/sulsc.com\/index.php\/wp-json\/wp\/v2\/media?parent=3982"}],"wp:term":[{"taxonomy":"category","embeddable":true,"href":"https:\/\/sulsc.com\/index.php\/wp-json\/wp\/v2\/categories?post=3982"},{"taxonomy":"post_tag","embeddable":true,"href":"https:\/\/sulsc.com\/index.php\/wp-json\/wp\/v2\/tags?post=3982"}],"curies":[{"name":"wp","href":"https:\/\/api.w.org\/{rel}","templated":true}]}}