{"id":3996,"date":"2023-11-22T08:20:40","date_gmt":"2023-11-22T11:20:40","guid":{"rendered":"https:\/\/sulsc.com\/?p=3996"},"modified":"2023-11-22T07:45:54","modified_gmt":"2023-11-22T10:45:54","slug":"producao-de-diferentes-culturas-pode-sofrer-reducao-por-conta-das-chuvas","status":"publish","type":"post","link":"https:\/\/sulsc.com\/index.php\/2023\/11\/22\/producao-de-diferentes-culturas-pode-sofrer-reducao-por-conta-das-chuvas\/","title":{"rendered":"Produ\u00e7\u00e3o de diferentes culturas pode sofrer redu\u00e7\u00e3o por conta das chuvas em SC"},"content":{"rendered":"<p><img fetchpriority=\"high\" decoding=\"async\" class=\"alignnone wp-image-4009 size-full\" src=\"http:\/\/sulsc.com\/wp-content\/uploads\/2023\/11\/oeste-chuvas-outubro-trigo2.jpg\" alt=\"\" width=\"640\" height=\"480\" srcset=\"https:\/\/sulsc.com\/wp-content\/uploads\/2023\/11\/oeste-chuvas-outubro-trigo2.jpg 640w, https:\/\/sulsc.com\/wp-content\/uploads\/2023\/11\/oeste-chuvas-outubro-trigo2-300x225.jpg 300w\" sizes=\"(max-width: 640px) 100vw, 640px\" \/><\/p>\n<p>Em fase final de colheita, o trigo deve ter redu\u00e7\u00e3o de 28% na produ\u00e7\u00e3o em SC, devido ao excesso de chuvas em outubro. O produto colhido tamb\u00e9m ter\u00e1 a qualidade comprometida, o que vai impactar na remunera\u00e7\u00e3o do produtor. Essas informa\u00e7\u00f5es est\u00e3o no Boletim Agropecu\u00e1rio de novembro, publica\u00e7\u00e3o mensal do Centro de Socioeconomia e Planejamento Agr\u00edcola (Epagri\/Cepa) que re\u00fane informa\u00e7\u00f5es conjunturais sobre alguns dos principais produtos agropecu\u00e1rios do estado.<\/p>\n<p>Confira abaixo mais detalhes sobre a produ\u00e7\u00e3o e o mercado dos produtos monitorados pela Epagri\/Cepa no m\u00eas de outubro:<\/p>\n<p><strong>Arroz<\/strong> &#8211; A produ\u00e7\u00e3o estimada para a safra 23\/24 de arroz em Santa Catarina \u00e9 de 1,245 milh\u00e3o de toneladas em casca, a ser absorvido pela ind\u00fastria. A demanda desse setor gira em torno de 1,5 milh\u00e3o de toneladas, em sua maior parte suprida pela produ\u00e7\u00e3o do Estado e o restante pelos pa\u00edses do Mercosul (Uruguai e Paraguai) e pelo Rio Grande do Sul.<\/p>\n<p><strong>Feij\u00e3o<\/strong> &#8211; No m\u00eas de outubro, o pre\u00e7o m\u00e9dio mensal recebido pelos produtores catarinenses de feij\u00e3o-carioca fechou em R$151,78 a saca de 60kg, redu\u00e7\u00e3o de 0,25% em rela\u00e7\u00e3o ao do m\u00eas anterior. Para o feij\u00e3o-preto, o pre\u00e7o m\u00e9dio permaneceu est\u00e1vel, fechando a m\u00e9dia mensal em R$215,66\/sc de 60kg. Na compara\u00e7\u00e3o com outubro do ano passado, o pre\u00e7o m\u00e9dio da saca, em termos nominais, est\u00e1 38,95% mais baixo. Para o feij\u00e3o-preto, registou-se um incremento de 19,35% na varia\u00e7\u00e3o anual.<\/p>\n<p><strong>Milho<\/strong> &#8211; O volume das exporta\u00e7\u00f5es no ano se aproxima de 43 milh\u00f5es de toneladas (acumulado at\u00e9 out\/2023), fato que pode favorecer a recupera\u00e7\u00e3o dos pre\u00e7os.\u00a0Os primeiros n\u00fameros mostraram uma redu\u00e7\u00e3o de 4,1% na \u00e1rea cultivada na primeira safra de 23\/24. A atualiza\u00e7\u00e3o da previs\u00e3o no in\u00edcio de novembro para a safra 23-24 faz uma revis\u00e3o da produtividade de 8,83t\/ha para 8,41t\/ha.<\/p>\n<p><strong>Soja<\/strong> &#8211; A estimativa inicial para a safra 23\/24 confirma o fen\u00f4meno do crescimento, agora 1,7% maior que o da safra anterior na \u00e1rea a ser plantada. A produ\u00e7\u00e3o total prevista \u00e9 de 2,89 milh\u00f5es de toneladas (MT) na primeira safra. No atual relat\u00f3rio, foi reduzida a produ\u00e7\u00e3o total do Estado para 2,73 MT, em fun\u00e7\u00e3o das chuvas intensas e do atraso no plantio, que deve impactar a produtividade e a produ\u00e7\u00e3o total.<\/p>\n<p><strong>Cebola<\/strong> &#8211; Ap\u00f3s a ocorr\u00eancia das chuvas de outubro, a produtividade m\u00e9dia esperada para a cebola passou de 30.039kg\/ha para 22.513kg\/ha, redu\u00e7\u00e3o de 25,05%. De acordo com o levantamento do Projeto Safras da Epagri\/Cepa, 3,7% da \u00e1rea plantada no Estado j\u00e1 foi colhida, especialmente em Tijucas e Serra do Tabuleiro.<\/p>\n<p><strong>Alho<\/strong> &#8211; A safra catarinense 23\/24 se encontra em fase final de desenvolvimento vegetativo. Aproximadamente 60% est\u00e1 em matura\u00e7\u00e3o e 40%, na fase final da bulbifica\u00e7\u00e3o.\u00a0Na safra atual, a \u00e1rea plantada \u00e9 de 995 ha, redu\u00e7\u00e3o de 58,64% em rela\u00e7\u00e3o aos \u00faltimos seis anos. A produ\u00e7\u00e3o inicialmente esperada era de 10.797 toneladas e a produtividade, de 10.821kg\/ha. A ocorr\u00eancia das fortes chuvas provocadas pelo fen\u00f4meno El Ni\u00f1o reduziu as expectativas de produ\u00e7\u00e3o para 8.031 toneladas, com uma produtividade de 8.071kg\/ha.<\/p>\n<p><strong>Ma\u00e7\u00e3<\/strong> &#8211; Em outubro, os pre\u00e7os da fruta catarinense est\u00e3o mais elevados que os do ano anterior. O valor negociado com a fruta catarinense foi de R$ 1,77 bilh\u00e3o, representando 70% do total negociado da fruta nas centrais brasileiras.\u00a0Na produ\u00e7\u00e3o estadual, a partir do acompanhamento de calend\u00e1rio agr\u00edcola do Cepa, s\u00e3o esperados 48,8% de ma\u00e7\u00e3 Fuji e aumento de 5,7% em rela\u00e7\u00e3o \u00e0 safra anterior, dos quais atualmente 66% est\u00e3o em flora\u00e7\u00e3o e 34% em fase de frutifica\u00e7\u00e3o.<\/p>\n<p>Para a ma\u00e7\u00e3 Gala, com 49,3% da produ\u00e7\u00e3o, \u00e9 estimada redu\u00e7\u00e3o de 7,8% no comparativo com a safra 2022\/23, com 58% em est\u00e1gio de flora\u00e7\u00e3o e 42% em frutifica\u00e7\u00e3o. Para as ma\u00e7\u00e3s precoces, com 2% da produ\u00e7\u00e3o estadual, estima-se uma redu\u00e7\u00e3o de 7,2% em rela\u00e7\u00e3o \u00e0 safra anterior, tendo a \u00e1rea em 100% na fase de frutifica\u00e7\u00e3o.<\/p>\n<p><strong>Aves<\/strong> &#8211; Em outubro, Santa Catarina exportou 83,1 mil toneladas de carne de frango (in natura e industrializada) \u2013 queda de 3,2% em rela\u00e7\u00e3o \u00e0s exporta\u00e7\u00f5es do m\u00eas anterior, mas alta de 3,3% na compara\u00e7\u00e3o com as de outubro de 2022. As receitas foram de US$160,1 milh\u00f5es \u2013 queda de 4,5% em rela\u00e7\u00e3o \u00e0s do m\u00eas anterior e de 12,0% na compara\u00e7\u00e3o com as de outubro de 2022.<\/p>\n<p>O valor m\u00e9dio da carne de frango in natura exportada pelo Estado em ourubro foi de US$1,836,71\/t \u2013 queda de 1,9% em rela\u00e7\u00e3o ao do m\u00eas anterior e de 16,3% na compara\u00e7\u00e3o com o valor de outubro de 2022. No acumulado de janeiro a outubro, Santa Catarina exportou 902,0 mil toneladas, com receitas de US$1,91 bilh\u00e3o \u2013 altas de 6,6% em quantidade e de 5,2% em valor, na compara\u00e7\u00e3o com as do mesmo per\u00edodo do ano passado. O Estado foi respons\u00e1vel por 23,4% das receitas geradas pelas exporta\u00e7\u00f5es brasileiras de carne de frango nos dez primeiros meses do ano.<\/p>\n<p><strong>Bovinos<\/strong> &#8211; Segundo os dados da Companhia Integrada de Desenvolvimento Agr\u00edcola de Santa Catarina (Cidasc), em outubro o Estado abateu 56,5 mil bovinos, crescimento de 3,% em rela\u00e7\u00e3o aos abates do mesmo m\u00eas de 2022. No acumulado do ano (janeiro a outubro), foram abatidos 501,2 mil bovinos \u2013 queda de 3,5% em rela\u00e7\u00e3o \u00e0 produ\u00e7\u00e3o do mesmo per\u00edodo de 2022.<\/p>\n<p>Os pre\u00e7os do boi gordo, na compara\u00e7\u00e3o entre os valores das primeiras semanas de novembro e os do m\u00eas anterior, apresentaram movimentos distintos nas duas regi\u00f5es de refer\u00eancia em Santa Catarina: queda de 4,3% no Oeste e alta de 2,4% no Planalto Sul. Em rela\u00e7\u00e3o aos pre\u00e7os de novembro de 2022, por sua vez, s\u00e3o registradas quedas em ambos os casos: -22,1% na regi\u00e3o Oeste e -17,5% na regi\u00e3o Planalto Sul.<\/p>\n<p><strong>Su\u00ednos <\/strong>&#8211; Santa Catarina exportou 46,9 mil toneladas de carne su\u00edna (in natura, industrializada e mi\u00fados) em outubro \u2013 queda de 15,9% em rela\u00e7\u00e3o \u00e0s exporta\u00e7\u00f5es do m\u00eas anterior e de 8,9% na compara\u00e7\u00e3o com as de outubro de 2022. As receitas foram de US$ 105,0 milh\u00f5es, queda de 17,6% em rela\u00e7\u00e3o \u00e0s do m\u00eas anterior e recuo de 19,0% em rela\u00e7\u00e3o \u00e0s de outubro de 2022.<\/p>\n<p>No acumulado de janeiro a outubro, o Estado exportou 538,6 mil toneladas de carne su\u00edna, com receitas de US$ 1,31 bilh\u00e3o \u2013 altas de 8,2% e 12,2%, respectivamente, em rela\u00e7\u00e3o \u00e0s do mesmo per\u00edodo de 2022. Santa Catarina respondeu por 55,9% das receitas e por 54,4% do volume de carne su\u00edna exportada pelo Brasil este ano.<\/p>\n<p>Conforme os dados da Companhia Integrada de Desenvolvimento Agr\u00edcola de Santa Catarina (Cidasc), sistematizados pela Epagri\/Cepa e divulgados no Observat\u00f3rio Agro Catarinense, em outubro foram produzidos no Estado e destinados ao abate um total de 1,42 milh\u00e3o de su\u00ednos, crescimento de 2,3% em rela\u00e7\u00e3o aos abates do mesmo m\u00eas de 2022. De janeiro a outubro deste ano, por sua vez, foram produzidos em Santa Catarina cerca de 15 milh\u00f5es de su\u00ednos \u2013 alta de 3,2% em rela\u00e7\u00e3o ao mesmo per\u00edodo de 2022.<\/p>\n<p><strong>Leite <\/strong>&#8211; No acumulado de janeiro a outubro, a quantidade importada alcan\u00e7ou 228,3 milh\u00f5es de quilos, o que representa um crescimento de 72,4% sobre os 132,4 milh\u00f5es de quilos importados no mesmo per\u00edodo de 2022. Esses 228,3 milh\u00f5es de quilos de l\u00e1cteos, convertidos em equivalentes litros de leite, significam uma oferta de 1,765 bilh\u00e3o de litros, que representa 8,1% da oferta total de leite inspecionado no Brasil.<\/p>\n<p>Em outubro, houve nova queda nos pre\u00e7os dos l\u00e1cteos no mercado atacadista, repercutindo negativamente nos pre\u00e7os aos produtores. Segundo os levantamentos da Epagri\/Cepa, o pre\u00e7o m\u00e9dio recebido em novembro voltou a decrescer em rela\u00e7\u00e3o ao do m\u00eas anterior, o que, ali\u00e1s, vem ocorrendo desde junho.<\/p>\n","protected":false},"excerpt":{"rendered":"<p>Em fase final de colheita, o trigo deve ter redu\u00e7\u00e3o de 28% na produ\u00e7\u00e3o em SC, devido ao excesso de chuvas em outubro. O produto colhido tamb\u00e9m ter\u00e1 a qualidade comprometida, o que vai impactar na remunera\u00e7\u00e3o do produtor. Essas informa\u00e7\u00f5es est\u00e3o no Boletim Agropecu\u00e1rio de novembro, publica\u00e7\u00e3o mensal do Centro de Socioeconomia e Planejamento &hellip;<\/p>\n<p class=\"read-more\"> <a class=\"\" href=\"https:\/\/sulsc.com\/index.php\/2023\/11\/22\/producao-de-diferentes-culturas-pode-sofrer-reducao-por-conta-das-chuvas\/\"> <span class=\"screen-reader-text\">Produ\u00e7\u00e3o de diferentes culturas pode sofrer redu\u00e7\u00e3o por conta das chuvas em SC<\/span> Read More &raquo;<\/a><\/p>\n","protected":false},"author":3,"featured_media":4009,"comment_status":"open","ping_status":"open","sticky":false,"template":"","format":"standard","meta":{"site-sidebar-layout":"default","site-content-layout":"","ast-site-content-layout":"default","site-content-style":"default","site-sidebar-style":"default","ast-global-header-display":"","ast-banner-title-visibility":"","ast-main-header-display":"","ast-hfb-above-header-display":"","ast-hfb-below-header-display":"","ast-hfb-mobile-header-display":"","site-post-title":"","ast-breadcrumbs-content":"","ast-featured-img":"","footer-sml-layout":"","theme-transparent-header-meta":"default","adv-header-id-meta":"","stick-header-meta":"","header-above-stick-meta":"","header-main-stick-meta":"","header-below-stick-meta":"","astra-migrate-meta-layouts":"set","footnotes":""},"categories":[40],"tags":[],"yoast_head":"<!-- This site is optimized with the Yoast SEO plugin v21.4 - https:\/\/yoast.com\/wordpress\/plugins\/seo\/ -->\n<title>Produ\u00e7\u00e3o de diferentes culturas pode sofrer redu\u00e7\u00e3o por conta das chuvas em SC -<\/title>\n<meta name=\"robots\" content=\"index, follow, max-snippet:-1, max-image-preview:large, max-video-preview:-1\" \/>\n<link rel=\"canonical\" href=\"https:\/\/sulsc.com\/index.php\/2023\/11\/22\/producao-de-diferentes-culturas-pode-sofrer-reducao-por-conta-das-chuvas\/\" \/>\n<meta property=\"og:locale\" content=\"en_US\" \/>\n<meta property=\"og:type\" content=\"article\" \/>\n<meta property=\"og:title\" content=\"Produ\u00e7\u00e3o de diferentes culturas pode sofrer redu\u00e7\u00e3o por conta das chuvas em SC -\" \/>\n<meta property=\"og:description\" content=\"Em fase final de colheita, o trigo deve ter redu\u00e7\u00e3o de 28% na produ\u00e7\u00e3o em SC, devido ao excesso de chuvas em outubro. O produto colhido tamb\u00e9m ter\u00e1 a qualidade comprometida, o que vai impactar na remunera\u00e7\u00e3o do produtor. Essas informa\u00e7\u00f5es est\u00e3o no Boletim Agropecu\u00e1rio de novembro, publica\u00e7\u00e3o mensal do Centro de Socioeconomia e Planejamento &hellip; Produ\u00e7\u00e3o de diferentes culturas pode sofrer redu\u00e7\u00e3o por conta das chuvas em SC Read More &raquo;\" \/>\n<meta property=\"og:url\" content=\"https:\/\/sulsc.com\/index.php\/2023\/11\/22\/producao-de-diferentes-culturas-pode-sofrer-reducao-por-conta-das-chuvas\/\" \/>\n<meta property=\"article:author\" content=\"https:\/\/www.facebook.com\/profile.php?id=61559278119680\" \/>\n<meta property=\"article:published_time\" content=\"2023-11-22T11:20:40+00:00\" \/>\n<meta property=\"article:modified_time\" content=\"2023-11-22T10:45:54+00:00\" \/>\n<meta property=\"og:image\" content=\"https:\/\/sulsc.com\/wp-content\/uploads\/2023\/11\/oeste-chuvas-outubro-trigo2.jpg\" \/>\n\t<meta property=\"og:image:width\" content=\"640\" \/>\n\t<meta property=\"og:image:height\" content=\"480\" \/>\n\t<meta property=\"og:image:type\" content=\"image\/jpeg\" \/>\n<meta name=\"author\" content=\"Reda\u00e7\u00e3o Sul SC\" \/>\n<meta name=\"twitter:card\" content=\"summary_large_image\" \/>\n<meta name=\"twitter:creator\" content=\"@https:\/\/twitter.com\/PortalSulSC\" \/>\n<meta name=\"twitter:label1\" content=\"Written by\" \/>\n\t<meta name=\"twitter:data1\" content=\"Reda\u00e7\u00e3o Sul SC\" \/>\n\t<meta name=\"twitter:label2\" content=\"Est. reading time\" \/>\n\t<meta name=\"twitter:data2\" content=\"7 minutes\" \/>\n<script type=\"application\/ld+json\" class=\"yoast-schema-graph\">{\"@context\":\"https:\/\/schema.org\",\"@graph\":[{\"@type\":\"WebPage\",\"@id\":\"https:\/\/sulsc.com\/index.php\/2023\/11\/22\/producao-de-diferentes-culturas-pode-sofrer-reducao-por-conta-das-chuvas\/\",\"url\":\"https:\/\/sulsc.com\/index.php\/2023\/11\/22\/producao-de-diferentes-culturas-pode-sofrer-reducao-por-conta-das-chuvas\/\",\"name\":\"Produ\u00e7\u00e3o de diferentes culturas pode sofrer redu\u00e7\u00e3o por conta das chuvas em SC -\",\"isPartOf\":{\"@id\":\"https:\/\/sulsc.com\/#website\"},\"datePublished\":\"2023-11-22T11:20:40+00:00\",\"dateModified\":\"2023-11-22T10:45:54+00:00\",\"author\":{\"@id\":\"https:\/\/sulsc.com\/#\/schema\/person\/84d2fc571684f6248ba83092f07750a3\"},\"breadcrumb\":{\"@id\":\"https:\/\/sulsc.com\/index.php\/2023\/11\/22\/producao-de-diferentes-culturas-pode-sofrer-reducao-por-conta-das-chuvas\/#breadcrumb\"},\"inLanguage\":\"en-US\",\"potentialAction\":[{\"@type\":\"ReadAction\",\"target\":[\"https:\/\/sulsc.com\/index.php\/2023\/11\/22\/producao-de-diferentes-culturas-pode-sofrer-reducao-por-conta-das-chuvas\/\"]}]},{\"@type\":\"BreadcrumbList\",\"@id\":\"https:\/\/sulsc.com\/index.php\/2023\/11\/22\/producao-de-diferentes-culturas-pode-sofrer-reducao-por-conta-das-chuvas\/#breadcrumb\",\"itemListElement\":[{\"@type\":\"ListItem\",\"position\":1,\"name\":\"In\u00edcio\",\"item\":\"https:\/\/sulsc.com\/\"},{\"@type\":\"ListItem\",\"position\":2,\"name\":\"Produ\u00e7\u00e3o de diferentes culturas pode sofrer redu\u00e7\u00e3o por conta das chuvas em SC\"}]},{\"@type\":\"WebSite\",\"@id\":\"https:\/\/sulsc.com\/#website\",\"url\":\"https:\/\/sulsc.com\/\",\"name\":\"\",\"description\":\"\",\"potentialAction\":[{\"@type\":\"SearchAction\",\"target\":{\"@type\":\"EntryPoint\",\"urlTemplate\":\"https:\/\/sulsc.com\/?s={search_term_string}\"},\"query-input\":\"required name=search_term_string\"}],\"inLanguage\":\"en-US\"},{\"@type\":\"Person\",\"@id\":\"https:\/\/sulsc.com\/#\/schema\/person\/84d2fc571684f6248ba83092f07750a3\",\"name\":\"Reda\u00e7\u00e3o Sul SC\",\"image\":{\"@type\":\"ImageObject\",\"inLanguage\":\"en-US\",\"@id\":\"https:\/\/sulsc.com\/#\/schema\/person\/image\/e08d7fe2cc4ed596372063bbe852b8d0\",\"url\":\"https:\/\/sulsc.com\/wp-content\/uploads\/2023\/09\/redacao.png\",\"contentUrl\":\"https:\/\/sulsc.com\/wp-content\/uploads\/2023\/09\/redacao.png\",\"caption\":\"Reda\u00e7\u00e3o Sul SC\"},\"description\":\"Foco em um jornalismo imparcial, voltado \u00e0 qualidade dos seus conte\u00fados e, assim, levar informa\u00e7\u00e3o de valor que agregue \u00e0 vida dos leitores. Esta \u00e9 grande miss\u00e3o do Portal de Not\u00edcias Sul SC. N\u00e3o \u00e9 quantidade que muda o mundo, sempre foi e seguir\u00e1 sendo qualidade!\",\"sameAs\":[\"https:\/\/sulsc.com\/\",\"https:\/\/www.facebook.com\/profile.php?id=61559278119680\",\"https:\/\/www.instagram.com\/sulscportal\/?hl=pt-br\",\"https:\/\/twitter.com\/https:\/\/twitter.com\/PortalSulSC\",\"https:\/\/www.youtube.com\/channel\/UCv_BE8GeySluDov2n8qhVmw\"],\"url\":\"https:\/\/sulsc.com\/index.php\/author\/redacao\/\"}]}<\/script>\n<!-- \/ Yoast SEO plugin. -->","yoast_head_json":{"title":"Produ\u00e7\u00e3o de diferentes culturas pode sofrer redu\u00e7\u00e3o por conta das chuvas em SC -","robots":{"index":"index","follow":"follow","max-snippet":"max-snippet:-1","max-image-preview":"max-image-preview:large","max-video-preview":"max-video-preview:-1"},"canonical":"https:\/\/sulsc.com\/index.php\/2023\/11\/22\/producao-de-diferentes-culturas-pode-sofrer-reducao-por-conta-das-chuvas\/","og_locale":"en_US","og_type":"article","og_title":"Produ\u00e7\u00e3o de diferentes culturas pode sofrer redu\u00e7\u00e3o por conta das chuvas em SC -","og_description":"Em fase final de colheita, o trigo deve ter redu\u00e7\u00e3o de 28% na produ\u00e7\u00e3o em SC, devido ao excesso de chuvas em outubro. O produto colhido tamb\u00e9m ter\u00e1 a qualidade comprometida, o que vai impactar na remunera\u00e7\u00e3o do produtor. Essas informa\u00e7\u00f5es est\u00e3o no Boletim Agropecu\u00e1rio de novembro, publica\u00e7\u00e3o mensal do Centro de Socioeconomia e Planejamento &hellip; Produ\u00e7\u00e3o de diferentes culturas pode sofrer redu\u00e7\u00e3o por conta das chuvas em SC Read More &raquo;","og_url":"https:\/\/sulsc.com\/index.php\/2023\/11\/22\/producao-de-diferentes-culturas-pode-sofrer-reducao-por-conta-das-chuvas\/","article_author":"https:\/\/www.facebook.com\/profile.php?id=61559278119680","article_published_time":"2023-11-22T11:20:40+00:00","article_modified_time":"2023-11-22T10:45:54+00:00","og_image":[{"width":640,"height":480,"url":"https:\/\/sulsc.com\/wp-content\/uploads\/2023\/11\/oeste-chuvas-outubro-trigo2.jpg","type":"image\/jpeg"}],"author":"Reda\u00e7\u00e3o Sul SC","twitter_card":"summary_large_image","twitter_creator":"@https:\/\/twitter.com\/PortalSulSC","twitter_misc":{"Written by":"Reda\u00e7\u00e3o Sul SC","Est. reading time":"7 minutes"},"schema":{"@context":"https:\/\/schema.org","@graph":[{"@type":"WebPage","@id":"https:\/\/sulsc.com\/index.php\/2023\/11\/22\/producao-de-diferentes-culturas-pode-sofrer-reducao-por-conta-das-chuvas\/","url":"https:\/\/sulsc.com\/index.php\/2023\/11\/22\/producao-de-diferentes-culturas-pode-sofrer-reducao-por-conta-das-chuvas\/","name":"Produ\u00e7\u00e3o de diferentes culturas pode sofrer redu\u00e7\u00e3o por conta das chuvas em SC -","isPartOf":{"@id":"https:\/\/sulsc.com\/#website"},"datePublished":"2023-11-22T11:20:40+00:00","dateModified":"2023-11-22T10:45:54+00:00","author":{"@id":"https:\/\/sulsc.com\/#\/schema\/person\/84d2fc571684f6248ba83092f07750a3"},"breadcrumb":{"@id":"https:\/\/sulsc.com\/index.php\/2023\/11\/22\/producao-de-diferentes-culturas-pode-sofrer-reducao-por-conta-das-chuvas\/#breadcrumb"},"inLanguage":"en-US","potentialAction":[{"@type":"ReadAction","target":["https:\/\/sulsc.com\/index.php\/2023\/11\/22\/producao-de-diferentes-culturas-pode-sofrer-reducao-por-conta-das-chuvas\/"]}]},{"@type":"BreadcrumbList","@id":"https:\/\/sulsc.com\/index.php\/2023\/11\/22\/producao-de-diferentes-culturas-pode-sofrer-reducao-por-conta-das-chuvas\/#breadcrumb","itemListElement":[{"@type":"ListItem","position":1,"name":"In\u00edcio","item":"https:\/\/sulsc.com\/"},{"@type":"ListItem","position":2,"name":"Produ\u00e7\u00e3o de diferentes culturas pode sofrer redu\u00e7\u00e3o por conta das chuvas em SC"}]},{"@type":"WebSite","@id":"https:\/\/sulsc.com\/#website","url":"https:\/\/sulsc.com\/","name":"","description":"","potentialAction":[{"@type":"SearchAction","target":{"@type":"EntryPoint","urlTemplate":"https:\/\/sulsc.com\/?s={search_term_string}"},"query-input":"required name=search_term_string"}],"inLanguage":"en-US"},{"@type":"Person","@id":"https:\/\/sulsc.com\/#\/schema\/person\/84d2fc571684f6248ba83092f07750a3","name":"Reda\u00e7\u00e3o Sul SC","image":{"@type":"ImageObject","inLanguage":"en-US","@id":"https:\/\/sulsc.com\/#\/schema\/person\/image\/e08d7fe2cc4ed596372063bbe852b8d0","url":"https:\/\/sulsc.com\/wp-content\/uploads\/2023\/09\/redacao.png","contentUrl":"https:\/\/sulsc.com\/wp-content\/uploads\/2023\/09\/redacao.png","caption":"Reda\u00e7\u00e3o Sul SC"},"description":"Foco em um jornalismo imparcial, voltado \u00e0 qualidade dos seus conte\u00fados e, assim, levar informa\u00e7\u00e3o de valor que agregue \u00e0 vida dos leitores. Esta \u00e9 grande miss\u00e3o do Portal de Not\u00edcias Sul SC. N\u00e3o \u00e9 quantidade que muda o mundo, sempre foi e seguir\u00e1 sendo qualidade!","sameAs":["https:\/\/sulsc.com\/","https:\/\/www.facebook.com\/profile.php?id=61559278119680","https:\/\/www.instagram.com\/sulscportal\/?hl=pt-br","https:\/\/twitter.com\/https:\/\/twitter.com\/PortalSulSC","https:\/\/www.youtube.com\/channel\/UCv_BE8GeySluDov2n8qhVmw"],"url":"https:\/\/sulsc.com\/index.php\/author\/redacao\/"}]}},"authors":[],"_links":{"self":[{"href":"https:\/\/sulsc.com\/index.php\/wp-json\/wp\/v2\/posts\/3996"}],"collection":[{"href":"https:\/\/sulsc.com\/index.php\/wp-json\/wp\/v2\/posts"}],"about":[{"href":"https:\/\/sulsc.com\/index.php\/wp-json\/wp\/v2\/types\/post"}],"author":[{"embeddable":true,"href":"https:\/\/sulsc.com\/index.php\/wp-json\/wp\/v2\/users\/3"}],"replies":[{"embeddable":true,"href":"https:\/\/sulsc.com\/index.php\/wp-json\/wp\/v2\/comments?post=3996"}],"version-history":[{"count":4,"href":"https:\/\/sulsc.com\/index.php\/wp-json\/wp\/v2\/posts\/3996\/revisions"}],"predecessor-version":[{"id":4038,"href":"https:\/\/sulsc.com\/index.php\/wp-json\/wp\/v2\/posts\/3996\/revisions\/4038"}],"wp:featuredmedia":[{"embeddable":true,"href":"https:\/\/sulsc.com\/index.php\/wp-json\/wp\/v2\/media\/4009"}],"wp:attachment":[{"href":"https:\/\/sulsc.com\/index.php\/wp-json\/wp\/v2\/media?parent=3996"}],"wp:term":[{"taxonomy":"category","embeddable":true,"href":"https:\/\/sulsc.com\/index.php\/wp-json\/wp\/v2\/categories?post=3996"},{"taxonomy":"post_tag","embeddable":true,"href":"https:\/\/sulsc.com\/index.php\/wp-json\/wp\/v2\/tags?post=3996"}],"curies":[{"name":"wp","href":"https:\/\/api.w.org\/{rel}","templated":true}]}}