{"id":4045,"date":"2023-11-22T12:43:40","date_gmt":"2023-11-22T15:43:40","guid":{"rendered":"https:\/\/sulsc.com\/?p=4045"},"modified":"2023-11-22T12:50:45","modified_gmt":"2023-11-22T15:50:45","slug":"moradores-da-regiao-da-ilha-denunciam-abandono-do-poder-publico","status":"publish","type":"post","link":"https:\/\/sulsc.com\/index.php\/2023\/11\/22\/moradores-da-regiao-da-ilha-denunciam-abandono-do-poder-publico\/","title":{"rendered":"Moradores da regi\u00e3o da Ilha denunciam abandono do poder p\u00fablico"},"content":{"rendered":"<p>&nbsp;<\/p>\n<figure id=\"attachment_4049\" aria-describedby=\"caption-attachment-4049\" style=\"width: 1024px\" class=\"wp-caption aligncenter\"><img fetchpriority=\"high\" decoding=\"async\" class=\"wp-image-4049 size-large\" src=\"http:\/\/sulsc.com\/wp-content\/uploads\/2023\/11\/Laguna-1-1024x672.jpg\" alt=\"\" width=\"1024\" height=\"672\" srcset=\"https:\/\/sulsc.com\/wp-content\/uploads\/2023\/11\/Laguna-1-1024x672.jpg 1024w, https:\/\/sulsc.com\/wp-content\/uploads\/2023\/11\/Laguna-1-300x197.jpg 300w, https:\/\/sulsc.com\/wp-content\/uploads\/2023\/11\/Laguna-1-768x504.jpg 768w, https:\/\/sulsc.com\/wp-content\/uploads\/2023\/11\/Laguna-1-1536x1008.jpg 1536w, https:\/\/sulsc.com\/wp-content\/uploads\/2023\/11\/Laguna-1-2048x1345.jpg 2048w\" sizes=\"(max-width: 1024px) 100vw, 1024px\" \/><figcaption id=\"caption-attachment-4049\" class=\"wp-caption-text\">Sede do Samu fica no Mar Grosso, mas, em virtude da necessidade de travessia na balsa, que na alta temporada fica ainda mais demorada, os moradores da Ilha ficam \u00e0 merc\u00ea do atendimento de emerg\u00eancia das ambul\u00e2ncias. Os postos de sa\u00fade da regi\u00e3o tamb\u00e9m n\u00e3o funcionam em hor\u00e1rio estendido ou nos fins de semana ou feriados. Bombeiros tamb\u00e9m alertam dificuldades em chegar \u00e0 regi\u00e3o. Fotos: Banco de imagens Sul SC<\/figcaption><\/figure>\n<p>O atendimento de sa\u00fade \u00e9 um direito de todos. Tal ato \u00e9 garantido pela Constitui\u00e7\u00e3o Federal do Brasil de 1988, a qual reconhece a sa\u00fade como um direito fundamental. Neste processo, est\u00e1 inserido tamb\u00e9m a assist\u00eancia emergencial, por\u00e9m, em algumas cidades h\u00e1 certa dificuldade para que os mun\u00edcipes disponham do servi\u00e7o.<\/p>\n<p>Em Laguna, por exemplo, alguns casos negativos s\u00e3o recorrentes devido ao dif\u00edcil acesso \u00e0 regi\u00e3o da Ilha. Tr\u00eas casos chegaram como den\u00fancias \u00e0 Reda\u00e7\u00e3o do <strong>Sul SC<\/strong> por moradores, todos referentes a ocorr\u00eancias de tr\u00e2nsito em que se fazia necess\u00e1rio atendimento emergencial. Al\u00e9m disso, o dif\u00edcil acesso (dependendo apenas das arcaicas balsas dispostas), os cidad\u00e3os da Ponta da Barra, Passagem da Barra, Tereza, Ipu\u00e3, Galheta, Campos Verdes, Cigana, Cardoso, Farol e tantas outras localidades desta regi\u00e3o do munic\u00edpio, podem ficar at\u00e9 por dias sem este tipo de aux\u00edlio em virtude dos feriados e pontos facultativos.<\/p>\n<p>A comerciante Stela Maris de Oliveira Santos conta que na regi\u00e3o n\u00e3o \u00e9 disponibilizado nenhum servi\u00e7o 24 horas de sa\u00fade, nem ao menos um local com hor\u00e1rio estendido. &#8220;J\u00e1 protocolamos of\u00edcio pedindo que colocassem uma UPA ou que ampliassem o per\u00edodo de atendimento do posto de sa\u00fade, mas nem obtivemos resposta. N\u00e3o h\u00e1 interesse nenhum do poder p\u00fablico em aplicar essas melhorias para n\u00f3s&#8221;, lamenta.<\/p>\n<p>Acresce a isso o problema da balsa, embora priorize a passagem da ambul\u00e2ncia, o tempo de ir e voltar dificulta o processo. &#8220;Muitas vezes, o Samu chega na balsa e fica parado esperando a embarca\u00e7\u00e3o para a travessia da lagoa, e este tempo pode ser decisivo dependendo do estado de sa\u00fade do paciente&#8221;, alerta Stela.<\/p>\n<p>Outro agravante \u00e9 a quest\u00e3o dos feriados prolongados. Eles interrompem os atendimentos nos postos de sa\u00fade e deixam a popula\u00e7\u00e3o \u00e0 merc\u00ea. &#8220;O problema dos feriad\u00f5es \u00e9 que o posto fecha. Um exemplo \u00e9 quando cai em uma quinta-feira, os servi\u00e7os s\u00e3o encerrados na quarta e retornam apenas na segunda. Isso quer dizer que n\u00e3o podemos ficar doentes neste per\u00edodo, quem dir\u00e1 ocorrer um acidente&#8221;, complementa a moradora.<\/p>\n<p>Com a chegada do ver\u00e3o, os entraves s\u00e3o ainda maiores devido \u00e0 eleva\u00e7\u00e3o do n\u00famero de pessoas na regi\u00e3o, consequentemente, a de ocorr\u00eancias tamb\u00e9m. &#8220;Se acontece algo, como um acidente dom\u00e9stico ou de tr\u00e2nsito, como o postinho fica fechado nos fins de semana e \u00e0 noite, dependemos da balsa para atravessar. Muitas vezes, deixamos de resolver algo que poderia ser solucionado de forma r\u00e1pida&#8221;, sugere Stela Maris.<\/p>\n<p><strong>Atendimentos<\/strong><br \/>\nDe acordo com o Corpo de Bombeiros Militar de Laguna, o servi\u00e7o \u00e9 prestado at\u00e9 a ponte do Camacho, depois, o atendimento fica sob responsabilidade de Tubar\u00e3o ou dos Bombeiros Volunt\u00e1rios de Jaguaruna.<\/p>\n<p>Os servi\u00e7os prestados na regi\u00e3o da Ilha s\u00e3o executados somente por meio da balsa, apenas quando o trajeto est\u00e1 indispon\u00edvel a viatura segue por Tubar\u00e3o ou Jaguaruna, o que acrescenta dezenas de quil\u00f4metros a mais. Vale ressaltar que, do quartel de Laguna at\u00e9 a balsa, o tempo m\u00e9dio \u00e9 de dez minutos, mais o deslocamento da balsa e o ponto de resgate.<\/p>\n<p>No m\u00eas de setembro, em Laguna, foram 129 casos de atendimento pr\u00e9-hospitalar, sete de inc\u00eandio, tr\u00eas de salvamento busca e resgate, al\u00e9m de cinco de aux\u00edlios-apoio, realizados pelos bombeiros, destes, s\u00f3 na regi\u00e3o da Ilha foram cinco. Por\u00e9m, no per\u00edodo de temporada, entre dezembro e fevereiro, o n\u00famero chega a 25, ou seja, 250% a mais por m\u00eas.<\/p>\n<p><strong>Casos de demora<\/strong><br \/>\nO secret\u00e1rio da Associa\u00e7\u00e3o dos Moradores da Santa Marta Pequena, Jos\u00e9 Teixeira Henrique, conta que epis\u00f3dios recentes como o do motociclista, que aguardou por atendimento por cerca de duas horas, n\u00e3o s\u00e3o t\u00e3o incomuns. Alguns pedidos foram protocolados e enviados ao poder p\u00fablico, por\u00e9m, n\u00e3o houve retorno. &#8220;Estamos com diversas necessidades e contamos ainda com o descaso da prefeitura, porque procedemos da forma correta, protocolar e eles n\u00e3o fazem nada. Enquanto isso, a situa\u00e7\u00e3o s\u00f3 piora&#8221;, desabafa o secret\u00e1rio.<\/p>\n<p>O motociclista em quest\u00e3o sofreu uma queda e teve suspeita de fratura da clav\u00edcula. Imediatamente, as pessoas que estavam ali acionaram o Samu. &#8220;Os moradores fizeram a demarca\u00e7\u00e3o do local com cadeiras, tijolos, pedras, tudo e qualquer objeto que os carros pudessem visualizar para evitar um novo atropelamento. Houve at\u00e9 uma senhora que levou um guarda-sol e colocou sobre o acidentado, pois estava sob sol forte e o asfalto queimava o seu corpo&#8221;, recorda Henrique.<\/p>\n<p>Outro epis\u00f3dio denunciado por Jos\u00e9 j\u00e1 tem mais tempo. Trata-se de um acidente com morte. Na ocasi\u00e3o, o filho de um morador bateu o carro contra um muro e teve morte instant\u00e2nea. &#8220;Nessa situa\u00e7\u00e3o, a demora foi para recolher o corpo do jovem. Ele ficou das 7h ao meio-dia esperando o Samu e o IML. O pai do rapaz ficou l\u00e1 assistindo a cena e aguardando&#8221;, desabafa.<\/p>\n<p>Depois, houve outro ocorrido, desta vez com um senhor de 70 anos. Ele estava de moto e foi atropelado por volta das 19h, o Samu, que parece n\u00e3o funcionar direito no munic\u00edpio, levou um temp\u00e3o para chegar ao local, cerca de uma hora e meia. Vale apontar que o gargalo se constitui na balsa, que \u00e9 o nosso atraso de vida&#8221;, refor\u00e7a.<\/p>\n","protected":false},"excerpt":{"rendered":"<p>Motociclista acidentado e com fratura na clav\u00edcula chegou a ficar duas horas no asfalto quente. Em outro acidente, este com morte, pai ficou ao lado do corpo do filho chorando por cinco horas at\u00e9 a chegada do IML e do Samu. <\/p>\n","protected":false},"author":3,"featured_media":4046,"comment_status":"open","ping_status":"open","sticky":false,"template":"","format":"standard","meta":{"site-sidebar-layout":"default","site-content-layout":"","ast-site-content-layout":"default","site-content-style":"default","site-sidebar-style":"default","ast-global-header-display":"","ast-banner-title-visibility":"","ast-main-header-display":"","ast-hfb-above-header-display":"","ast-hfb-below-header-display":"","ast-hfb-mobile-header-display":"","site-post-title":"","ast-breadcrumbs-content":"","ast-featured-img":"","footer-sml-layout":"","theme-transparent-header-meta":"default","adv-header-id-meta":"","stick-header-meta":"","header-above-stick-meta":"","header-main-stick-meta":"","header-below-stick-meta":"","astra-migrate-meta-layouts":"set","footnotes":""},"categories":[1],"tags":[71,69,65,70],"yoast_head":"<!-- This site is optimized with the Yoast SEO plugin v21.4 - https:\/\/yoast.com\/wordpress\/plugins\/seo\/ -->\n<title>Moradores da regi\u00e3o da Ilha denunciam abandono do poder p\u00fablico -<\/title>\n<meta name=\"description\" content=\"Motociclista acidentado e com fratura na clav\u00edcula chegou a ficar duas horas no asfalto quente. Em outro acidente, este com morte, pai ficou ao lado do corpo do filho chorando por cinco horas at\u00e9 a chegada do IML e do Samu.\" \/>\n<meta name=\"robots\" content=\"index, follow, max-snippet:-1, max-image-preview:large, max-video-preview:-1\" \/>\n<link rel=\"canonical\" href=\"https:\/\/sulsc.com\/index.php\/2023\/11\/22\/moradores-da-regiao-da-ilha-denunciam-abandono-do-poder-publico\/\" \/>\n<meta property=\"og:locale\" content=\"en_US\" \/>\n<meta property=\"og:type\" content=\"article\" \/>\n<meta property=\"og:title\" content=\"Moradores da regi\u00e3o da Ilha denunciam abandono do poder p\u00fablico -\" \/>\n<meta property=\"og:description\" content=\"Motociclista acidentado e com fratura na clav\u00edcula chegou a ficar duas horas no asfalto quente. Em outro acidente, este com morte, pai ficou ao lado do corpo do filho chorando por cinco horas at\u00e9 a chegada do IML e do Samu.\" \/>\n<meta property=\"og:url\" content=\"https:\/\/sulsc.com\/index.php\/2023\/11\/22\/moradores-da-regiao-da-ilha-denunciam-abandono-do-poder-publico\/\" \/>\n<meta property=\"article:author\" content=\"https:\/\/www.facebook.com\/profile.php?id=61559278119680\" \/>\n<meta property=\"article:published_time\" content=\"2023-11-22T15:43:40+00:00\" \/>\n<meta property=\"article:modified_time\" content=\"2023-11-22T15:50:45+00:00\" \/>\n<meta property=\"og:image\" content=\"http:\/\/sulsc.com\/wp-content\/uploads\/2023\/11\/Laguna-scaled.jpg\" \/>\n\t<meta property=\"og:image:width\" content=\"2560\" \/>\n\t<meta property=\"og:image:height\" content=\"1681\" \/>\n\t<meta property=\"og:image:type\" content=\"image\/jpeg\" \/>\n<meta name=\"author\" content=\"Reda\u00e7\u00e3o Sul SC\" \/>\n<meta name=\"twitter:card\" content=\"summary_large_image\" \/>\n<meta name=\"twitter:creator\" content=\"@https:\/\/twitter.com\/PortalSulSC\" \/>\n<meta name=\"twitter:label1\" content=\"Written by\" \/>\n\t<meta name=\"twitter:data1\" content=\"Reda\u00e7\u00e3o Sul SC\" \/>\n\t<meta name=\"twitter:label2\" content=\"Est. reading time\" \/>\n\t<meta name=\"twitter:data2\" content=\"6 minutes\" \/>\n<script type=\"application\/ld+json\" class=\"yoast-schema-graph\">{\"@context\":\"https:\/\/schema.org\",\"@graph\":[{\"@type\":\"WebPage\",\"@id\":\"https:\/\/sulsc.com\/index.php\/2023\/11\/22\/moradores-da-regiao-da-ilha-denunciam-abandono-do-poder-publico\/\",\"url\":\"https:\/\/sulsc.com\/index.php\/2023\/11\/22\/moradores-da-regiao-da-ilha-denunciam-abandono-do-poder-publico\/\",\"name\":\"Moradores da regi\u00e3o da Ilha denunciam abandono do poder p\u00fablico -\",\"isPartOf\":{\"@id\":\"https:\/\/sulsc.com\/#website\"},\"datePublished\":\"2023-11-22T15:43:40+00:00\",\"dateModified\":\"2023-11-22T15:50:45+00:00\",\"author\":{\"@id\":\"https:\/\/sulsc.com\/#\/schema\/person\/84d2fc571684f6248ba83092f07750a3\"},\"description\":\"Motociclista acidentado e com fratura na clav\u00edcula chegou a ficar duas horas no asfalto quente. Em outro acidente, este com morte, pai ficou ao lado do corpo do filho chorando por cinco horas at\u00e9 a chegada do IML e do Samu.\",\"breadcrumb\":{\"@id\":\"https:\/\/sulsc.com\/index.php\/2023\/11\/22\/moradores-da-regiao-da-ilha-denunciam-abandono-do-poder-publico\/#breadcrumb\"},\"inLanguage\":\"en-US\",\"potentialAction\":[{\"@type\":\"ReadAction\",\"target\":[\"https:\/\/sulsc.com\/index.php\/2023\/11\/22\/moradores-da-regiao-da-ilha-denunciam-abandono-do-poder-publico\/\"]}]},{\"@type\":\"BreadcrumbList\",\"@id\":\"https:\/\/sulsc.com\/index.php\/2023\/11\/22\/moradores-da-regiao-da-ilha-denunciam-abandono-do-poder-publico\/#breadcrumb\",\"itemListElement\":[{\"@type\":\"ListItem\",\"position\":1,\"name\":\"In\u00edcio\",\"item\":\"https:\/\/sulsc.com\/\"},{\"@type\":\"ListItem\",\"position\":2,\"name\":\"Moradores da regi\u00e3o da Ilha denunciam abandono do poder p\u00fablico\"}]},{\"@type\":\"WebSite\",\"@id\":\"https:\/\/sulsc.com\/#website\",\"url\":\"https:\/\/sulsc.com\/\",\"name\":\"\",\"description\":\"\",\"potentialAction\":[{\"@type\":\"SearchAction\",\"target\":{\"@type\":\"EntryPoint\",\"urlTemplate\":\"https:\/\/sulsc.com\/?s={search_term_string}\"},\"query-input\":\"required name=search_term_string\"}],\"inLanguage\":\"en-US\"},{\"@type\":\"Person\",\"@id\":\"https:\/\/sulsc.com\/#\/schema\/person\/84d2fc571684f6248ba83092f07750a3\",\"name\":\"Reda\u00e7\u00e3o Sul SC\",\"image\":{\"@type\":\"ImageObject\",\"inLanguage\":\"en-US\",\"@id\":\"https:\/\/sulsc.com\/#\/schema\/person\/image\/e08d7fe2cc4ed596372063bbe852b8d0\",\"url\":\"https:\/\/sulsc.com\/wp-content\/uploads\/2023\/09\/redacao.png\",\"contentUrl\":\"https:\/\/sulsc.com\/wp-content\/uploads\/2023\/09\/redacao.png\",\"caption\":\"Reda\u00e7\u00e3o Sul SC\"},\"description\":\"Foco em um jornalismo imparcial, voltado \u00e0 qualidade dos seus conte\u00fados e, assim, levar informa\u00e7\u00e3o de valor que agregue \u00e0 vida dos leitores. Esta \u00e9 grande miss\u00e3o do Portal de Not\u00edcias Sul SC. N\u00e3o \u00e9 quantidade que muda o mundo, sempre foi e seguir\u00e1 sendo qualidade!\",\"sameAs\":[\"https:\/\/sulsc.com\/\",\"https:\/\/www.facebook.com\/profile.php?id=61559278119680\",\"https:\/\/www.instagram.com\/sulscportal\/?hl=pt-br\",\"https:\/\/twitter.com\/https:\/\/twitter.com\/PortalSulSC\",\"https:\/\/www.youtube.com\/channel\/UCv_BE8GeySluDov2n8qhVmw\"],\"url\":\"https:\/\/sulsc.com\/index.php\/author\/redacao\/\"}]}<\/script>\n<!-- \/ Yoast SEO plugin. -->","yoast_head_json":{"title":"Moradores da regi\u00e3o da Ilha denunciam abandono do poder p\u00fablico -","description":"Motociclista acidentado e com fratura na clav\u00edcula chegou a ficar duas horas no asfalto quente. Em outro acidente, este com morte, pai ficou ao lado do corpo do filho chorando por cinco horas at\u00e9 a chegada do IML e do Samu.","robots":{"index":"index","follow":"follow","max-snippet":"max-snippet:-1","max-image-preview":"max-image-preview:large","max-video-preview":"max-video-preview:-1"},"canonical":"https:\/\/sulsc.com\/index.php\/2023\/11\/22\/moradores-da-regiao-da-ilha-denunciam-abandono-do-poder-publico\/","og_locale":"en_US","og_type":"article","og_title":"Moradores da regi\u00e3o da Ilha denunciam abandono do poder p\u00fablico -","og_description":"Motociclista acidentado e com fratura na clav\u00edcula chegou a ficar duas horas no asfalto quente. Em outro acidente, este com morte, pai ficou ao lado do corpo do filho chorando por cinco horas at\u00e9 a chegada do IML e do Samu.","og_url":"https:\/\/sulsc.com\/index.php\/2023\/11\/22\/moradores-da-regiao-da-ilha-denunciam-abandono-do-poder-publico\/","article_author":"https:\/\/www.facebook.com\/profile.php?id=61559278119680","article_published_time":"2023-11-22T15:43:40+00:00","article_modified_time":"2023-11-22T15:50:45+00:00","og_image":[{"width":2560,"height":1681,"url":"http:\/\/sulsc.com\/wp-content\/uploads\/2023\/11\/Laguna-scaled.jpg","type":"image\/jpeg"}],"author":"Reda\u00e7\u00e3o Sul SC","twitter_card":"summary_large_image","twitter_creator":"@https:\/\/twitter.com\/PortalSulSC","twitter_misc":{"Written by":"Reda\u00e7\u00e3o Sul SC","Est. reading time":"6 minutes"},"schema":{"@context":"https:\/\/schema.org","@graph":[{"@type":"WebPage","@id":"https:\/\/sulsc.com\/index.php\/2023\/11\/22\/moradores-da-regiao-da-ilha-denunciam-abandono-do-poder-publico\/","url":"https:\/\/sulsc.com\/index.php\/2023\/11\/22\/moradores-da-regiao-da-ilha-denunciam-abandono-do-poder-publico\/","name":"Moradores da regi\u00e3o da Ilha denunciam abandono do poder p\u00fablico -","isPartOf":{"@id":"https:\/\/sulsc.com\/#website"},"datePublished":"2023-11-22T15:43:40+00:00","dateModified":"2023-11-22T15:50:45+00:00","author":{"@id":"https:\/\/sulsc.com\/#\/schema\/person\/84d2fc571684f6248ba83092f07750a3"},"description":"Motociclista acidentado e com fratura na clav\u00edcula chegou a ficar duas horas no asfalto quente. Em outro acidente, este com morte, pai ficou ao lado do corpo do filho chorando por cinco horas at\u00e9 a chegada do IML e do Samu.","breadcrumb":{"@id":"https:\/\/sulsc.com\/index.php\/2023\/11\/22\/moradores-da-regiao-da-ilha-denunciam-abandono-do-poder-publico\/#breadcrumb"},"inLanguage":"en-US","potentialAction":[{"@type":"ReadAction","target":["https:\/\/sulsc.com\/index.php\/2023\/11\/22\/moradores-da-regiao-da-ilha-denunciam-abandono-do-poder-publico\/"]}]},{"@type":"BreadcrumbList","@id":"https:\/\/sulsc.com\/index.php\/2023\/11\/22\/moradores-da-regiao-da-ilha-denunciam-abandono-do-poder-publico\/#breadcrumb","itemListElement":[{"@type":"ListItem","position":1,"name":"In\u00edcio","item":"https:\/\/sulsc.com\/"},{"@type":"ListItem","position":2,"name":"Moradores da regi\u00e3o da Ilha denunciam abandono do poder p\u00fablico"}]},{"@type":"WebSite","@id":"https:\/\/sulsc.com\/#website","url":"https:\/\/sulsc.com\/","name":"","description":"","potentialAction":[{"@type":"SearchAction","target":{"@type":"EntryPoint","urlTemplate":"https:\/\/sulsc.com\/?s={search_term_string}"},"query-input":"required name=search_term_string"}],"inLanguage":"en-US"},{"@type":"Person","@id":"https:\/\/sulsc.com\/#\/schema\/person\/84d2fc571684f6248ba83092f07750a3","name":"Reda\u00e7\u00e3o Sul SC","image":{"@type":"ImageObject","inLanguage":"en-US","@id":"https:\/\/sulsc.com\/#\/schema\/person\/image\/e08d7fe2cc4ed596372063bbe852b8d0","url":"https:\/\/sulsc.com\/wp-content\/uploads\/2023\/09\/redacao.png","contentUrl":"https:\/\/sulsc.com\/wp-content\/uploads\/2023\/09\/redacao.png","caption":"Reda\u00e7\u00e3o Sul SC"},"description":"Foco em um jornalismo imparcial, voltado \u00e0 qualidade dos seus conte\u00fados e, assim, levar informa\u00e7\u00e3o de valor que agregue \u00e0 vida dos leitores. Esta \u00e9 grande miss\u00e3o do Portal de Not\u00edcias Sul SC. N\u00e3o \u00e9 quantidade que muda o mundo, sempre foi e seguir\u00e1 sendo qualidade!","sameAs":["https:\/\/sulsc.com\/","https:\/\/www.facebook.com\/profile.php?id=61559278119680","https:\/\/www.instagram.com\/sulscportal\/?hl=pt-br","https:\/\/twitter.com\/https:\/\/twitter.com\/PortalSulSC","https:\/\/www.youtube.com\/channel\/UCv_BE8GeySluDov2n8qhVmw"],"url":"https:\/\/sulsc.com\/index.php\/author\/redacao\/"}]}},"authors":[],"_links":{"self":[{"href":"https:\/\/sulsc.com\/index.php\/wp-json\/wp\/v2\/posts\/4045"}],"collection":[{"href":"https:\/\/sulsc.com\/index.php\/wp-json\/wp\/v2\/posts"}],"about":[{"href":"https:\/\/sulsc.com\/index.php\/wp-json\/wp\/v2\/types\/post"}],"author":[{"embeddable":true,"href":"https:\/\/sulsc.com\/index.php\/wp-json\/wp\/v2\/users\/3"}],"replies":[{"embeddable":true,"href":"https:\/\/sulsc.com\/index.php\/wp-json\/wp\/v2\/comments?post=4045"}],"version-history":[{"count":3,"href":"https:\/\/sulsc.com\/index.php\/wp-json\/wp\/v2\/posts\/4045\/revisions"}],"predecessor-version":[{"id":4050,"href":"https:\/\/sulsc.com\/index.php\/wp-json\/wp\/v2\/posts\/4045\/revisions\/4050"}],"wp:featuredmedia":[{"embeddable":true,"href":"https:\/\/sulsc.com\/index.php\/wp-json\/wp\/v2\/media\/4046"}],"wp:attachment":[{"href":"https:\/\/sulsc.com\/index.php\/wp-json\/wp\/v2\/media?parent=4045"}],"wp:term":[{"taxonomy":"category","embeddable":true,"href":"https:\/\/sulsc.com\/index.php\/wp-json\/wp\/v2\/categories?post=4045"},{"taxonomy":"post_tag","embeddable":true,"href":"https:\/\/sulsc.com\/index.php\/wp-json\/wp\/v2\/tags?post=4045"}],"curies":[{"name":"wp","href":"https:\/\/api.w.org\/{rel}","templated":true}]}}