{"id":4051,"date":"2023-11-22T15:32:51","date_gmt":"2023-11-22T18:32:51","guid":{"rendered":"https:\/\/sulsc.com\/?p=4051"},"modified":"2023-11-22T15:32:51","modified_gmt":"2023-11-22T18:32:51","slug":"apos-1-ano-ponte-da-guarda-atinge-70-das-obras","status":"publish","type":"post","link":"https:\/\/sulsc.com\/index.php\/2023\/11\/22\/apos-1-ano-ponte-da-guarda-atinge-70-das-obras\/","title":{"rendered":"Ap\u00f3s 1 ano, Ponte da Guarda atinge 70% das obras"},"content":{"rendered":"<figure id=\"attachment_4052\" aria-describedby=\"caption-attachment-4052\" style=\"width: 1024px\" class=\"wp-caption alignnone\"><img fetchpriority=\"high\" decoding=\"async\" class=\"size-full wp-image-4052\" src=\"http:\/\/sulsc.com\/wp-content\/uploads\/2023\/11\/a1.jpg\" alt=\"\" width=\"1024\" height=\"678\" srcset=\"https:\/\/sulsc.com\/wp-content\/uploads\/2023\/11\/a1.jpg 1024w, https:\/\/sulsc.com\/wp-content\/uploads\/2023\/11\/a1-300x199.jpg 300w, https:\/\/sulsc.com\/wp-content\/uploads\/2023\/11\/a1-768x509.jpg 768w\" sizes=\"(max-width: 1024px) 100vw, 1024px\" \/><figcaption id=\"caption-attachment-4052\" class=\"wp-caption-text\">A estrutura \u00e9 erguida pela empresa Tra\u00e7ado, vencedora da licita\u00e7\u00e3o. Foto: Pref de Tubar\u00e3o\/Sul SC<\/figcaption><\/figure>\n<p>Moradores do bairro Guarda e regi\u00e3o ter\u00e3o \u00e0 disposi\u00e7\u00e3o uma das obras mais aguardadas nas \u00faltimas d\u00e9cadas, a travessia que ligar\u00e1 as margens do rio Tubar\u00e3o e ajudar\u00e1 no desenvolvimento de todo o seu entorno. A constru\u00e7\u00e3o da Ponte Vereador Edison Peicher de Carvalho est\u00e1 cerca de 70% conclu\u00edda. Al\u00e9m disso, a primeira etapa da cabeceira do lado oeste j\u00e1 est\u00e1 finalizada.<\/p>\n<p>As outras duas partes da obra tamb\u00e9m est\u00e3o bastante adiantadas. Na central, um par de colunas j\u00e1 est\u00e1 quase conclu\u00eddo, enquanto o outro par j\u00e1 teve as bases concretadas. Nos \u00faltimos dias, esse trabalho acabou prejudicado devido \u00e0s chuvas intensas que resultaram na eleva\u00e7\u00e3o do n\u00edvel do rio em mais de dois metros.<\/p>\n<p>Na margem direita, a primeira parte da ponte j\u00e1 tem as vigas longarinas colocadas. Oper\u00e1rios da empresa Tra\u00e7ado realizam a montagem e fixa\u00e7\u00e3o de todas as ferragens necess\u00e1rias para a concretagem do pavimento e de outros detalhes da estrutura.<\/p>\n<p>A travessia ter\u00e1 175 metros de extens\u00e3o, duas pistas de 3,080m de largura cada, passagem para pedestres nos dois lados e uma ciclovia. Com os acabamentos e a barreira de prote\u00e7\u00e3o, a estrutura ter\u00e1 12,080m de largura. O investimento \u00e9 de R$ 21.336.236,15 dos contribuintes, com recursos do Finisa. O prazo de execu\u00e7\u00e3o \u00e9 de 420 dias a partir da entrega da ordem de servi\u00e7o (feita em 29\/11\/22).<\/p>\n<p><strong>Edison Fernando Peicher de Carvalho<\/strong><br \/>\nEdison foi um l\u00edder pol\u00edtico da regi\u00e3o da Guarda, al\u00e9m de vereador. Faleceu em 2014. A homenagem se transformou na Lei 5.589, de 24 de novembro de 2021.<\/p>\n","protected":false},"excerpt":{"rendered":"<p>A travessia ter\u00e1 175 metros de extens\u00e3o, duas pistas de 3,080m de largura cada, passagem para pedestres nos dois lados e uma ciclovia. Com os acabamentos e a barreira de prote\u00e7\u00e3o, a estrutura ter\u00e1 12,080m de largura<\/p>\n","protected":false},"author":3,"featured_media":4053,"comment_status":"open","ping_status":"open","sticky":false,"template":"","format":"standard","meta":{"site-sidebar-layout":"default","site-content-layout":"","ast-site-content-layout":"default","site-content-style":"default","site-sidebar-style":"default","ast-global-header-display":"","ast-banner-title-visibility":"","ast-main-header-display":"","ast-hfb-above-header-display":"","ast-hfb-below-header-display":"","ast-hfb-mobile-header-display":"","site-post-title":"","ast-breadcrumbs-content":"","ast-featured-img":"","footer-sml-layout":"","theme-transparent-header-meta":"default","adv-header-id-meta":"","stick-header-meta":"","header-above-stick-meta":"","header-main-stick-meta":"","header-below-stick-meta":"","astra-migrate-meta-layouts":"set","footnotes":""},"categories":[1,21],"tags":[77,75,76,74,73,72],"yoast_head":"<!-- This site is optimized with the Yoast SEO plugin v21.4 - https:\/\/yoast.com\/wordpress\/plugins\/seo\/ -->\n<title>Ap\u00f3s 1 ano, Ponte da Guarda atinge 70% das obras -<\/title>\n<meta name=\"description\" content=\"A travessia ter\u00e1 175 metros de extens\u00e3o, duas pistas de 3,080m de largura cada, passagem para pedestres nos dois lados e uma ciclovia. Com os acabamentos e a barreira de prote\u00e7\u00e3o, a estrutura ter\u00e1 12,080m de largura.\" \/>\n<meta name=\"robots\" content=\"index, follow, max-snippet:-1, max-image-preview:large, max-video-preview:-1\" \/>\n<link rel=\"canonical\" href=\"https:\/\/sulsc.com\/index.php\/2023\/11\/22\/apos-1-ano-ponte-da-guarda-atinge-70-das-obras\/\" \/>\n<meta property=\"og:locale\" content=\"en_US\" \/>\n<meta property=\"og:type\" content=\"article\" \/>\n<meta property=\"og:title\" content=\"Ap\u00f3s 1 ano, Ponte da Guarda atinge 70% das obras -\" \/>\n<meta property=\"og:description\" content=\"A travessia ter\u00e1 175 metros de extens\u00e3o, duas pistas de 3,080m de largura cada, passagem para pedestres nos dois lados e uma ciclovia. Com os acabamentos e a barreira de prote\u00e7\u00e3o, a estrutura ter\u00e1 12,080m de largura.\" \/>\n<meta property=\"og:url\" content=\"https:\/\/sulsc.com\/index.php\/2023\/11\/22\/apos-1-ano-ponte-da-guarda-atinge-70-das-obras\/\" \/>\n<meta property=\"article:author\" content=\"https:\/\/www.facebook.com\/profile.php?id=61559278119680\" \/>\n<meta property=\"article:published_time\" content=\"2023-11-22T18:32:51+00:00\" \/>\n<meta property=\"og:image\" content=\"http:\/\/sulsc.com\/wp-content\/uploads\/2023\/11\/a1-1.jpg\" \/>\n\t<meta property=\"og:image:width\" content=\"1024\" \/>\n\t<meta property=\"og:image:height\" content=\"678\" \/>\n\t<meta property=\"og:image:type\" content=\"image\/jpeg\" \/>\n<meta name=\"author\" content=\"Reda\u00e7\u00e3o Sul SC\" \/>\n<meta name=\"twitter:card\" content=\"summary_large_image\" \/>\n<meta name=\"twitter:creator\" content=\"@https:\/\/twitter.com\/PortalSulSC\" \/>\n<meta name=\"twitter:label1\" content=\"Written by\" \/>\n\t<meta name=\"twitter:data1\" content=\"Reda\u00e7\u00e3o Sul SC\" \/>\n\t<meta name=\"twitter:label2\" content=\"Est. reading time\" \/>\n\t<meta name=\"twitter:data2\" content=\"2 minutes\" \/>\n<script type=\"application\/ld+json\" class=\"yoast-schema-graph\">{\"@context\":\"https:\/\/schema.org\",\"@graph\":[{\"@type\":\"WebPage\",\"@id\":\"https:\/\/sulsc.com\/index.php\/2023\/11\/22\/apos-1-ano-ponte-da-guarda-atinge-70-das-obras\/\",\"url\":\"https:\/\/sulsc.com\/index.php\/2023\/11\/22\/apos-1-ano-ponte-da-guarda-atinge-70-das-obras\/\",\"name\":\"Ap\u00f3s 1 ano, Ponte da Guarda atinge 70% das obras -\",\"isPartOf\":{\"@id\":\"https:\/\/sulsc.com\/#website\"},\"datePublished\":\"2023-11-22T18:32:51+00:00\",\"dateModified\":\"2023-11-22T18:32:51+00:00\",\"author\":{\"@id\":\"https:\/\/sulsc.com\/#\/schema\/person\/84d2fc571684f6248ba83092f07750a3\"},\"description\":\"A travessia ter\u00e1 175 metros de extens\u00e3o, duas pistas de 3,080m de largura cada, passagem para pedestres nos dois lados e uma ciclovia. Com os acabamentos e a barreira de prote\u00e7\u00e3o, a estrutura ter\u00e1 12,080m de largura.\",\"breadcrumb\":{\"@id\":\"https:\/\/sulsc.com\/index.php\/2023\/11\/22\/apos-1-ano-ponte-da-guarda-atinge-70-das-obras\/#breadcrumb\"},\"inLanguage\":\"en-US\",\"potentialAction\":[{\"@type\":\"ReadAction\",\"target\":[\"https:\/\/sulsc.com\/index.php\/2023\/11\/22\/apos-1-ano-ponte-da-guarda-atinge-70-das-obras\/\"]}]},{\"@type\":\"BreadcrumbList\",\"@id\":\"https:\/\/sulsc.com\/index.php\/2023\/11\/22\/apos-1-ano-ponte-da-guarda-atinge-70-das-obras\/#breadcrumb\",\"itemListElement\":[{\"@type\":\"ListItem\",\"position\":1,\"name\":\"In\u00edcio\",\"item\":\"https:\/\/sulsc.com\/\"},{\"@type\":\"ListItem\",\"position\":2,\"name\":\"Ap\u00f3s 1 ano, Ponte da Guarda atinge 70% das obras\"}]},{\"@type\":\"WebSite\",\"@id\":\"https:\/\/sulsc.com\/#website\",\"url\":\"https:\/\/sulsc.com\/\",\"name\":\"\",\"description\":\"\",\"potentialAction\":[{\"@type\":\"SearchAction\",\"target\":{\"@type\":\"EntryPoint\",\"urlTemplate\":\"https:\/\/sulsc.com\/?s={search_term_string}\"},\"query-input\":\"required name=search_term_string\"}],\"inLanguage\":\"en-US\"},{\"@type\":\"Person\",\"@id\":\"https:\/\/sulsc.com\/#\/schema\/person\/84d2fc571684f6248ba83092f07750a3\",\"name\":\"Reda\u00e7\u00e3o Sul SC\",\"image\":{\"@type\":\"ImageObject\",\"inLanguage\":\"en-US\",\"@id\":\"https:\/\/sulsc.com\/#\/schema\/person\/image\/e08d7fe2cc4ed596372063bbe852b8d0\",\"url\":\"https:\/\/sulsc.com\/wp-content\/uploads\/2023\/09\/redacao.png\",\"contentUrl\":\"https:\/\/sulsc.com\/wp-content\/uploads\/2023\/09\/redacao.png\",\"caption\":\"Reda\u00e7\u00e3o Sul SC\"},\"description\":\"Foco em um jornalismo imparcial, voltado \u00e0 qualidade dos seus conte\u00fados e, assim, levar informa\u00e7\u00e3o de valor que agregue \u00e0 vida dos leitores. Esta \u00e9 grande miss\u00e3o do Portal de Not\u00edcias Sul SC. N\u00e3o \u00e9 quantidade que muda o mundo, sempre foi e seguir\u00e1 sendo qualidade!\",\"sameAs\":[\"https:\/\/sulsc.com\/\",\"https:\/\/www.facebook.com\/profile.php?id=61559278119680\",\"https:\/\/www.instagram.com\/sulscportal\/?hl=pt-br\",\"https:\/\/twitter.com\/https:\/\/twitter.com\/PortalSulSC\",\"https:\/\/www.youtube.com\/channel\/UCv_BE8GeySluDov2n8qhVmw\"],\"url\":\"https:\/\/sulsc.com\/index.php\/author\/redacao\/\"}]}<\/script>\n<!-- \/ Yoast SEO plugin. -->","yoast_head_json":{"title":"Ap\u00f3s 1 ano, Ponte da Guarda atinge 70% das obras -","description":"A travessia ter\u00e1 175 metros de extens\u00e3o, duas pistas de 3,080m de largura cada, passagem para pedestres nos dois lados e uma ciclovia. Com os acabamentos e a barreira de prote\u00e7\u00e3o, a estrutura ter\u00e1 12,080m de largura.","robots":{"index":"index","follow":"follow","max-snippet":"max-snippet:-1","max-image-preview":"max-image-preview:large","max-video-preview":"max-video-preview:-1"},"canonical":"https:\/\/sulsc.com\/index.php\/2023\/11\/22\/apos-1-ano-ponte-da-guarda-atinge-70-das-obras\/","og_locale":"en_US","og_type":"article","og_title":"Ap\u00f3s 1 ano, Ponte da Guarda atinge 70% das obras -","og_description":"A travessia ter\u00e1 175 metros de extens\u00e3o, duas pistas de 3,080m de largura cada, passagem para pedestres nos dois lados e uma ciclovia. Com os acabamentos e a barreira de prote\u00e7\u00e3o, a estrutura ter\u00e1 12,080m de largura.","og_url":"https:\/\/sulsc.com\/index.php\/2023\/11\/22\/apos-1-ano-ponte-da-guarda-atinge-70-das-obras\/","article_author":"https:\/\/www.facebook.com\/profile.php?id=61559278119680","article_published_time":"2023-11-22T18:32:51+00:00","og_image":[{"width":1024,"height":678,"url":"http:\/\/sulsc.com\/wp-content\/uploads\/2023\/11\/a1-1.jpg","type":"image\/jpeg"}],"author":"Reda\u00e7\u00e3o Sul SC","twitter_card":"summary_large_image","twitter_creator":"@https:\/\/twitter.com\/PortalSulSC","twitter_misc":{"Written by":"Reda\u00e7\u00e3o Sul SC","Est. reading time":"2 minutes"},"schema":{"@context":"https:\/\/schema.org","@graph":[{"@type":"WebPage","@id":"https:\/\/sulsc.com\/index.php\/2023\/11\/22\/apos-1-ano-ponte-da-guarda-atinge-70-das-obras\/","url":"https:\/\/sulsc.com\/index.php\/2023\/11\/22\/apos-1-ano-ponte-da-guarda-atinge-70-das-obras\/","name":"Ap\u00f3s 1 ano, Ponte da Guarda atinge 70% das obras -","isPartOf":{"@id":"https:\/\/sulsc.com\/#website"},"datePublished":"2023-11-22T18:32:51+00:00","dateModified":"2023-11-22T18:32:51+00:00","author":{"@id":"https:\/\/sulsc.com\/#\/schema\/person\/84d2fc571684f6248ba83092f07750a3"},"description":"A travessia ter\u00e1 175 metros de extens\u00e3o, duas pistas de 3,080m de largura cada, passagem para pedestres nos dois lados e uma ciclovia. Com os acabamentos e a barreira de prote\u00e7\u00e3o, a estrutura ter\u00e1 12,080m de largura.","breadcrumb":{"@id":"https:\/\/sulsc.com\/index.php\/2023\/11\/22\/apos-1-ano-ponte-da-guarda-atinge-70-das-obras\/#breadcrumb"},"inLanguage":"en-US","potentialAction":[{"@type":"ReadAction","target":["https:\/\/sulsc.com\/index.php\/2023\/11\/22\/apos-1-ano-ponte-da-guarda-atinge-70-das-obras\/"]}]},{"@type":"BreadcrumbList","@id":"https:\/\/sulsc.com\/index.php\/2023\/11\/22\/apos-1-ano-ponte-da-guarda-atinge-70-das-obras\/#breadcrumb","itemListElement":[{"@type":"ListItem","position":1,"name":"In\u00edcio","item":"https:\/\/sulsc.com\/"},{"@type":"ListItem","position":2,"name":"Ap\u00f3s 1 ano, Ponte da Guarda atinge 70% das obras"}]},{"@type":"WebSite","@id":"https:\/\/sulsc.com\/#website","url":"https:\/\/sulsc.com\/","name":"","description":"","potentialAction":[{"@type":"SearchAction","target":{"@type":"EntryPoint","urlTemplate":"https:\/\/sulsc.com\/?s={search_term_string}"},"query-input":"required name=search_term_string"}],"inLanguage":"en-US"},{"@type":"Person","@id":"https:\/\/sulsc.com\/#\/schema\/person\/84d2fc571684f6248ba83092f07750a3","name":"Reda\u00e7\u00e3o Sul SC","image":{"@type":"ImageObject","inLanguage":"en-US","@id":"https:\/\/sulsc.com\/#\/schema\/person\/image\/e08d7fe2cc4ed596372063bbe852b8d0","url":"https:\/\/sulsc.com\/wp-content\/uploads\/2023\/09\/redacao.png","contentUrl":"https:\/\/sulsc.com\/wp-content\/uploads\/2023\/09\/redacao.png","caption":"Reda\u00e7\u00e3o Sul SC"},"description":"Foco em um jornalismo imparcial, voltado \u00e0 qualidade dos seus conte\u00fados e, assim, levar informa\u00e7\u00e3o de valor que agregue \u00e0 vida dos leitores. Esta \u00e9 grande miss\u00e3o do Portal de Not\u00edcias Sul SC. N\u00e3o \u00e9 quantidade que muda o mundo, sempre foi e seguir\u00e1 sendo qualidade!","sameAs":["https:\/\/sulsc.com\/","https:\/\/www.facebook.com\/profile.php?id=61559278119680","https:\/\/www.instagram.com\/sulscportal\/?hl=pt-br","https:\/\/twitter.com\/https:\/\/twitter.com\/PortalSulSC","https:\/\/www.youtube.com\/channel\/UCv_BE8GeySluDov2n8qhVmw"],"url":"https:\/\/sulsc.com\/index.php\/author\/redacao\/"}]}},"authors":[],"_links":{"self":[{"href":"https:\/\/sulsc.com\/index.php\/wp-json\/wp\/v2\/posts\/4051"}],"collection":[{"href":"https:\/\/sulsc.com\/index.php\/wp-json\/wp\/v2\/posts"}],"about":[{"href":"https:\/\/sulsc.com\/index.php\/wp-json\/wp\/v2\/types\/post"}],"author":[{"embeddable":true,"href":"https:\/\/sulsc.com\/index.php\/wp-json\/wp\/v2\/users\/3"}],"replies":[{"embeddable":true,"href":"https:\/\/sulsc.com\/index.php\/wp-json\/wp\/v2\/comments?post=4051"}],"version-history":[{"count":1,"href":"https:\/\/sulsc.com\/index.php\/wp-json\/wp\/v2\/posts\/4051\/revisions"}],"predecessor-version":[{"id":4054,"href":"https:\/\/sulsc.com\/index.php\/wp-json\/wp\/v2\/posts\/4051\/revisions\/4054"}],"wp:featuredmedia":[{"embeddable":true,"href":"https:\/\/sulsc.com\/index.php\/wp-json\/wp\/v2\/media\/4053"}],"wp:attachment":[{"href":"https:\/\/sulsc.com\/index.php\/wp-json\/wp\/v2\/media?parent=4051"}],"wp:term":[{"taxonomy":"category","embeddable":true,"href":"https:\/\/sulsc.com\/index.php\/wp-json\/wp\/v2\/categories?post=4051"},{"taxonomy":"post_tag","embeddable":true,"href":"https:\/\/sulsc.com\/index.php\/wp-json\/wp\/v2\/tags?post=4051"}],"curies":[{"name":"wp","href":"https:\/\/api.w.org\/{rel}","templated":true}]}}