{"id":4150,"date":"2023-11-24T10:51:27","date_gmt":"2023-11-24T13:51:27","guid":{"rendered":"https:\/\/sulsc.com\/?p=4150"},"modified":"2023-11-24T11:35:13","modified_gmt":"2023-11-24T14:35:13","slug":"turismo-na-amurel-projetos-que-somam-r-30-milhoes-serao-apresentados-nesta-segunda-feira-27","status":"publish","type":"post","link":"https:\/\/sulsc.com\/index.php\/2023\/11\/24\/turismo-na-amurel-projetos-que-somam-r-30-milhoes-serao-apresentados-nesta-segunda-feira-27\/","title":{"rendered":"Turismo na Amurel: Projetos que somam R$ 30 milh\u00f5es ser\u00e3o apresentados nesta segunda-feira (27)"},"content":{"rendered":"<figure id=\"attachment_4153\" aria-describedby=\"caption-attachment-4153\" style=\"width: 756px\" class=\"wp-caption aligncenter\"><img fetchpriority=\"high\" decoding=\"async\" class=\"size-full wp-image-4153\" src=\"http:\/\/sulsc.com\/wp-content\/uploads\/2023\/11\/15.jpg\" alt=\"\" width=\"756\" height=\"770\" srcset=\"https:\/\/sulsc.com\/wp-content\/uploads\/2023\/11\/15.jpg 756w, https:\/\/sulsc.com\/wp-content\/uploads\/2023\/11\/15-295x300.jpg 295w\" sizes=\"(max-width: 756px) 100vw, 756px\" \/><figcaption id=\"caption-attachment-4153\" class=\"wp-caption-text\">Jornalista Iber\u00ea Aguiar Jaques, assessor de Turismo e Cultura da Amurel, e secret\u00e1rio nacional de Planejamento, Sustentabilidade e Competitividade do Minist\u00e9rio do Turismo, Milton Zuanazzi, est\u00e3o \u00e0 frente do encontro nesta segunda-feira (27), na Amurel. Foto: Arquivo Iber\u00ea Aguiar\/Sul SC<\/figcaption><\/figure>\n<p>A regi\u00e3o de Tubar\u00e3o recebe, na pr\u00f3xima segunda-feira (27), a 1\u00aa edi\u00e7\u00e3o do Conex\u00e3o Sul Catarinense Gest\u00e3o, Turismo e Comunica\u00e7\u00e3o (Conextur), organizada pela Associa\u00e7\u00e3o de Munic\u00edpios da Regi\u00e3o de Laguna (Amurel). O evento contar\u00e1 com a presen\u00e7a especial do secret\u00e1rio nacional de Planejamento, Sustentabilidade e Competitividade do Minist\u00e9rio do Turismo, Milton Zuanazzi.<\/p>\n<p>Pelo menos dez projetos, que somam R$ 30 milh\u00f5es, de prefeituras da regi\u00e3o, ser\u00e3o apresentados \u00e0 autoridade da Pasta. Caso cumpram os tr\u00e2mites burocr\u00e1ticos e de documenta\u00e7\u00e3o, a verba poder\u00e1 ser injetada j\u00e1 a partir de 2024. Grandes obras, como a reforma e paisagismo de uma pra\u00e7a em Gravatal, no valor de R$ 7 milh\u00f5es, a reforma do Museu Ferrovi\u00e1rio de Tubar\u00e3o, com previs\u00e3o de R$ 3 milh\u00f5es, e a constru\u00e7\u00e3o de do Parque e Museu Sambaqui, na regi\u00e3o de Garopaba do Sul, em Jaguaruna, com projeto de inje\u00e7\u00e3o de R$ 2,9 milh\u00f5es, estar\u00e3o entre as propostas apresentadas.<\/p>\n<p>Outros projetos prontos s\u00e3o na ordem de R$ 1,3 mi ao Natal de Tubar\u00e3o, mais R$ 1 mi para a constru\u00e7\u00e3o de um mirante de vidro em Laguna, e o mesmo valor para apoio ao evento j\u00e1 tradicional Tomada de Laguna. Santa Rosa de Lima dever\u00e1 repor dois planos: R$ 300 mil voltados \u00e0 Gem\u00fcse Fest e um valor n\u00e3o informado a uma rua coberta. Jaguaruna \u00e9 o munic\u00edpio com o maior n\u00famero de projetos. Al\u00e9m do Parque e Museu do Sambaqui, tamb\u00e9m dever\u00e1 apresentar um para recuperar o Caminho do Mar (R$ 2,4 milh\u00f5es); a revitaliza\u00e7\u00e3o do chuveir\u00e3o R$ 2,2 milh\u00f5es e a recupera\u00e7\u00e3o do Cal\u00e7ad\u00e3o Marisc\u00e3o R$ 3 milh\u00f5es.<\/p>\n<p>O Conextur inicia por volta das 8h, com a explana\u00e7\u00e3o do presidente da Amurel e prefeito de Laguna, Samir Ahmad, e do presidente da Associa\u00e7\u00e3o de Munic\u00edpios da Regi\u00e3o Carbon\u00edfera (Amrec) e prefeito de Morro da Fuma\u00e7a, Agenor Coral.<\/p>\n<p>A programa\u00e7\u00e3o ainda contar\u00e1 com palestras dos jornalistas Cl\u00e1udio Prisco Paraiso, Ildo Silva da Silva, do secret\u00e1rio de Estado de Portos, Aeroportos e Ferrovias, Beto Martins, de Zuanazzi, do diretor do Hotel Termas do Gravatal, Jos\u00e9 Agostinelli Neto, e do secret\u00e1rio de Estado do Turismo de Santa Catarina, Evandro Neiva.<\/p>\n<p>Para o jornalista Iber\u00ea Aguiar Jaques, assessor de Turismo e Cultura da Amurel, esta primeira edi\u00e7\u00e3o \u00e9 um novo marco para o turismo da regi\u00e3o, pois o evento objetiva fortalecer la\u00e7os e evidenciar o segmento tur\u00edstico, alinhado \u00e0 gest\u00e3o e comunica\u00e7\u00e3o do Sul catarinense. \u201cTodas as atividades desta \u00e1rea s\u00e3o importantes, pois alavancam o desenvolvimento social e econ\u00f4mico das cidades e da popula\u00e7\u00e3o. Precisamos estar conectados com as mudan\u00e7as que acontecem com muita rapidez e, principalmente, focados com o mercado e fomentar ambientes inovadores\u201d, envolve Iber\u00ea.<\/p>\n<p><img decoding=\"async\" class=\"aligncenter size-full wp-image-4155\" src=\"http:\/\/sulsc.com\/wp-content\/uploads\/2023\/11\/16.jpg\" alt=\"\" width=\"1080\" height=\"1080\" srcset=\"https:\/\/sulsc.com\/wp-content\/uploads\/2023\/11\/16.jpg 1080w, https:\/\/sulsc.com\/wp-content\/uploads\/2023\/11\/16-300x300.jpg 300w, https:\/\/sulsc.com\/wp-content\/uploads\/2023\/11\/16-1024x1024.jpg 1024w, https:\/\/sulsc.com\/wp-content\/uploads\/2023\/11\/16-150x150.jpg 150w, https:\/\/sulsc.com\/wp-content\/uploads\/2023\/11\/16-768x768.jpg 768w\" sizes=\"(max-width: 1080px) 100vw, 1080px\" \/><\/p>\n<p><strong>Salto recente do trade tur\u00edstico<\/strong><br \/>\nAguiar ainda aponta o avan\u00e7o cronol\u00f3gico do turismo amplo e diversificado. \u201cLembro que, h\u00e1 40 anos, \u00e9ramos carentes de infraestrutura, n\u00e3o t\u00ednhamos rodovias asfaltadas interligando os munic\u00edpios, n\u00e3o t\u00ednhamos a duplica\u00e7\u00e3o da BR-101, telefonia m\u00f3vel, aeroportos, era tudo muito prec\u00e1rio, mas hoje temos tudo isso, ent\u00e3o, precisamos planejar e executar. Se o turismo for levado a s\u00e9rio, \u00e9 uma atividade que gera emprego e economia, proporcionando a inclus\u00e3o social e o respeito \u00e0s pessoas e ao meio ambiente\u201d, complementa o assessor de Turismo e Cultura da Amurel.<\/p>\n<p><strong>Inst\u00e2ncia de Governan\u00e7a Regional (IGR)<\/strong><br \/>\n\u00c9 uma organiza\u00e7\u00e3o com participa\u00e7\u00e3o do poder p\u00fablico, do setor privado e de outras entidades representativas do turismo dos munic\u00edpios componentes das regi\u00f5es tur\u00edsticas, com o papel de coordenar o programa em \u00e2mbito regional. A Inst\u00e2ncia \u00e9 uma entidade sem fins lucrativos, integrada por munic\u00edpios de uma mesma regi\u00e3o, com afinidades culturais, sociais e econ\u00f4micas que se unem para organizar, desenvolver e consolidar a atividade tur\u00edstica local de forma sustent\u00e1vel, regionalizada e descentralizada.<\/p>\n<p>Durante o ano, o colegiado e a assessoria de turismo e cultura da Amurel trabalhou pela unifica\u00e7\u00e3o da Amrec e Amurel, para que, juntas, tornem o setor mais atraente, fazendo com que, tanto a Secretaria de Estado da Pasta, e a Secretaria Nacional do Minist\u00e9rio do Turismo pudessem reconhecer a entidade e dar posse a nova diretoria da IGR Encantos do Sul neste evento.<\/p>\n","protected":false},"excerpt":{"rendered":"<p>Pelo menos dez projetos, que somam R$ 30 milh\u00f5es, de prefeituras da regi\u00e3o, ser\u00e3o apresentados \u00e0 autoridade da Pasta. Caso cumpram os tr\u00e2mites burocr\u00e1ticos e de documenta\u00e7\u00e3o, a verba poder\u00e1 ser injetada j\u00e1 a partir de 2024.<\/p>\n","protected":false},"author":3,"featured_media":4153,"comment_status":"open","ping_status":"open","sticky":false,"template":"","format":"standard","meta":{"site-sidebar-layout":"default","site-content-layout":"","ast-site-content-layout":"default","site-content-style":"default","site-sidebar-style":"default","ast-global-header-display":"","ast-banner-title-visibility":"","ast-main-header-display":"","ast-hfb-above-header-display":"","ast-hfb-below-header-display":"","ast-hfb-mobile-header-display":"","site-post-title":"","ast-breadcrumbs-content":"","ast-featured-img":"","footer-sml-layout":"","theme-transparent-header-meta":"default","adv-header-id-meta":"","stick-header-meta":"","header-above-stick-meta":"","header-main-stick-meta":"","header-below-stick-meta":"","astra-migrate-meta-layouts":"set","footnotes":""},"categories":[6],"tags":[95,96,72,94],"yoast_head":"<!-- This site is optimized with the Yoast SEO plugin v21.4 - https:\/\/yoast.com\/wordpress\/plugins\/seo\/ -->\n<title>Turismo na Amurel: Projetos que somam R$ 30 milh\u00f5es ser\u00e3o apresentados nesta segunda-feira (27) -<\/title>\n<meta name=\"description\" content=\"Pelo menos dez projetos, que somam R$ 30 milh\u00f5es, de prefeituras da regi\u00e3o, ser\u00e3o apresentados \u00e0 autoridade da Pasta. Caso cumpram os tr\u00e2mites burocr\u00e1ticos e de documenta\u00e7\u00e3o, a verba poder\u00e1 ser injetada j\u00e1 a partir de 2024.\" \/>\n<meta name=\"robots\" content=\"index, follow, max-snippet:-1, max-image-preview:large, max-video-preview:-1\" \/>\n<link rel=\"canonical\" href=\"https:\/\/sulsc.com\/index.php\/2023\/11\/24\/turismo-na-amurel-projetos-que-somam-r-30-milhoes-serao-apresentados-nesta-segunda-feira-27\/\" \/>\n<meta property=\"og:locale\" content=\"en_US\" \/>\n<meta property=\"og:type\" content=\"article\" \/>\n<meta property=\"og:title\" content=\"Turismo na Amurel: Projetos que somam R$ 30 milh\u00f5es ser\u00e3o apresentados nesta segunda-feira (27) -\" \/>\n<meta property=\"og:description\" content=\"Pelo menos dez projetos, que somam R$ 30 milh\u00f5es, de prefeituras da regi\u00e3o, ser\u00e3o apresentados \u00e0 autoridade da Pasta. Caso cumpram os tr\u00e2mites burocr\u00e1ticos e de documenta\u00e7\u00e3o, a verba poder\u00e1 ser injetada j\u00e1 a partir de 2024.\" \/>\n<meta property=\"og:url\" content=\"https:\/\/sulsc.com\/index.php\/2023\/11\/24\/turismo-na-amurel-projetos-que-somam-r-30-milhoes-serao-apresentados-nesta-segunda-feira-27\/\" \/>\n<meta property=\"article:author\" content=\"https:\/\/www.facebook.com\/profile.php?id=61559278119680\" \/>\n<meta property=\"article:published_time\" content=\"2023-11-24T13:51:27+00:00\" \/>\n<meta property=\"article:modified_time\" content=\"2023-11-24T14:35:13+00:00\" \/>\n<meta property=\"og:image\" content=\"http:\/\/sulsc.com\/wp-content\/uploads\/2023\/11\/15.jpg\" \/>\n\t<meta property=\"og:image:width\" content=\"756\" \/>\n\t<meta property=\"og:image:height\" content=\"770\" \/>\n\t<meta property=\"og:image:type\" content=\"image\/jpeg\" \/>\n<meta name=\"author\" content=\"Reda\u00e7\u00e3o Sul SC\" \/>\n<meta name=\"twitter:card\" content=\"summary_large_image\" \/>\n<meta name=\"twitter:creator\" content=\"@https:\/\/twitter.com\/PortalSulSC\" \/>\n<meta name=\"twitter:label1\" content=\"Written by\" \/>\n\t<meta name=\"twitter:data1\" content=\"Reda\u00e7\u00e3o Sul SC\" \/>\n\t<meta name=\"twitter:label2\" content=\"Est. reading time\" \/>\n\t<meta name=\"twitter:data2\" content=\"5 minutes\" \/>\n<script type=\"application\/ld+json\" class=\"yoast-schema-graph\">{\"@context\":\"https:\/\/schema.org\",\"@graph\":[{\"@type\":\"WebPage\",\"@id\":\"https:\/\/sulsc.com\/index.php\/2023\/11\/24\/turismo-na-amurel-projetos-que-somam-r-30-milhoes-serao-apresentados-nesta-segunda-feira-27\/\",\"url\":\"https:\/\/sulsc.com\/index.php\/2023\/11\/24\/turismo-na-amurel-projetos-que-somam-r-30-milhoes-serao-apresentados-nesta-segunda-feira-27\/\",\"name\":\"Turismo na Amurel: Projetos que somam R$ 30 milh\u00f5es ser\u00e3o apresentados nesta segunda-feira (27) -\",\"isPartOf\":{\"@id\":\"https:\/\/sulsc.com\/#website\"},\"datePublished\":\"2023-11-24T13:51:27+00:00\",\"dateModified\":\"2023-11-24T14:35:13+00:00\",\"author\":{\"@id\":\"https:\/\/sulsc.com\/#\/schema\/person\/84d2fc571684f6248ba83092f07750a3\"},\"description\":\"Pelo menos dez projetos, que somam R$ 30 milh\u00f5es, de prefeituras da regi\u00e3o, ser\u00e3o apresentados \u00e0 autoridade da Pasta. Caso cumpram os tr\u00e2mites burocr\u00e1ticos e de documenta\u00e7\u00e3o, a verba poder\u00e1 ser injetada j\u00e1 a partir de 2024.\",\"breadcrumb\":{\"@id\":\"https:\/\/sulsc.com\/index.php\/2023\/11\/24\/turismo-na-amurel-projetos-que-somam-r-30-milhoes-serao-apresentados-nesta-segunda-feira-27\/#breadcrumb\"},\"inLanguage\":\"en-US\",\"potentialAction\":[{\"@type\":\"ReadAction\",\"target\":[\"https:\/\/sulsc.com\/index.php\/2023\/11\/24\/turismo-na-amurel-projetos-que-somam-r-30-milhoes-serao-apresentados-nesta-segunda-feira-27\/\"]}]},{\"@type\":\"BreadcrumbList\",\"@id\":\"https:\/\/sulsc.com\/index.php\/2023\/11\/24\/turismo-na-amurel-projetos-que-somam-r-30-milhoes-serao-apresentados-nesta-segunda-feira-27\/#breadcrumb\",\"itemListElement\":[{\"@type\":\"ListItem\",\"position\":1,\"name\":\"In\u00edcio\",\"item\":\"https:\/\/sulsc.com\/\"},{\"@type\":\"ListItem\",\"position\":2,\"name\":\"Turismo na Amurel: Projetos que somam R$ 30 milh\u00f5es ser\u00e3o apresentados nesta segunda-feira (27)\"}]},{\"@type\":\"WebSite\",\"@id\":\"https:\/\/sulsc.com\/#website\",\"url\":\"https:\/\/sulsc.com\/\",\"name\":\"\",\"description\":\"\",\"potentialAction\":[{\"@type\":\"SearchAction\",\"target\":{\"@type\":\"EntryPoint\",\"urlTemplate\":\"https:\/\/sulsc.com\/?s={search_term_string}\"},\"query-input\":\"required name=search_term_string\"}],\"inLanguage\":\"en-US\"},{\"@type\":\"Person\",\"@id\":\"https:\/\/sulsc.com\/#\/schema\/person\/84d2fc571684f6248ba83092f07750a3\",\"name\":\"Reda\u00e7\u00e3o Sul SC\",\"image\":{\"@type\":\"ImageObject\",\"inLanguage\":\"en-US\",\"@id\":\"https:\/\/sulsc.com\/#\/schema\/person\/image\/e08d7fe2cc4ed596372063bbe852b8d0\",\"url\":\"https:\/\/sulsc.com\/wp-content\/uploads\/2023\/09\/redacao.png\",\"contentUrl\":\"https:\/\/sulsc.com\/wp-content\/uploads\/2023\/09\/redacao.png\",\"caption\":\"Reda\u00e7\u00e3o Sul SC\"},\"description\":\"Foco em um jornalismo imparcial, voltado \u00e0 qualidade dos seus conte\u00fados e, assim, levar informa\u00e7\u00e3o de valor que agregue \u00e0 vida dos leitores. Esta \u00e9 grande miss\u00e3o do Portal de Not\u00edcias Sul SC. N\u00e3o \u00e9 quantidade que muda o mundo, sempre foi e seguir\u00e1 sendo qualidade!\",\"sameAs\":[\"https:\/\/sulsc.com\/\",\"https:\/\/www.facebook.com\/profile.php?id=61559278119680\",\"https:\/\/www.instagram.com\/sulscportal\/?hl=pt-br\",\"https:\/\/twitter.com\/https:\/\/twitter.com\/PortalSulSC\",\"https:\/\/www.youtube.com\/channel\/UCv_BE8GeySluDov2n8qhVmw\"],\"url\":\"https:\/\/sulsc.com\/index.php\/author\/redacao\/\"}]}<\/script>\n<!-- \/ Yoast SEO plugin. -->","yoast_head_json":{"title":"Turismo na Amurel: Projetos que somam R$ 30 milh\u00f5es ser\u00e3o apresentados nesta segunda-feira (27) -","description":"Pelo menos dez projetos, que somam R$ 30 milh\u00f5es, de prefeituras da regi\u00e3o, ser\u00e3o apresentados \u00e0 autoridade da Pasta. Caso cumpram os tr\u00e2mites burocr\u00e1ticos e de documenta\u00e7\u00e3o, a verba poder\u00e1 ser injetada j\u00e1 a partir de 2024.","robots":{"index":"index","follow":"follow","max-snippet":"max-snippet:-1","max-image-preview":"max-image-preview:large","max-video-preview":"max-video-preview:-1"},"canonical":"https:\/\/sulsc.com\/index.php\/2023\/11\/24\/turismo-na-amurel-projetos-que-somam-r-30-milhoes-serao-apresentados-nesta-segunda-feira-27\/","og_locale":"en_US","og_type":"article","og_title":"Turismo na Amurel: Projetos que somam R$ 30 milh\u00f5es ser\u00e3o apresentados nesta segunda-feira (27) -","og_description":"Pelo menos dez projetos, que somam R$ 30 milh\u00f5es, de prefeituras da regi\u00e3o, ser\u00e3o apresentados \u00e0 autoridade da Pasta. Caso cumpram os tr\u00e2mites burocr\u00e1ticos e de documenta\u00e7\u00e3o, a verba poder\u00e1 ser injetada j\u00e1 a partir de 2024.","og_url":"https:\/\/sulsc.com\/index.php\/2023\/11\/24\/turismo-na-amurel-projetos-que-somam-r-30-milhoes-serao-apresentados-nesta-segunda-feira-27\/","article_author":"https:\/\/www.facebook.com\/profile.php?id=61559278119680","article_published_time":"2023-11-24T13:51:27+00:00","article_modified_time":"2023-11-24T14:35:13+00:00","og_image":[{"width":756,"height":770,"url":"http:\/\/sulsc.com\/wp-content\/uploads\/2023\/11\/15.jpg","type":"image\/jpeg"}],"author":"Reda\u00e7\u00e3o Sul SC","twitter_card":"summary_large_image","twitter_creator":"@https:\/\/twitter.com\/PortalSulSC","twitter_misc":{"Written by":"Reda\u00e7\u00e3o Sul SC","Est. reading time":"5 minutes"},"schema":{"@context":"https:\/\/schema.org","@graph":[{"@type":"WebPage","@id":"https:\/\/sulsc.com\/index.php\/2023\/11\/24\/turismo-na-amurel-projetos-que-somam-r-30-milhoes-serao-apresentados-nesta-segunda-feira-27\/","url":"https:\/\/sulsc.com\/index.php\/2023\/11\/24\/turismo-na-amurel-projetos-que-somam-r-30-milhoes-serao-apresentados-nesta-segunda-feira-27\/","name":"Turismo na Amurel: Projetos que somam R$ 30 milh\u00f5es ser\u00e3o apresentados nesta segunda-feira (27) -","isPartOf":{"@id":"https:\/\/sulsc.com\/#website"},"datePublished":"2023-11-24T13:51:27+00:00","dateModified":"2023-11-24T14:35:13+00:00","author":{"@id":"https:\/\/sulsc.com\/#\/schema\/person\/84d2fc571684f6248ba83092f07750a3"},"description":"Pelo menos dez projetos, que somam R$ 30 milh\u00f5es, de prefeituras da regi\u00e3o, ser\u00e3o apresentados \u00e0 autoridade da Pasta. Caso cumpram os tr\u00e2mites burocr\u00e1ticos e de documenta\u00e7\u00e3o, a verba poder\u00e1 ser injetada j\u00e1 a partir de 2024.","breadcrumb":{"@id":"https:\/\/sulsc.com\/index.php\/2023\/11\/24\/turismo-na-amurel-projetos-que-somam-r-30-milhoes-serao-apresentados-nesta-segunda-feira-27\/#breadcrumb"},"inLanguage":"en-US","potentialAction":[{"@type":"ReadAction","target":["https:\/\/sulsc.com\/index.php\/2023\/11\/24\/turismo-na-amurel-projetos-que-somam-r-30-milhoes-serao-apresentados-nesta-segunda-feira-27\/"]}]},{"@type":"BreadcrumbList","@id":"https:\/\/sulsc.com\/index.php\/2023\/11\/24\/turismo-na-amurel-projetos-que-somam-r-30-milhoes-serao-apresentados-nesta-segunda-feira-27\/#breadcrumb","itemListElement":[{"@type":"ListItem","position":1,"name":"In\u00edcio","item":"https:\/\/sulsc.com\/"},{"@type":"ListItem","position":2,"name":"Turismo na Amurel: Projetos que somam R$ 30 milh\u00f5es ser\u00e3o apresentados nesta segunda-feira (27)"}]},{"@type":"WebSite","@id":"https:\/\/sulsc.com\/#website","url":"https:\/\/sulsc.com\/","name":"","description":"","potentialAction":[{"@type":"SearchAction","target":{"@type":"EntryPoint","urlTemplate":"https:\/\/sulsc.com\/?s={search_term_string}"},"query-input":"required name=search_term_string"}],"inLanguage":"en-US"},{"@type":"Person","@id":"https:\/\/sulsc.com\/#\/schema\/person\/84d2fc571684f6248ba83092f07750a3","name":"Reda\u00e7\u00e3o Sul SC","image":{"@type":"ImageObject","inLanguage":"en-US","@id":"https:\/\/sulsc.com\/#\/schema\/person\/image\/e08d7fe2cc4ed596372063bbe852b8d0","url":"https:\/\/sulsc.com\/wp-content\/uploads\/2023\/09\/redacao.png","contentUrl":"https:\/\/sulsc.com\/wp-content\/uploads\/2023\/09\/redacao.png","caption":"Reda\u00e7\u00e3o Sul SC"},"description":"Foco em um jornalismo imparcial, voltado \u00e0 qualidade dos seus conte\u00fados e, assim, levar informa\u00e7\u00e3o de valor que agregue \u00e0 vida dos leitores. Esta \u00e9 grande miss\u00e3o do Portal de Not\u00edcias Sul SC. N\u00e3o \u00e9 quantidade que muda o mundo, sempre foi e seguir\u00e1 sendo qualidade!","sameAs":["https:\/\/sulsc.com\/","https:\/\/www.facebook.com\/profile.php?id=61559278119680","https:\/\/www.instagram.com\/sulscportal\/?hl=pt-br","https:\/\/twitter.com\/https:\/\/twitter.com\/PortalSulSC","https:\/\/www.youtube.com\/channel\/UCv_BE8GeySluDov2n8qhVmw"],"url":"https:\/\/sulsc.com\/index.php\/author\/redacao\/"}]}},"authors":[],"_links":{"self":[{"href":"https:\/\/sulsc.com\/index.php\/wp-json\/wp\/v2\/posts\/4150"}],"collection":[{"href":"https:\/\/sulsc.com\/index.php\/wp-json\/wp\/v2\/posts"}],"about":[{"href":"https:\/\/sulsc.com\/index.php\/wp-json\/wp\/v2\/types\/post"}],"author":[{"embeddable":true,"href":"https:\/\/sulsc.com\/index.php\/wp-json\/wp\/v2\/users\/3"}],"replies":[{"embeddable":true,"href":"https:\/\/sulsc.com\/index.php\/wp-json\/wp\/v2\/comments?post=4150"}],"version-history":[{"count":1,"href":"https:\/\/sulsc.com\/index.php\/wp-json\/wp\/v2\/posts\/4150\/revisions"}],"predecessor-version":[{"id":4156,"href":"https:\/\/sulsc.com\/index.php\/wp-json\/wp\/v2\/posts\/4150\/revisions\/4156"}],"wp:featuredmedia":[{"embeddable":true,"href":"https:\/\/sulsc.com\/index.php\/wp-json\/wp\/v2\/media\/4153"}],"wp:attachment":[{"href":"https:\/\/sulsc.com\/index.php\/wp-json\/wp\/v2\/media?parent=4150"}],"wp:term":[{"taxonomy":"category","embeddable":true,"href":"https:\/\/sulsc.com\/index.php\/wp-json\/wp\/v2\/categories?post=4150"},{"taxonomy":"post_tag","embeddable":true,"href":"https:\/\/sulsc.com\/index.php\/wp-json\/wp\/v2\/tags?post=4150"}],"curies":[{"name":"wp","href":"https:\/\/api.w.org\/{rel}","templated":true}]}}