{"id":4164,"date":"2023-11-24T15:40:36","date_gmt":"2023-11-24T18:40:36","guid":{"rendered":"https:\/\/sulsc.com\/?p=4164"},"modified":"2023-11-24T15:40:36","modified_gmt":"2023-11-24T18:40:36","slug":"stf-proibe-celesc-de-fornecer-energia-eletrica-em-imoveis-irregulares","status":"publish","type":"post","link":"https:\/\/sulsc.com\/index.php\/2023\/11\/24\/stf-proibe-celesc-de-fornecer-energia-eletrica-em-imoveis-irregulares\/","title":{"rendered":"STF pro\u00edbe Celesc de fornecer energia el\u00e9trica em im\u00f3veis irregulares"},"content":{"rendered":"<figure id=\"attachment_4165\" aria-describedby=\"caption-attachment-4165\" style=\"width: 1920px\" class=\"wp-caption alignnone\"><img fetchpriority=\"high\" decoding=\"async\" class=\"wp-image-4165 size-full\" src=\"http:\/\/sulsc.com\/wp-content\/uploads\/2023\/11\/1-1.jpg\" alt=\"Imagem meramente ilustrativa. Foto: Banco de fotos\/Sul SC\" width=\"1920\" height=\"1080\" srcset=\"https:\/\/sulsc.com\/wp-content\/uploads\/2023\/11\/1-1.jpg 1920w, https:\/\/sulsc.com\/wp-content\/uploads\/2023\/11\/1-1-300x169.jpg 300w, https:\/\/sulsc.com\/wp-content\/uploads\/2023\/11\/1-1-1024x576.jpg 1024w, https:\/\/sulsc.com\/wp-content\/uploads\/2023\/11\/1-1-768x432.jpg 768w, https:\/\/sulsc.com\/wp-content\/uploads\/2023\/11\/1-1-1536x864.jpg 1536w\" sizes=\"(max-width: 1920px) 100vw, 1920px\" \/><figcaption id=\"caption-attachment-4165\" class=\"wp-caption-text\">Imagem meramente ilustrativa. Foto: Banco de fotos\/Sul SC<\/figcaption><\/figure>\n<p>O Minist\u00e9rio P\u00fablico de Santa Catarina (MPSC) obteve mais uma decis\u00e3o judicial &#8211; agora pelo Supremo tribunal Federal (STF) &#8211; para proibir a Celesc Distribui\u00e7\u00f5es S.A. de efetuar novas liga\u00e7\u00f5es e fornecer energia el\u00e9trica sem que o solicitante comprovasse a regularidade do im\u00f3vel. A ministra C\u00e1rmen L\u00facia, em decis\u00e3o monocr\u00e1tica, negou provimento a recurso proposto pela concession\u00e1ria, mantendo assim o Ac\u00f3rd\u00e3o do Tribunal de Justi\u00e7a de Santa Catarina (TJSC) favor\u00e1vel ao Minist\u00e9rio P\u00fablico.<\/p>\n<p>A a\u00e7\u00e3o civil p\u00fablica foi originalmente proposta na comarca de Fraiburgo, para que a Celesc fosse proibida de fornecer energia el\u00e9trica em edifica\u00e7\u00f5es irregulares, constru\u00eddas em \u00e1reas de preserva\u00e7\u00e3o permanente, terrenos n\u00e3o edific\u00e1veis, \u00e1reas verdes, im\u00f3veis p\u00fablicos ou loteamentos clandestinos. A a\u00e7\u00e3o foi julgada procedente, e confirmada pelo TJSC ap\u00f3s Recurso de Apela\u00e7\u00e3o da parte r\u00e9.<\/p>\n<p>Insatisfeita, a concession\u00e1ria recorreu aos Tribunais Superiores. Em Recurso Especial alegou aus\u00eancia de imposi\u00e7\u00e3o legal para exig\u00eancia de alvar\u00e1 de constru\u00e7\u00e3o, e em Recurso Extraordin\u00e1rio argumentou ser de compet\u00eancia privativa da Uni\u00e3o legislar sobre energia. Ap\u00f3s as contrarraz\u00f5es apresentadas pela Coordenadoria de Recursos C\u00edveis (CRC\u00edvel) do MPSC, os recursos n\u00e3o foram admitidos.<\/p>\n<p>A Celesc agravou das decis\u00f5es, mas a 2\u00aa Vice-Presid\u00eancia manteve seu entendimento. Assim, os autos foram remetidos ao Superior Tribunal de Justi\u00e7a (STJ) e ao Supremo Tribunal Federal (STF).<\/p>\n<p>No STJ, a Primeira Turma, sob relatoria da ministra Regina Helena Costa, negou provimento ao recurso, entendendo que &#8220;sem condi\u00e7\u00f5es de habitabilidade e o imprescind\u00edvel alvar\u00e1 de habite-se, ningu\u00e9m pode ocupar o im\u00f3vel, mostra-se evidente o descabimento da liga\u00e7\u00e3o de energia el\u00e9trica&#8221;.<\/p>\n<p>Na Suprema Corte, a relatoria do Recurso Extraordin\u00e1rio coube a C\u00e1rmen L\u00facia, que, em decis\u00e3o monocr\u00e1tica, tamb\u00e9m lhe negou provimento. A ministra entendeu que a recorrente n\u00e3o demonstrou a repercuss\u00e3o geral do caso e que n\u00e3o houve prequestionamento, no tribunal de origem, da mat\u00e9ria constitucional suscitada no recurso. Por fim, a Relatora ressaltou que eventual recurso manifestamente inadmiss\u00edvel estaria sujeito \u00e0 aplica\u00e7\u00e3o de multa.<\/p>\n","protected":false},"excerpt":{"rendered":"<p>O Minist\u00e9rio P\u00fablico de Santa Catarina (MPSC) obteve mais uma decis\u00e3o judicial &#8211; agora pelo Supremo tribunal Federal (STF) &#8211; para proibir a Celesc Distribui\u00e7\u00f5es S.A. de efetuar novas liga\u00e7\u00f5es e fornecer energia el\u00e9trica sem que o solicitante comprovasse a regularidade do im\u00f3vel. A ministra C\u00e1rmen L\u00facia, em decis\u00e3o monocr\u00e1tica, negou provimento a recurso proposto &hellip;<\/p>\n<p class=\"read-more\"> <a class=\"\" href=\"https:\/\/sulsc.com\/index.php\/2023\/11\/24\/stf-proibe-celesc-de-fornecer-energia-eletrica-em-imoveis-irregulares\/\"> <span class=\"screen-reader-text\">STF pro\u00edbe Celesc de fornecer energia el\u00e9trica em im\u00f3veis irregulares<\/span> Read More &raquo;<\/a><\/p>\n","protected":false},"author":3,"featured_media":4165,"comment_status":"open","ping_status":"open","sticky":false,"template":"","format":"standard","meta":{"site-sidebar-layout":"default","site-content-layout":"","ast-site-content-layout":"default","site-content-style":"default","site-sidebar-style":"default","ast-global-header-display":"","ast-banner-title-visibility":"","ast-main-header-display":"","ast-hfb-above-header-display":"","ast-hfb-below-header-display":"","ast-hfb-mobile-header-display":"","site-post-title":"","ast-breadcrumbs-content":"","ast-featured-img":"","footer-sml-layout":"","theme-transparent-header-meta":"default","adv-header-id-meta":"","stick-header-meta":"","header-above-stick-meta":"","header-main-stick-meta":"","header-below-stick-meta":"","astra-migrate-meta-layouts":"set","footnotes":""},"categories":[1],"tags":[97,101,99,100,98],"yoast_head":"<!-- This site is optimized with the Yoast SEO plugin v21.4 - https:\/\/yoast.com\/wordpress\/plugins\/seo\/ -->\n<title>STF pro\u00edbe Celesc de fornecer energia el\u00e9trica em im\u00f3veis irregulares -<\/title>\n<meta name=\"description\" content=\"A a\u00e7\u00e3o civil p\u00fablica foi originalmente proposta na comarca de Fraiburgo, para que a Celesc fosse proibida de fornecer energia el\u00e9trica em edifica\u00e7\u00f5es irregulares, constru\u00eddas em \u00e1reas de preserva\u00e7\u00e3o permanente, terrenos n\u00e3o edific\u00e1veis, \u00e1reas verdes, im\u00f3veis p\u00fablicos ou loteamentos clandestinos.\" \/>\n<meta name=\"robots\" content=\"index, follow, max-snippet:-1, max-image-preview:large, max-video-preview:-1\" \/>\n<link rel=\"canonical\" href=\"https:\/\/sulsc.com\/index.php\/2023\/11\/24\/stf-proibe-celesc-de-fornecer-energia-eletrica-em-imoveis-irregulares\/\" \/>\n<meta property=\"og:locale\" content=\"en_US\" \/>\n<meta property=\"og:type\" content=\"article\" \/>\n<meta property=\"og:title\" content=\"STF pro\u00edbe Celesc de fornecer energia el\u00e9trica em im\u00f3veis irregulares -\" \/>\n<meta property=\"og:description\" content=\"A a\u00e7\u00e3o civil p\u00fablica foi originalmente proposta na comarca de Fraiburgo, para que a Celesc fosse proibida de fornecer energia el\u00e9trica em edifica\u00e7\u00f5es irregulares, constru\u00eddas em \u00e1reas de preserva\u00e7\u00e3o permanente, terrenos n\u00e3o edific\u00e1veis, \u00e1reas verdes, im\u00f3veis p\u00fablicos ou loteamentos clandestinos.\" \/>\n<meta property=\"og:url\" content=\"https:\/\/sulsc.com\/index.php\/2023\/11\/24\/stf-proibe-celesc-de-fornecer-energia-eletrica-em-imoveis-irregulares\/\" \/>\n<meta property=\"article:author\" content=\"https:\/\/www.facebook.com\/profile.php?id=61559278119680\" \/>\n<meta property=\"article:published_time\" content=\"2023-11-24T18:40:36+00:00\" \/>\n<meta property=\"og:image\" content=\"http:\/\/sulsc.com\/wp-content\/uploads\/2023\/11\/1-1.jpg\" \/>\n\t<meta property=\"og:image:width\" content=\"1920\" \/>\n\t<meta property=\"og:image:height\" content=\"1080\" \/>\n\t<meta property=\"og:image:type\" content=\"image\/jpeg\" \/>\n<meta name=\"author\" content=\"Reda\u00e7\u00e3o Sul SC\" \/>\n<meta name=\"twitter:card\" content=\"summary_large_image\" \/>\n<meta name=\"twitter:creator\" content=\"@https:\/\/twitter.com\/PortalSulSC\" \/>\n<meta name=\"twitter:label1\" content=\"Written by\" \/>\n\t<meta name=\"twitter:data1\" content=\"Reda\u00e7\u00e3o Sul SC\" \/>\n\t<meta name=\"twitter:label2\" content=\"Est. reading time\" \/>\n\t<meta name=\"twitter:data2\" content=\"3 minutes\" \/>\n<script type=\"application\/ld+json\" class=\"yoast-schema-graph\">{\"@context\":\"https:\/\/schema.org\",\"@graph\":[{\"@type\":\"WebPage\",\"@id\":\"https:\/\/sulsc.com\/index.php\/2023\/11\/24\/stf-proibe-celesc-de-fornecer-energia-eletrica-em-imoveis-irregulares\/\",\"url\":\"https:\/\/sulsc.com\/index.php\/2023\/11\/24\/stf-proibe-celesc-de-fornecer-energia-eletrica-em-imoveis-irregulares\/\",\"name\":\"STF pro\u00edbe Celesc de fornecer energia el\u00e9trica em im\u00f3veis irregulares -\",\"isPartOf\":{\"@id\":\"https:\/\/sulsc.com\/#website\"},\"datePublished\":\"2023-11-24T18:40:36+00:00\",\"dateModified\":\"2023-11-24T18:40:36+00:00\",\"author\":{\"@id\":\"https:\/\/sulsc.com\/#\/schema\/person\/84d2fc571684f6248ba83092f07750a3\"},\"description\":\"A a\u00e7\u00e3o civil p\u00fablica foi originalmente proposta na comarca de Fraiburgo, para que a Celesc fosse proibida de fornecer energia el\u00e9trica em edifica\u00e7\u00f5es irregulares, constru\u00eddas em \u00e1reas de preserva\u00e7\u00e3o permanente, terrenos n\u00e3o edific\u00e1veis, \u00e1reas verdes, im\u00f3veis p\u00fablicos ou loteamentos clandestinos.\",\"breadcrumb\":{\"@id\":\"https:\/\/sulsc.com\/index.php\/2023\/11\/24\/stf-proibe-celesc-de-fornecer-energia-eletrica-em-imoveis-irregulares\/#breadcrumb\"},\"inLanguage\":\"en-US\",\"potentialAction\":[{\"@type\":\"ReadAction\",\"target\":[\"https:\/\/sulsc.com\/index.php\/2023\/11\/24\/stf-proibe-celesc-de-fornecer-energia-eletrica-em-imoveis-irregulares\/\"]}]},{\"@type\":\"BreadcrumbList\",\"@id\":\"https:\/\/sulsc.com\/index.php\/2023\/11\/24\/stf-proibe-celesc-de-fornecer-energia-eletrica-em-imoveis-irregulares\/#breadcrumb\",\"itemListElement\":[{\"@type\":\"ListItem\",\"position\":1,\"name\":\"In\u00edcio\",\"item\":\"https:\/\/sulsc.com\/\"},{\"@type\":\"ListItem\",\"position\":2,\"name\":\"STF pro\u00edbe Celesc de fornecer energia el\u00e9trica em im\u00f3veis irregulares\"}]},{\"@type\":\"WebSite\",\"@id\":\"https:\/\/sulsc.com\/#website\",\"url\":\"https:\/\/sulsc.com\/\",\"name\":\"\",\"description\":\"\",\"potentialAction\":[{\"@type\":\"SearchAction\",\"target\":{\"@type\":\"EntryPoint\",\"urlTemplate\":\"https:\/\/sulsc.com\/?s={search_term_string}\"},\"query-input\":\"required name=search_term_string\"}],\"inLanguage\":\"en-US\"},{\"@type\":\"Person\",\"@id\":\"https:\/\/sulsc.com\/#\/schema\/person\/84d2fc571684f6248ba83092f07750a3\",\"name\":\"Reda\u00e7\u00e3o Sul SC\",\"image\":{\"@type\":\"ImageObject\",\"inLanguage\":\"en-US\",\"@id\":\"https:\/\/sulsc.com\/#\/schema\/person\/image\/e08d7fe2cc4ed596372063bbe852b8d0\",\"url\":\"https:\/\/sulsc.com\/wp-content\/uploads\/2023\/09\/redacao.png\",\"contentUrl\":\"https:\/\/sulsc.com\/wp-content\/uploads\/2023\/09\/redacao.png\",\"caption\":\"Reda\u00e7\u00e3o Sul SC\"},\"description\":\"Foco em um jornalismo imparcial, voltado \u00e0 qualidade dos seus conte\u00fados e, assim, levar informa\u00e7\u00e3o de valor que agregue \u00e0 vida dos leitores. Esta \u00e9 grande miss\u00e3o do Portal de Not\u00edcias Sul SC. N\u00e3o \u00e9 quantidade que muda o mundo, sempre foi e seguir\u00e1 sendo qualidade!\",\"sameAs\":[\"https:\/\/sulsc.com\/\",\"https:\/\/www.facebook.com\/profile.php?id=61559278119680\",\"https:\/\/www.instagram.com\/sulscportal\/?hl=pt-br\",\"https:\/\/twitter.com\/https:\/\/twitter.com\/PortalSulSC\",\"https:\/\/www.youtube.com\/channel\/UCv_BE8GeySluDov2n8qhVmw\"],\"url\":\"https:\/\/sulsc.com\/index.php\/author\/redacao\/\"}]}<\/script>\n<!-- \/ Yoast SEO plugin. -->","yoast_head_json":{"title":"STF pro\u00edbe Celesc de fornecer energia el\u00e9trica em im\u00f3veis irregulares -","description":"A a\u00e7\u00e3o civil p\u00fablica foi originalmente proposta na comarca de Fraiburgo, para que a Celesc fosse proibida de fornecer energia el\u00e9trica em edifica\u00e7\u00f5es irregulares, constru\u00eddas em \u00e1reas de preserva\u00e7\u00e3o permanente, terrenos n\u00e3o edific\u00e1veis, \u00e1reas verdes, im\u00f3veis p\u00fablicos ou loteamentos clandestinos.","robots":{"index":"index","follow":"follow","max-snippet":"max-snippet:-1","max-image-preview":"max-image-preview:large","max-video-preview":"max-video-preview:-1"},"canonical":"https:\/\/sulsc.com\/index.php\/2023\/11\/24\/stf-proibe-celesc-de-fornecer-energia-eletrica-em-imoveis-irregulares\/","og_locale":"en_US","og_type":"article","og_title":"STF pro\u00edbe Celesc de fornecer energia el\u00e9trica em im\u00f3veis irregulares -","og_description":"A a\u00e7\u00e3o civil p\u00fablica foi originalmente proposta na comarca de Fraiburgo, para que a Celesc fosse proibida de fornecer energia el\u00e9trica em edifica\u00e7\u00f5es irregulares, constru\u00eddas em \u00e1reas de preserva\u00e7\u00e3o permanente, terrenos n\u00e3o edific\u00e1veis, \u00e1reas verdes, im\u00f3veis p\u00fablicos ou loteamentos clandestinos.","og_url":"https:\/\/sulsc.com\/index.php\/2023\/11\/24\/stf-proibe-celesc-de-fornecer-energia-eletrica-em-imoveis-irregulares\/","article_author":"https:\/\/www.facebook.com\/profile.php?id=61559278119680","article_published_time":"2023-11-24T18:40:36+00:00","og_image":[{"width":1920,"height":1080,"url":"http:\/\/sulsc.com\/wp-content\/uploads\/2023\/11\/1-1.jpg","type":"image\/jpeg"}],"author":"Reda\u00e7\u00e3o Sul SC","twitter_card":"summary_large_image","twitter_creator":"@https:\/\/twitter.com\/PortalSulSC","twitter_misc":{"Written by":"Reda\u00e7\u00e3o Sul SC","Est. reading time":"3 minutes"},"schema":{"@context":"https:\/\/schema.org","@graph":[{"@type":"WebPage","@id":"https:\/\/sulsc.com\/index.php\/2023\/11\/24\/stf-proibe-celesc-de-fornecer-energia-eletrica-em-imoveis-irregulares\/","url":"https:\/\/sulsc.com\/index.php\/2023\/11\/24\/stf-proibe-celesc-de-fornecer-energia-eletrica-em-imoveis-irregulares\/","name":"STF pro\u00edbe Celesc de fornecer energia el\u00e9trica em im\u00f3veis irregulares -","isPartOf":{"@id":"https:\/\/sulsc.com\/#website"},"datePublished":"2023-11-24T18:40:36+00:00","dateModified":"2023-11-24T18:40:36+00:00","author":{"@id":"https:\/\/sulsc.com\/#\/schema\/person\/84d2fc571684f6248ba83092f07750a3"},"description":"A a\u00e7\u00e3o civil p\u00fablica foi originalmente proposta na comarca de Fraiburgo, para que a Celesc fosse proibida de fornecer energia el\u00e9trica em edifica\u00e7\u00f5es irregulares, constru\u00eddas em \u00e1reas de preserva\u00e7\u00e3o permanente, terrenos n\u00e3o edific\u00e1veis, \u00e1reas verdes, im\u00f3veis p\u00fablicos ou loteamentos clandestinos.","breadcrumb":{"@id":"https:\/\/sulsc.com\/index.php\/2023\/11\/24\/stf-proibe-celesc-de-fornecer-energia-eletrica-em-imoveis-irregulares\/#breadcrumb"},"inLanguage":"en-US","potentialAction":[{"@type":"ReadAction","target":["https:\/\/sulsc.com\/index.php\/2023\/11\/24\/stf-proibe-celesc-de-fornecer-energia-eletrica-em-imoveis-irregulares\/"]}]},{"@type":"BreadcrumbList","@id":"https:\/\/sulsc.com\/index.php\/2023\/11\/24\/stf-proibe-celesc-de-fornecer-energia-eletrica-em-imoveis-irregulares\/#breadcrumb","itemListElement":[{"@type":"ListItem","position":1,"name":"In\u00edcio","item":"https:\/\/sulsc.com\/"},{"@type":"ListItem","position":2,"name":"STF pro\u00edbe Celesc de fornecer energia el\u00e9trica em im\u00f3veis irregulares"}]},{"@type":"WebSite","@id":"https:\/\/sulsc.com\/#website","url":"https:\/\/sulsc.com\/","name":"","description":"","potentialAction":[{"@type":"SearchAction","target":{"@type":"EntryPoint","urlTemplate":"https:\/\/sulsc.com\/?s={search_term_string}"},"query-input":"required name=search_term_string"}],"inLanguage":"en-US"},{"@type":"Person","@id":"https:\/\/sulsc.com\/#\/schema\/person\/84d2fc571684f6248ba83092f07750a3","name":"Reda\u00e7\u00e3o Sul SC","image":{"@type":"ImageObject","inLanguage":"en-US","@id":"https:\/\/sulsc.com\/#\/schema\/person\/image\/e08d7fe2cc4ed596372063bbe852b8d0","url":"https:\/\/sulsc.com\/wp-content\/uploads\/2023\/09\/redacao.png","contentUrl":"https:\/\/sulsc.com\/wp-content\/uploads\/2023\/09\/redacao.png","caption":"Reda\u00e7\u00e3o Sul SC"},"description":"Foco em um jornalismo imparcial, voltado \u00e0 qualidade dos seus conte\u00fados e, assim, levar informa\u00e7\u00e3o de valor que agregue \u00e0 vida dos leitores. Esta \u00e9 grande miss\u00e3o do Portal de Not\u00edcias Sul SC. N\u00e3o \u00e9 quantidade que muda o mundo, sempre foi e seguir\u00e1 sendo qualidade!","sameAs":["https:\/\/sulsc.com\/","https:\/\/www.facebook.com\/profile.php?id=61559278119680","https:\/\/www.instagram.com\/sulscportal\/?hl=pt-br","https:\/\/twitter.com\/https:\/\/twitter.com\/PortalSulSC","https:\/\/www.youtube.com\/channel\/UCv_BE8GeySluDov2n8qhVmw"],"url":"https:\/\/sulsc.com\/index.php\/author\/redacao\/"}]}},"authors":[],"_links":{"self":[{"href":"https:\/\/sulsc.com\/index.php\/wp-json\/wp\/v2\/posts\/4164"}],"collection":[{"href":"https:\/\/sulsc.com\/index.php\/wp-json\/wp\/v2\/posts"}],"about":[{"href":"https:\/\/sulsc.com\/index.php\/wp-json\/wp\/v2\/types\/post"}],"author":[{"embeddable":true,"href":"https:\/\/sulsc.com\/index.php\/wp-json\/wp\/v2\/users\/3"}],"replies":[{"embeddable":true,"href":"https:\/\/sulsc.com\/index.php\/wp-json\/wp\/v2\/comments?post=4164"}],"version-history":[{"count":1,"href":"https:\/\/sulsc.com\/index.php\/wp-json\/wp\/v2\/posts\/4164\/revisions"}],"predecessor-version":[{"id":4166,"href":"https:\/\/sulsc.com\/index.php\/wp-json\/wp\/v2\/posts\/4164\/revisions\/4166"}],"wp:featuredmedia":[{"embeddable":true,"href":"https:\/\/sulsc.com\/index.php\/wp-json\/wp\/v2\/media\/4165"}],"wp:attachment":[{"href":"https:\/\/sulsc.com\/index.php\/wp-json\/wp\/v2\/media?parent=4164"}],"wp:term":[{"taxonomy":"category","embeddable":true,"href":"https:\/\/sulsc.com\/index.php\/wp-json\/wp\/v2\/categories?post=4164"},{"taxonomy":"post_tag","embeddable":true,"href":"https:\/\/sulsc.com\/index.php\/wp-json\/wp\/v2\/tags?post=4164"}],"curies":[{"name":"wp","href":"https:\/\/api.w.org\/{rel}","templated":true}]}}