{"id":4175,"date":"2023-11-24T19:13:31","date_gmt":"2023-11-24T22:13:31","guid":{"rendered":"https:\/\/sulsc.com\/?p=4175"},"modified":"2023-11-24T19:13:31","modified_gmt":"2023-11-24T22:13:31","slug":"tubarao-sedia-1o-forum-regional-de-turismo-da-encantos-do-sul","status":"publish","type":"post","link":"https:\/\/sulsc.com\/index.php\/2023\/11\/24\/tubarao-sedia-1o-forum-regional-de-turismo-da-encantos-do-sul\/","title":{"rendered":"Tubar\u00e3o sedia 1\u00ba F\u00f3rum Regional de Turismo da Encantos do Sul"},"content":{"rendered":"<figure id=\"attachment_4177\" aria-describedby=\"caption-attachment-4177\" style=\"width: 901px\" class=\"wp-caption aligncenter\"><img fetchpriority=\"high\" decoding=\"async\" class=\"wp-image-4177 size-full\" src=\"http:\/\/sulsc.com\/wp-content\/uploads\/2023\/11\/2-2.jpg\" alt=\"Tubar\u00e3o foi considerada a cidade mais hospitaleira do Brasil em 2020. Foto: Banco de imagens Sul SC \" width=\"901\" height=\"600\" srcset=\"https:\/\/sulsc.com\/wp-content\/uploads\/2023\/11\/2-2.jpg 901w, https:\/\/sulsc.com\/wp-content\/uploads\/2023\/11\/2-2-300x200.jpg 300w, https:\/\/sulsc.com\/wp-content\/uploads\/2023\/11\/2-2-768x511.jpg 768w\" sizes=\"(max-width: 901px) 100vw, 901px\" \/><figcaption id=\"caption-attachment-4177\" class=\"wp-caption-text\">Tubar\u00e3o foi considerada a cidade mais hospitaleira do Brasil em 2020. Foto: Banco de imagens Sul SC<\/figcaption><\/figure>\n<p><span style=\"font-size: 16px;\">Tubar\u00e3o recebe, no pr\u00f3ximo dia 4, o 1\u00ba F\u00f3rum Regional de Turismo, uma iniciativa da Inst\u00e2ncia de Governan\u00e7a (IGR) Encantos do Sul, Epagri, prefeitura de Tubar\u00e3o, Amurel e Amrec. O encontro ocorrer\u00e1 na Hangar 737, com entrada gratuita, e vai reunir representantes dos setores p\u00fablico e privado e trade tur\u00edstico presente da regi\u00e3o, com uma demonstra\u00e7\u00e3o tang\u00edvel de coopera\u00e7\u00e3o e uni\u00e3o.<\/span><\/p>\n<p>O objetivo \u00e9 construir um novo caminho com planejamento para impulsionar o desenvolvimento tur\u00edstico local. O F\u00f3rum \u00e9 uma a\u00e7\u00e3o presente no Plano Regional do Turismo (PRT), que \u00e9 uma das obriga\u00e7\u00f5es como IGR de realizar, anualmente, um evento deste porte. Conta com apoio da Secretaria de Estado do Turismo.<\/p>\n<p><strong>Palestrantes<\/strong><br \/>\nUm dos palestrantes ser\u00e1 o secret\u00e1rio de Portos, Aeroportos e Ferrovias do Estado, Beto Martins. De acordo com ele, a regi\u00e3o tem oportunidades interessantes na infraestrutura que podem beneficiar os setores de log\u00edstica de transporte de cargas e passageiros e, por consequ\u00eancia, tamb\u00e9m o turismo. \u201cEsclarecer os avan\u00e7os que tivemos na Secretaria de Portos, Aeroportos e Ferrovias nos \u00faltimos sete meses e o est\u00e1gio dos projetos que estamos desenvolvendo ser\u00e1 fundamental para a compreens\u00e3o e participa\u00e7\u00e3o de todos&#8221;, adianta o secret\u00e1rio.<\/p>\n<p>Segundo o presidente da IGR Encantos do Sul, Albertino Ferreira, o f\u00f3rum representa um passo importante em dire\u00e7\u00e3o \u00e0 coopera\u00e7\u00e3o e integra\u00e7\u00e3o entre o poder p\u00fablico e privado. \u201cCom esta uni\u00e3o, a expectativa \u00e9 que o turismo se transforme em um catalisador do desenvolvimento , beneficiando munic\u00edpios\u201d, frisa Ferreira.<\/p>\n<p><strong>Inscri\u00e7\u00e3o<\/strong><br \/>\nPara fazer a inscri\u00e7\u00e3o, basta acessar o site <a href=\"https:\/\/encantosdosul.org.br\/forum\/\">https:\/\/encantosdosul.org.br\/forum\/<\/a> e fazer o cadastro gratuito.<br \/>\nTemas como o setor tur\u00edstico, infraestrutura, investimentos, experi\u00eancias e mercado ser\u00e3o abordados nos pain\u00e9is.<\/p>\n<p>O evento \u00e9 uma realiza\u00e7\u00e3o da Inst\u00e2ncia de Governan\u00e7a (IGR) Encantos do Sul e Epagri, com apoio da prefeitura de Tubar\u00e3o, Amurel, Amrec, Acit, Ampe, CDL da Cidade Azul, Contur, Sebrae, Unisul, Fecom\u00e9rcio, Sindicont e Ajet.<\/p>\n","protected":false},"excerpt":{"rendered":"<p>Tubar\u00e3o recebe, no pr\u00f3ximo dia 4, o 1\u00ba F\u00f3rum Regional de Turismo, uma iniciativa da Inst\u00e2ncia de Governan\u00e7a (IGR) Encantos do Sul, Epagri, prefeitura de Tubar\u00e3o, Amurel e Amrec. O encontro ocorrer\u00e1 na Hangar 737, com entrada gratuita, e vai reunir representantes dos setores p\u00fablico e privado e trade tur\u00edstico presente da regi\u00e3o, com uma &hellip;<\/p>\n<p class=\"read-more\"> <a class=\"\" href=\"https:\/\/sulsc.com\/index.php\/2023\/11\/24\/tubarao-sedia-1o-forum-regional-de-turismo-da-encantos-do-sul\/\"> <span class=\"screen-reader-text\">Tubar\u00e3o sedia 1\u00ba F\u00f3rum Regional de Turismo da Encantos do Sul<\/span> Read More &raquo;<\/a><\/p>\n","protected":false},"author":3,"featured_media":4177,"comment_status":"open","ping_status":"open","sticky":false,"template":"","format":"standard","meta":{"site-sidebar-layout":"default","site-content-layout":"","ast-site-content-layout":"default","site-content-style":"default","site-sidebar-style":"default","ast-global-header-display":"","ast-banner-title-visibility":"","ast-main-header-display":"","ast-hfb-above-header-display":"","ast-hfb-below-header-display":"","ast-hfb-mobile-header-display":"","site-post-title":"","ast-breadcrumbs-content":"","ast-featured-img":"","footer-sml-layout":"","theme-transparent-header-meta":"default","adv-header-id-meta":"","stick-header-meta":"","header-above-stick-meta":"","header-main-stick-meta":"","header-below-stick-meta":"","astra-migrate-meta-layouts":"set","footnotes":""},"categories":[1],"tags":[],"yoast_head":"<!-- This site is optimized with the Yoast SEO plugin v21.4 - https:\/\/yoast.com\/wordpress\/plugins\/seo\/ -->\n<title>Tubar\u00e3o sedia 1\u00ba F\u00f3rum Regional de Turismo da Encantos do Sul -<\/title>\n<meta name=\"description\" content=\"O objetivo \u00e9 construir um novo caminho com planejamento para impulsionar o desenvolvimento tur\u00edstico local. O F\u00f3rum \u00e9 uma a\u00e7\u00e3o presente no Plano Regional do Turismo (PRT)\" \/>\n<meta name=\"robots\" content=\"index, follow, max-snippet:-1, max-image-preview:large, max-video-preview:-1\" \/>\n<link rel=\"canonical\" href=\"https:\/\/sulsc.com\/index.php\/2023\/11\/24\/tubarao-sedia-1o-forum-regional-de-turismo-da-encantos-do-sul\/\" \/>\n<meta property=\"og:locale\" content=\"en_US\" \/>\n<meta property=\"og:type\" content=\"article\" \/>\n<meta property=\"og:title\" content=\"Tubar\u00e3o sedia 1\u00ba F\u00f3rum Regional de Turismo da Encantos do Sul -\" \/>\n<meta property=\"og:description\" content=\"O objetivo \u00e9 construir um novo caminho com planejamento para impulsionar o desenvolvimento tur\u00edstico local. O F\u00f3rum \u00e9 uma a\u00e7\u00e3o presente no Plano Regional do Turismo (PRT)\" \/>\n<meta property=\"og:url\" content=\"https:\/\/sulsc.com\/index.php\/2023\/11\/24\/tubarao-sedia-1o-forum-regional-de-turismo-da-encantos-do-sul\/\" \/>\n<meta property=\"article:author\" content=\"https:\/\/www.facebook.com\/profile.php?id=61559278119680\" \/>\n<meta property=\"article:published_time\" content=\"2023-11-24T22:13:31+00:00\" \/>\n<meta property=\"og:image\" content=\"http:\/\/sulsc.com\/wp-content\/uploads\/2023\/11\/2-2.jpg\" \/>\n\t<meta property=\"og:image:width\" content=\"901\" \/>\n\t<meta property=\"og:image:height\" content=\"600\" \/>\n\t<meta property=\"og:image:type\" content=\"image\/jpeg\" \/>\n<meta name=\"author\" content=\"Reda\u00e7\u00e3o Sul SC\" \/>\n<meta name=\"twitter:card\" content=\"summary_large_image\" \/>\n<meta name=\"twitter:creator\" content=\"@https:\/\/twitter.com\/PortalSulSC\" \/>\n<meta name=\"twitter:label1\" content=\"Written by\" \/>\n\t<meta name=\"twitter:data1\" content=\"Reda\u00e7\u00e3o Sul SC\" \/>\n\t<meta name=\"twitter:label2\" content=\"Est. reading time\" \/>\n\t<meta name=\"twitter:data2\" content=\"3 minutes\" \/>\n<script type=\"application\/ld+json\" class=\"yoast-schema-graph\">{\"@context\":\"https:\/\/schema.org\",\"@graph\":[{\"@type\":\"WebPage\",\"@id\":\"https:\/\/sulsc.com\/index.php\/2023\/11\/24\/tubarao-sedia-1o-forum-regional-de-turismo-da-encantos-do-sul\/\",\"url\":\"https:\/\/sulsc.com\/index.php\/2023\/11\/24\/tubarao-sedia-1o-forum-regional-de-turismo-da-encantos-do-sul\/\",\"name\":\"Tubar\u00e3o sedia 1\u00ba F\u00f3rum Regional de Turismo da Encantos do Sul -\",\"isPartOf\":{\"@id\":\"https:\/\/sulsc.com\/#website\"},\"datePublished\":\"2023-11-24T22:13:31+00:00\",\"dateModified\":\"2023-11-24T22:13:31+00:00\",\"author\":{\"@id\":\"https:\/\/sulsc.com\/#\/schema\/person\/84d2fc571684f6248ba83092f07750a3\"},\"description\":\"O objetivo \u00e9 construir um novo caminho com planejamento para impulsionar o desenvolvimento tur\u00edstico local. O F\u00f3rum \u00e9 uma a\u00e7\u00e3o presente no Plano Regional do Turismo (PRT)\",\"breadcrumb\":{\"@id\":\"https:\/\/sulsc.com\/index.php\/2023\/11\/24\/tubarao-sedia-1o-forum-regional-de-turismo-da-encantos-do-sul\/#breadcrumb\"},\"inLanguage\":\"en-US\",\"potentialAction\":[{\"@type\":\"ReadAction\",\"target\":[\"https:\/\/sulsc.com\/index.php\/2023\/11\/24\/tubarao-sedia-1o-forum-regional-de-turismo-da-encantos-do-sul\/\"]}]},{\"@type\":\"BreadcrumbList\",\"@id\":\"https:\/\/sulsc.com\/index.php\/2023\/11\/24\/tubarao-sedia-1o-forum-regional-de-turismo-da-encantos-do-sul\/#breadcrumb\",\"itemListElement\":[{\"@type\":\"ListItem\",\"position\":1,\"name\":\"In\u00edcio\",\"item\":\"https:\/\/sulsc.com\/\"},{\"@type\":\"ListItem\",\"position\":2,\"name\":\"Tubar\u00e3o sedia 1\u00ba F\u00f3rum Regional de Turismo da Encantos do Sul\"}]},{\"@type\":\"WebSite\",\"@id\":\"https:\/\/sulsc.com\/#website\",\"url\":\"https:\/\/sulsc.com\/\",\"name\":\"\",\"description\":\"\",\"potentialAction\":[{\"@type\":\"SearchAction\",\"target\":{\"@type\":\"EntryPoint\",\"urlTemplate\":\"https:\/\/sulsc.com\/?s={search_term_string}\"},\"query-input\":\"required name=search_term_string\"}],\"inLanguage\":\"en-US\"},{\"@type\":\"Person\",\"@id\":\"https:\/\/sulsc.com\/#\/schema\/person\/84d2fc571684f6248ba83092f07750a3\",\"name\":\"Reda\u00e7\u00e3o Sul SC\",\"image\":{\"@type\":\"ImageObject\",\"inLanguage\":\"en-US\",\"@id\":\"https:\/\/sulsc.com\/#\/schema\/person\/image\/e08d7fe2cc4ed596372063bbe852b8d0\",\"url\":\"https:\/\/sulsc.com\/wp-content\/uploads\/2023\/09\/redacao.png\",\"contentUrl\":\"https:\/\/sulsc.com\/wp-content\/uploads\/2023\/09\/redacao.png\",\"caption\":\"Reda\u00e7\u00e3o Sul SC\"},\"description\":\"Foco em um jornalismo imparcial, voltado \u00e0 qualidade dos seus conte\u00fados e, assim, levar informa\u00e7\u00e3o de valor que agregue \u00e0 vida dos leitores. Esta \u00e9 grande miss\u00e3o do Portal de Not\u00edcias Sul SC. N\u00e3o \u00e9 quantidade que muda o mundo, sempre foi e seguir\u00e1 sendo qualidade!\",\"sameAs\":[\"https:\/\/sulsc.com\/\",\"https:\/\/www.facebook.com\/profile.php?id=61559278119680\",\"https:\/\/www.instagram.com\/sulscportal\/?hl=pt-br\",\"https:\/\/twitter.com\/https:\/\/twitter.com\/PortalSulSC\",\"https:\/\/www.youtube.com\/channel\/UCv_BE8GeySluDov2n8qhVmw\"],\"url\":\"https:\/\/sulsc.com\/index.php\/author\/redacao\/\"}]}<\/script>\n<!-- \/ Yoast SEO plugin. -->","yoast_head_json":{"title":"Tubar\u00e3o sedia 1\u00ba F\u00f3rum Regional de Turismo da Encantos do Sul -","description":"O objetivo \u00e9 construir um novo caminho com planejamento para impulsionar o desenvolvimento tur\u00edstico local. O F\u00f3rum \u00e9 uma a\u00e7\u00e3o presente no Plano Regional do Turismo (PRT)","robots":{"index":"index","follow":"follow","max-snippet":"max-snippet:-1","max-image-preview":"max-image-preview:large","max-video-preview":"max-video-preview:-1"},"canonical":"https:\/\/sulsc.com\/index.php\/2023\/11\/24\/tubarao-sedia-1o-forum-regional-de-turismo-da-encantos-do-sul\/","og_locale":"en_US","og_type":"article","og_title":"Tubar\u00e3o sedia 1\u00ba F\u00f3rum Regional de Turismo da Encantos do Sul -","og_description":"O objetivo \u00e9 construir um novo caminho com planejamento para impulsionar o desenvolvimento tur\u00edstico local. O F\u00f3rum \u00e9 uma a\u00e7\u00e3o presente no Plano Regional do Turismo (PRT)","og_url":"https:\/\/sulsc.com\/index.php\/2023\/11\/24\/tubarao-sedia-1o-forum-regional-de-turismo-da-encantos-do-sul\/","article_author":"https:\/\/www.facebook.com\/profile.php?id=61559278119680","article_published_time":"2023-11-24T22:13:31+00:00","og_image":[{"width":901,"height":600,"url":"http:\/\/sulsc.com\/wp-content\/uploads\/2023\/11\/2-2.jpg","type":"image\/jpeg"}],"author":"Reda\u00e7\u00e3o Sul SC","twitter_card":"summary_large_image","twitter_creator":"@https:\/\/twitter.com\/PortalSulSC","twitter_misc":{"Written by":"Reda\u00e7\u00e3o Sul SC","Est. reading time":"3 minutes"},"schema":{"@context":"https:\/\/schema.org","@graph":[{"@type":"WebPage","@id":"https:\/\/sulsc.com\/index.php\/2023\/11\/24\/tubarao-sedia-1o-forum-regional-de-turismo-da-encantos-do-sul\/","url":"https:\/\/sulsc.com\/index.php\/2023\/11\/24\/tubarao-sedia-1o-forum-regional-de-turismo-da-encantos-do-sul\/","name":"Tubar\u00e3o sedia 1\u00ba F\u00f3rum Regional de Turismo da Encantos do Sul -","isPartOf":{"@id":"https:\/\/sulsc.com\/#website"},"datePublished":"2023-11-24T22:13:31+00:00","dateModified":"2023-11-24T22:13:31+00:00","author":{"@id":"https:\/\/sulsc.com\/#\/schema\/person\/84d2fc571684f6248ba83092f07750a3"},"description":"O objetivo \u00e9 construir um novo caminho com planejamento para impulsionar o desenvolvimento tur\u00edstico local. O F\u00f3rum \u00e9 uma a\u00e7\u00e3o presente no Plano Regional do Turismo (PRT)","breadcrumb":{"@id":"https:\/\/sulsc.com\/index.php\/2023\/11\/24\/tubarao-sedia-1o-forum-regional-de-turismo-da-encantos-do-sul\/#breadcrumb"},"inLanguage":"en-US","potentialAction":[{"@type":"ReadAction","target":["https:\/\/sulsc.com\/index.php\/2023\/11\/24\/tubarao-sedia-1o-forum-regional-de-turismo-da-encantos-do-sul\/"]}]},{"@type":"BreadcrumbList","@id":"https:\/\/sulsc.com\/index.php\/2023\/11\/24\/tubarao-sedia-1o-forum-regional-de-turismo-da-encantos-do-sul\/#breadcrumb","itemListElement":[{"@type":"ListItem","position":1,"name":"In\u00edcio","item":"https:\/\/sulsc.com\/"},{"@type":"ListItem","position":2,"name":"Tubar\u00e3o sedia 1\u00ba F\u00f3rum Regional de Turismo da Encantos do Sul"}]},{"@type":"WebSite","@id":"https:\/\/sulsc.com\/#website","url":"https:\/\/sulsc.com\/","name":"","description":"","potentialAction":[{"@type":"SearchAction","target":{"@type":"EntryPoint","urlTemplate":"https:\/\/sulsc.com\/?s={search_term_string}"},"query-input":"required name=search_term_string"}],"inLanguage":"en-US"},{"@type":"Person","@id":"https:\/\/sulsc.com\/#\/schema\/person\/84d2fc571684f6248ba83092f07750a3","name":"Reda\u00e7\u00e3o Sul SC","image":{"@type":"ImageObject","inLanguage":"en-US","@id":"https:\/\/sulsc.com\/#\/schema\/person\/image\/e08d7fe2cc4ed596372063bbe852b8d0","url":"https:\/\/sulsc.com\/wp-content\/uploads\/2023\/09\/redacao.png","contentUrl":"https:\/\/sulsc.com\/wp-content\/uploads\/2023\/09\/redacao.png","caption":"Reda\u00e7\u00e3o Sul SC"},"description":"Foco em um jornalismo imparcial, voltado \u00e0 qualidade dos seus conte\u00fados e, assim, levar informa\u00e7\u00e3o de valor que agregue \u00e0 vida dos leitores. Esta \u00e9 grande miss\u00e3o do Portal de Not\u00edcias Sul SC. N\u00e3o \u00e9 quantidade que muda o mundo, sempre foi e seguir\u00e1 sendo qualidade!","sameAs":["https:\/\/sulsc.com\/","https:\/\/www.facebook.com\/profile.php?id=61559278119680","https:\/\/www.instagram.com\/sulscportal\/?hl=pt-br","https:\/\/twitter.com\/https:\/\/twitter.com\/PortalSulSC","https:\/\/www.youtube.com\/channel\/UCv_BE8GeySluDov2n8qhVmw"],"url":"https:\/\/sulsc.com\/index.php\/author\/redacao\/"}]}},"authors":[],"_links":{"self":[{"href":"https:\/\/sulsc.com\/index.php\/wp-json\/wp\/v2\/posts\/4175"}],"collection":[{"href":"https:\/\/sulsc.com\/index.php\/wp-json\/wp\/v2\/posts"}],"about":[{"href":"https:\/\/sulsc.com\/index.php\/wp-json\/wp\/v2\/types\/post"}],"author":[{"embeddable":true,"href":"https:\/\/sulsc.com\/index.php\/wp-json\/wp\/v2\/users\/3"}],"replies":[{"embeddable":true,"href":"https:\/\/sulsc.com\/index.php\/wp-json\/wp\/v2\/comments?post=4175"}],"version-history":[{"count":1,"href":"https:\/\/sulsc.com\/index.php\/wp-json\/wp\/v2\/posts\/4175\/revisions"}],"predecessor-version":[{"id":4178,"href":"https:\/\/sulsc.com\/index.php\/wp-json\/wp\/v2\/posts\/4175\/revisions\/4178"}],"wp:featuredmedia":[{"embeddable":true,"href":"https:\/\/sulsc.com\/index.php\/wp-json\/wp\/v2\/media\/4177"}],"wp:attachment":[{"href":"https:\/\/sulsc.com\/index.php\/wp-json\/wp\/v2\/media?parent=4175"}],"wp:term":[{"taxonomy":"category","embeddable":true,"href":"https:\/\/sulsc.com\/index.php\/wp-json\/wp\/v2\/categories?post=4175"},{"taxonomy":"post_tag","embeddable":true,"href":"https:\/\/sulsc.com\/index.php\/wp-json\/wp\/v2\/tags?post=4175"}],"curies":[{"name":"wp","href":"https:\/\/api.w.org\/{rel}","templated":true}]}}