{"id":4201,"date":"2023-11-25T08:30:09","date_gmt":"2023-11-25T11:30:09","guid":{"rendered":"https:\/\/sulsc.com\/?p=4201"},"modified":"2023-11-25T08:28:18","modified_gmt":"2023-11-25T11:28:18","slug":"circulacao-de-umidade-maritima-favorece-aumento-de-nuvens-em-sc","status":"publish","type":"post","link":"https:\/\/sulsc.com\/index.php\/2023\/11\/25\/circulacao-de-umidade-maritima-favorece-aumento-de-nuvens-em-sc\/","title":{"rendered":"Circula\u00e7\u00e3o de umidade mar\u00edtima favorece aumento de nuvens em SC"},"content":{"rendered":"<p><img fetchpriority=\"high\" decoding=\"async\" class=\"alignnone size-large wp-image-2957\" src=\"http:\/\/sulsc.com\/wp-content\/uploads\/2023\/10\/ceu-com-poucas-nuvens-1024x684.jpg\" alt=\"\" width=\"1024\" height=\"684\" srcset=\"https:\/\/sulsc.com\/wp-content\/uploads\/2023\/10\/ceu-com-poucas-nuvens-1024x684.jpg 1024w, https:\/\/sulsc.com\/wp-content\/uploads\/2023\/10\/ceu-com-poucas-nuvens-300x200.jpg 300w, https:\/\/sulsc.com\/wp-content\/uploads\/2023\/10\/ceu-com-poucas-nuvens-768x513.jpg 768w, https:\/\/sulsc.com\/wp-content\/uploads\/2023\/10\/ceu-com-poucas-nuvens-1536x1025.jpg 1536w, https:\/\/sulsc.com\/wp-content\/uploads\/2023\/10\/ceu-com-poucas-nuvens-2048x1367.jpg 2048w\" sizes=\"(max-width: 1024px) 100vw, 1024px\" \/><\/p>\n<p>O s\u00e1bado (25) inicia com forma\u00e7\u00e3o de nevoeiros pontuais entre os planaltos e Grande Florian\u00f3polis serrana, que dissipam ao longo da manh\u00e3. No entanto, de acordo com a Defesa Civil, ao longo do dia, a circula\u00e7\u00e3o de umidade mar\u00edtima favorece aumento da quantidade de nuvens em \u00e1reas do leste do estado, entre o Planalto e Litoral Norte, Vale do Itaja\u00ed, Florian\u00f3polis, Litoral Sul e na serra, onde n\u00e3o se afasta a ocorr\u00eancia de chuviscos r\u00e1pidos.<\/p>\n<p>Os ventos sopram com fraca intensidade e varia de leste\/nordeste. N\u00e3o h\u00e1 riscos para ocorr\u00eancias meteorol\u00f3gicas. As temperaturas m\u00ednimas variam entre 7\u00b0C e 9\u00b0C na serra, 9 a 13\u00b0C no Meio-Oeste, planaltos, Alto Vale e Grande Florian\u00f3polis serrana e entre 13 e 17\u00b0C nas outras \u00e1reas. \u00c0 tarde, as temperaturas sobem gradativamente, com marcas entre 13 e 19\u00b0C na serra e Grande Florian\u00f3polis serrana, 20\u00b0C a 24\u00b0C no litoral, Vale do Itaja\u00ed e Planalto Norte, 20\u00b0C a 26\u00b0C no restante do Planalto Sul e Meio-Oeste e pr\u00f3ximas dos 28\/30\u00b0C no Extremo Oeste.<\/p>\n<p>Mar pouco agitado com ondas de sul\/sudeste entre 1,5 m e 2,0 m no Litoral Sul, 1,3 a 1,5 m na regi\u00e3o de Florian\u00f3polis e abaixo de 1,0 m entre o Baixo Vale e Litoral Norte.<\/p>\n","protected":false},"excerpt":{"rendered":"<p>O s\u00e1bado (25) inicia com forma\u00e7\u00e3o de nevoeiros pontuais entre os planaltos e Grande Florian\u00f3polis serrana, que dissipam ao longo da manh\u00e3. No entanto, de acordo com a Defesa Civil, ao longo do dia, a circula\u00e7\u00e3o de umidade mar\u00edtima favorece aumento da quantidade de nuvens em \u00e1reas do leste do estado, entre o Planalto e &hellip;<\/p>\n<p class=\"read-more\"> <a class=\"\" href=\"https:\/\/sulsc.com\/index.php\/2023\/11\/25\/circulacao-de-umidade-maritima-favorece-aumento-de-nuvens-em-sc\/\"> <span class=\"screen-reader-text\">Circula\u00e7\u00e3o de umidade mar\u00edtima favorece aumento de nuvens em SC<\/span> Read More &raquo;<\/a><\/p>\n","protected":false},"author":3,"featured_media":2957,"comment_status":"open","ping_status":"open","sticky":false,"template":"","format":"standard","meta":{"site-sidebar-layout":"default","site-content-layout":"","ast-site-content-layout":"default","site-content-style":"default","site-sidebar-style":"default","ast-global-header-display":"","ast-banner-title-visibility":"","ast-main-header-display":"","ast-hfb-above-header-display":"","ast-hfb-below-header-display":"","ast-hfb-mobile-header-display":"","site-post-title":"","ast-breadcrumbs-content":"","ast-featured-img":"","footer-sml-layout":"","theme-transparent-header-meta":"default","adv-header-id-meta":"","stick-header-meta":"","header-above-stick-meta":"","header-main-stick-meta":"","header-below-stick-meta":"","astra-migrate-meta-layouts":"set","footnotes":""},"categories":[38],"tags":[90,89],"yoast_head":"<!-- This site is optimized with the Yoast SEO plugin v21.4 - https:\/\/yoast.com\/wordpress\/plugins\/seo\/ -->\n<title>Circula\u00e7\u00e3o de umidade mar\u00edtima favorece aumento de nuvens em SC -<\/title>\n<meta name=\"robots\" content=\"index, follow, max-snippet:-1, max-image-preview:large, max-video-preview:-1\" \/>\n<link rel=\"canonical\" href=\"https:\/\/sulsc.com\/index.php\/2023\/11\/25\/circulacao-de-umidade-maritima-favorece-aumento-de-nuvens-em-sc\/\" \/>\n<meta property=\"og:locale\" content=\"en_US\" \/>\n<meta property=\"og:type\" content=\"article\" \/>\n<meta property=\"og:title\" content=\"Circula\u00e7\u00e3o de umidade mar\u00edtima favorece aumento de nuvens em SC -\" \/>\n<meta property=\"og:description\" content=\"O s\u00e1bado (25) inicia com forma\u00e7\u00e3o de nevoeiros pontuais entre os planaltos e Grande Florian\u00f3polis serrana, que dissipam ao longo da manh\u00e3. No entanto, de acordo com a Defesa Civil, ao longo do dia, a circula\u00e7\u00e3o de umidade mar\u00edtima favorece aumento da quantidade de nuvens em \u00e1reas do leste do estado, entre o Planalto e &hellip; Circula\u00e7\u00e3o de umidade mar\u00edtima favorece aumento de nuvens em SC Read More &raquo;\" \/>\n<meta property=\"og:url\" content=\"https:\/\/sulsc.com\/index.php\/2023\/11\/25\/circulacao-de-umidade-maritima-favorece-aumento-de-nuvens-em-sc\/\" \/>\n<meta property=\"article:author\" content=\"https:\/\/www.facebook.com\/profile.php?id=61559278119680\" \/>\n<meta property=\"article:published_time\" content=\"2023-11-25T11:30:09+00:00\" \/>\n<meta property=\"article:modified_time\" content=\"2023-11-25T11:28:18+00:00\" \/>\n<meta property=\"og:image\" content=\"https:\/\/sulsc.com\/wp-content\/uploads\/2023\/10\/ceu-com-poucas-nuvens-scaled.jpg\" \/>\n\t<meta property=\"og:image:width\" content=\"2560\" \/>\n\t<meta property=\"og:image:height\" content=\"1709\" \/>\n\t<meta property=\"og:image:type\" content=\"image\/jpeg\" \/>\n<meta name=\"author\" content=\"Reda\u00e7\u00e3o Sul SC\" \/>\n<meta name=\"twitter:card\" content=\"summary_large_image\" \/>\n<meta name=\"twitter:creator\" content=\"@https:\/\/twitter.com\/PortalSulSC\" \/>\n<meta name=\"twitter:label1\" content=\"Written by\" \/>\n\t<meta name=\"twitter:data1\" content=\"Reda\u00e7\u00e3o Sul SC\" \/>\n\t<meta name=\"twitter:label2\" content=\"Est. reading time\" \/>\n\t<meta name=\"twitter:data2\" content=\"2 minutes\" \/>\n<script type=\"application\/ld+json\" class=\"yoast-schema-graph\">{\"@context\":\"https:\/\/schema.org\",\"@graph\":[{\"@type\":\"WebPage\",\"@id\":\"https:\/\/sulsc.com\/index.php\/2023\/11\/25\/circulacao-de-umidade-maritima-favorece-aumento-de-nuvens-em-sc\/\",\"url\":\"https:\/\/sulsc.com\/index.php\/2023\/11\/25\/circulacao-de-umidade-maritima-favorece-aumento-de-nuvens-em-sc\/\",\"name\":\"Circula\u00e7\u00e3o de umidade mar\u00edtima favorece aumento de nuvens em SC -\",\"isPartOf\":{\"@id\":\"https:\/\/sulsc.com\/#website\"},\"datePublished\":\"2023-11-25T11:30:09+00:00\",\"dateModified\":\"2023-11-25T11:28:18+00:00\",\"author\":{\"@id\":\"https:\/\/sulsc.com\/#\/schema\/person\/84d2fc571684f6248ba83092f07750a3\"},\"breadcrumb\":{\"@id\":\"https:\/\/sulsc.com\/index.php\/2023\/11\/25\/circulacao-de-umidade-maritima-favorece-aumento-de-nuvens-em-sc\/#breadcrumb\"},\"inLanguage\":\"en-US\",\"potentialAction\":[{\"@type\":\"ReadAction\",\"target\":[\"https:\/\/sulsc.com\/index.php\/2023\/11\/25\/circulacao-de-umidade-maritima-favorece-aumento-de-nuvens-em-sc\/\"]}]},{\"@type\":\"BreadcrumbList\",\"@id\":\"https:\/\/sulsc.com\/index.php\/2023\/11\/25\/circulacao-de-umidade-maritima-favorece-aumento-de-nuvens-em-sc\/#breadcrumb\",\"itemListElement\":[{\"@type\":\"ListItem\",\"position\":1,\"name\":\"In\u00edcio\",\"item\":\"https:\/\/sulsc.com\/\"},{\"@type\":\"ListItem\",\"position\":2,\"name\":\"Circula\u00e7\u00e3o de umidade mar\u00edtima favorece aumento de nuvens em SC\"}]},{\"@type\":\"WebSite\",\"@id\":\"https:\/\/sulsc.com\/#website\",\"url\":\"https:\/\/sulsc.com\/\",\"name\":\"\",\"description\":\"\",\"potentialAction\":[{\"@type\":\"SearchAction\",\"target\":{\"@type\":\"EntryPoint\",\"urlTemplate\":\"https:\/\/sulsc.com\/?s={search_term_string}\"},\"query-input\":\"required name=search_term_string\"}],\"inLanguage\":\"en-US\"},{\"@type\":\"Person\",\"@id\":\"https:\/\/sulsc.com\/#\/schema\/person\/84d2fc571684f6248ba83092f07750a3\",\"name\":\"Reda\u00e7\u00e3o Sul SC\",\"image\":{\"@type\":\"ImageObject\",\"inLanguage\":\"en-US\",\"@id\":\"https:\/\/sulsc.com\/#\/schema\/person\/image\/e08d7fe2cc4ed596372063bbe852b8d0\",\"url\":\"https:\/\/sulsc.com\/wp-content\/uploads\/2023\/09\/redacao.png\",\"contentUrl\":\"https:\/\/sulsc.com\/wp-content\/uploads\/2023\/09\/redacao.png\",\"caption\":\"Reda\u00e7\u00e3o Sul SC\"},\"description\":\"Foco em um jornalismo imparcial, voltado \u00e0 qualidade dos seus conte\u00fados e, assim, levar informa\u00e7\u00e3o de valor que agregue \u00e0 vida dos leitores. Esta \u00e9 grande miss\u00e3o do Portal de Not\u00edcias Sul SC. N\u00e3o \u00e9 quantidade que muda o mundo, sempre foi e seguir\u00e1 sendo qualidade!\",\"sameAs\":[\"https:\/\/sulsc.com\/\",\"https:\/\/www.facebook.com\/profile.php?id=61559278119680\",\"https:\/\/www.instagram.com\/sulscportal\/?hl=pt-br\",\"https:\/\/twitter.com\/https:\/\/twitter.com\/PortalSulSC\",\"https:\/\/www.youtube.com\/channel\/UCv_BE8GeySluDov2n8qhVmw\"],\"url\":\"https:\/\/sulsc.com\/index.php\/author\/redacao\/\"}]}<\/script>\n<!-- \/ Yoast SEO plugin. -->","yoast_head_json":{"title":"Circula\u00e7\u00e3o de umidade mar\u00edtima favorece aumento de nuvens em SC -","robots":{"index":"index","follow":"follow","max-snippet":"max-snippet:-1","max-image-preview":"max-image-preview:large","max-video-preview":"max-video-preview:-1"},"canonical":"https:\/\/sulsc.com\/index.php\/2023\/11\/25\/circulacao-de-umidade-maritima-favorece-aumento-de-nuvens-em-sc\/","og_locale":"en_US","og_type":"article","og_title":"Circula\u00e7\u00e3o de umidade mar\u00edtima favorece aumento de nuvens em SC -","og_description":"O s\u00e1bado (25) inicia com forma\u00e7\u00e3o de nevoeiros pontuais entre os planaltos e Grande Florian\u00f3polis serrana, que dissipam ao longo da manh\u00e3. No entanto, de acordo com a Defesa Civil, ao longo do dia, a circula\u00e7\u00e3o de umidade mar\u00edtima favorece aumento da quantidade de nuvens em \u00e1reas do leste do estado, entre o Planalto e &hellip; Circula\u00e7\u00e3o de umidade mar\u00edtima favorece aumento de nuvens em SC Read More &raquo;","og_url":"https:\/\/sulsc.com\/index.php\/2023\/11\/25\/circulacao-de-umidade-maritima-favorece-aumento-de-nuvens-em-sc\/","article_author":"https:\/\/www.facebook.com\/profile.php?id=61559278119680","article_published_time":"2023-11-25T11:30:09+00:00","article_modified_time":"2023-11-25T11:28:18+00:00","og_image":[{"width":2560,"height":1709,"url":"https:\/\/sulsc.com\/wp-content\/uploads\/2023\/10\/ceu-com-poucas-nuvens-scaled.jpg","type":"image\/jpeg"}],"author":"Reda\u00e7\u00e3o Sul SC","twitter_card":"summary_large_image","twitter_creator":"@https:\/\/twitter.com\/PortalSulSC","twitter_misc":{"Written by":"Reda\u00e7\u00e3o Sul SC","Est. reading time":"2 minutes"},"schema":{"@context":"https:\/\/schema.org","@graph":[{"@type":"WebPage","@id":"https:\/\/sulsc.com\/index.php\/2023\/11\/25\/circulacao-de-umidade-maritima-favorece-aumento-de-nuvens-em-sc\/","url":"https:\/\/sulsc.com\/index.php\/2023\/11\/25\/circulacao-de-umidade-maritima-favorece-aumento-de-nuvens-em-sc\/","name":"Circula\u00e7\u00e3o de umidade mar\u00edtima favorece aumento de nuvens em SC -","isPartOf":{"@id":"https:\/\/sulsc.com\/#website"},"datePublished":"2023-11-25T11:30:09+00:00","dateModified":"2023-11-25T11:28:18+00:00","author":{"@id":"https:\/\/sulsc.com\/#\/schema\/person\/84d2fc571684f6248ba83092f07750a3"},"breadcrumb":{"@id":"https:\/\/sulsc.com\/index.php\/2023\/11\/25\/circulacao-de-umidade-maritima-favorece-aumento-de-nuvens-em-sc\/#breadcrumb"},"inLanguage":"en-US","potentialAction":[{"@type":"ReadAction","target":["https:\/\/sulsc.com\/index.php\/2023\/11\/25\/circulacao-de-umidade-maritima-favorece-aumento-de-nuvens-em-sc\/"]}]},{"@type":"BreadcrumbList","@id":"https:\/\/sulsc.com\/index.php\/2023\/11\/25\/circulacao-de-umidade-maritima-favorece-aumento-de-nuvens-em-sc\/#breadcrumb","itemListElement":[{"@type":"ListItem","position":1,"name":"In\u00edcio","item":"https:\/\/sulsc.com\/"},{"@type":"ListItem","position":2,"name":"Circula\u00e7\u00e3o de umidade mar\u00edtima favorece aumento de nuvens em SC"}]},{"@type":"WebSite","@id":"https:\/\/sulsc.com\/#website","url":"https:\/\/sulsc.com\/","name":"","description":"","potentialAction":[{"@type":"SearchAction","target":{"@type":"EntryPoint","urlTemplate":"https:\/\/sulsc.com\/?s={search_term_string}"},"query-input":"required name=search_term_string"}],"inLanguage":"en-US"},{"@type":"Person","@id":"https:\/\/sulsc.com\/#\/schema\/person\/84d2fc571684f6248ba83092f07750a3","name":"Reda\u00e7\u00e3o Sul SC","image":{"@type":"ImageObject","inLanguage":"en-US","@id":"https:\/\/sulsc.com\/#\/schema\/person\/image\/e08d7fe2cc4ed596372063bbe852b8d0","url":"https:\/\/sulsc.com\/wp-content\/uploads\/2023\/09\/redacao.png","contentUrl":"https:\/\/sulsc.com\/wp-content\/uploads\/2023\/09\/redacao.png","caption":"Reda\u00e7\u00e3o Sul SC"},"description":"Foco em um jornalismo imparcial, voltado \u00e0 qualidade dos seus conte\u00fados e, assim, levar informa\u00e7\u00e3o de valor que agregue \u00e0 vida dos leitores. Esta \u00e9 grande miss\u00e3o do Portal de Not\u00edcias Sul SC. N\u00e3o \u00e9 quantidade que muda o mundo, sempre foi e seguir\u00e1 sendo qualidade!","sameAs":["https:\/\/sulsc.com\/","https:\/\/www.facebook.com\/profile.php?id=61559278119680","https:\/\/www.instagram.com\/sulscportal\/?hl=pt-br","https:\/\/twitter.com\/https:\/\/twitter.com\/PortalSulSC","https:\/\/www.youtube.com\/channel\/UCv_BE8GeySluDov2n8qhVmw"],"url":"https:\/\/sulsc.com\/index.php\/author\/redacao\/"}]}},"authors":[],"_links":{"self":[{"href":"https:\/\/sulsc.com\/index.php\/wp-json\/wp\/v2\/posts\/4201"}],"collection":[{"href":"https:\/\/sulsc.com\/index.php\/wp-json\/wp\/v2\/posts"}],"about":[{"href":"https:\/\/sulsc.com\/index.php\/wp-json\/wp\/v2\/types\/post"}],"author":[{"embeddable":true,"href":"https:\/\/sulsc.com\/index.php\/wp-json\/wp\/v2\/users\/3"}],"replies":[{"embeddable":true,"href":"https:\/\/sulsc.com\/index.php\/wp-json\/wp\/v2\/comments?post=4201"}],"version-history":[{"count":1,"href":"https:\/\/sulsc.com\/index.php\/wp-json\/wp\/v2\/posts\/4201\/revisions"}],"predecessor-version":[{"id":4202,"href":"https:\/\/sulsc.com\/index.php\/wp-json\/wp\/v2\/posts\/4201\/revisions\/4202"}],"wp:featuredmedia":[{"embeddable":true,"href":"https:\/\/sulsc.com\/index.php\/wp-json\/wp\/v2\/media\/2957"}],"wp:attachment":[{"href":"https:\/\/sulsc.com\/index.php\/wp-json\/wp\/v2\/media?parent=4201"}],"wp:term":[{"taxonomy":"category","embeddable":true,"href":"https:\/\/sulsc.com\/index.php\/wp-json\/wp\/v2\/categories?post=4201"},{"taxonomy":"post_tag","embeddable":true,"href":"https:\/\/sulsc.com\/index.php\/wp-json\/wp\/v2\/tags?post=4201"}],"curies":[{"name":"wp","href":"https:\/\/api.w.org\/{rel}","templated":true}]}}